{"id":128124,"date":"2022-12-17T06:14:21","date_gmt":"2022-12-17T10:14:21","guid":{"rendered":"https:\/\/www.eldiario.net\/portal\/?p=128124"},"modified":"2022-12-17T06:14:21","modified_gmt":"2022-12-17T10:14:21","slug":"anuncian-inicio-de-procesos-por-aprobacion-irregular-del-pge","status":"publish","type":"post","link":"https:\/\/www.eldiario.net\/portal\/2022\/12\/17\/anuncian-inicio-de-procesos-por-aprobacion-irregular-del-pge\/","title":{"rendered":"Anuncian inicio de procesos por  aprobaci\u00f3n irregular del PGE"},"content":{"rendered":"<p>Se\u00f1alando que se cometieron irregularidades en la sesi\u00f3n de diputados que aprob\u00f3 el proyecto de ley del Presupuesto General del Estado (PGE), el diputado por Comunidad Ciudadana (CC), Alberto Astorga, anunci\u00f3 acciones legales y legislativas para sancionar la vulneraci\u00f3n a los reglamentos internos de las C\u00e1maras Legislativas.<br \/>\nA criterio del parlamentario se cometieron irregularidades en la forma en que el oficialismo aprob\u00f3 la reconsideraci\u00f3n de esta normativa en la reinstalaci\u00f3n de la 18va sesi\u00f3n de C\u00e1mara Baja, por lo que se produjo una vulneraci\u00f3n a los vigentes reglamentos camarales<br \/>\n\u201cClaramente el reglamento dice que cuando un proyecto de ley est\u00e1 siendo rechazado tiene que haber una posible reconsideraci\u00f3n mediante voto por dos tercios. Lamentablemente el MAS ha decidido aprobar arbitrariamente este Presupuesto General del Estado\u201d, cuestion\u00f3 Astorga.<br \/>\nEl parlamentario representante de la sede de Gobierno afirmo que con estas acciones quedo demostrado que los dos \u201cbandos\u201d en el oficialismo se unen para ir en contra de la constituci\u00f3n y los reglamentos de la Asamblea Legislativa Plurinacional.<br \/>\n\u201cHemos observado que azules y rojos se han unido para violar el reglamento de la C\u00e1mara de Diputados\u201d, sostuvo.<br \/>\nAsegurando que estos acuerdos responden a una negociaci\u00f3n pol\u00edtica entre los bloques del MAS, Astorga adelant\u00f3 que en los siguientes d\u00edas no debe quedar descartado el ver gente de confianza de Evo Morales en cargos importantes del Gobierno.<br \/>\nPor ello, Astorga anunci\u00f3 que desde su organizaci\u00f3n pol\u00edtica se presentar\u00e1n las acciones legales y legislativas que correspondan para denunciar y sancionar a los responsables de haber vulnerado los reglamentos camarales para dar viabilidad a una norma rechazada por su car\u00e1cter centralista.<br \/>\n\u201cVamos a asumir acciones legales y legislativas en los pr\u00f3ximos d\u00edas ante toda esta aprobaci\u00f3n completamente arbitraria, tenemos el reglamento de la C\u00e1mara a nuestro favor, y en ese sentido, vamos a realizar las acciones correspondientes\u201d, adelant\u00f3.<br \/>\nDesde el oficialismo, se asegur\u00f3 que la aprobaci\u00f3n del PGE en la C\u00e1mara Baja, cumpli\u00f3 con todos los pasos necesarios para ser reconsiderada por esta instancia.<br \/>\nAyer, en la 31 sesi\u00f3n ordinaria de la C\u00e1mara de Senadores, se sancion\u00f3 el Proyecto de Ley del Presupuesto General del Estado (PGE), en sus estaciones en grande y en detalle, por lo que la norma fue remitida al \u00d3rgano Ejecutivo para su respectiva promulgaci\u00f3n.<br \/>\nSobre los procedimientos para el tratamiento de esta ley, el senador por el Movimiento al Socialismo, Luis Adolfo Flores, asegur\u00f3 que la aprobaci\u00f3n por mayor\u00eda en el pleno del Senado as\u00ed como la dispensaci\u00f3n de tr\u00e1mite y voto de urgencia para su tratamiento, fue la respuesta a la urgencia del tema. Se\u00f1al\u00f3 adem\u00e1s que cada senador tuvo la responsabilidad de analizar el Proyecto de Ley durante el tratamiento de la misma en la C\u00e1mara de Diputados.<br \/>\nPor su parte, la presidenta en ejercicio del Senado, Gladys Alarc\u00f3n, destac\u00f3 la importancia de la sanci\u00f3n del PGE observando que desde la oposici\u00f3n se observaron todos los art\u00edculos de la normativa, \u201cexcepto uno que dice que es competencia del Ejecutivo reglamentar las leyes\u201d, dijo.<\/p>\n","protected":false},"excerpt":{"rendered":"<p>Se\u00f1alando que se cometieron irregularidades en la sesi\u00f3n de diputados que aprob\u00f3 el proyecto de ley del Presupuesto General del Estado (PGE), el diputado por Comunidad Ciudadana (CC), Alberto Astorga, anunci\u00f3 acciones legales y legislativas para sancionar la vulneraci\u00f3n a los reglamentos internos de las C\u00e1maras Legislativas. A criterio del parlamentario se cometieron irregularidades en [&hellip;]<\/p>\n","protected":false},"author":1,"featured_media":0,"comment_status":"closed","ping_status":"closed","sticky":false,"template":"","format":"standard","meta":{"_acf_changed":false,"footnotes":""},"categories":[14],"tags":[],"class_list":["post-128124","post","type-post","status-publish","format-standard","category-politica"],"acf":{"antetitulo":""},"yoast_head":"<!-- This site is optimized with the Yoast SEO plugin v28.4 - https:\/\/yoast.com\/product\/yoast-seo-wordpress\/ -->\n<title>Anuncian inicio de procesos por aprobaci\u00f3n irregular del PGE - El Diario - Bolivia<\/title>\n<meta name=\"robots\" content=\"index, follow, max-snippet:-1, max-image-preview:large, max-video-preview:-1\" \/>\n<link rel=\"canonical\" href=\"https:\/\/www.eldiario.net\/portal\/2022\/12\/17\/anuncian-inicio-de-procesos-por-aprobacion-irregular-del-pge\/\" \/>\n<meta property=\"og:locale\" content=\"es_ES\" \/>\n<meta property=\"og:type\" content=\"article\" \/>\n<meta property=\"og:title\" content=\"Anuncian inicio de procesos por aprobaci\u00f3n irregular del PGE - El Diario - Bolivia\" \/>\n<meta property=\"og:description\" content=\"Se\u00f1alando que se cometieron irregularidades en la sesi\u00f3n de diputados que aprob\u00f3 el proyecto de ley del Presupuesto General del Estado (PGE), el diputado por Comunidad Ciudadana (CC), Alberto Astorga, anunci\u00f3 acciones legales y legislativas para sancionar la vulneraci\u00f3n a los reglamentos internos de las C\u00e1maras Legislativas. A criterio del parlamentario se cometieron irregularidades en [&hellip;]\" \/>\n<meta property=\"og:url\" content=\"https:\/\/www.eldiario.net\/portal\/2022\/12\/17\/anuncian-inicio-de-procesos-por-aprobacion-irregular-del-pge\/\" \/>\n<meta property=\"og:site_name\" content=\"El Diario - Bolivia\" \/>\n<meta property=\"article:publisher\" content=\"https:\/\/www.facebook.com\/eldiario.bolivia\/\" \/>\n<meta property=\"article:published_time\" content=\"2022-12-17T10:14:21+00:00\" \/>\n<meta name=\"author\" content=\"Jeanette\" \/>\n<meta name=\"twitter:card\" content=\"summary_large_image\" \/>\n<meta name=\"twitter:creator\" content=\"@eldiario_net\" \/>\n<meta name=\"twitter:site\" content=\"@eldiario_net\" \/>\n<meta name=\"twitter:label1\" content=\"Escrito por\" \/>\n\t<meta name=\"twitter:data1\" content=\"Jeanette\" \/>\n\t<meta name=\"twitter:label2\" content=\"Tiempo de lectura\" \/>\n\t<meta name=\"twitter:data2\" content=\"3 minutos\" \/>\n<script type=\"application\/ld+json\" class=\"yoast-schema-graph\">{\"@context\":\"https:\\\/\\\/schema.org\",\"@graph\":[{\"@type\":\"Article\",\"@id\":\"https:\\\/\\\/www.eldiario.net\\\/portal\\\/2022\\\/12\\\/17\\\/anuncian-inicio-de-procesos-por-aprobacion-irregular-del-pge\\\/#article\",\"isPartOf\":{\"@id\":\"https:\\\/\\\/www.eldiario.net\\\/portal\\\/2022\\\/12\\\/17\\\/anuncian-inicio-de-procesos-por-aprobacion-irregular-del-pge\\\/\"},\"author\":{\"name\":\"Jeanette\",\"@id\":\"https:\\\/\\\/www.eldiario.net\\\/portal\\\/#\\\/schema\\\/person\\\/f46445640444750d7d753ccd04ae01b7\"},\"headline\":\"Anuncian inicio de procesos por aprobaci\u00f3n irregular del PGE\",\"datePublished\":\"2022-12-17T10:14:21+00:00\",\"mainEntityOfPage\":{\"@id\":\"https:\\\/\\\/www.eldiario.net\\\/portal\\\/2022\\\/12\\\/17\\\/anuncian-inicio-de-procesos-por-aprobacion-irregular-del-pge\\\/\"},\"wordCount\":542,\"publisher\":{\"@id\":\"https:\\\/\\\/www.eldiario.net\\\/portal\\\/#organization\"},\"articleSection\":[\"Pol\u00edtica\"],\"inLanguage\":\"es\"},{\"@type\":\"WebPage\",\"@id\":\"https:\\\/\\\/www.eldiario.net\\\/portal\\\/2022\\\/12\\\/17\\\/anuncian-inicio-de-procesos-por-aprobacion-irregular-del-pge\\\/\",\"url\":\"https:\\\/\\\/www.eldiario.net\\\/portal\\\/2022\\\/12\\\/17\\\/anuncian-inicio-de-procesos-por-aprobacion-irregular-del-pge\\\/\",\"name\":\"Anuncian inicio de procesos por aprobaci\u00f3n irregular del PGE - El Diario - Bolivia\",\"isPartOf\":{\"@id\":\"https:\\\/\\\/www.eldiario.net\\\/portal\\\/#website\"},\"datePublished\":\"2022-12-17T10:14:21+00:00\",\"breadcrumb\":{\"@id\":\"https:\\\/\\\/www.eldiario.net\\\/portal\\\/2022\\\/12\\\/17\\\/anuncian-inicio-de-procesos-por-aprobacion-irregular-del-pge\\\/#breadcrumb\"},\"inLanguage\":\"es\",\"potentialAction\":[{\"@type\":\"ReadAction\",\"target\":[\"https:\\\/\\\/www.eldiario.net\\\/portal\\\/2022\\\/12\\\/17\\\/anuncian-inicio-de-procesos-por-aprobacion-irregular-del-pge\\\/\"]}]},{\"@type\":\"BreadcrumbList\",\"@id\":\"https:\\\/\\\/www.eldiario.net\\\/portal\\\/2022\\\/12\\\/17\\\/anuncian-inicio-de-procesos-por-aprobacion-irregular-del-pge\\\/#breadcrumb\",\"itemListElement\":[{\"@type\":\"ListItem\",\"position\":1,\"name\":\"Portada\",\"item\":\"https:\\\/\\\/www.eldiario.net\\\/portal\\\/\"},{\"@type\":\"ListItem\",\"position\":2,\"name\":\"Anuncian inicio de procesos por aprobaci\u00f3n irregular del PGE\"}]},{\"@type\":\"WebSite\",\"@id\":\"https:\\\/\\\/www.eldiario.net\\\/portal\\\/#website\",\"url\":\"https:\\\/\\\/www.eldiario.net\\\/portal\\\/\",\"name\":\"El Diario - Decano de la prensa nacional\",\"description\":\"El Diario - Decano de la prensa nacional\",\"publisher\":{\"@id\":\"https:\\\/\\\/www.eldiario.net\\\/portal\\\/#organization\"},\"potentialAction\":[{\"@type\":\"SearchAction\",\"target\":{\"@type\":\"EntryPoint\",\"urlTemplate\":\"https:\\\/\\\/www.eldiario.net\\\/portal\\\/?s={search_term_string}\"},\"query-input\":{\"@type\":\"PropertyValueSpecification\",\"valueRequired\":true,\"valueName\":\"search_term_string\"}}],\"inLanguage\":\"es\"},{\"@type\":\"Organization\",\"@id\":\"https:\\\/\\\/www.eldiario.net\\\/portal\\\/#organization\",\"name\":\"El Diario - Decano de la prensa nacional\",\"url\":\"https:\\\/\\\/www.eldiario.net\\\/portal\\\/\",\"logo\":{\"@type\":\"ImageObject\",\"inLanguage\":\"es\",\"@id\":\"https:\\\/\\\/www.eldiario.net\\\/portal\\\/#\\\/schema\\\/logo\\\/image\\\/\",\"url\":\"https:\\\/\\\/www.eldiario.net\\\/portal\\\/wp-content\\\/uploads\\\/2023\\\/07\\\/logo_ED.jpg\",\"contentUrl\":\"https:\\\/\\\/www.eldiario.net\\\/portal\\\/wp-content\\\/uploads\\\/2023\\\/07\\\/logo_ED.jpg\",\"width\":272,\"height\":52,\"caption\":\"El Diario - Decano de la prensa nacional\"},\"image\":{\"@id\":\"https:\\\/\\\/www.eldiario.net\\\/portal\\\/#\\\/schema\\\/logo\\\/image\\\/\"},\"sameAs\":[\"https:\\\/\\\/www.facebook.com\\\/eldiario.bolivia\\\/\",\"https:\\\/\\\/x.com\\\/eldiario_net\"]},{\"@type\":\"Person\",\"@id\":\"https:\\\/\\\/www.eldiario.net\\\/portal\\\/#\\\/schema\\\/person\\\/f46445640444750d7d753ccd04ae01b7\",\"name\":\"Jeanette\",\"image\":{\"@type\":\"ImageObject\",\"inLanguage\":\"es\",\"@id\":\"https:\\\/\\\/secure.gravatar.com\\\/avatar\\\/3ea2118a5f7dad2b7138b1187a6b7ee55f160b9968b66013c3a3ef39dd7e5798?s=96&d=mm&r=g\",\"url\":\"https:\\\/\\\/secure.gravatar.com\\\/avatar\\\/3ea2118a5f7dad2b7138b1187a6b7ee55f160b9968b66013c3a3ef39dd7e5798?s=96&d=mm&r=g\",\"contentUrl\":\"https:\\\/\\\/secure.gravatar.com\\\/avatar\\\/3ea2118a5f7dad2b7138b1187a6b7ee55f160b9968b66013c3a3ef39dd7e5798?s=96&d=mm&r=g\",\"caption\":\"Jeanette\"},\"sameAs\":[\"https:\\\/\\\/www.eldiario.net\\\/portal\"],\"url\":\"https:\\\/\\\/www.eldiario.net\\\/portal\\\/author\\\/jeanette\\\/\"}]}<\/script>\n<!-- \/ Yoast SEO plugin. -->","yoast_head_json":{"title":"Anuncian inicio de procesos por aprobaci\u00f3n irregular del PGE - El Diario - Bolivia","robots":{"index":"index","follow":"follow","max-snippet":"max-snippet:-1","max-image-preview":"max-image-preview:large","max-video-preview":"max-video-preview:-1"},"canonical":"https:\/\/www.eldiario.net\/portal\/2022\/12\/17\/anuncian-inicio-de-procesos-por-aprobacion-irregular-del-pge\/","og_locale":"es_ES","og_type":"article","og_title":"Anuncian inicio de procesos por aprobaci\u00f3n irregular del PGE - El Diario - Bolivia","og_description":"Se\u00f1alando que se cometieron irregularidades en la sesi\u00f3n de diputados que aprob\u00f3 el proyecto de ley del Presupuesto General del Estado (PGE), el diputado por Comunidad Ciudadana (CC), Alberto Astorga, anunci\u00f3 acciones legales y legislativas para sancionar la vulneraci\u00f3n a los reglamentos internos de las C\u00e1maras Legislativas. A criterio del parlamentario se cometieron irregularidades en [&hellip;]","og_url":"https:\/\/www.eldiario.net\/portal\/2022\/12\/17\/anuncian-inicio-de-procesos-por-aprobacion-irregular-del-pge\/","og_site_name":"El Diario - Bolivia","article_publisher":"https:\/\/www.facebook.com\/eldiario.bolivia\/","article_published_time":"2022-12-17T10:14:21+00:00","author":"Jeanette","twitter_card":"summary_large_image","twitter_creator":"@eldiario_net","twitter_site":"@eldiario_net","twitter_misc":{"Escrito por":"Jeanette","Tiempo de lectura":"3 minutos"},"schema":{"@context":"https:\/\/schema.org","@graph":[{"@type":"Article","@id":"https:\/\/www.eldiario.net\/portal\/2022\/12\/17\/anuncian-inicio-de-procesos-por-aprobacion-irregular-del-pge\/#article","isPartOf":{"@id":"https:\/\/www.eldiario.net\/portal\/2022\/12\/17\/anuncian-inicio-de-procesos-por-aprobacion-irregular-del-pge\/"},"author":{"name":"Jeanette","@id":"https:\/\/www.eldiario.net\/portal\/#\/schema\/person\/f46445640444750d7d753ccd04ae01b7"},"headline":"Anuncian inicio de procesos por aprobaci\u00f3n irregular del PGE","datePublished":"2022-12-17T10:14:21+00:00","mainEntityOfPage":{"@id":"https:\/\/www.eldiario.net\/portal\/2022\/12\/17\/anuncian-inicio-de-procesos-por-aprobacion-irregular-del-pge\/"},"wordCount":542,"publisher":{"@id":"https:\/\/www.eldiario.net\/portal\/#organization"},"articleSection":["Pol\u00edtica"],"inLanguage":"es"},{"@type":"WebPage","@id":"https:\/\/www.eldiario.net\/portal\/2022\/12\/17\/anuncian-inicio-de-procesos-por-aprobacion-irregular-del-pge\/","url":"https:\/\/www.eldiario.net\/portal\/2022\/12\/17\/anuncian-inicio-de-procesos-por-aprobacion-irregular-del-pge\/","name":"Anuncian inicio de procesos por aprobaci\u00f3n irregular del PGE - El Diario - Bolivia","isPartOf":{"@id":"https:\/\/www.eldiario.net\/portal\/#website"},"datePublished":"2022-12-17T10:14:21+00:00","breadcrumb":{"@id":"https:\/\/www.eldiario.net\/portal\/2022\/12\/17\/anuncian-inicio-de-procesos-por-aprobacion-irregular-del-pge\/#breadcrumb"},"inLanguage":"es","potentialAction":[{"@type":"ReadAction","target":["https:\/\/www.eldiario.net\/portal\/2022\/12\/17\/anuncian-inicio-de-procesos-por-aprobacion-irregular-del-pge\/"]}]},{"@type":"BreadcrumbList","@id":"https:\/\/www.eldiario.net\/portal\/2022\/12\/17\/anuncian-inicio-de-procesos-por-aprobacion-irregular-del-pge\/#breadcrumb","itemListElement":[{"@type":"ListItem","position":1,"name":"Portada","item":"https:\/\/www.eldiario.net\/portal\/"},{"@type":"ListItem","position":2,"name":"Anuncian inicio de procesos por aprobaci\u00f3n irregular del PGE"}]},{"@type":"WebSite","@id":"https:\/\/www.eldiario.net\/portal\/#website","url":"https:\/\/www.eldiario.net\/portal\/","name":"El Diario - Decano de la prensa nacional","description":"El Diario - Decano de la prensa nacional","publisher":{"@id":"https:\/\/www.eldiario.net\/portal\/#organization"},"potentialAction":[{"@type":"SearchAction","target":{"@type":"EntryPoint","urlTemplate":"https:\/\/www.eldiario.net\/portal\/?s={search_term_string}"},"query-input":{"@type":"PropertyValueSpecification","valueRequired":true,"valueName":"search_term_string"}}],"inLanguage":"es"},{"@type":"Organization","@id":"https:\/\/www.eldiario.net\/portal\/#organization","name":"El Diario - Decano de la prensa nacional","url":"https:\/\/www.eldiario.net\/portal\/","logo":{"@type":"ImageObject","inLanguage":"es","@id":"https:\/\/www.eldiario.net\/portal\/#\/schema\/logo\/image\/","url":"https:\/\/www.eldiario.net\/portal\/wp-content\/uploads\/2023\/07\/logo_ED.jpg","contentUrl":"https:\/\/www.eldiario.net\/portal\/wp-content\/uploads\/2023\/07\/logo_ED.jpg","width":272,"height":52,"caption":"El Diario - Decano de la prensa nacional"},"image":{"@id":"https:\/\/www.eldiario.net\/portal\/#\/schema\/logo\/image\/"},"sameAs":["https:\/\/www.facebook.com\/eldiario.bolivia\/","https:\/\/x.com\/eldiario_net"]},{"@type":"Person","@id":"https:\/\/www.eldiario.net\/portal\/#\/schema\/person\/f46445640444750d7d753ccd04ae01b7","name":"Jeanette","image":{"@type":"ImageObject","inLanguage":"es","@id":"https:\/\/secure.gravatar.com\/avatar\/3ea2118a5f7dad2b7138b1187a6b7ee55f160b9968b66013c3a3ef39dd7e5798?s=96&d=mm&r=g","url":"https:\/\/secure.gravatar.com\/avatar\/3ea2118a5f7dad2b7138b1187a6b7ee55f160b9968b66013c3a3ef39dd7e5798?s=96&d=mm&r=g","contentUrl":"https:\/\/secure.gravatar.com\/avatar\/3ea2118a5f7dad2b7138b1187a6b7ee55f160b9968b66013c3a3ef39dd7e5798?s=96&d=mm&r=g","caption":"Jeanette"},"sameAs":["https:\/\/www.eldiario.net\/portal"],"url":"https:\/\/www.eldiario.net\/portal\/author\/jeanette\/"}]}},"_links":{"self":[{"href":"https:\/\/www.eldiario.net\/portal\/wp-json\/wp\/v2\/posts\/128124","targetHints":{"allow":["GET"]}}],"collection":[{"href":"https:\/\/www.eldiario.net\/portal\/wp-json\/wp\/v2\/posts"}],"about":[{"href":"https:\/\/www.eldiario.net\/portal\/wp-json\/wp\/v2\/types\/post"}],"author":[{"embeddable":true,"href":"https:\/\/www.eldiario.net\/portal\/wp-json\/wp\/v2\/users\/1"}],"replies":[{"embeddable":true,"href":"https:\/\/www.eldiario.net\/portal\/wp-json\/wp\/v2\/comments?post=128124"}],"version-history":[{"count":0,"href":"https:\/\/www.eldiario.net\/portal\/wp-json\/wp\/v2\/posts\/128124\/revisions"}],"wp:attachment":[{"href":"https:\/\/www.eldiario.net\/portal\/wp-json\/wp\/v2\/media?parent=128124"}],"wp:term":[{"taxonomy":"category","embeddable":true,"href":"https:\/\/www.eldiario.net\/portal\/wp-json\/wp\/v2\/categories?post=128124"},{"taxonomy":"post_tag","embeddable":true,"href":"https:\/\/www.eldiario.net\/portal\/wp-json\/wp\/v2\/tags?post=128124"}],"curies":[{"name":"wp","href":"https:\/\/api.w.org\/{rel}","templated":true}]}}