{"id":128119,"date":"2022-12-17T06:12:17","date_gmt":"2022-12-17T10:12:17","guid":{"rendered":"https:\/\/www.eldiario.net\/portal\/?p=128119"},"modified":"2022-12-17T06:12:17","modified_gmt":"2022-12-17T10:12:17","slug":"la-produccion-agropecuaria-debe-tener-grandes-avances","status":"publish","type":"post","link":"https:\/\/www.eldiario.net\/portal\/2022\/12\/17\/la-produccion-agropecuaria-debe-tener-grandes-avances\/","title":{"rendered":"La producci\u00f3n agropecuaria debe tener grandes avances"},"content":{"rendered":"<p><em><span class=\"dropcap \" style=\"background-color: #ffffff; color: #000000; border-color: #ffffff;\">D<\/span>urante la gesti\u00f3n que transcurre, la actividad agropecuaria del pa\u00eds tuvo exponentes continuos en sentido de concretar un anhelo largamente acariciado: producir m\u00e1s y colocar a la agricultura en situaci\u00f3n preponderante porque, comparativamente con otros pa\u00edses, nuestra naci\u00f3n qued\u00f3 estancada hasta el extremo de haberse tenido que recurrir a la importaci\u00f3n de productos para alimentaci\u00f3n. Hemos utilizado mucho dinero para importar hasta papas, siendo en el pasado uno de los mayores productores, conjuntamente de otros tub\u00e9rculos; se import\u00f3 fruta, granos y alimentos de toda clase porque la capacidad de producci\u00f3n es insuficiente frente a la demanda del mercado interno. Campesinos y productores provenientes de todos los departamentos se comprometieron a elevar la producci\u00f3n y reemplazar las importaciones; sin embargo, la realidad fue contraria y nos vimos colmados de importaciones. Se dice que \u201clos medios de comunicaci\u00f3n exageran, que la provisi\u00f3n es regular\u201d, pero no siempre ocurri\u00f3 as\u00ed y los mercados se vieron desabastecidos de producci\u00f3n, en \u00edndices alarmantes. <\/em><br \/>\n<em>Un an\u00e1lisis pormenorizado dar\u00eda el resultado de una escasa producci\u00f3n en la mayor\u00eda de los departamentos; la excepci\u00f3n sigue siendo Santa Cruz, aunque con debilidades que preocupan. La salida del hombre de las \u00e1reas rurales, especialmente de valles altos y zonas altipl\u00e1nicas, es mucho m\u00e1s alarmante y el gobierno deber\u00eda adoptar pol\u00edticas que permitan repoblar esas regiones y proveer de muchos productos al mercado. Entretanto, habr\u00e1 que seguir soportando las importaciones que, a su vez, tienen la competencia del contrabando; finalmente, algunos comerciantes pretenden incrementar sus ventas exportando lo importado legalmente hacia Brasil o Paraguay o Argentina, causando los perjuicios consiguientes.<\/em><br \/>\n<em>El sector agropecuario tendr\u00e1 que ver posibilidades para reponerse con la reincorporaci\u00f3n de campesinos que migraron a las ciudades, donde tienen m\u00e1s probabilidades de aumentar sus ingresos y adem\u00e1s mejorar su capacitaci\u00f3n, con posibilidades de lograr una profesi\u00f3n t\u00e9cnica media y, con el tiempo, llegar a las aulas universitarias.<\/em><\/p>\n","protected":false},"excerpt":{"rendered":"<p>Durante la gesti\u00f3n que transcurre, la actividad agropecuaria del pa\u00eds tuvo exponentes continuos en sentido de concretar un anhelo largamente acariciado: producir m\u00e1s y colocar a la agricultura en situaci\u00f3n preponderante porque, comparativamente con otros pa\u00edses, nuestra naci\u00f3n qued\u00f3 estancada hasta el extremo de haberse tenido que recurrir a la importaci\u00f3n de productos para alimentaci\u00f3n. [&hellip;]<\/p>\n","protected":false},"author":1,"featured_media":0,"comment_status":"closed","ping_status":"closed","sticky":false,"template":"","format":"standard","meta":{"_acf_changed":false,"footnotes":""},"categories":[4],"tags":[],"class_list":["post-128119","post","type-post","status-publish","format-standard","category-editorial"],"acf":{"antetitulo":""},"yoast_head":"<!-- This site is optimized with the Yoast SEO plugin v28.4 - https:\/\/yoast.com\/product\/yoast-seo-wordpress\/ -->\n<title>La producci\u00f3n agropecuaria debe tener grandes avances - El Diario - Bolivia<\/title>\n<meta name=\"robots\" content=\"index, follow, max-snippet:-1, max-image-preview:large, max-video-preview:-1\" \/>\n<link rel=\"canonical\" href=\"https:\/\/www.eldiario.net\/portal\/2022\/12\/17\/la-produccion-agropecuaria-debe-tener-grandes-avances\/\" \/>\n<meta property=\"og:locale\" content=\"es_ES\" \/>\n<meta property=\"og:type\" content=\"article\" \/>\n<meta property=\"og:title\" content=\"La producci\u00f3n agropecuaria debe tener grandes avances - El Diario - Bolivia\" \/>\n<meta property=\"og:description\" content=\"Durante la gesti\u00f3n que transcurre, la actividad agropecuaria del pa\u00eds tuvo exponentes continuos en sentido de concretar un anhelo largamente acariciado: producir m\u00e1s y colocar a la agricultura en situaci\u00f3n preponderante porque, comparativamente con otros pa\u00edses, nuestra naci\u00f3n qued\u00f3 estancada hasta el extremo de haberse tenido que recurrir a la importaci\u00f3n de productos para alimentaci\u00f3n. [&hellip;]\" \/>\n<meta property=\"og:url\" content=\"https:\/\/www.eldiario.net\/portal\/2022\/12\/17\/la-produccion-agropecuaria-debe-tener-grandes-avances\/\" \/>\n<meta property=\"og:site_name\" content=\"El Diario - Bolivia\" \/>\n<meta property=\"article:publisher\" content=\"https:\/\/www.facebook.com\/eldiario.bolivia\/\" \/>\n<meta property=\"article:published_time\" content=\"2022-12-17T10:12:17+00:00\" \/>\n<meta name=\"author\" content=\"Jeanette\" \/>\n<meta name=\"twitter:card\" content=\"summary_large_image\" \/>\n<meta name=\"twitter:creator\" content=\"@eldiario_net\" \/>\n<meta name=\"twitter:site\" content=\"@eldiario_net\" \/>\n<meta name=\"twitter:label1\" content=\"Escrito por\" \/>\n\t<meta name=\"twitter:data1\" content=\"Jeanette\" \/>\n\t<meta name=\"twitter:label2\" content=\"Tiempo de lectura\" \/>\n\t<meta name=\"twitter:data2\" content=\"2 minutos\" \/>\n<script type=\"application\/ld+json\" class=\"yoast-schema-graph\">{\"@context\":\"https:\\\/\\\/schema.org\",\"@graph\":[{\"@type\":\"Article\",\"@id\":\"https:\\\/\\\/www.eldiario.net\\\/portal\\\/2022\\\/12\\\/17\\\/la-produccion-agropecuaria-debe-tener-grandes-avances\\\/#article\",\"isPartOf\":{\"@id\":\"https:\\\/\\\/www.eldiario.net\\\/portal\\\/2022\\\/12\\\/17\\\/la-produccion-agropecuaria-debe-tener-grandes-avances\\\/\"},\"author\":{\"name\":\"Jeanette\",\"@id\":\"https:\\\/\\\/www.eldiario.net\\\/portal\\\/#\\\/schema\\\/person\\\/f46445640444750d7d753ccd04ae01b7\"},\"headline\":\"La producci\u00f3n agropecuaria debe tener grandes avances\",\"datePublished\":\"2022-12-17T10:12:17+00:00\",\"mainEntityOfPage\":{\"@id\":\"https:\\\/\\\/www.eldiario.net\\\/portal\\\/2022\\\/12\\\/17\\\/la-produccion-agropecuaria-debe-tener-grandes-avances\\\/\"},\"wordCount\":345,\"publisher\":{\"@id\":\"https:\\\/\\\/www.eldiario.net\\\/portal\\\/#organization\"},\"articleSection\":[\"Editorial\"],\"inLanguage\":\"es\"},{\"@type\":\"WebPage\",\"@id\":\"https:\\\/\\\/www.eldiario.net\\\/portal\\\/2022\\\/12\\\/17\\\/la-produccion-agropecuaria-debe-tener-grandes-avances\\\/\",\"url\":\"https:\\\/\\\/www.eldiario.net\\\/portal\\\/2022\\\/12\\\/17\\\/la-produccion-agropecuaria-debe-tener-grandes-avances\\\/\",\"name\":\"La producci\u00f3n agropecuaria debe tener grandes avances - El Diario - Bolivia\",\"isPartOf\":{\"@id\":\"https:\\\/\\\/www.eldiario.net\\\/portal\\\/#website\"},\"datePublished\":\"2022-12-17T10:12:17+00:00\",\"breadcrumb\":{\"@id\":\"https:\\\/\\\/www.eldiario.net\\\/portal\\\/2022\\\/12\\\/17\\\/la-produccion-agropecuaria-debe-tener-grandes-avances\\\/#breadcrumb\"},\"inLanguage\":\"es\",\"potentialAction\":[{\"@type\":\"ReadAction\",\"target\":[\"https:\\\/\\\/www.eldiario.net\\\/portal\\\/2022\\\/12\\\/17\\\/la-produccion-agropecuaria-debe-tener-grandes-avances\\\/\"]}]},{\"@type\":\"BreadcrumbList\",\"@id\":\"https:\\\/\\\/www.eldiario.net\\\/portal\\\/2022\\\/12\\\/17\\\/la-produccion-agropecuaria-debe-tener-grandes-avances\\\/#breadcrumb\",\"itemListElement\":[{\"@type\":\"ListItem\",\"position\":1,\"name\":\"Portada\",\"item\":\"https:\\\/\\\/www.eldiario.net\\\/portal\\\/\"},{\"@type\":\"ListItem\",\"position\":2,\"name\":\"La producci\u00f3n agropecuaria debe tener grandes avances\"}]},{\"@type\":\"WebSite\",\"@id\":\"https:\\\/\\\/www.eldiario.net\\\/portal\\\/#website\",\"url\":\"https:\\\/\\\/www.eldiario.net\\\/portal\\\/\",\"name\":\"El Diario - Decano de la prensa nacional\",\"description\":\"El Diario - Decano de la prensa nacional\",\"publisher\":{\"@id\":\"https:\\\/\\\/www.eldiario.net\\\/portal\\\/#organization\"},\"potentialAction\":[{\"@type\":\"SearchAction\",\"target\":{\"@type\":\"EntryPoint\",\"urlTemplate\":\"https:\\\/\\\/www.eldiario.net\\\/portal\\\/?s={search_term_string}\"},\"query-input\":{\"@type\":\"PropertyValueSpecification\",\"valueRequired\":true,\"valueName\":\"search_term_string\"}}],\"inLanguage\":\"es\"},{\"@type\":\"Organization\",\"@id\":\"https:\\\/\\\/www.eldiario.net\\\/portal\\\/#organization\",\"name\":\"El Diario - Decano de la prensa nacional\",\"url\":\"https:\\\/\\\/www.eldiario.net\\\/portal\\\/\",\"logo\":{\"@type\":\"ImageObject\",\"inLanguage\":\"es\",\"@id\":\"https:\\\/\\\/www.eldiario.net\\\/portal\\\/#\\\/schema\\\/logo\\\/image\\\/\",\"url\":\"https:\\\/\\\/www.eldiario.net\\\/portal\\\/wp-content\\\/uploads\\\/2023\\\/07\\\/logo_ED.jpg\",\"contentUrl\":\"https:\\\/\\\/www.eldiario.net\\\/portal\\\/wp-content\\\/uploads\\\/2023\\\/07\\\/logo_ED.jpg\",\"width\":272,\"height\":52,\"caption\":\"El Diario - Decano de la prensa nacional\"},\"image\":{\"@id\":\"https:\\\/\\\/www.eldiario.net\\\/portal\\\/#\\\/schema\\\/logo\\\/image\\\/\"},\"sameAs\":[\"https:\\\/\\\/www.facebook.com\\\/eldiario.bolivia\\\/\",\"https:\\\/\\\/x.com\\\/eldiario_net\"]},{\"@type\":\"Person\",\"@id\":\"https:\\\/\\\/www.eldiario.net\\\/portal\\\/#\\\/schema\\\/person\\\/f46445640444750d7d753ccd04ae01b7\",\"name\":\"Jeanette\",\"image\":{\"@type\":\"ImageObject\",\"inLanguage\":\"es\",\"@id\":\"https:\\\/\\\/secure.gravatar.com\\\/avatar\\\/3ea2118a5f7dad2b7138b1187a6b7ee55f160b9968b66013c3a3ef39dd7e5798?s=96&d=mm&r=g\",\"url\":\"https:\\\/\\\/secure.gravatar.com\\\/avatar\\\/3ea2118a5f7dad2b7138b1187a6b7ee55f160b9968b66013c3a3ef39dd7e5798?s=96&d=mm&r=g\",\"contentUrl\":\"https:\\\/\\\/secure.gravatar.com\\\/avatar\\\/3ea2118a5f7dad2b7138b1187a6b7ee55f160b9968b66013c3a3ef39dd7e5798?s=96&d=mm&r=g\",\"caption\":\"Jeanette\"},\"sameAs\":[\"https:\\\/\\\/www.eldiario.net\\\/portal\"],\"url\":\"https:\\\/\\\/www.eldiario.net\\\/portal\\\/author\\\/jeanette\\\/\"}]}<\/script>\n<!-- \/ Yoast SEO plugin. -->","yoast_head_json":{"title":"La producci\u00f3n agropecuaria debe tener grandes avances - El Diario - Bolivia","robots":{"index":"index","follow":"follow","max-snippet":"max-snippet:-1","max-image-preview":"max-image-preview:large","max-video-preview":"max-video-preview:-1"},"canonical":"https:\/\/www.eldiario.net\/portal\/2022\/12\/17\/la-produccion-agropecuaria-debe-tener-grandes-avances\/","og_locale":"es_ES","og_type":"article","og_title":"La producci\u00f3n agropecuaria debe tener grandes avances - El Diario - Bolivia","og_description":"Durante la gesti\u00f3n que transcurre, la actividad agropecuaria del pa\u00eds tuvo exponentes continuos en sentido de concretar un anhelo largamente acariciado: producir m\u00e1s y colocar a la agricultura en situaci\u00f3n preponderante porque, comparativamente con otros pa\u00edses, nuestra naci\u00f3n qued\u00f3 estancada hasta el extremo de haberse tenido que recurrir a la importaci\u00f3n de productos para alimentaci\u00f3n. [&hellip;]","og_url":"https:\/\/www.eldiario.net\/portal\/2022\/12\/17\/la-produccion-agropecuaria-debe-tener-grandes-avances\/","og_site_name":"El Diario - Bolivia","article_publisher":"https:\/\/www.facebook.com\/eldiario.bolivia\/","article_published_time":"2022-12-17T10:12:17+00:00","author":"Jeanette","twitter_card":"summary_large_image","twitter_creator":"@eldiario_net","twitter_site":"@eldiario_net","twitter_misc":{"Escrito por":"Jeanette","Tiempo de lectura":"2 minutos"},"schema":{"@context":"https:\/\/schema.org","@graph":[{"@type":"Article","@id":"https:\/\/www.eldiario.net\/portal\/2022\/12\/17\/la-produccion-agropecuaria-debe-tener-grandes-avances\/#article","isPartOf":{"@id":"https:\/\/www.eldiario.net\/portal\/2022\/12\/17\/la-produccion-agropecuaria-debe-tener-grandes-avances\/"},"author":{"name":"Jeanette","@id":"https:\/\/www.eldiario.net\/portal\/#\/schema\/person\/f46445640444750d7d753ccd04ae01b7"},"headline":"La producci\u00f3n agropecuaria debe tener grandes avances","datePublished":"2022-12-17T10:12:17+00:00","mainEntityOfPage":{"@id":"https:\/\/www.eldiario.net\/portal\/2022\/12\/17\/la-produccion-agropecuaria-debe-tener-grandes-avances\/"},"wordCount":345,"publisher":{"@id":"https:\/\/www.eldiario.net\/portal\/#organization"},"articleSection":["Editorial"],"inLanguage":"es"},{"@type":"WebPage","@id":"https:\/\/www.eldiario.net\/portal\/2022\/12\/17\/la-produccion-agropecuaria-debe-tener-grandes-avances\/","url":"https:\/\/www.eldiario.net\/portal\/2022\/12\/17\/la-produccion-agropecuaria-debe-tener-grandes-avances\/","name":"La producci\u00f3n agropecuaria debe tener grandes avances - El Diario - Bolivia","isPartOf":{"@id":"https:\/\/www.eldiario.net\/portal\/#website"},"datePublished":"2022-12-17T10:12:17+00:00","breadcrumb":{"@id":"https:\/\/www.eldiario.net\/portal\/2022\/12\/17\/la-produccion-agropecuaria-debe-tener-grandes-avances\/#breadcrumb"},"inLanguage":"es","potentialAction":[{"@type":"ReadAction","target":["https:\/\/www.eldiario.net\/portal\/2022\/12\/17\/la-produccion-agropecuaria-debe-tener-grandes-avances\/"]}]},{"@type":"BreadcrumbList","@id":"https:\/\/www.eldiario.net\/portal\/2022\/12\/17\/la-produccion-agropecuaria-debe-tener-grandes-avances\/#breadcrumb","itemListElement":[{"@type":"ListItem","position":1,"name":"Portada","item":"https:\/\/www.eldiario.net\/portal\/"},{"@type":"ListItem","position":2,"name":"La producci\u00f3n agropecuaria debe tener grandes avances"}]},{"@type":"WebSite","@id":"https:\/\/www.eldiario.net\/portal\/#website","url":"https:\/\/www.eldiario.net\/portal\/","name":"El Diario - Decano de la prensa nacional","description":"El Diario - Decano de la prensa nacional","publisher":{"@id":"https:\/\/www.eldiario.net\/portal\/#organization"},"potentialAction":[{"@type":"SearchAction","target":{"@type":"EntryPoint","urlTemplate":"https:\/\/www.eldiario.net\/portal\/?s={search_term_string}"},"query-input":{"@type":"PropertyValueSpecification","valueRequired":true,"valueName":"search_term_string"}}],"inLanguage":"es"},{"@type":"Organization","@id":"https:\/\/www.eldiario.net\/portal\/#organization","name":"El Diario - Decano de la prensa nacional","url":"https:\/\/www.eldiario.net\/portal\/","logo":{"@type":"ImageObject","inLanguage":"es","@id":"https:\/\/www.eldiario.net\/portal\/#\/schema\/logo\/image\/","url":"https:\/\/www.eldiario.net\/portal\/wp-content\/uploads\/2023\/07\/logo_ED.jpg","contentUrl":"https:\/\/www.eldiario.net\/portal\/wp-content\/uploads\/2023\/07\/logo_ED.jpg","width":272,"height":52,"caption":"El Diario - Decano de la prensa nacional"},"image":{"@id":"https:\/\/www.eldiario.net\/portal\/#\/schema\/logo\/image\/"},"sameAs":["https:\/\/www.facebook.com\/eldiario.bolivia\/","https:\/\/x.com\/eldiario_net"]},{"@type":"Person","@id":"https:\/\/www.eldiario.net\/portal\/#\/schema\/person\/f46445640444750d7d753ccd04ae01b7","name":"Jeanette","image":{"@type":"ImageObject","inLanguage":"es","@id":"https:\/\/secure.gravatar.com\/avatar\/3ea2118a5f7dad2b7138b1187a6b7ee55f160b9968b66013c3a3ef39dd7e5798?s=96&d=mm&r=g","url":"https:\/\/secure.gravatar.com\/avatar\/3ea2118a5f7dad2b7138b1187a6b7ee55f160b9968b66013c3a3ef39dd7e5798?s=96&d=mm&r=g","contentUrl":"https:\/\/secure.gravatar.com\/avatar\/3ea2118a5f7dad2b7138b1187a6b7ee55f160b9968b66013c3a3ef39dd7e5798?s=96&d=mm&r=g","caption":"Jeanette"},"sameAs":["https:\/\/www.eldiario.net\/portal"],"url":"https:\/\/www.eldiario.net\/portal\/author\/jeanette\/"}]}},"_links":{"self":[{"href":"https:\/\/www.eldiario.net\/portal\/wp-json\/wp\/v2\/posts\/128119","targetHints":{"allow":["GET"]}}],"collection":[{"href":"https:\/\/www.eldiario.net\/portal\/wp-json\/wp\/v2\/posts"}],"about":[{"href":"https:\/\/www.eldiario.net\/portal\/wp-json\/wp\/v2\/types\/post"}],"author":[{"embeddable":true,"href":"https:\/\/www.eldiario.net\/portal\/wp-json\/wp\/v2\/users\/1"}],"replies":[{"embeddable":true,"href":"https:\/\/www.eldiario.net\/portal\/wp-json\/wp\/v2\/comments?post=128119"}],"version-history":[{"count":0,"href":"https:\/\/www.eldiario.net\/portal\/wp-json\/wp\/v2\/posts\/128119\/revisions"}],"wp:attachment":[{"href":"https:\/\/www.eldiario.net\/portal\/wp-json\/wp\/v2\/media?parent=128119"}],"wp:term":[{"taxonomy":"category","embeddable":true,"href":"https:\/\/www.eldiario.net\/portal\/wp-json\/wp\/v2\/categories?post=128119"},{"taxonomy":"post_tag","embeddable":true,"href":"https:\/\/www.eldiario.net\/portal\/wp-json\/wp\/v2\/tags?post=128119"}],"curies":[{"name":"wp","href":"https:\/\/api.w.org\/{rel}","templated":true}]}}