{"id":128117,"date":"2022-12-17T06:11:45","date_gmt":"2022-12-17T10:11:45","guid":{"rendered":"https:\/\/www.eldiario.net\/portal\/?p=128117"},"modified":"2022-12-17T06:11:45","modified_gmt":"2022-12-17T10:11:45","slug":"sociedades-divididas-y-enfrentadas","status":"publish","type":"post","link":"https:\/\/www.eldiario.net\/portal\/2022\/12\/17\/sociedades-divididas-y-enfrentadas\/","title":{"rendered":"Sociedades divididas y enfrentadas"},"content":{"rendered":"<p>El ciclo populista neocomunista que hace ya dos d\u00e9cadas se asent\u00f3 en Latinoam\u00e9rica por el influjo del nefasto \u201cchavismo\u201d, se va extendiendo cual una p\u00fastula cancerosa por el cuerpo social de los pueblos indoamericanos, tanto que amenaza la paz, el desarrollo y, fundamentalmente, las libertades democr\u00e1ticas, que hab\u00edan sido conseguidas tras una sacrificada lucha de muchos que padecieron los rigores de las dictaduras castrenses que respond\u00edan a la \u201cguerra fr\u00eda\u201d entre las dos superpotencias ideol\u00f3gicas que estuvieron en pugna, hasta el derrumbe estrepitoso de la ex Uni\u00f3n Sovi\u00e9tica y los pa\u00edses bajo su control.<br \/>\nLa democracia conquistada por el pueblo, est\u00e1 siendo manipulada para instalar en el poder a los populistas-neo comunistas, que por definici\u00f3n principista son antidemocr\u00e1ticos, pero que h\u00e1bilmente disfrazan sus reg\u00edmenes con vestiduras y discursos a favor de los pobres, los oprimidos, cuando en verdad son los populistas de esta hora, los que destruyen a los pueblos que caen bajo su f\u00e9rula, cercen\u00e1ndoles las libertades y someti\u00e9ndolos a la dictadura y la pobreza.<br \/>\nCon estos reg\u00edmenes, los discursos falsos de la igualdad resultan en una igualdad en la pobreza, pues hace pobres a todos, con excepci\u00f3n, como no pod\u00eda ser de otra manera, de los grupos olig\u00e1rquicos encaramados en el poder pol\u00edtico, que con base en la corrupci\u00f3n, salen de la pobreza y declaran: \u201cya no somos pobres\u201d.<br \/>\nEl cuadro que describimos, con ejemplos en varios pa\u00edses, algunos de ellos sometidos a brutales y largas dictaduras con pretensiones de ser \u201cde por vida\u201d, debe llevarnos a una reflexi\u00f3n patri\u00f3tica: \u00bfqueremos vivir sometidos y sin libertades?<br \/>\nUno de los medios de los reg\u00edmenes populistas para mantenerse en el poder, es el de dividir a la sociedad y fomentar el enfrentamiento, de tal suerte que con el pretexto de la conspiraci\u00f3n y desestabilizaci\u00f3n de las fuerzas democr\u00e1ticas, imponen la dictadura, para ello es v\u00e1lido el discurso de la pobreza, el indigenismo, el imperialismo, etc., lo importante para estos grupos es el poder por el poder y su disfrute, no importa el resultado desastroso de sus gestiones, se mantienen por la fuerza, la persecuci\u00f3n y represi\u00f3n al pensamiento libre.<br \/>\nEstos reg\u00edmenes han encontrado unos aliados en Asia, en los reg\u00edmenes dictatoriales de Rusia, China, Ir\u00e1n y otros, que con la bandera del \u201canti occidentalismo\u201d desatan guerras, como la de Ucrania, masacran a su pueblo como en Ir\u00e1n, donde han matado a 400 personas que protestan en b\u00fasqueda de libertad, con el argumento de que \u00e9stos se levantaron contra Dios, como si ellos fueran divinos, en fin, el mundo dividido entre democracia y tiran\u00eda.<br \/>\nLa reciente ca\u00edda del poder del que fuera presidente del Per\u00fa, el profesor rural Pedro Castillo, que en el ejercicio del poder, demostr\u00f3 sus grandes limitaciones en formaci\u00f3n y experiencia, y que intent\u00f3 dar un golpe de Estado, cerrando el Congreso e imponiendo un \u201cestado de excepci\u00f3n\u201d con \u201ctoque de queda\u201d, anunciando tomar el \u00d3rgano Judicial, la Fiscal\u00eda y otras instituciones estatales, que le endilgaron actos de corrupci\u00f3n, es una muestra del fracaso populista. El intento antidemocr\u00e1tico no tuvo \u00e9xito debido a que las Fuerzas Armadas del Per\u00fa, le negaron ser instrumentadas para la dictadura.<br \/>\nEl profesor rural con pretensiones de aut\u00f3crata, bas\u00f3 su accionar pol\u00edtico en los saldos de la organizaci\u00f3n terrorista \u201cSendero Luminoso\u201d, que ensangrent\u00f3 la sociedad peruana con miles de muertos, v\u00edctimas del terrorismo. Esta corriente estuvo trabajando en los pueblos apartados, con el discurso indigenista-clasista, y son precisamente esos grupos que hoy, convulsionan el Per\u00fa, en apoyo de Castillo, parece m\u00e1s por una identificaci\u00f3n \u00e9tnico-cultural, pues no se puede convenir que reclamen por un \u201cgolpista\u201d e \u201cinepto\u201d gobernante. Lo que parece ser, es que el discurso racista que predicaron los casuales socialistas-populistas-indigenistas bolivianos, ha atravesado la frontera.<br \/>\nEl respaldo de los gobiernos populistas de M\u00e9xico, Argentina, Colombia y Bolivia a Castillo, en una abierta \u201cintromisi\u00f3n en los asuntos internos de un pa\u00eds\u201d, que vulnera principios de Derecho Internacional, es una muestra de la divisi\u00f3n ideol\u00f3gica en nuestra Am\u00e9rica.<br \/>\nEn nuestro pa\u00eds persiste el discurso de odio, confrontaci\u00f3n y divisi\u00f3n desde el gobierno, la persecuci\u00f3n pol\u00edtica-judicial y la total ausencia de justicia, que con un \u00d3rgano Judicial sometido, es un instrumento de persecuci\u00f3n, cuando deber\u00eda ser un \u00f3rgano que garantice las libertades y derechos de los ciudadanos, ante los excesos del poder.<\/p>\n<p>El autor es Abogado, Polit\u00f3logo, escritor y docente universitario.<\/p>\n","protected":false},"excerpt":{"rendered":"<p>El ciclo populista neocomunista que hace ya dos d\u00e9cadas se asent\u00f3 en Latinoam\u00e9rica por el influjo del nefasto \u201cchavismo\u201d, se va extendiendo cual una p\u00fastula cancerosa por el cuerpo social de los pueblos indoamericanos, tanto que amenaza la paz, el desarrollo y, fundamentalmente, las libertades democr\u00e1ticas, que hab\u00edan sido conseguidas tras una sacrificada lucha de [&hellip;]<\/p>\n","protected":false},"author":1,"featured_media":7024,"comment_status":"closed","ping_status":"closed","sticky":false,"template":"","format":"standard","meta":{"_acf_changed":false,"footnotes":""},"categories":[9],"tags":[],"class_list":["post-128117","post","type-post","status-publish","format-standard","has-post-thumbnail","category-opinion"],"acf":{"antetitulo":""},"yoast_head":"<!-- This site is optimized with the Yoast SEO plugin v28.4 - https:\/\/yoast.com\/product\/yoast-seo-wordpress\/ -->\n<title>Sociedades divididas y enfrentadas - El Diario - Bolivia<\/title>\n<meta name=\"robots\" content=\"index, follow, max-snippet:-1, max-image-preview:large, max-video-preview:-1\" \/>\n<link rel=\"canonical\" href=\"https:\/\/www.eldiario.net\/portal\/2022\/12\/17\/sociedades-divididas-y-enfrentadas\/\" \/>\n<meta property=\"og:locale\" content=\"es_ES\" \/>\n<meta property=\"og:type\" content=\"article\" \/>\n<meta property=\"og:title\" content=\"Sociedades divididas y enfrentadas - El Diario - Bolivia\" \/>\n<meta property=\"og:description\" content=\"El ciclo populista neocomunista que hace ya dos d\u00e9cadas se asent\u00f3 en Latinoam\u00e9rica por el influjo del nefasto \u201cchavismo\u201d, se va extendiendo cual una p\u00fastula cancerosa por el cuerpo social de los pueblos indoamericanos, tanto que amenaza la paz, el desarrollo y, fundamentalmente, las libertades democr\u00e1ticas, que hab\u00edan sido conseguidas tras una sacrificada lucha de [&hellip;]\" \/>\n<meta property=\"og:url\" content=\"https:\/\/www.eldiario.net\/portal\/2022\/12\/17\/sociedades-divididas-y-enfrentadas\/\" \/>\n<meta property=\"og:site_name\" content=\"El Diario - Bolivia\" \/>\n<meta property=\"article:publisher\" content=\"https:\/\/www.facebook.com\/eldiario.bolivia\/\" \/>\n<meta property=\"article:published_time\" content=\"2022-12-17T10:11:45+00:00\" \/>\n<meta name=\"author\" content=\"Jeanette\" \/>\n<meta name=\"twitter:card\" content=\"summary_large_image\" \/>\n<meta name=\"twitter:creator\" content=\"@eldiario_net\" \/>\n<meta name=\"twitter:site\" content=\"@eldiario_net\" \/>\n<meta name=\"twitter:label1\" content=\"Escrito por\" \/>\n\t<meta name=\"twitter:data1\" content=\"Jeanette\" \/>\n\t<meta name=\"twitter:label2\" content=\"Tiempo de lectura\" \/>\n\t<meta name=\"twitter:data2\" content=\"4 minutos\" \/>\n<script type=\"application\/ld+json\" class=\"yoast-schema-graph\">{\"@context\":\"https:\\\/\\\/schema.org\",\"@graph\":[{\"@type\":\"Article\",\"@id\":\"https:\\\/\\\/www.eldiario.net\\\/portal\\\/2022\\\/12\\\/17\\\/sociedades-divididas-y-enfrentadas\\\/#article\",\"isPartOf\":{\"@id\":\"https:\\\/\\\/www.eldiario.net\\\/portal\\\/2022\\\/12\\\/17\\\/sociedades-divididas-y-enfrentadas\\\/\"},\"author\":{\"name\":\"Jeanette\",\"@id\":\"https:\\\/\\\/www.eldiario.net\\\/portal\\\/#\\\/schema\\\/person\\\/f46445640444750d7d753ccd04ae01b7\"},\"headline\":\"Sociedades divididas y enfrentadas\",\"datePublished\":\"2022-12-17T10:11:45+00:00\",\"mainEntityOfPage\":{\"@id\":\"https:\\\/\\\/www.eldiario.net\\\/portal\\\/2022\\\/12\\\/17\\\/sociedades-divididas-y-enfrentadas\\\/\"},\"wordCount\":786,\"publisher\":{\"@id\":\"https:\\\/\\\/www.eldiario.net\\\/portal\\\/#organization\"},\"image\":{\"@id\":\"https:\\\/\\\/www.eldiario.net\\\/portal\\\/2022\\\/12\\\/17\\\/sociedades-divididas-y-enfrentadas\\\/#primaryimage\"},\"thumbnailUrl\":\"\",\"articleSection\":[\"Opini\u00f3n\"],\"inLanguage\":\"es\"},{\"@type\":\"WebPage\",\"@id\":\"https:\\\/\\\/www.eldiario.net\\\/portal\\\/2022\\\/12\\\/17\\\/sociedades-divididas-y-enfrentadas\\\/\",\"url\":\"https:\\\/\\\/www.eldiario.net\\\/portal\\\/2022\\\/12\\\/17\\\/sociedades-divididas-y-enfrentadas\\\/\",\"name\":\"Sociedades divididas y enfrentadas - El Diario - Bolivia\",\"isPartOf\":{\"@id\":\"https:\\\/\\\/www.eldiario.net\\\/portal\\\/#website\"},\"primaryImageOfPage\":{\"@id\":\"https:\\\/\\\/www.eldiario.net\\\/portal\\\/2022\\\/12\\\/17\\\/sociedades-divididas-y-enfrentadas\\\/#primaryimage\"},\"image\":{\"@id\":\"https:\\\/\\\/www.eldiario.net\\\/portal\\\/2022\\\/12\\\/17\\\/sociedades-divididas-y-enfrentadas\\\/#primaryimage\"},\"thumbnailUrl\":\"\",\"datePublished\":\"2022-12-17T10:11:45+00:00\",\"breadcrumb\":{\"@id\":\"https:\\\/\\\/www.eldiario.net\\\/portal\\\/2022\\\/12\\\/17\\\/sociedades-divididas-y-enfrentadas\\\/#breadcrumb\"},\"inLanguage\":\"es\",\"potentialAction\":[{\"@type\":\"ReadAction\",\"target\":[\"https:\\\/\\\/www.eldiario.net\\\/portal\\\/2022\\\/12\\\/17\\\/sociedades-divididas-y-enfrentadas\\\/\"]}]},{\"@type\":\"ImageObject\",\"inLanguage\":\"es\",\"@id\":\"https:\\\/\\\/www.eldiario.net\\\/portal\\\/2022\\\/12\\\/17\\\/sociedades-divididas-y-enfrentadas\\\/#primaryimage\",\"url\":\"\",\"contentUrl\":\"\"},{\"@type\":\"BreadcrumbList\",\"@id\":\"https:\\\/\\\/www.eldiario.net\\\/portal\\\/2022\\\/12\\\/17\\\/sociedades-divididas-y-enfrentadas\\\/#breadcrumb\",\"itemListElement\":[{\"@type\":\"ListItem\",\"position\":1,\"name\":\"Portada\",\"item\":\"https:\\\/\\\/www.eldiario.net\\\/portal\\\/\"},{\"@type\":\"ListItem\",\"position\":2,\"name\":\"Sociedades divididas y enfrentadas\"}]},{\"@type\":\"WebSite\",\"@id\":\"https:\\\/\\\/www.eldiario.net\\\/portal\\\/#website\",\"url\":\"https:\\\/\\\/www.eldiario.net\\\/portal\\\/\",\"name\":\"El Diario - Decano de la prensa nacional\",\"description\":\"El Diario - Decano de la prensa nacional\",\"publisher\":{\"@id\":\"https:\\\/\\\/www.eldiario.net\\\/portal\\\/#organization\"},\"potentialAction\":[{\"@type\":\"SearchAction\",\"target\":{\"@type\":\"EntryPoint\",\"urlTemplate\":\"https:\\\/\\\/www.eldiario.net\\\/portal\\\/?s={search_term_string}\"},\"query-input\":{\"@type\":\"PropertyValueSpecification\",\"valueRequired\":true,\"valueName\":\"search_term_string\"}}],\"inLanguage\":\"es\"},{\"@type\":\"Organization\",\"@id\":\"https:\\\/\\\/www.eldiario.net\\\/portal\\\/#organization\",\"name\":\"El Diario - Decano de la prensa nacional\",\"url\":\"https:\\\/\\\/www.eldiario.net\\\/portal\\\/\",\"logo\":{\"@type\":\"ImageObject\",\"inLanguage\":\"es\",\"@id\":\"https:\\\/\\\/www.eldiario.net\\\/portal\\\/#\\\/schema\\\/logo\\\/image\\\/\",\"url\":\"https:\\\/\\\/www.eldiario.net\\\/portal\\\/wp-content\\\/uploads\\\/2023\\\/07\\\/logo_ED.jpg\",\"contentUrl\":\"https:\\\/\\\/www.eldiario.net\\\/portal\\\/wp-content\\\/uploads\\\/2023\\\/07\\\/logo_ED.jpg\",\"width\":272,\"height\":52,\"caption\":\"El Diario - Decano de la prensa nacional\"},\"image\":{\"@id\":\"https:\\\/\\\/www.eldiario.net\\\/portal\\\/#\\\/schema\\\/logo\\\/image\\\/\"},\"sameAs\":[\"https:\\\/\\\/www.facebook.com\\\/eldiario.bolivia\\\/\",\"https:\\\/\\\/x.com\\\/eldiario_net\"]},{\"@type\":\"Person\",\"@id\":\"https:\\\/\\\/www.eldiario.net\\\/portal\\\/#\\\/schema\\\/person\\\/f46445640444750d7d753ccd04ae01b7\",\"name\":\"Jeanette\",\"image\":{\"@type\":\"ImageObject\",\"inLanguage\":\"es\",\"@id\":\"https:\\\/\\\/secure.gravatar.com\\\/avatar\\\/3ea2118a5f7dad2b7138b1187a6b7ee55f160b9968b66013c3a3ef39dd7e5798?s=96&d=mm&r=g\",\"url\":\"https:\\\/\\\/secure.gravatar.com\\\/avatar\\\/3ea2118a5f7dad2b7138b1187a6b7ee55f160b9968b66013c3a3ef39dd7e5798?s=96&d=mm&r=g\",\"contentUrl\":\"https:\\\/\\\/secure.gravatar.com\\\/avatar\\\/3ea2118a5f7dad2b7138b1187a6b7ee55f160b9968b66013c3a3ef39dd7e5798?s=96&d=mm&r=g\",\"caption\":\"Jeanette\"},\"sameAs\":[\"https:\\\/\\\/www.eldiario.net\\\/portal\"],\"url\":\"https:\\\/\\\/www.eldiario.net\\\/portal\\\/author\\\/jeanette\\\/\"}]}<\/script>\n<!-- \/ Yoast SEO plugin. -->","yoast_head_json":{"title":"Sociedades divididas y enfrentadas - El Diario - Bolivia","robots":{"index":"index","follow":"follow","max-snippet":"max-snippet:-1","max-image-preview":"max-image-preview:large","max-video-preview":"max-video-preview:-1"},"canonical":"https:\/\/www.eldiario.net\/portal\/2022\/12\/17\/sociedades-divididas-y-enfrentadas\/","og_locale":"es_ES","og_type":"article","og_title":"Sociedades divididas y enfrentadas - El Diario - Bolivia","og_description":"El ciclo populista neocomunista que hace ya dos d\u00e9cadas se asent\u00f3 en Latinoam\u00e9rica por el influjo del nefasto \u201cchavismo\u201d, se va extendiendo cual una p\u00fastula cancerosa por el cuerpo social de los pueblos indoamericanos, tanto que amenaza la paz, el desarrollo y, fundamentalmente, las libertades democr\u00e1ticas, que hab\u00edan sido conseguidas tras una sacrificada lucha de [&hellip;]","og_url":"https:\/\/www.eldiario.net\/portal\/2022\/12\/17\/sociedades-divididas-y-enfrentadas\/","og_site_name":"El Diario - Bolivia","article_publisher":"https:\/\/www.facebook.com\/eldiario.bolivia\/","article_published_time":"2022-12-17T10:11:45+00:00","author":"Jeanette","twitter_card":"summary_large_image","twitter_creator":"@eldiario_net","twitter_site":"@eldiario_net","twitter_misc":{"Escrito por":"Jeanette","Tiempo de lectura":"4 minutos"},"schema":{"@context":"https:\/\/schema.org","@graph":[{"@type":"Article","@id":"https:\/\/www.eldiario.net\/portal\/2022\/12\/17\/sociedades-divididas-y-enfrentadas\/#article","isPartOf":{"@id":"https:\/\/www.eldiario.net\/portal\/2022\/12\/17\/sociedades-divididas-y-enfrentadas\/"},"author":{"name":"Jeanette","@id":"https:\/\/www.eldiario.net\/portal\/#\/schema\/person\/f46445640444750d7d753ccd04ae01b7"},"headline":"Sociedades divididas y enfrentadas","datePublished":"2022-12-17T10:11:45+00:00","mainEntityOfPage":{"@id":"https:\/\/www.eldiario.net\/portal\/2022\/12\/17\/sociedades-divididas-y-enfrentadas\/"},"wordCount":786,"publisher":{"@id":"https:\/\/www.eldiario.net\/portal\/#organization"},"image":{"@id":"https:\/\/www.eldiario.net\/portal\/2022\/12\/17\/sociedades-divididas-y-enfrentadas\/#primaryimage"},"thumbnailUrl":"","articleSection":["Opini\u00f3n"],"inLanguage":"es"},{"@type":"WebPage","@id":"https:\/\/www.eldiario.net\/portal\/2022\/12\/17\/sociedades-divididas-y-enfrentadas\/","url":"https:\/\/www.eldiario.net\/portal\/2022\/12\/17\/sociedades-divididas-y-enfrentadas\/","name":"Sociedades divididas y enfrentadas - El Diario - Bolivia","isPartOf":{"@id":"https:\/\/www.eldiario.net\/portal\/#website"},"primaryImageOfPage":{"@id":"https:\/\/www.eldiario.net\/portal\/2022\/12\/17\/sociedades-divididas-y-enfrentadas\/#primaryimage"},"image":{"@id":"https:\/\/www.eldiario.net\/portal\/2022\/12\/17\/sociedades-divididas-y-enfrentadas\/#primaryimage"},"thumbnailUrl":"","datePublished":"2022-12-17T10:11:45+00:00","breadcrumb":{"@id":"https:\/\/www.eldiario.net\/portal\/2022\/12\/17\/sociedades-divididas-y-enfrentadas\/#breadcrumb"},"inLanguage":"es","potentialAction":[{"@type":"ReadAction","target":["https:\/\/www.eldiario.net\/portal\/2022\/12\/17\/sociedades-divididas-y-enfrentadas\/"]}]},{"@type":"ImageObject","inLanguage":"es","@id":"https:\/\/www.eldiario.net\/portal\/2022\/12\/17\/sociedades-divididas-y-enfrentadas\/#primaryimage","url":"","contentUrl":""},{"@type":"BreadcrumbList","@id":"https:\/\/www.eldiario.net\/portal\/2022\/12\/17\/sociedades-divididas-y-enfrentadas\/#breadcrumb","itemListElement":[{"@type":"ListItem","position":1,"name":"Portada","item":"https:\/\/www.eldiario.net\/portal\/"},{"@type":"ListItem","position":2,"name":"Sociedades divididas y enfrentadas"}]},{"@type":"WebSite","@id":"https:\/\/www.eldiario.net\/portal\/#website","url":"https:\/\/www.eldiario.net\/portal\/","name":"El Diario - Decano de la prensa nacional","description":"El Diario - Decano de la prensa nacional","publisher":{"@id":"https:\/\/www.eldiario.net\/portal\/#organization"},"potentialAction":[{"@type":"SearchAction","target":{"@type":"EntryPoint","urlTemplate":"https:\/\/www.eldiario.net\/portal\/?s={search_term_string}"},"query-input":{"@type":"PropertyValueSpecification","valueRequired":true,"valueName":"search_term_string"}}],"inLanguage":"es"},{"@type":"Organization","@id":"https:\/\/www.eldiario.net\/portal\/#organization","name":"El Diario - Decano de la prensa nacional","url":"https:\/\/www.eldiario.net\/portal\/","logo":{"@type":"ImageObject","inLanguage":"es","@id":"https:\/\/www.eldiario.net\/portal\/#\/schema\/logo\/image\/","url":"https:\/\/www.eldiario.net\/portal\/wp-content\/uploads\/2023\/07\/logo_ED.jpg","contentUrl":"https:\/\/www.eldiario.net\/portal\/wp-content\/uploads\/2023\/07\/logo_ED.jpg","width":272,"height":52,"caption":"El Diario - Decano de la prensa nacional"},"image":{"@id":"https:\/\/www.eldiario.net\/portal\/#\/schema\/logo\/image\/"},"sameAs":["https:\/\/www.facebook.com\/eldiario.bolivia\/","https:\/\/x.com\/eldiario_net"]},{"@type":"Person","@id":"https:\/\/www.eldiario.net\/portal\/#\/schema\/person\/f46445640444750d7d753ccd04ae01b7","name":"Jeanette","image":{"@type":"ImageObject","inLanguage":"es","@id":"https:\/\/secure.gravatar.com\/avatar\/3ea2118a5f7dad2b7138b1187a6b7ee55f160b9968b66013c3a3ef39dd7e5798?s=96&d=mm&r=g","url":"https:\/\/secure.gravatar.com\/avatar\/3ea2118a5f7dad2b7138b1187a6b7ee55f160b9968b66013c3a3ef39dd7e5798?s=96&d=mm&r=g","contentUrl":"https:\/\/secure.gravatar.com\/avatar\/3ea2118a5f7dad2b7138b1187a6b7ee55f160b9968b66013c3a3ef39dd7e5798?s=96&d=mm&r=g","caption":"Jeanette"},"sameAs":["https:\/\/www.eldiario.net\/portal"],"url":"https:\/\/www.eldiario.net\/portal\/author\/jeanette\/"}]}},"_links":{"self":[{"href":"https:\/\/www.eldiario.net\/portal\/wp-json\/wp\/v2\/posts\/128117","targetHints":{"allow":["GET"]}}],"collection":[{"href":"https:\/\/www.eldiario.net\/portal\/wp-json\/wp\/v2\/posts"}],"about":[{"href":"https:\/\/www.eldiario.net\/portal\/wp-json\/wp\/v2\/types\/post"}],"author":[{"embeddable":true,"href":"https:\/\/www.eldiario.net\/portal\/wp-json\/wp\/v2\/users\/1"}],"replies":[{"embeddable":true,"href":"https:\/\/www.eldiario.net\/portal\/wp-json\/wp\/v2\/comments?post=128117"}],"version-history":[{"count":0,"href":"https:\/\/www.eldiario.net\/portal\/wp-json\/wp\/v2\/posts\/128117\/revisions"}],"wp:attachment":[{"href":"https:\/\/www.eldiario.net\/portal\/wp-json\/wp\/v2\/media?parent=128117"}],"wp:term":[{"taxonomy":"category","embeddable":true,"href":"https:\/\/www.eldiario.net\/portal\/wp-json\/wp\/v2\/categories?post=128117"},{"taxonomy":"post_tag","embeddable":true,"href":"https:\/\/www.eldiario.net\/portal\/wp-json\/wp\/v2\/tags?post=128117"}],"curies":[{"name":"wp","href":"https:\/\/api.w.org\/{rel}","templated":true}]}}