{"id":128115,"date":"2022-12-17T06:11:08","date_gmt":"2022-12-17T10:11:08","guid":{"rendered":"https:\/\/www.eldiario.net\/portal\/?p=128115"},"modified":"2022-12-17T06:11:08","modified_gmt":"2022-12-17T10:11:08","slug":"sobre-solidaridad-y-fortaleza-interna","status":"publish","type":"post","link":"https:\/\/www.eldiario.net\/portal\/2022\/12\/17\/sobre-solidaridad-y-fortaleza-interna\/","title":{"rendered":"Sobre solidaridad y fortaleza interna"},"content":{"rendered":"<p>Una vez m\u00e1s navegando por redes sociales hallamos dos notas breves, de autores an\u00f3nimos, una acerca del secreto de la cooperaci\u00f3n y otra en la que se habla de la importancia de tener fortaleza interior. Indudablemente ambas ser\u00e1n motivo de reflexi\u00f3n, considerando todo lo que se describe.<\/p>\n<p>UBUNTU<br \/>\nUn antrop\u00f3logo intent\u00f3 probar un juego con unos ni\u00f1os de una tribu africana; coloc\u00f3 una canasta llena de frutas deliciosas junto al tronco de un \u00e1rbol y les dijo: \u201cEl primer ni\u00f1o que llegue al \u00e1rbol y toque la canasta, se ganar\u00e1 toda la fruta\u201d.<br \/>\nCuando el antrop\u00f3logo les dio la se\u00f1al de inicio, y pens\u00f3 que iban a correr para ganarse la fruta, se sorprendi\u00f3 de que comenzaran a caminar todos juntos, tomados de las manos, hasta que llegaron al \u00e1rbol, juntos tocaron la canasta y compartieron la fruta.<br \/>\n\u00c9l les pregunt\u00f3 que por qu\u00e9 hac\u00edan eso, si cada uno de ellos podr\u00eda haber conseguido la canasta de fruta solo para ellos o para repartirla con sus familias.<br \/>\nLos ni\u00f1os respondieron todos juntos y a una sola voz:<br \/>\n&#8211; UBUNTU.<br \/>\nEl antrop\u00f3logo intrigado comenz\u00f3 a indagar entre los adultos de la tribu: resulta que \u00abubuntu\u00bb en el lenguaje de su civilizaci\u00f3n significa: \u00abyo soy porque todos somos\u00bb.<br \/>\nEs decir, seg\u00fan la educaci\u00f3n que recibieron de sus padres y abuelos, \u00bfc\u00f3mo puede solo uno de nosotros ser feliz, mientras todos los dem\u00e1s son miserables?<br \/>\nEsta tribu \u00absin educaci\u00f3n\u00bb conoce el secreto de la cooperaci\u00f3n y la solidaridad, valores que se han perdido en todas las sociedades que la \u00abtrascienden\u00bb, y que se consideran a s\u00ed mismas sociedades \u00abcivilizadas\u00bb.<br \/>\nNecesitamos mucho de \u00abUBUNTU\u00bb en nuestros corazones.<br \/>\n***<br \/>\nRA\u00cdCES PROFUNDAS<br \/>\nDurante un tiempo fui vecino de un m\u00e9dico cuyo pasatiempo era plantar \u00e1rboles en el enorme patio de su casa. Desde mi ventana ve\u00eda c\u00f3mo d\u00eda a d\u00eda los plantaba. Lo que m\u00e1s me llamaba la atenci\u00f3n era que no regaba los arbolitos. Tanta era mi curiosidad que fui a preguntarle.<br \/>\nMe dijo que, si regaba sus arbolitos, las ra\u00edces se acomodar\u00edan en la superficie y quedar\u00edan siempre esperando el agua que \u00e9l diariamente les daba. Al no regarlos, \u00e9stos tardar\u00edan m\u00e1s en crecer, pero sus ra\u00edces se ver\u00edan obligadas a profundizar en la tierra en busca del agua y de los nutrientes que se encuentran en las capas m\u00e1s profundas del suelo.<br \/>\nAs\u00ed, los \u00e1rboles tendr\u00edan ra\u00edces profundas y ser\u00edan m\u00e1s resistentes.<br \/>\nAl cabo de un tiempo fui a vivir a otro pa\u00eds, cuando despu\u00e9s de varios a\u00f1os regres\u00e9 a mi antigua casa, not\u00e9 que mi vecino hab\u00eda cumplido su sue\u00f1o, ten\u00eda un hermoso bosque.<br \/>\nDe pronto lleg\u00f3 el rigor del invierno y en un d\u00eda muy ventoso, cuando todos los \u00e1rboles de la calle estaban arqueados por el viento, pude notar la solidez de los \u00e1rboles de mi vecino, que casi ni se mov\u00edan.<br \/>\nLas adversidades por las cuales aquellos \u00e1rboles hab\u00edan pasado, al ser privados de agua, les hab\u00eda beneficiado mucho m\u00e1s que el confort o un trato mucho m\u00e1s delicado.<br \/>\nTodas las noches antes de ir a acostarme doy siempre una mirada a mis hijos. Les observo y veo c\u00f3mo ellos van creciendo.<br \/>\nSiempre pedimos que las cosas sean f\u00e1ciles, pero en verdad lo que necesitamos es pedir que en nuestro interior se formen ra\u00edces fuertes y profundas; de tal modo, que cuando las tempestades lleguen, sin previo aviso y los vientos helados soplen, seamos capaces de resistir en lugar de ser derrotados y destruidos como lo son los \u00e1rboles sin ra\u00edces profundas.<\/p>\n","protected":false},"excerpt":{"rendered":"<p>Una vez m\u00e1s navegando por redes sociales hallamos dos notas breves, de autores an\u00f3nimos, una acerca del secreto de la cooperaci\u00f3n y otra en la que se habla de la importancia de tener fortaleza interior. Indudablemente ambas ser\u00e1n motivo de reflexi\u00f3n, considerando todo lo que se describe. UBUNTU Un antrop\u00f3logo intent\u00f3 probar un juego con [&hellip;]<\/p>\n","protected":false},"author":1,"featured_media":0,"comment_status":"closed","ping_status":"closed","sticky":false,"template":"","format":"standard","meta":{"_acf_changed":false,"footnotes":""},"categories":[9],"tags":[],"class_list":["post-128115","post","type-post","status-publish","format-standard","category-opinion"],"acf":{"antetitulo":""},"yoast_head":"<!-- This site is optimized with the Yoast SEO plugin v28.4 - https:\/\/yoast.com\/product\/yoast-seo-wordpress\/ -->\n<title>Sobre solidaridad y fortaleza interna - El Diario - Bolivia<\/title>\n<meta name=\"robots\" content=\"index, follow, max-snippet:-1, max-image-preview:large, max-video-preview:-1\" \/>\n<link rel=\"canonical\" href=\"https:\/\/www.eldiario.net\/portal\/2022\/12\/17\/sobre-solidaridad-y-fortaleza-interna\/\" \/>\n<meta property=\"og:locale\" content=\"es_ES\" \/>\n<meta property=\"og:type\" content=\"article\" \/>\n<meta property=\"og:title\" content=\"Sobre solidaridad y fortaleza interna - El Diario - Bolivia\" \/>\n<meta property=\"og:description\" content=\"Una vez m\u00e1s navegando por redes sociales hallamos dos notas breves, de autores an\u00f3nimos, una acerca del secreto de la cooperaci\u00f3n y otra en la que se habla de la importancia de tener fortaleza interior. Indudablemente ambas ser\u00e1n motivo de reflexi\u00f3n, considerando todo lo que se describe. UBUNTU Un antrop\u00f3logo intent\u00f3 probar un juego con [&hellip;]\" \/>\n<meta property=\"og:url\" content=\"https:\/\/www.eldiario.net\/portal\/2022\/12\/17\/sobre-solidaridad-y-fortaleza-interna\/\" \/>\n<meta property=\"og:site_name\" content=\"El Diario - Bolivia\" \/>\n<meta property=\"article:publisher\" content=\"https:\/\/www.facebook.com\/eldiario.bolivia\/\" \/>\n<meta property=\"article:published_time\" content=\"2022-12-17T10:11:08+00:00\" \/>\n<meta name=\"author\" content=\"Jeanette\" \/>\n<meta name=\"twitter:card\" content=\"summary_large_image\" \/>\n<meta name=\"twitter:creator\" content=\"@eldiario_net\" \/>\n<meta name=\"twitter:site\" content=\"@eldiario_net\" \/>\n<meta name=\"twitter:label1\" content=\"Escrito por\" \/>\n\t<meta name=\"twitter:data1\" content=\"Jeanette\" \/>\n\t<meta name=\"twitter:label2\" content=\"Tiempo de lectura\" \/>\n\t<meta name=\"twitter:data2\" content=\"3 minutos\" \/>\n<script type=\"application\/ld+json\" class=\"yoast-schema-graph\">{\"@context\":\"https:\\\/\\\/schema.org\",\"@graph\":[{\"@type\":\"Article\",\"@id\":\"https:\\\/\\\/www.eldiario.net\\\/portal\\\/2022\\\/12\\\/17\\\/sobre-solidaridad-y-fortaleza-interna\\\/#article\",\"isPartOf\":{\"@id\":\"https:\\\/\\\/www.eldiario.net\\\/portal\\\/2022\\\/12\\\/17\\\/sobre-solidaridad-y-fortaleza-interna\\\/\"},\"author\":{\"name\":\"Jeanette\",\"@id\":\"https:\\\/\\\/www.eldiario.net\\\/portal\\\/#\\\/schema\\\/person\\\/f46445640444750d7d753ccd04ae01b7\"},\"headline\":\"Sobre solidaridad y fortaleza interna\",\"datePublished\":\"2022-12-17T10:11:08+00:00\",\"mainEntityOfPage\":{\"@id\":\"https:\\\/\\\/www.eldiario.net\\\/portal\\\/2022\\\/12\\\/17\\\/sobre-solidaridad-y-fortaleza-interna\\\/\"},\"wordCount\":644,\"publisher\":{\"@id\":\"https:\\\/\\\/www.eldiario.net\\\/portal\\\/#organization\"},\"articleSection\":[\"Opini\u00f3n\"],\"inLanguage\":\"es\"},{\"@type\":\"WebPage\",\"@id\":\"https:\\\/\\\/www.eldiario.net\\\/portal\\\/2022\\\/12\\\/17\\\/sobre-solidaridad-y-fortaleza-interna\\\/\",\"url\":\"https:\\\/\\\/www.eldiario.net\\\/portal\\\/2022\\\/12\\\/17\\\/sobre-solidaridad-y-fortaleza-interna\\\/\",\"name\":\"Sobre solidaridad y fortaleza interna - El Diario - Bolivia\",\"isPartOf\":{\"@id\":\"https:\\\/\\\/www.eldiario.net\\\/portal\\\/#website\"},\"datePublished\":\"2022-12-17T10:11:08+00:00\",\"breadcrumb\":{\"@id\":\"https:\\\/\\\/www.eldiario.net\\\/portal\\\/2022\\\/12\\\/17\\\/sobre-solidaridad-y-fortaleza-interna\\\/#breadcrumb\"},\"inLanguage\":\"es\",\"potentialAction\":[{\"@type\":\"ReadAction\",\"target\":[\"https:\\\/\\\/www.eldiario.net\\\/portal\\\/2022\\\/12\\\/17\\\/sobre-solidaridad-y-fortaleza-interna\\\/\"]}]},{\"@type\":\"BreadcrumbList\",\"@id\":\"https:\\\/\\\/www.eldiario.net\\\/portal\\\/2022\\\/12\\\/17\\\/sobre-solidaridad-y-fortaleza-interna\\\/#breadcrumb\",\"itemListElement\":[{\"@type\":\"ListItem\",\"position\":1,\"name\":\"Portada\",\"item\":\"https:\\\/\\\/www.eldiario.net\\\/portal\\\/\"},{\"@type\":\"ListItem\",\"position\":2,\"name\":\"Sobre solidaridad y fortaleza interna\"}]},{\"@type\":\"WebSite\",\"@id\":\"https:\\\/\\\/www.eldiario.net\\\/portal\\\/#website\",\"url\":\"https:\\\/\\\/www.eldiario.net\\\/portal\\\/\",\"name\":\"El Diario - Decano de la prensa nacional\",\"description\":\"El Diario - Decano de la prensa nacional\",\"publisher\":{\"@id\":\"https:\\\/\\\/www.eldiario.net\\\/portal\\\/#organization\"},\"potentialAction\":[{\"@type\":\"SearchAction\",\"target\":{\"@type\":\"EntryPoint\",\"urlTemplate\":\"https:\\\/\\\/www.eldiario.net\\\/portal\\\/?s={search_term_string}\"},\"query-input\":{\"@type\":\"PropertyValueSpecification\",\"valueRequired\":true,\"valueName\":\"search_term_string\"}}],\"inLanguage\":\"es\"},{\"@type\":\"Organization\",\"@id\":\"https:\\\/\\\/www.eldiario.net\\\/portal\\\/#organization\",\"name\":\"El Diario - Decano de la prensa nacional\",\"url\":\"https:\\\/\\\/www.eldiario.net\\\/portal\\\/\",\"logo\":{\"@type\":\"ImageObject\",\"inLanguage\":\"es\",\"@id\":\"https:\\\/\\\/www.eldiario.net\\\/portal\\\/#\\\/schema\\\/logo\\\/image\\\/\",\"url\":\"https:\\\/\\\/www.eldiario.net\\\/portal\\\/wp-content\\\/uploads\\\/2023\\\/07\\\/logo_ED.jpg\",\"contentUrl\":\"https:\\\/\\\/www.eldiario.net\\\/portal\\\/wp-content\\\/uploads\\\/2023\\\/07\\\/logo_ED.jpg\",\"width\":272,\"height\":52,\"caption\":\"El Diario - Decano de la prensa nacional\"},\"image\":{\"@id\":\"https:\\\/\\\/www.eldiario.net\\\/portal\\\/#\\\/schema\\\/logo\\\/image\\\/\"},\"sameAs\":[\"https:\\\/\\\/www.facebook.com\\\/eldiario.bolivia\\\/\",\"https:\\\/\\\/x.com\\\/eldiario_net\"]},{\"@type\":\"Person\",\"@id\":\"https:\\\/\\\/www.eldiario.net\\\/portal\\\/#\\\/schema\\\/person\\\/f46445640444750d7d753ccd04ae01b7\",\"name\":\"Jeanette\",\"image\":{\"@type\":\"ImageObject\",\"inLanguage\":\"es\",\"@id\":\"https:\\\/\\\/secure.gravatar.com\\\/avatar\\\/3ea2118a5f7dad2b7138b1187a6b7ee55f160b9968b66013c3a3ef39dd7e5798?s=96&d=mm&r=g\",\"url\":\"https:\\\/\\\/secure.gravatar.com\\\/avatar\\\/3ea2118a5f7dad2b7138b1187a6b7ee55f160b9968b66013c3a3ef39dd7e5798?s=96&d=mm&r=g\",\"contentUrl\":\"https:\\\/\\\/secure.gravatar.com\\\/avatar\\\/3ea2118a5f7dad2b7138b1187a6b7ee55f160b9968b66013c3a3ef39dd7e5798?s=96&d=mm&r=g\",\"caption\":\"Jeanette\"},\"sameAs\":[\"https:\\\/\\\/www.eldiario.net\\\/portal\"],\"url\":\"https:\\\/\\\/www.eldiario.net\\\/portal\\\/author\\\/jeanette\\\/\"}]}<\/script>\n<!-- \/ Yoast SEO plugin. -->","yoast_head_json":{"title":"Sobre solidaridad y fortaleza interna - El Diario - Bolivia","robots":{"index":"index","follow":"follow","max-snippet":"max-snippet:-1","max-image-preview":"max-image-preview:large","max-video-preview":"max-video-preview:-1"},"canonical":"https:\/\/www.eldiario.net\/portal\/2022\/12\/17\/sobre-solidaridad-y-fortaleza-interna\/","og_locale":"es_ES","og_type":"article","og_title":"Sobre solidaridad y fortaleza interna - El Diario - Bolivia","og_description":"Una vez m\u00e1s navegando por redes sociales hallamos dos notas breves, de autores an\u00f3nimos, una acerca del secreto de la cooperaci\u00f3n y otra en la que se habla de la importancia de tener fortaleza interior. Indudablemente ambas ser\u00e1n motivo de reflexi\u00f3n, considerando todo lo que se describe. UBUNTU Un antrop\u00f3logo intent\u00f3 probar un juego con [&hellip;]","og_url":"https:\/\/www.eldiario.net\/portal\/2022\/12\/17\/sobre-solidaridad-y-fortaleza-interna\/","og_site_name":"El Diario - Bolivia","article_publisher":"https:\/\/www.facebook.com\/eldiario.bolivia\/","article_published_time":"2022-12-17T10:11:08+00:00","author":"Jeanette","twitter_card":"summary_large_image","twitter_creator":"@eldiario_net","twitter_site":"@eldiario_net","twitter_misc":{"Escrito por":"Jeanette","Tiempo de lectura":"3 minutos"},"schema":{"@context":"https:\/\/schema.org","@graph":[{"@type":"Article","@id":"https:\/\/www.eldiario.net\/portal\/2022\/12\/17\/sobre-solidaridad-y-fortaleza-interna\/#article","isPartOf":{"@id":"https:\/\/www.eldiario.net\/portal\/2022\/12\/17\/sobre-solidaridad-y-fortaleza-interna\/"},"author":{"name":"Jeanette","@id":"https:\/\/www.eldiario.net\/portal\/#\/schema\/person\/f46445640444750d7d753ccd04ae01b7"},"headline":"Sobre solidaridad y fortaleza interna","datePublished":"2022-12-17T10:11:08+00:00","mainEntityOfPage":{"@id":"https:\/\/www.eldiario.net\/portal\/2022\/12\/17\/sobre-solidaridad-y-fortaleza-interna\/"},"wordCount":644,"publisher":{"@id":"https:\/\/www.eldiario.net\/portal\/#organization"},"articleSection":["Opini\u00f3n"],"inLanguage":"es"},{"@type":"WebPage","@id":"https:\/\/www.eldiario.net\/portal\/2022\/12\/17\/sobre-solidaridad-y-fortaleza-interna\/","url":"https:\/\/www.eldiario.net\/portal\/2022\/12\/17\/sobre-solidaridad-y-fortaleza-interna\/","name":"Sobre solidaridad y fortaleza interna - El Diario - Bolivia","isPartOf":{"@id":"https:\/\/www.eldiario.net\/portal\/#website"},"datePublished":"2022-12-17T10:11:08+00:00","breadcrumb":{"@id":"https:\/\/www.eldiario.net\/portal\/2022\/12\/17\/sobre-solidaridad-y-fortaleza-interna\/#breadcrumb"},"inLanguage":"es","potentialAction":[{"@type":"ReadAction","target":["https:\/\/www.eldiario.net\/portal\/2022\/12\/17\/sobre-solidaridad-y-fortaleza-interna\/"]}]},{"@type":"BreadcrumbList","@id":"https:\/\/www.eldiario.net\/portal\/2022\/12\/17\/sobre-solidaridad-y-fortaleza-interna\/#breadcrumb","itemListElement":[{"@type":"ListItem","position":1,"name":"Portada","item":"https:\/\/www.eldiario.net\/portal\/"},{"@type":"ListItem","position":2,"name":"Sobre solidaridad y fortaleza interna"}]},{"@type":"WebSite","@id":"https:\/\/www.eldiario.net\/portal\/#website","url":"https:\/\/www.eldiario.net\/portal\/","name":"El Diario - Decano de la prensa nacional","description":"El Diario - Decano de la prensa nacional","publisher":{"@id":"https:\/\/www.eldiario.net\/portal\/#organization"},"potentialAction":[{"@type":"SearchAction","target":{"@type":"EntryPoint","urlTemplate":"https:\/\/www.eldiario.net\/portal\/?s={search_term_string}"},"query-input":{"@type":"PropertyValueSpecification","valueRequired":true,"valueName":"search_term_string"}}],"inLanguage":"es"},{"@type":"Organization","@id":"https:\/\/www.eldiario.net\/portal\/#organization","name":"El Diario - Decano de la prensa nacional","url":"https:\/\/www.eldiario.net\/portal\/","logo":{"@type":"ImageObject","inLanguage":"es","@id":"https:\/\/www.eldiario.net\/portal\/#\/schema\/logo\/image\/","url":"https:\/\/www.eldiario.net\/portal\/wp-content\/uploads\/2023\/07\/logo_ED.jpg","contentUrl":"https:\/\/www.eldiario.net\/portal\/wp-content\/uploads\/2023\/07\/logo_ED.jpg","width":272,"height":52,"caption":"El Diario - Decano de la prensa nacional"},"image":{"@id":"https:\/\/www.eldiario.net\/portal\/#\/schema\/logo\/image\/"},"sameAs":["https:\/\/www.facebook.com\/eldiario.bolivia\/","https:\/\/x.com\/eldiario_net"]},{"@type":"Person","@id":"https:\/\/www.eldiario.net\/portal\/#\/schema\/person\/f46445640444750d7d753ccd04ae01b7","name":"Jeanette","image":{"@type":"ImageObject","inLanguage":"es","@id":"https:\/\/secure.gravatar.com\/avatar\/3ea2118a5f7dad2b7138b1187a6b7ee55f160b9968b66013c3a3ef39dd7e5798?s=96&d=mm&r=g","url":"https:\/\/secure.gravatar.com\/avatar\/3ea2118a5f7dad2b7138b1187a6b7ee55f160b9968b66013c3a3ef39dd7e5798?s=96&d=mm&r=g","contentUrl":"https:\/\/secure.gravatar.com\/avatar\/3ea2118a5f7dad2b7138b1187a6b7ee55f160b9968b66013c3a3ef39dd7e5798?s=96&d=mm&r=g","caption":"Jeanette"},"sameAs":["https:\/\/www.eldiario.net\/portal"],"url":"https:\/\/www.eldiario.net\/portal\/author\/jeanette\/"}]}},"_links":{"self":[{"href":"https:\/\/www.eldiario.net\/portal\/wp-json\/wp\/v2\/posts\/128115","targetHints":{"allow":["GET"]}}],"collection":[{"href":"https:\/\/www.eldiario.net\/portal\/wp-json\/wp\/v2\/posts"}],"about":[{"href":"https:\/\/www.eldiario.net\/portal\/wp-json\/wp\/v2\/types\/post"}],"author":[{"embeddable":true,"href":"https:\/\/www.eldiario.net\/portal\/wp-json\/wp\/v2\/users\/1"}],"replies":[{"embeddable":true,"href":"https:\/\/www.eldiario.net\/portal\/wp-json\/wp\/v2\/comments?post=128115"}],"version-history":[{"count":0,"href":"https:\/\/www.eldiario.net\/portal\/wp-json\/wp\/v2\/posts\/128115\/revisions"}],"wp:attachment":[{"href":"https:\/\/www.eldiario.net\/portal\/wp-json\/wp\/v2\/media?parent=128115"}],"wp:term":[{"taxonomy":"category","embeddable":true,"href":"https:\/\/www.eldiario.net\/portal\/wp-json\/wp\/v2\/categories?post=128115"},{"taxonomy":"post_tag","embeddable":true,"href":"https:\/\/www.eldiario.net\/portal\/wp-json\/wp\/v2\/tags?post=128115"}],"curies":[{"name":"wp","href":"https:\/\/api.w.org\/{rel}","templated":true}]}}