{"id":128111,"date":"2022-12-17T06:09:42","date_gmt":"2022-12-17T10:09:42","guid":{"rendered":"https:\/\/www.eldiario.net\/portal\/?p=128111"},"modified":"2022-12-17T06:09:42","modified_gmt":"2022-12-17T10:09:42","slug":"el-germen-de-lo-neuralgico","status":"publish","type":"post","link":"https:\/\/www.eldiario.net\/portal\/2022\/12\/17\/el-germen-de-lo-neuralgico\/","title":{"rendered":"El germen de lo neur\u00e1lgico"},"content":{"rendered":"<p>\u201cLo importante, a pesar de tantas crueldades vertidas, es no desfallecer, aprendiendo de las ense\u00f1anzas de la historia, y trabajando por caminar juntos, con una mirada que acaricie y fortalezca, abriendo el coraz\u00f3n a la esperanza\u201d.<\/p>\n<p>A poco que salgamos de nuestra zona de confort y extendamos la mirada por cualquier rinc\u00f3n del planeta, observaremos un panorama muy inquietante, con multitud de sufrimientos verdaderamente neur\u00e1lgicos; en parte, debido a esa necesidad de amor que todos necesitamos, para no caer en el des\u00e1nimo. Indudablemente, cada aurora advertimos menos oportunidades para un empleo satisfactorio y digno, lo que est\u00e1 causando un espantoso aumento de desigualdad y pobreza como jam\u00e1s. Hay, adem\u00e1s, un claro ahogo de realizaciones que son sumamente preocupantes; no en vano, cada a\u00f1o, personas de todo el mundo se enfrentan a los devastadores efectos de las in\u00fatiles contiendas, enfermedades, cat\u00e1strofes y cambio clim\u00e1tico, que les obligan a emigrar; y, aunque el Pacto Mundial para la Migraci\u00f3n Segura, Ordenada y Regular brinda la oportunidad e imparte las ubicaciones necesarias para estar a la vanguardia de la movilidad humana, lo cierto es que prolifera por principio una cultura de rechazo, lo que imposibilita el encuentro entre civilizaciones diversas, m\u00e1s inmersas en la apocalipsis nuclear, que en la conjunci\u00f3n de corazones fusionados, por el verso de la lucidez.<br \/>\nFrente a este desbordante c\u00famulo de tragedias, que marcan a fuego la vida de tantos desfavorecidos, ser\u00e1 bueno interrogarse, para centrarnos en una protecci\u00f3n verdaderamente reintegradora, lo que conlleva otro esp\u00edritu distinto al actual, menos alarmista y m\u00e1s cooperante, al menos para poner fin a cualquier enfrentamiento que pueda surgir. Desde luego, el mejor auxilio para aminorar este tormento colosal del que todos podemos ser v\u00edctimas o verdugos, pasa por mejorar la ayuda humanitaria, sostener y consolidar los derechos sociales y proteger la casa com\u00fan. Est\u00e1 visto que el origen de todos los males es la codicia. Sea como fuere, tampoco podemos continuar con esta avaricia cansina, necesitamos rejuvenecer a un consenso que nos hermane y recrearnos hacia ese ambiente de familia unida, con renovada conciencia y reverdecida voluntad, que es lo que en realidad nos abre a un orbe nuevo m\u00e1s justo y equitativo. Lo que no es de recibo, que haya pa\u00edses con elites poderosas, que se beneficien del desconsuelo ajeno y caminen tan tranquilos, con la impunidad end\u00e9mica a las espaldas, a lo que hay que sumar el virus del racismo que todo lo discrimina a su antojo.<br \/>\nTal vez para modificar este ambiente, tengamos que mejorar la confianza entre nosotros y escucharnos m\u00e1s. Realmente, el germen de lo neur\u00e1lgico parte de esa pasividad en el hacer, a pesar de lo inquietante del momento actual. No se trata de esperar a lo que pase, sino en implicarse responsablemente en este proyecto com\u00fan de vida, que todos tenemos que fraguar con visi\u00f3n de futuro, poniendo en el centro a las personas, con sus rostros inspirados en entendernos y sus rastros de comprensi\u00f3n como horizonte y siempre en guardia permanente. Por otra parte, tambi\u00e9n es evidente que la solidaridad concreta y la responsabilidad compartida, tanto a nivel de naciones como a nivel global, son indispensables. Al fin y al cabo, hay que entrar en disposici\u00f3n, no de angustiarse, sino de encontrar la paz consigo mismo, sin abatirnos ni destrozarnos. Bajo este contexto de enemistades, con aluvi\u00f3n de hechos feroces, la adopci\u00f3n de la pol\u00edtica conciliadora puede resultar esencial en medio de la creciente polarizaci\u00f3n. Lo importante, a pesar de tantas crueldades vertidas, es no desfallecer, aprendiendo de las ense\u00f1anzas de la historia, y trabajando por caminar juntos, con una mirada que acaricie y fortalezca, abriendo el coraz\u00f3n a la esperanza.<br \/>\nEn efecto, de lo espantoso por mucha alarma que nos genere tambi\u00e9n se marcha, uniendo iniciativas y con espacios para expresarse, desde el respeto y la consideraci\u00f3n hacia todo lo viviente, con la conciencia de que tambi\u00e9n de las crisis humanitarias se huye, cumpliendo los compromisos y admitiendo de que no hay paz sin desarrollo como tampoco desarrollo sin quietud. Ciertamente, debemos movilizar el poder transformador de los j\u00f3venes del mundo, pero los mayores tenemos que saber que no podemos permitirnos perder m\u00e1s tiempo, asumiendo obligaciones m\u00e1s firmes y ampliando las mejores pr\u00e1cticas ante la multitud de desaf\u00edos complejos a los que tenemos que hacer frente, interconectados para desmontar los estereotipos que nos excluyen y dividen. Es posible, que el mejor cimiento radique en saber sustentarnos uno a otros, en un momento espinoso para toda la humanidad. Sin duda, estamos ante un periodo amargo, creciente de injusticias y con un mont\u00f3n de guerras en cualquier esquina del planeta, lo que debe de invitarnos a tomar otra orientaci\u00f3n existencial, a dejar de lado el ego\u00edsmo, para poder retomar otros caminos m\u00e1s arm\u00f3nicos, que es lo que en verdad necesitamos como linaje. No repitamos, pues, la misma versi\u00f3n; de pensar nada m\u00e1s que en nosotros mismos, sin contar con los dem\u00e1s.<\/p>\n<p>V\u00edctor Corcoba Herrero es escritor.<br \/>\ncorcoba@telefonica.net<\/p>\n","protected":false},"excerpt":{"rendered":"<p>\u201cLo importante, a pesar de tantas crueldades vertidas, es no desfallecer, aprendiendo de las ense\u00f1anzas de la historia, y trabajando por caminar juntos, con una mirada que acaricie y fortalezca, abriendo el coraz\u00f3n a la esperanza\u201d. A poco que salgamos de nuestra zona de confort y extendamos la mirada por cualquier rinc\u00f3n del planeta, observaremos [&hellip;]<\/p>\n","protected":false},"author":1,"featured_media":3039,"comment_status":"closed","ping_status":"closed","sticky":false,"template":"","format":"standard","meta":{"_acf_changed":false,"footnotes":""},"categories":[9],"tags":[],"class_list":["post-128111","post","type-post","status-publish","format-standard","has-post-thumbnail","category-opinion"],"acf":{"antetitulo":""},"yoast_head":"<!-- This site is optimized with the Yoast SEO plugin v28.4 - https:\/\/yoast.com\/product\/yoast-seo-wordpress\/ -->\n<title>El germen de lo neur\u00e1lgico - El Diario - Bolivia<\/title>\n<meta name=\"robots\" content=\"index, follow, max-snippet:-1, max-image-preview:large, max-video-preview:-1\" \/>\n<link rel=\"canonical\" href=\"https:\/\/www.eldiario.net\/portal\/2022\/12\/17\/el-germen-de-lo-neuralgico\/\" \/>\n<meta property=\"og:locale\" content=\"es_ES\" \/>\n<meta property=\"og:type\" content=\"article\" \/>\n<meta property=\"og:title\" content=\"El germen de lo neur\u00e1lgico - El Diario - Bolivia\" \/>\n<meta property=\"og:description\" content=\"\u201cLo importante, a pesar de tantas crueldades vertidas, es no desfallecer, aprendiendo de las ense\u00f1anzas de la historia, y trabajando por caminar juntos, con una mirada que acaricie y fortalezca, abriendo el coraz\u00f3n a la esperanza\u201d. A poco que salgamos de nuestra zona de confort y extendamos la mirada por cualquier rinc\u00f3n del planeta, observaremos [&hellip;]\" \/>\n<meta property=\"og:url\" content=\"https:\/\/www.eldiario.net\/portal\/2022\/12\/17\/el-germen-de-lo-neuralgico\/\" \/>\n<meta property=\"og:site_name\" content=\"El Diario - Bolivia\" \/>\n<meta property=\"article:publisher\" content=\"https:\/\/www.facebook.com\/eldiario.bolivia\/\" \/>\n<meta property=\"article:published_time\" content=\"2022-12-17T10:09:42+00:00\" \/>\n<meta name=\"author\" content=\"Jeanette\" \/>\n<meta name=\"twitter:card\" content=\"summary_large_image\" \/>\n<meta name=\"twitter:creator\" content=\"@eldiario_net\" \/>\n<meta name=\"twitter:site\" content=\"@eldiario_net\" \/>\n<meta name=\"twitter:label1\" content=\"Escrito por\" \/>\n\t<meta name=\"twitter:data1\" content=\"Jeanette\" \/>\n\t<meta name=\"twitter:label2\" content=\"Tiempo de lectura\" \/>\n\t<meta name=\"twitter:data2\" content=\"4 minutos\" \/>\n<script type=\"application\/ld+json\" class=\"yoast-schema-graph\">{\"@context\":\"https:\\\/\\\/schema.org\",\"@graph\":[{\"@type\":\"Article\",\"@id\":\"https:\\\/\\\/www.eldiario.net\\\/portal\\\/2022\\\/12\\\/17\\\/el-germen-de-lo-neuralgico\\\/#article\",\"isPartOf\":{\"@id\":\"https:\\\/\\\/www.eldiario.net\\\/portal\\\/2022\\\/12\\\/17\\\/el-germen-de-lo-neuralgico\\\/\"},\"author\":{\"name\":\"Jeanette\",\"@id\":\"https:\\\/\\\/www.eldiario.net\\\/portal\\\/#\\\/schema\\\/person\\\/f46445640444750d7d753ccd04ae01b7\"},\"headline\":\"El germen de lo neur\u00e1lgico\",\"datePublished\":\"2022-12-17T10:09:42+00:00\",\"mainEntityOfPage\":{\"@id\":\"https:\\\/\\\/www.eldiario.net\\\/portal\\\/2022\\\/12\\\/17\\\/el-germen-de-lo-neuralgico\\\/\"},\"wordCount\":882,\"publisher\":{\"@id\":\"https:\\\/\\\/www.eldiario.net\\\/portal\\\/#organization\"},\"image\":{\"@id\":\"https:\\\/\\\/www.eldiario.net\\\/portal\\\/2022\\\/12\\\/17\\\/el-germen-de-lo-neuralgico\\\/#primaryimage\"},\"thumbnailUrl\":\"\",\"articleSection\":[\"Opini\u00f3n\"],\"inLanguage\":\"es\"},{\"@type\":\"WebPage\",\"@id\":\"https:\\\/\\\/www.eldiario.net\\\/portal\\\/2022\\\/12\\\/17\\\/el-germen-de-lo-neuralgico\\\/\",\"url\":\"https:\\\/\\\/www.eldiario.net\\\/portal\\\/2022\\\/12\\\/17\\\/el-germen-de-lo-neuralgico\\\/\",\"name\":\"El germen de lo neur\u00e1lgico - El Diario - Bolivia\",\"isPartOf\":{\"@id\":\"https:\\\/\\\/www.eldiario.net\\\/portal\\\/#website\"},\"primaryImageOfPage\":{\"@id\":\"https:\\\/\\\/www.eldiario.net\\\/portal\\\/2022\\\/12\\\/17\\\/el-germen-de-lo-neuralgico\\\/#primaryimage\"},\"image\":{\"@id\":\"https:\\\/\\\/www.eldiario.net\\\/portal\\\/2022\\\/12\\\/17\\\/el-germen-de-lo-neuralgico\\\/#primaryimage\"},\"thumbnailUrl\":\"\",\"datePublished\":\"2022-12-17T10:09:42+00:00\",\"breadcrumb\":{\"@id\":\"https:\\\/\\\/www.eldiario.net\\\/portal\\\/2022\\\/12\\\/17\\\/el-germen-de-lo-neuralgico\\\/#breadcrumb\"},\"inLanguage\":\"es\",\"potentialAction\":[{\"@type\":\"ReadAction\",\"target\":[\"https:\\\/\\\/www.eldiario.net\\\/portal\\\/2022\\\/12\\\/17\\\/el-germen-de-lo-neuralgico\\\/\"]}]},{\"@type\":\"ImageObject\",\"inLanguage\":\"es\",\"@id\":\"https:\\\/\\\/www.eldiario.net\\\/portal\\\/2022\\\/12\\\/17\\\/el-germen-de-lo-neuralgico\\\/#primaryimage\",\"url\":\"\",\"contentUrl\":\"\"},{\"@type\":\"BreadcrumbList\",\"@id\":\"https:\\\/\\\/www.eldiario.net\\\/portal\\\/2022\\\/12\\\/17\\\/el-germen-de-lo-neuralgico\\\/#breadcrumb\",\"itemListElement\":[{\"@type\":\"ListItem\",\"position\":1,\"name\":\"Portada\",\"item\":\"https:\\\/\\\/www.eldiario.net\\\/portal\\\/\"},{\"@type\":\"ListItem\",\"position\":2,\"name\":\"El germen de lo neur\u00e1lgico\"}]},{\"@type\":\"WebSite\",\"@id\":\"https:\\\/\\\/www.eldiario.net\\\/portal\\\/#website\",\"url\":\"https:\\\/\\\/www.eldiario.net\\\/portal\\\/\",\"name\":\"El Diario - Decano de la prensa nacional\",\"description\":\"El Diario - Decano de la prensa nacional\",\"publisher\":{\"@id\":\"https:\\\/\\\/www.eldiario.net\\\/portal\\\/#organization\"},\"potentialAction\":[{\"@type\":\"SearchAction\",\"target\":{\"@type\":\"EntryPoint\",\"urlTemplate\":\"https:\\\/\\\/www.eldiario.net\\\/portal\\\/?s={search_term_string}\"},\"query-input\":{\"@type\":\"PropertyValueSpecification\",\"valueRequired\":true,\"valueName\":\"search_term_string\"}}],\"inLanguage\":\"es\"},{\"@type\":\"Organization\",\"@id\":\"https:\\\/\\\/www.eldiario.net\\\/portal\\\/#organization\",\"name\":\"El Diario - Decano de la prensa nacional\",\"url\":\"https:\\\/\\\/www.eldiario.net\\\/portal\\\/\",\"logo\":{\"@type\":\"ImageObject\",\"inLanguage\":\"es\",\"@id\":\"https:\\\/\\\/www.eldiario.net\\\/portal\\\/#\\\/schema\\\/logo\\\/image\\\/\",\"url\":\"https:\\\/\\\/www.eldiario.net\\\/portal\\\/wp-content\\\/uploads\\\/2023\\\/07\\\/logo_ED.jpg\",\"contentUrl\":\"https:\\\/\\\/www.eldiario.net\\\/portal\\\/wp-content\\\/uploads\\\/2023\\\/07\\\/logo_ED.jpg\",\"width\":272,\"height\":52,\"caption\":\"El Diario - Decano de la prensa nacional\"},\"image\":{\"@id\":\"https:\\\/\\\/www.eldiario.net\\\/portal\\\/#\\\/schema\\\/logo\\\/image\\\/\"},\"sameAs\":[\"https:\\\/\\\/www.facebook.com\\\/eldiario.bolivia\\\/\",\"https:\\\/\\\/x.com\\\/eldiario_net\"]},{\"@type\":\"Person\",\"@id\":\"https:\\\/\\\/www.eldiario.net\\\/portal\\\/#\\\/schema\\\/person\\\/f46445640444750d7d753ccd04ae01b7\",\"name\":\"Jeanette\",\"image\":{\"@type\":\"ImageObject\",\"inLanguage\":\"es\",\"@id\":\"https:\\\/\\\/secure.gravatar.com\\\/avatar\\\/3ea2118a5f7dad2b7138b1187a6b7ee55f160b9968b66013c3a3ef39dd7e5798?s=96&d=mm&r=g\",\"url\":\"https:\\\/\\\/secure.gravatar.com\\\/avatar\\\/3ea2118a5f7dad2b7138b1187a6b7ee55f160b9968b66013c3a3ef39dd7e5798?s=96&d=mm&r=g\",\"contentUrl\":\"https:\\\/\\\/secure.gravatar.com\\\/avatar\\\/3ea2118a5f7dad2b7138b1187a6b7ee55f160b9968b66013c3a3ef39dd7e5798?s=96&d=mm&r=g\",\"caption\":\"Jeanette\"},\"sameAs\":[\"https:\\\/\\\/www.eldiario.net\\\/portal\"],\"url\":\"https:\\\/\\\/www.eldiario.net\\\/portal\\\/author\\\/jeanette\\\/\"}]}<\/script>\n<!-- \/ Yoast SEO plugin. -->","yoast_head_json":{"title":"El germen de lo neur\u00e1lgico - El Diario - Bolivia","robots":{"index":"index","follow":"follow","max-snippet":"max-snippet:-1","max-image-preview":"max-image-preview:large","max-video-preview":"max-video-preview:-1"},"canonical":"https:\/\/www.eldiario.net\/portal\/2022\/12\/17\/el-germen-de-lo-neuralgico\/","og_locale":"es_ES","og_type":"article","og_title":"El germen de lo neur\u00e1lgico - El Diario - Bolivia","og_description":"\u201cLo importante, a pesar de tantas crueldades vertidas, es no desfallecer, aprendiendo de las ense\u00f1anzas de la historia, y trabajando por caminar juntos, con una mirada que acaricie y fortalezca, abriendo el coraz\u00f3n a la esperanza\u201d. A poco que salgamos de nuestra zona de confort y extendamos la mirada por cualquier rinc\u00f3n del planeta, observaremos [&hellip;]","og_url":"https:\/\/www.eldiario.net\/portal\/2022\/12\/17\/el-germen-de-lo-neuralgico\/","og_site_name":"El Diario - Bolivia","article_publisher":"https:\/\/www.facebook.com\/eldiario.bolivia\/","article_published_time":"2022-12-17T10:09:42+00:00","author":"Jeanette","twitter_card":"summary_large_image","twitter_creator":"@eldiario_net","twitter_site":"@eldiario_net","twitter_misc":{"Escrito por":"Jeanette","Tiempo de lectura":"4 minutos"},"schema":{"@context":"https:\/\/schema.org","@graph":[{"@type":"Article","@id":"https:\/\/www.eldiario.net\/portal\/2022\/12\/17\/el-germen-de-lo-neuralgico\/#article","isPartOf":{"@id":"https:\/\/www.eldiario.net\/portal\/2022\/12\/17\/el-germen-de-lo-neuralgico\/"},"author":{"name":"Jeanette","@id":"https:\/\/www.eldiario.net\/portal\/#\/schema\/person\/f46445640444750d7d753ccd04ae01b7"},"headline":"El germen de lo neur\u00e1lgico","datePublished":"2022-12-17T10:09:42+00:00","mainEntityOfPage":{"@id":"https:\/\/www.eldiario.net\/portal\/2022\/12\/17\/el-germen-de-lo-neuralgico\/"},"wordCount":882,"publisher":{"@id":"https:\/\/www.eldiario.net\/portal\/#organization"},"image":{"@id":"https:\/\/www.eldiario.net\/portal\/2022\/12\/17\/el-germen-de-lo-neuralgico\/#primaryimage"},"thumbnailUrl":"","articleSection":["Opini\u00f3n"],"inLanguage":"es"},{"@type":"WebPage","@id":"https:\/\/www.eldiario.net\/portal\/2022\/12\/17\/el-germen-de-lo-neuralgico\/","url":"https:\/\/www.eldiario.net\/portal\/2022\/12\/17\/el-germen-de-lo-neuralgico\/","name":"El germen de lo neur\u00e1lgico - El Diario - Bolivia","isPartOf":{"@id":"https:\/\/www.eldiario.net\/portal\/#website"},"primaryImageOfPage":{"@id":"https:\/\/www.eldiario.net\/portal\/2022\/12\/17\/el-germen-de-lo-neuralgico\/#primaryimage"},"image":{"@id":"https:\/\/www.eldiario.net\/portal\/2022\/12\/17\/el-germen-de-lo-neuralgico\/#primaryimage"},"thumbnailUrl":"","datePublished":"2022-12-17T10:09:42+00:00","breadcrumb":{"@id":"https:\/\/www.eldiario.net\/portal\/2022\/12\/17\/el-germen-de-lo-neuralgico\/#breadcrumb"},"inLanguage":"es","potentialAction":[{"@type":"ReadAction","target":["https:\/\/www.eldiario.net\/portal\/2022\/12\/17\/el-germen-de-lo-neuralgico\/"]}]},{"@type":"ImageObject","inLanguage":"es","@id":"https:\/\/www.eldiario.net\/portal\/2022\/12\/17\/el-germen-de-lo-neuralgico\/#primaryimage","url":"","contentUrl":""},{"@type":"BreadcrumbList","@id":"https:\/\/www.eldiario.net\/portal\/2022\/12\/17\/el-germen-de-lo-neuralgico\/#breadcrumb","itemListElement":[{"@type":"ListItem","position":1,"name":"Portada","item":"https:\/\/www.eldiario.net\/portal\/"},{"@type":"ListItem","position":2,"name":"El germen de lo neur\u00e1lgico"}]},{"@type":"WebSite","@id":"https:\/\/www.eldiario.net\/portal\/#website","url":"https:\/\/www.eldiario.net\/portal\/","name":"El Diario - Decano de la prensa nacional","description":"El Diario - Decano de la prensa nacional","publisher":{"@id":"https:\/\/www.eldiario.net\/portal\/#organization"},"potentialAction":[{"@type":"SearchAction","target":{"@type":"EntryPoint","urlTemplate":"https:\/\/www.eldiario.net\/portal\/?s={search_term_string}"},"query-input":{"@type":"PropertyValueSpecification","valueRequired":true,"valueName":"search_term_string"}}],"inLanguage":"es"},{"@type":"Organization","@id":"https:\/\/www.eldiario.net\/portal\/#organization","name":"El Diario - Decano de la prensa nacional","url":"https:\/\/www.eldiario.net\/portal\/","logo":{"@type":"ImageObject","inLanguage":"es","@id":"https:\/\/www.eldiario.net\/portal\/#\/schema\/logo\/image\/","url":"https:\/\/www.eldiario.net\/portal\/wp-content\/uploads\/2023\/07\/logo_ED.jpg","contentUrl":"https:\/\/www.eldiario.net\/portal\/wp-content\/uploads\/2023\/07\/logo_ED.jpg","width":272,"height":52,"caption":"El Diario - Decano de la prensa nacional"},"image":{"@id":"https:\/\/www.eldiario.net\/portal\/#\/schema\/logo\/image\/"},"sameAs":["https:\/\/www.facebook.com\/eldiario.bolivia\/","https:\/\/x.com\/eldiario_net"]},{"@type":"Person","@id":"https:\/\/www.eldiario.net\/portal\/#\/schema\/person\/f46445640444750d7d753ccd04ae01b7","name":"Jeanette","image":{"@type":"ImageObject","inLanguage":"es","@id":"https:\/\/secure.gravatar.com\/avatar\/3ea2118a5f7dad2b7138b1187a6b7ee55f160b9968b66013c3a3ef39dd7e5798?s=96&d=mm&r=g","url":"https:\/\/secure.gravatar.com\/avatar\/3ea2118a5f7dad2b7138b1187a6b7ee55f160b9968b66013c3a3ef39dd7e5798?s=96&d=mm&r=g","contentUrl":"https:\/\/secure.gravatar.com\/avatar\/3ea2118a5f7dad2b7138b1187a6b7ee55f160b9968b66013c3a3ef39dd7e5798?s=96&d=mm&r=g","caption":"Jeanette"},"sameAs":["https:\/\/www.eldiario.net\/portal"],"url":"https:\/\/www.eldiario.net\/portal\/author\/jeanette\/"}]}},"_links":{"self":[{"href":"https:\/\/www.eldiario.net\/portal\/wp-json\/wp\/v2\/posts\/128111","targetHints":{"allow":["GET"]}}],"collection":[{"href":"https:\/\/www.eldiario.net\/portal\/wp-json\/wp\/v2\/posts"}],"about":[{"href":"https:\/\/www.eldiario.net\/portal\/wp-json\/wp\/v2\/types\/post"}],"author":[{"embeddable":true,"href":"https:\/\/www.eldiario.net\/portal\/wp-json\/wp\/v2\/users\/1"}],"replies":[{"embeddable":true,"href":"https:\/\/www.eldiario.net\/portal\/wp-json\/wp\/v2\/comments?post=128111"}],"version-history":[{"count":0,"href":"https:\/\/www.eldiario.net\/portal\/wp-json\/wp\/v2\/posts\/128111\/revisions"}],"wp:attachment":[{"href":"https:\/\/www.eldiario.net\/portal\/wp-json\/wp\/v2\/media?parent=128111"}],"wp:term":[{"taxonomy":"category","embeddable":true,"href":"https:\/\/www.eldiario.net\/portal\/wp-json\/wp\/v2\/categories?post=128111"},{"taxonomy":"post_tag","embeddable":true,"href":"https:\/\/www.eldiario.net\/portal\/wp-json\/wp\/v2\/tags?post=128111"}],"curies":[{"name":"wp","href":"https:\/\/api.w.org\/{rel}","templated":true}]}}