{"id":128109,"date":"2022-12-17T06:08:46","date_gmt":"2022-12-17T10:08:46","guid":{"rendered":"https:\/\/www.eldiario.net\/portal\/?p=128109"},"modified":"2022-12-17T06:08:46","modified_gmt":"2022-12-17T10:08:46","slug":"pablo-murio-en-madrid","status":"publish","type":"post","link":"https:\/\/www.eldiario.net\/portal\/2022\/12\/17\/pablo-murio-en-madrid\/","title":{"rendered":"Pablo muri\u00f3 en Madrid"},"content":{"rendered":"<p>\u201cAmo esta isla, soy del Caribe. Jam\u00e1s podr\u00eda pisar tierra firme porque me inhibe\u201d repet\u00eda el cantautor cubano Pablo Milan\u00e9s en muchos de sus multitudinarios conciertos. \u201cNo me hablen de continente\u201d, segu\u00eda la letra de esta canci\u00f3n, una de las muchas que comparti\u00f3 con Silvio Rodr\u00edguez de la inigualable Nueva Trova.<br \/>\n\u00a1Qu\u00e9 triste debi\u00f3 ser para \u00e9l y para su familia morir en Madrid este 22 de noviembre, lejos del mar! Milan\u00e9s prefiri\u00f3 la tierra firme que le ofrec\u00eda libertad de conciencia y libertad de expresi\u00f3n despu\u00e9s de su creciente desencanto de la Revoluci\u00f3n Cubana. La biograf\u00eda del poeta no puede ser separada del hombre que padeci\u00f3 f\u00edsica y espiritualmente la hostilidad del r\u00e9gimen comunista.<br \/>\nMilan\u00e9s reconoci\u00f3 siempre los saldos positivos del gobierno instaurado en 1959, sobre todo por la superaci\u00f3n del racismo y las oportunidades para los pobres. \u00c9l naci\u00f3 en Bayano en 1943 y se traslad\u00f3 a La Habana con sus padres. Ah\u00ed estudi\u00f3 m\u00fasica.<br \/>\nEn los a\u00f1os sesenta se sent\u00eda revolucionario, pero su pensamiento cr\u00edtico no dej\u00f3 de manifestar sus opiniones contra los excesos del castrismo. Eso le vali\u00f3, junto a Silvio Rodr\u00edguez, ser enviado a un campo de trabajos forzados. Bajo el nombre de \u00abUnidad Militar de Ayuda a la Producci\u00f3n\u00bb (UMAP), se escond\u00eda un centro para tratar a quienes expresaban alguna opini\u00f3n contra los \u00abideales revolucionarios\u00bb.<br \/>\nAh\u00ed fueron encerrados intelectuales, artistas, religiosos, homosexuales. El sistema quer\u00eda \u00abreeducarlos\u00bb. Milan\u00e9s cont\u00f3 posteriormente lo que signific\u00f3 para un joven ser humillado y maltratado. Seg\u00fan se conoce, a pesar de los tratamientos para doblegarlo, Pablo resisti\u00f3. No as\u00ed Silvio, quien no se atrevi\u00f3 a cuestionar a Fidel; m\u00e1s bien escribi\u00f3 loas y luego sirvi\u00f3 con sus conciertos para apoyar a otros gobiernos autoritarios.<br \/>\nA inicios de los a\u00f1os noventa, despu\u00e9s de la ca\u00edda del muro de Berl\u00edn y con la t\u00edmida apertura en Cuba, Pablo intent\u00f3 invertir sus ganancias en una fundaci\u00f3n musical, pero no lo dejaron. Se hizo p\u00fablico el alejamiento del poeta de antiguos colegas y de la burocracia cultural de su pa\u00eds.<br \/>\nMilan\u00e9s no dud\u00f3 en respaldar con fuertes palabras al Movimiento San Isidro en 2021 y a los nuevos j\u00f3venes, que como \u00e9l en los a\u00f1os sesenta, quieren decir sus propias palabras con sus propios pensamientos. Su voz se levant\u00f3 altiva para dar a conocer al mundo que la represi\u00f3n usaba los mismos argumentos de antes acusando a los chicos de subversi\u00f3n.<br \/>\nAunque Silvio y otros artistas consagrados han expresado tambi\u00e9n su molestia contra el masivo sistema de espionaje y el encarcelamiento de manifestantes queda la duda sobre la sinceridad de esas declaraciones. Aparentemente, La Habana quiere mostrar que hay apertura, incluso para filmar temas controvertidos.<br \/>\nMilan\u00e9s muri\u00f3 con la tristeza de perder a su sucesora, la cantante Suylen Milan\u00e9s a inicios de este 2022. Suylen era gemela de Liam y una de las tres hijas que \u00e9l tuvo con la famosa \u00abeternamente\u00bb Yolanda Bennet. Ella fue compa\u00f1era de uno de los hijos de Ernesto \u00abChe\u00bb Guevara y por ello Milan\u00e9s y el Che compart\u00edan una nieta.<br \/>\nCada una de sus cuatro esposas, de sus siete hijos y de sus nietos fue fuente de su inspiraci\u00f3n, para deleite del mundo entero. Pablo Milan\u00e9s ser\u00e1 recordado siempre como el autor de canciones que corearon amigos de uno y otro lado de las ideolog\u00edas. Represent\u00f3 un momento de utop\u00edas en Am\u00e9rica Latina.<br \/>\nSu \u00faltima gira en La Paz mostraba sus dificultades con la altura. Sin embargo, como siempre, dio lo mejor de s\u00ed mismo, mientras la gente coreaba cada uno de sus versos: \u00abTe amo, te amo&#8230; eternamente te amo&#8230;\u00bb.<\/p>\n","protected":false},"excerpt":{"rendered":"<p>\u201cAmo esta isla, soy del Caribe. Jam\u00e1s podr\u00eda pisar tierra firme porque me inhibe\u201d repet\u00eda el cantautor cubano Pablo Milan\u00e9s en muchos de sus multitudinarios conciertos. \u201cNo me hablen de continente\u201d, segu\u00eda la letra de esta canci\u00f3n, una de las muchas que comparti\u00f3 con Silvio Rodr\u00edguez de la inigualable Nueva Trova. \u00a1Qu\u00e9 triste debi\u00f3 ser [&hellip;]<\/p>\n","protected":false},"author":1,"featured_media":7021,"comment_status":"closed","ping_status":"closed","sticky":false,"template":"","format":"standard","meta":{"_acf_changed":false,"footnotes":""},"categories":[9],"tags":[],"class_list":["post-128109","post","type-post","status-publish","format-standard","has-post-thumbnail","category-opinion"],"acf":{"antetitulo":""},"yoast_head":"<!-- This site is optimized with the Yoast SEO plugin v28.4 - https:\/\/yoast.com\/product\/yoast-seo-wordpress\/ -->\n<title>Pablo muri\u00f3 en Madrid - El Diario - Bolivia<\/title>\n<meta name=\"robots\" content=\"index, follow, max-snippet:-1, max-image-preview:large, max-video-preview:-1\" \/>\n<link rel=\"canonical\" href=\"https:\/\/www.eldiario.net\/portal\/2022\/12\/17\/pablo-murio-en-madrid\/\" \/>\n<meta property=\"og:locale\" content=\"es_ES\" \/>\n<meta property=\"og:type\" content=\"article\" \/>\n<meta property=\"og:title\" content=\"Pablo muri\u00f3 en Madrid - El Diario - Bolivia\" \/>\n<meta property=\"og:description\" content=\"\u201cAmo esta isla, soy del Caribe. Jam\u00e1s podr\u00eda pisar tierra firme porque me inhibe\u201d repet\u00eda el cantautor cubano Pablo Milan\u00e9s en muchos de sus multitudinarios conciertos. \u201cNo me hablen de continente\u201d, segu\u00eda la letra de esta canci\u00f3n, una de las muchas que comparti\u00f3 con Silvio Rodr\u00edguez de la inigualable Nueva Trova. \u00a1Qu\u00e9 triste debi\u00f3 ser [&hellip;]\" \/>\n<meta property=\"og:url\" content=\"https:\/\/www.eldiario.net\/portal\/2022\/12\/17\/pablo-murio-en-madrid\/\" \/>\n<meta property=\"og:site_name\" content=\"El Diario - Bolivia\" \/>\n<meta property=\"article:publisher\" content=\"https:\/\/www.facebook.com\/eldiario.bolivia\/\" \/>\n<meta property=\"article:published_time\" content=\"2022-12-17T10:08:46+00:00\" \/>\n<meta name=\"author\" content=\"Jeanette\" \/>\n<meta name=\"twitter:card\" content=\"summary_large_image\" \/>\n<meta name=\"twitter:creator\" content=\"@eldiario_net\" \/>\n<meta name=\"twitter:site\" content=\"@eldiario_net\" \/>\n<meta name=\"twitter:label1\" content=\"Escrito por\" \/>\n\t<meta name=\"twitter:data1\" content=\"Jeanette\" \/>\n\t<meta name=\"twitter:label2\" content=\"Tiempo de lectura\" \/>\n\t<meta name=\"twitter:data2\" content=\"3 minutos\" \/>\n<script type=\"application\/ld+json\" class=\"yoast-schema-graph\">{\"@context\":\"https:\\\/\\\/schema.org\",\"@graph\":[{\"@type\":\"Article\",\"@id\":\"https:\\\/\\\/www.eldiario.net\\\/portal\\\/2022\\\/12\\\/17\\\/pablo-murio-en-madrid\\\/#article\",\"isPartOf\":{\"@id\":\"https:\\\/\\\/www.eldiario.net\\\/portal\\\/2022\\\/12\\\/17\\\/pablo-murio-en-madrid\\\/\"},\"author\":{\"name\":\"Jeanette\",\"@id\":\"https:\\\/\\\/www.eldiario.net\\\/portal\\\/#\\\/schema\\\/person\\\/f46445640444750d7d753ccd04ae01b7\"},\"headline\":\"Pablo muri\u00f3 en Madrid\",\"datePublished\":\"2022-12-17T10:08:46+00:00\",\"mainEntityOfPage\":{\"@id\":\"https:\\\/\\\/www.eldiario.net\\\/portal\\\/2022\\\/12\\\/17\\\/pablo-murio-en-madrid\\\/\"},\"wordCount\":645,\"publisher\":{\"@id\":\"https:\\\/\\\/www.eldiario.net\\\/portal\\\/#organization\"},\"image\":{\"@id\":\"https:\\\/\\\/www.eldiario.net\\\/portal\\\/2022\\\/12\\\/17\\\/pablo-murio-en-madrid\\\/#primaryimage\"},\"thumbnailUrl\":\"\",\"articleSection\":[\"Opini\u00f3n\"],\"inLanguage\":\"es\"},{\"@type\":\"WebPage\",\"@id\":\"https:\\\/\\\/www.eldiario.net\\\/portal\\\/2022\\\/12\\\/17\\\/pablo-murio-en-madrid\\\/\",\"url\":\"https:\\\/\\\/www.eldiario.net\\\/portal\\\/2022\\\/12\\\/17\\\/pablo-murio-en-madrid\\\/\",\"name\":\"Pablo muri\u00f3 en Madrid - El Diario - Bolivia\",\"isPartOf\":{\"@id\":\"https:\\\/\\\/www.eldiario.net\\\/portal\\\/#website\"},\"primaryImageOfPage\":{\"@id\":\"https:\\\/\\\/www.eldiario.net\\\/portal\\\/2022\\\/12\\\/17\\\/pablo-murio-en-madrid\\\/#primaryimage\"},\"image\":{\"@id\":\"https:\\\/\\\/www.eldiario.net\\\/portal\\\/2022\\\/12\\\/17\\\/pablo-murio-en-madrid\\\/#primaryimage\"},\"thumbnailUrl\":\"\",\"datePublished\":\"2022-12-17T10:08:46+00:00\",\"breadcrumb\":{\"@id\":\"https:\\\/\\\/www.eldiario.net\\\/portal\\\/2022\\\/12\\\/17\\\/pablo-murio-en-madrid\\\/#breadcrumb\"},\"inLanguage\":\"es\",\"potentialAction\":[{\"@type\":\"ReadAction\",\"target\":[\"https:\\\/\\\/www.eldiario.net\\\/portal\\\/2022\\\/12\\\/17\\\/pablo-murio-en-madrid\\\/\"]}]},{\"@type\":\"ImageObject\",\"inLanguage\":\"es\",\"@id\":\"https:\\\/\\\/www.eldiario.net\\\/portal\\\/2022\\\/12\\\/17\\\/pablo-murio-en-madrid\\\/#primaryimage\",\"url\":\"\",\"contentUrl\":\"\"},{\"@type\":\"BreadcrumbList\",\"@id\":\"https:\\\/\\\/www.eldiario.net\\\/portal\\\/2022\\\/12\\\/17\\\/pablo-murio-en-madrid\\\/#breadcrumb\",\"itemListElement\":[{\"@type\":\"ListItem\",\"position\":1,\"name\":\"Portada\",\"item\":\"https:\\\/\\\/www.eldiario.net\\\/portal\\\/\"},{\"@type\":\"ListItem\",\"position\":2,\"name\":\"Pablo muri\u00f3 en Madrid\"}]},{\"@type\":\"WebSite\",\"@id\":\"https:\\\/\\\/www.eldiario.net\\\/portal\\\/#website\",\"url\":\"https:\\\/\\\/www.eldiario.net\\\/portal\\\/\",\"name\":\"El Diario - Decano de la prensa nacional\",\"description\":\"El Diario - Decano de la prensa nacional\",\"publisher\":{\"@id\":\"https:\\\/\\\/www.eldiario.net\\\/portal\\\/#organization\"},\"potentialAction\":[{\"@type\":\"SearchAction\",\"target\":{\"@type\":\"EntryPoint\",\"urlTemplate\":\"https:\\\/\\\/www.eldiario.net\\\/portal\\\/?s={search_term_string}\"},\"query-input\":{\"@type\":\"PropertyValueSpecification\",\"valueRequired\":true,\"valueName\":\"search_term_string\"}}],\"inLanguage\":\"es\"},{\"@type\":\"Organization\",\"@id\":\"https:\\\/\\\/www.eldiario.net\\\/portal\\\/#organization\",\"name\":\"El Diario - Decano de la prensa nacional\",\"url\":\"https:\\\/\\\/www.eldiario.net\\\/portal\\\/\",\"logo\":{\"@type\":\"ImageObject\",\"inLanguage\":\"es\",\"@id\":\"https:\\\/\\\/www.eldiario.net\\\/portal\\\/#\\\/schema\\\/logo\\\/image\\\/\",\"url\":\"https:\\\/\\\/www.eldiario.net\\\/portal\\\/wp-content\\\/uploads\\\/2023\\\/07\\\/logo_ED.jpg\",\"contentUrl\":\"https:\\\/\\\/www.eldiario.net\\\/portal\\\/wp-content\\\/uploads\\\/2023\\\/07\\\/logo_ED.jpg\",\"width\":272,\"height\":52,\"caption\":\"El Diario - Decano de la prensa nacional\"},\"image\":{\"@id\":\"https:\\\/\\\/www.eldiario.net\\\/portal\\\/#\\\/schema\\\/logo\\\/image\\\/\"},\"sameAs\":[\"https:\\\/\\\/www.facebook.com\\\/eldiario.bolivia\\\/\",\"https:\\\/\\\/x.com\\\/eldiario_net\"]},{\"@type\":\"Person\",\"@id\":\"https:\\\/\\\/www.eldiario.net\\\/portal\\\/#\\\/schema\\\/person\\\/f46445640444750d7d753ccd04ae01b7\",\"name\":\"Jeanette\",\"image\":{\"@type\":\"ImageObject\",\"inLanguage\":\"es\",\"@id\":\"https:\\\/\\\/secure.gravatar.com\\\/avatar\\\/3ea2118a5f7dad2b7138b1187a6b7ee55f160b9968b66013c3a3ef39dd7e5798?s=96&d=mm&r=g\",\"url\":\"https:\\\/\\\/secure.gravatar.com\\\/avatar\\\/3ea2118a5f7dad2b7138b1187a6b7ee55f160b9968b66013c3a3ef39dd7e5798?s=96&d=mm&r=g\",\"contentUrl\":\"https:\\\/\\\/secure.gravatar.com\\\/avatar\\\/3ea2118a5f7dad2b7138b1187a6b7ee55f160b9968b66013c3a3ef39dd7e5798?s=96&d=mm&r=g\",\"caption\":\"Jeanette\"},\"sameAs\":[\"https:\\\/\\\/www.eldiario.net\\\/portal\"],\"url\":\"https:\\\/\\\/www.eldiario.net\\\/portal\\\/author\\\/jeanette\\\/\"}]}<\/script>\n<!-- \/ Yoast SEO plugin. -->","yoast_head_json":{"title":"Pablo muri\u00f3 en Madrid - El Diario - Bolivia","robots":{"index":"index","follow":"follow","max-snippet":"max-snippet:-1","max-image-preview":"max-image-preview:large","max-video-preview":"max-video-preview:-1"},"canonical":"https:\/\/www.eldiario.net\/portal\/2022\/12\/17\/pablo-murio-en-madrid\/","og_locale":"es_ES","og_type":"article","og_title":"Pablo muri\u00f3 en Madrid - El Diario - Bolivia","og_description":"\u201cAmo esta isla, soy del Caribe. Jam\u00e1s podr\u00eda pisar tierra firme porque me inhibe\u201d repet\u00eda el cantautor cubano Pablo Milan\u00e9s en muchos de sus multitudinarios conciertos. \u201cNo me hablen de continente\u201d, segu\u00eda la letra de esta canci\u00f3n, una de las muchas que comparti\u00f3 con Silvio Rodr\u00edguez de la inigualable Nueva Trova. \u00a1Qu\u00e9 triste debi\u00f3 ser [&hellip;]","og_url":"https:\/\/www.eldiario.net\/portal\/2022\/12\/17\/pablo-murio-en-madrid\/","og_site_name":"El Diario - Bolivia","article_publisher":"https:\/\/www.facebook.com\/eldiario.bolivia\/","article_published_time":"2022-12-17T10:08:46+00:00","author":"Jeanette","twitter_card":"summary_large_image","twitter_creator":"@eldiario_net","twitter_site":"@eldiario_net","twitter_misc":{"Escrito por":"Jeanette","Tiempo de lectura":"3 minutos"},"schema":{"@context":"https:\/\/schema.org","@graph":[{"@type":"Article","@id":"https:\/\/www.eldiario.net\/portal\/2022\/12\/17\/pablo-murio-en-madrid\/#article","isPartOf":{"@id":"https:\/\/www.eldiario.net\/portal\/2022\/12\/17\/pablo-murio-en-madrid\/"},"author":{"name":"Jeanette","@id":"https:\/\/www.eldiario.net\/portal\/#\/schema\/person\/f46445640444750d7d753ccd04ae01b7"},"headline":"Pablo muri\u00f3 en Madrid","datePublished":"2022-12-17T10:08:46+00:00","mainEntityOfPage":{"@id":"https:\/\/www.eldiario.net\/portal\/2022\/12\/17\/pablo-murio-en-madrid\/"},"wordCount":645,"publisher":{"@id":"https:\/\/www.eldiario.net\/portal\/#organization"},"image":{"@id":"https:\/\/www.eldiario.net\/portal\/2022\/12\/17\/pablo-murio-en-madrid\/#primaryimage"},"thumbnailUrl":"","articleSection":["Opini\u00f3n"],"inLanguage":"es"},{"@type":"WebPage","@id":"https:\/\/www.eldiario.net\/portal\/2022\/12\/17\/pablo-murio-en-madrid\/","url":"https:\/\/www.eldiario.net\/portal\/2022\/12\/17\/pablo-murio-en-madrid\/","name":"Pablo muri\u00f3 en Madrid - El Diario - Bolivia","isPartOf":{"@id":"https:\/\/www.eldiario.net\/portal\/#website"},"primaryImageOfPage":{"@id":"https:\/\/www.eldiario.net\/portal\/2022\/12\/17\/pablo-murio-en-madrid\/#primaryimage"},"image":{"@id":"https:\/\/www.eldiario.net\/portal\/2022\/12\/17\/pablo-murio-en-madrid\/#primaryimage"},"thumbnailUrl":"","datePublished":"2022-12-17T10:08:46+00:00","breadcrumb":{"@id":"https:\/\/www.eldiario.net\/portal\/2022\/12\/17\/pablo-murio-en-madrid\/#breadcrumb"},"inLanguage":"es","potentialAction":[{"@type":"ReadAction","target":["https:\/\/www.eldiario.net\/portal\/2022\/12\/17\/pablo-murio-en-madrid\/"]}]},{"@type":"ImageObject","inLanguage":"es","@id":"https:\/\/www.eldiario.net\/portal\/2022\/12\/17\/pablo-murio-en-madrid\/#primaryimage","url":"","contentUrl":""},{"@type":"BreadcrumbList","@id":"https:\/\/www.eldiario.net\/portal\/2022\/12\/17\/pablo-murio-en-madrid\/#breadcrumb","itemListElement":[{"@type":"ListItem","position":1,"name":"Portada","item":"https:\/\/www.eldiario.net\/portal\/"},{"@type":"ListItem","position":2,"name":"Pablo muri\u00f3 en Madrid"}]},{"@type":"WebSite","@id":"https:\/\/www.eldiario.net\/portal\/#website","url":"https:\/\/www.eldiario.net\/portal\/","name":"El Diario - Decano de la prensa nacional","description":"El Diario - Decano de la prensa nacional","publisher":{"@id":"https:\/\/www.eldiario.net\/portal\/#organization"},"potentialAction":[{"@type":"SearchAction","target":{"@type":"EntryPoint","urlTemplate":"https:\/\/www.eldiario.net\/portal\/?s={search_term_string}"},"query-input":{"@type":"PropertyValueSpecification","valueRequired":true,"valueName":"search_term_string"}}],"inLanguage":"es"},{"@type":"Organization","@id":"https:\/\/www.eldiario.net\/portal\/#organization","name":"El Diario - Decano de la prensa nacional","url":"https:\/\/www.eldiario.net\/portal\/","logo":{"@type":"ImageObject","inLanguage":"es","@id":"https:\/\/www.eldiario.net\/portal\/#\/schema\/logo\/image\/","url":"https:\/\/www.eldiario.net\/portal\/wp-content\/uploads\/2023\/07\/logo_ED.jpg","contentUrl":"https:\/\/www.eldiario.net\/portal\/wp-content\/uploads\/2023\/07\/logo_ED.jpg","width":272,"height":52,"caption":"El Diario - Decano de la prensa nacional"},"image":{"@id":"https:\/\/www.eldiario.net\/portal\/#\/schema\/logo\/image\/"},"sameAs":["https:\/\/www.facebook.com\/eldiario.bolivia\/","https:\/\/x.com\/eldiario_net"]},{"@type":"Person","@id":"https:\/\/www.eldiario.net\/portal\/#\/schema\/person\/f46445640444750d7d753ccd04ae01b7","name":"Jeanette","image":{"@type":"ImageObject","inLanguage":"es","@id":"https:\/\/secure.gravatar.com\/avatar\/3ea2118a5f7dad2b7138b1187a6b7ee55f160b9968b66013c3a3ef39dd7e5798?s=96&d=mm&r=g","url":"https:\/\/secure.gravatar.com\/avatar\/3ea2118a5f7dad2b7138b1187a6b7ee55f160b9968b66013c3a3ef39dd7e5798?s=96&d=mm&r=g","contentUrl":"https:\/\/secure.gravatar.com\/avatar\/3ea2118a5f7dad2b7138b1187a6b7ee55f160b9968b66013c3a3ef39dd7e5798?s=96&d=mm&r=g","caption":"Jeanette"},"sameAs":["https:\/\/www.eldiario.net\/portal"],"url":"https:\/\/www.eldiario.net\/portal\/author\/jeanette\/"}]}},"_links":{"self":[{"href":"https:\/\/www.eldiario.net\/portal\/wp-json\/wp\/v2\/posts\/128109","targetHints":{"allow":["GET"]}}],"collection":[{"href":"https:\/\/www.eldiario.net\/portal\/wp-json\/wp\/v2\/posts"}],"about":[{"href":"https:\/\/www.eldiario.net\/portal\/wp-json\/wp\/v2\/types\/post"}],"author":[{"embeddable":true,"href":"https:\/\/www.eldiario.net\/portal\/wp-json\/wp\/v2\/users\/1"}],"replies":[{"embeddable":true,"href":"https:\/\/www.eldiario.net\/portal\/wp-json\/wp\/v2\/comments?post=128109"}],"version-history":[{"count":0,"href":"https:\/\/www.eldiario.net\/portal\/wp-json\/wp\/v2\/posts\/128109\/revisions"}],"wp:attachment":[{"href":"https:\/\/www.eldiario.net\/portal\/wp-json\/wp\/v2\/media?parent=128109"}],"wp:term":[{"taxonomy":"category","embeddable":true,"href":"https:\/\/www.eldiario.net\/portal\/wp-json\/wp\/v2\/categories?post=128109"},{"taxonomy":"post_tag","embeddable":true,"href":"https:\/\/www.eldiario.net\/portal\/wp-json\/wp\/v2\/tags?post=128109"}],"curies":[{"name":"wp","href":"https:\/\/api.w.org\/{rel}","templated":true}]}}