{"id":128104,"date":"2022-12-17T06:06:39","date_gmt":"2022-12-17T10:06:39","guid":{"rendered":"https:\/\/www.eldiario.net\/portal\/?p=128104"},"modified":"2022-12-17T06:06:39","modified_gmt":"2022-12-17T10:06:39","slug":"muertes-en-protestas-provoca-renuncias-y-crisis-ministerial","status":"publish","type":"post","link":"https:\/\/www.eldiario.net\/portal\/2022\/12\/17\/muertes-en-protestas-provoca-renuncias-y-crisis-ministerial\/","title":{"rendered":"Muertes en protestas provoca  renuncias y crisis ministerial"},"content":{"rendered":"<p>Los ministros de Educaci\u00f3n y Cultura son los primeros en dar un paso al costado luego que en el primer d\u00eda del Estado de Emergencia murieran ocho personas en Ayacucho en medio de los enfrentamientos con las Fuerzas Armadas y la Polic\u00eda Nacional. En lo que va del levantamiento popular ya son 18 fallecidos.<br \/>\nLa muerte de ocho personas en Ayacucho durante las violentas protestas que se registraron en esta regi\u00f3n ocasionaron las primeras renuncias dentro del Gabinete de la presidenta Dina Boluarte. Los ministros de Educaci\u00f3n y Cultura fueron los primeros en presentar sus cartas de dimisi\u00f3n a sus cargos al indicar que el fallecimiento de peruanos hace inadmisible su presencia en este gobierno.<br \/>\nPatricia Correa, titular de Educaci\u00f3n public\u00f3 en Twitter que \u00abla muerte de connacionales no tiene justificaci\u00f3n alguna. La violencia de Estado no puede ser desproporcionada y generadora de muerte\u00bb.<br \/>\n\u00abNuestro pa\u00eds enfrenta una crisis pol\u00edtica de grandes dimensiones que demandan convicciones democr\u00e1ticas, respeto al orden y a la vez a la integridad f\u00edsica y la vida de cada ciudadano peruano, que lamentablemente se vio vulneradas en las \u00faltimas horas\u00bb, dice la carta de Correa enviada a Dina Boluarte.<br \/>\nEn tanto que Ja\u00edr P\u00e9rez Bra\u00f1ez, dijo en su misiva de renuncia que \u00ablos lamentables sucesos acontecidos en el pa\u00eds que tienen como saldo la irreparable p\u00e9rdida de hermanos y hermanas hacen insostenible mi presencia en su gobierno\u00bb.<br \/>\nEl incremento de v\u00edctimas a causa de las cruentas manifestaciones en diferentes regiones del Per\u00fa, provoc\u00f3 una ola de cr\u00edticas hacia Boluarte, qui\u00e9n hasta d\u00edas atr\u00e1s hac\u00eda un llamado al di\u00e1logo y a la paz. \u00abEl respeto, el di\u00e1logo y la tolerancia son imprescindibles en democracia. Hago un llamado a la calma y serenidad. El di\u00e1logo y entendimiento es imperativo\u00bb.<br \/>\n\u00abEste Gobierno de transici\u00f3n que presido entiende y sigue recogiendo las demandas de millones de peruanas y peruanos que salieron leg\u00edtimamente a levantar su voz, la misma que seguimos respaldando y ratificando que la Polic\u00eda y las Fuerzas Armadas, que tienen claras instrucciones para salvaguardar y los derechos humanos de los manifestantes\u00bb, sostuvo.<br \/>\n\u00abPor ello convoco a los l\u00edderes de la Iglesia Cat\u00f3lica, cristiana y evang\u00e9lica para\u00a0instalar una mesa de di\u00e1logo en cada una de las regiones que se movilizaron. Con el apoyo de los gobernadores que ya hemos llamado utilizaremos estos espacios para reunir a los l\u00edderes que encabezan estas marchas y escuchar sus demandas y canalizarlas de una buena vez\u00bb.<br \/>\n\u00abQuiero llamar una vez m\u00e1s a la calma, pensemos en nuestras familias, en nuestros hijos, en todas las peruanas y peruanos que necesitan vivir en paz para seguir trabajando, moviendo la econom\u00eda y cuidando de los hogares para salir adelante\u00bb<br \/>\nLa situaci\u00f3n ca\u00f3tica en el pa\u00eds y las muertes de peruanos, algunos de ellos menores de edad, est\u00e1n provocando una crisis ministerial, por ello, en las pr\u00f3ximas horas, podr\u00edan presentarse m\u00e1s renuncias de ministros que no est\u00e1n de acuerdo con la intervenci\u00f3n de las Fuerzas Armadas en el control del orden interno del pa\u00eds.<br \/>\nMUERTE Y VIOLENCIA<br \/>\nLos muertos por protestas en\u00a0Per\u00fa\u00a0subieron a 18, tras un sangriento enfrentamiento entre militares y manifestantes durante un intento de toma del aeropuerto de Ayacucho.<br \/>\n\u00abEn Ayacucho tenemos ocho fallecidos en la jornada de manifestaciones y enfrentamientos con el ej\u00e9rcito\u00bb, dijo la Defensora del Pueblo, Eliana Revollar, quien tambi\u00e9n inst\u00f3 a las Fuerzas Armadas peruanas a no utilizar armas de fuego para repeler las marchas de los pobladores.<br \/>\nLa\u00a0Direcci\u00f3n Regional de Salud (Diresa)\u00a0de Ayacucho declar\u00f3 en alerta roja los establecimientos de salud y hospitales de apoyo de la regi\u00f3n. A la fecha, se reportaron un total de 52 heridos que reciben atenci\u00f3n m\u00e9dica en el Hospital Regional de la regi\u00f3n y establecimientos de EsSalud.<br \/>\nPor otro lado, el Ministerio P\u00fablico inform\u00f3 que inici\u00f3 investigaciones preliminares contra los presuntos responsables de las muertes a consecuencia de las manifestaciones en las diferentes regiones del pa\u00eds. (Infobae).<\/p>\n","protected":false},"excerpt":{"rendered":"<p>Los ministros de Educaci\u00f3n y Cultura son los primeros en dar un paso al costado luego que en el primer d\u00eda del Estado de Emergencia murieran ocho personas en Ayacucho en medio de los enfrentamientos con las Fuerzas Armadas y la Polic\u00eda Nacional. En lo que va del levantamiento popular ya son 18 fallecidos. La [&hellip;]<\/p>\n","protected":false},"author":1,"featured_media":128105,"comment_status":"closed","ping_status":"closed","sticky":false,"template":"","format":"standard","meta":{"_acf_changed":false,"footnotes":""},"categories":[3],"tags":[],"class_list":["post-128104","post","type-post","status-publish","format-standard","has-post-thumbnail","category-internacional"],"acf":{"antetitulo":""},"yoast_head":"<!-- This site is optimized with the Yoast SEO plugin v28.4 - https:\/\/yoast.com\/product\/yoast-seo-wordpress\/ -->\n<title>Muertes en protestas provoca renuncias y crisis ministerial - El Diario - Bolivia<\/title>\n<meta name=\"robots\" content=\"index, follow, max-snippet:-1, max-image-preview:large, max-video-preview:-1\" \/>\n<link rel=\"canonical\" href=\"https:\/\/www.eldiario.net\/portal\/2022\/12\/17\/muertes-en-protestas-provoca-renuncias-y-crisis-ministerial\/\" \/>\n<meta property=\"og:locale\" content=\"es_ES\" \/>\n<meta property=\"og:type\" content=\"article\" \/>\n<meta property=\"og:title\" content=\"Muertes en protestas provoca renuncias y crisis ministerial - El Diario - Bolivia\" \/>\n<meta property=\"og:description\" content=\"Los ministros de Educaci\u00f3n y Cultura son los primeros en dar un paso al costado luego que en el primer d\u00eda del Estado de Emergencia murieran ocho personas en Ayacucho en medio de los enfrentamientos con las Fuerzas Armadas y la Polic\u00eda Nacional. En lo que va del levantamiento popular ya son 18 fallecidos. La [&hellip;]\" \/>\n<meta property=\"og:url\" content=\"https:\/\/www.eldiario.net\/portal\/2022\/12\/17\/muertes-en-protestas-provoca-renuncias-y-crisis-ministerial\/\" \/>\n<meta property=\"og:site_name\" content=\"El Diario - Bolivia\" \/>\n<meta property=\"article:publisher\" content=\"https:\/\/www.facebook.com\/eldiario.bolivia\/\" \/>\n<meta property=\"article:published_time\" content=\"2022-12-17T10:06:39+00:00\" \/>\n<meta name=\"author\" content=\"Jeanette\" \/>\n<meta name=\"twitter:card\" content=\"summary_large_image\" \/>\n<meta name=\"twitter:creator\" content=\"@eldiario_net\" \/>\n<meta name=\"twitter:site\" content=\"@eldiario_net\" \/>\n<meta name=\"twitter:label1\" content=\"Escrito por\" \/>\n\t<meta name=\"twitter:data1\" content=\"Jeanette\" \/>\n\t<meta name=\"twitter:label2\" content=\"Tiempo de lectura\" \/>\n\t<meta name=\"twitter:data2\" content=\"3 minutos\" \/>\n<script type=\"application\/ld+json\" class=\"yoast-schema-graph\">{\"@context\":\"https:\\\/\\\/schema.org\",\"@graph\":[{\"@type\":\"Article\",\"@id\":\"https:\\\/\\\/www.eldiario.net\\\/portal\\\/2022\\\/12\\\/17\\\/muertes-en-protestas-provoca-renuncias-y-crisis-ministerial\\\/#article\",\"isPartOf\":{\"@id\":\"https:\\\/\\\/www.eldiario.net\\\/portal\\\/2022\\\/12\\\/17\\\/muertes-en-protestas-provoca-renuncias-y-crisis-ministerial\\\/\"},\"author\":{\"name\":\"Jeanette\",\"@id\":\"https:\\\/\\\/www.eldiario.net\\\/portal\\\/#\\\/schema\\\/person\\\/f46445640444750d7d753ccd04ae01b7\"},\"headline\":\"Muertes en protestas provoca renuncias y crisis ministerial\",\"datePublished\":\"2022-12-17T10:06:39+00:00\",\"mainEntityOfPage\":{\"@id\":\"https:\\\/\\\/www.eldiario.net\\\/portal\\\/2022\\\/12\\\/17\\\/muertes-en-protestas-provoca-renuncias-y-crisis-ministerial\\\/\"},\"wordCount\":708,\"publisher\":{\"@id\":\"https:\\\/\\\/www.eldiario.net\\\/portal\\\/#organization\"},\"image\":{\"@id\":\"https:\\\/\\\/www.eldiario.net\\\/portal\\\/2022\\\/12\\\/17\\\/muertes-en-protestas-provoca-renuncias-y-crisis-ministerial\\\/#primaryimage\"},\"thumbnailUrl\":\"\",\"articleSection\":[\"Internacional\"],\"inLanguage\":\"es\"},{\"@type\":\"WebPage\",\"@id\":\"https:\\\/\\\/www.eldiario.net\\\/portal\\\/2022\\\/12\\\/17\\\/muertes-en-protestas-provoca-renuncias-y-crisis-ministerial\\\/\",\"url\":\"https:\\\/\\\/www.eldiario.net\\\/portal\\\/2022\\\/12\\\/17\\\/muertes-en-protestas-provoca-renuncias-y-crisis-ministerial\\\/\",\"name\":\"Muertes en protestas provoca renuncias y crisis ministerial - El Diario - Bolivia\",\"isPartOf\":{\"@id\":\"https:\\\/\\\/www.eldiario.net\\\/portal\\\/#website\"},\"primaryImageOfPage\":{\"@id\":\"https:\\\/\\\/www.eldiario.net\\\/portal\\\/2022\\\/12\\\/17\\\/muertes-en-protestas-provoca-renuncias-y-crisis-ministerial\\\/#primaryimage\"},\"image\":{\"@id\":\"https:\\\/\\\/www.eldiario.net\\\/portal\\\/2022\\\/12\\\/17\\\/muertes-en-protestas-provoca-renuncias-y-crisis-ministerial\\\/#primaryimage\"},\"thumbnailUrl\":\"\",\"datePublished\":\"2022-12-17T10:06:39+00:00\",\"breadcrumb\":{\"@id\":\"https:\\\/\\\/www.eldiario.net\\\/portal\\\/2022\\\/12\\\/17\\\/muertes-en-protestas-provoca-renuncias-y-crisis-ministerial\\\/#breadcrumb\"},\"inLanguage\":\"es\",\"potentialAction\":[{\"@type\":\"ReadAction\",\"target\":[\"https:\\\/\\\/www.eldiario.net\\\/portal\\\/2022\\\/12\\\/17\\\/muertes-en-protestas-provoca-renuncias-y-crisis-ministerial\\\/\"]}]},{\"@type\":\"ImageObject\",\"inLanguage\":\"es\",\"@id\":\"https:\\\/\\\/www.eldiario.net\\\/portal\\\/2022\\\/12\\\/17\\\/muertes-en-protestas-provoca-renuncias-y-crisis-ministerial\\\/#primaryimage\",\"url\":\"\",\"contentUrl\":\"\"},{\"@type\":\"BreadcrumbList\",\"@id\":\"https:\\\/\\\/www.eldiario.net\\\/portal\\\/2022\\\/12\\\/17\\\/muertes-en-protestas-provoca-renuncias-y-crisis-ministerial\\\/#breadcrumb\",\"itemListElement\":[{\"@type\":\"ListItem\",\"position\":1,\"name\":\"Portada\",\"item\":\"https:\\\/\\\/www.eldiario.net\\\/portal\\\/\"},{\"@type\":\"ListItem\",\"position\":2,\"name\":\"Muertes en protestas provoca renuncias y crisis ministerial\"}]},{\"@type\":\"WebSite\",\"@id\":\"https:\\\/\\\/www.eldiario.net\\\/portal\\\/#website\",\"url\":\"https:\\\/\\\/www.eldiario.net\\\/portal\\\/\",\"name\":\"El Diario - Decano de la prensa nacional\",\"description\":\"El Diario - Decano de la prensa nacional\",\"publisher\":{\"@id\":\"https:\\\/\\\/www.eldiario.net\\\/portal\\\/#organization\"},\"potentialAction\":[{\"@type\":\"SearchAction\",\"target\":{\"@type\":\"EntryPoint\",\"urlTemplate\":\"https:\\\/\\\/www.eldiario.net\\\/portal\\\/?s={search_term_string}\"},\"query-input\":{\"@type\":\"PropertyValueSpecification\",\"valueRequired\":true,\"valueName\":\"search_term_string\"}}],\"inLanguage\":\"es\"},{\"@type\":\"Organization\",\"@id\":\"https:\\\/\\\/www.eldiario.net\\\/portal\\\/#organization\",\"name\":\"El Diario - Decano de la prensa nacional\",\"url\":\"https:\\\/\\\/www.eldiario.net\\\/portal\\\/\",\"logo\":{\"@type\":\"ImageObject\",\"inLanguage\":\"es\",\"@id\":\"https:\\\/\\\/www.eldiario.net\\\/portal\\\/#\\\/schema\\\/logo\\\/image\\\/\",\"url\":\"https:\\\/\\\/www.eldiario.net\\\/portal\\\/wp-content\\\/uploads\\\/2023\\\/07\\\/logo_ED.jpg\",\"contentUrl\":\"https:\\\/\\\/www.eldiario.net\\\/portal\\\/wp-content\\\/uploads\\\/2023\\\/07\\\/logo_ED.jpg\",\"width\":272,\"height\":52,\"caption\":\"El Diario - Decano de la prensa nacional\"},\"image\":{\"@id\":\"https:\\\/\\\/www.eldiario.net\\\/portal\\\/#\\\/schema\\\/logo\\\/image\\\/\"},\"sameAs\":[\"https:\\\/\\\/www.facebook.com\\\/eldiario.bolivia\\\/\",\"https:\\\/\\\/x.com\\\/eldiario_net\"]},{\"@type\":\"Person\",\"@id\":\"https:\\\/\\\/www.eldiario.net\\\/portal\\\/#\\\/schema\\\/person\\\/f46445640444750d7d753ccd04ae01b7\",\"name\":\"Jeanette\",\"image\":{\"@type\":\"ImageObject\",\"inLanguage\":\"es\",\"@id\":\"https:\\\/\\\/secure.gravatar.com\\\/avatar\\\/3ea2118a5f7dad2b7138b1187a6b7ee55f160b9968b66013c3a3ef39dd7e5798?s=96&d=mm&r=g\",\"url\":\"https:\\\/\\\/secure.gravatar.com\\\/avatar\\\/3ea2118a5f7dad2b7138b1187a6b7ee55f160b9968b66013c3a3ef39dd7e5798?s=96&d=mm&r=g\",\"contentUrl\":\"https:\\\/\\\/secure.gravatar.com\\\/avatar\\\/3ea2118a5f7dad2b7138b1187a6b7ee55f160b9968b66013c3a3ef39dd7e5798?s=96&d=mm&r=g\",\"caption\":\"Jeanette\"},\"sameAs\":[\"https:\\\/\\\/www.eldiario.net\\\/portal\"],\"url\":\"https:\\\/\\\/www.eldiario.net\\\/portal\\\/author\\\/jeanette\\\/\"}]}<\/script>\n<!-- \/ Yoast SEO plugin. -->","yoast_head_json":{"title":"Muertes en protestas provoca renuncias y crisis ministerial - El Diario - Bolivia","robots":{"index":"index","follow":"follow","max-snippet":"max-snippet:-1","max-image-preview":"max-image-preview:large","max-video-preview":"max-video-preview:-1"},"canonical":"https:\/\/www.eldiario.net\/portal\/2022\/12\/17\/muertes-en-protestas-provoca-renuncias-y-crisis-ministerial\/","og_locale":"es_ES","og_type":"article","og_title":"Muertes en protestas provoca renuncias y crisis ministerial - El Diario - Bolivia","og_description":"Los ministros de Educaci\u00f3n y Cultura son los primeros en dar un paso al costado luego que en el primer d\u00eda del Estado de Emergencia murieran ocho personas en Ayacucho en medio de los enfrentamientos con las Fuerzas Armadas y la Polic\u00eda Nacional. En lo que va del levantamiento popular ya son 18 fallecidos. La [&hellip;]","og_url":"https:\/\/www.eldiario.net\/portal\/2022\/12\/17\/muertes-en-protestas-provoca-renuncias-y-crisis-ministerial\/","og_site_name":"El Diario - Bolivia","article_publisher":"https:\/\/www.facebook.com\/eldiario.bolivia\/","article_published_time":"2022-12-17T10:06:39+00:00","author":"Jeanette","twitter_card":"summary_large_image","twitter_creator":"@eldiario_net","twitter_site":"@eldiario_net","twitter_misc":{"Escrito por":"Jeanette","Tiempo de lectura":"3 minutos"},"schema":{"@context":"https:\/\/schema.org","@graph":[{"@type":"Article","@id":"https:\/\/www.eldiario.net\/portal\/2022\/12\/17\/muertes-en-protestas-provoca-renuncias-y-crisis-ministerial\/#article","isPartOf":{"@id":"https:\/\/www.eldiario.net\/portal\/2022\/12\/17\/muertes-en-protestas-provoca-renuncias-y-crisis-ministerial\/"},"author":{"name":"Jeanette","@id":"https:\/\/www.eldiario.net\/portal\/#\/schema\/person\/f46445640444750d7d753ccd04ae01b7"},"headline":"Muertes en protestas provoca renuncias y crisis ministerial","datePublished":"2022-12-17T10:06:39+00:00","mainEntityOfPage":{"@id":"https:\/\/www.eldiario.net\/portal\/2022\/12\/17\/muertes-en-protestas-provoca-renuncias-y-crisis-ministerial\/"},"wordCount":708,"publisher":{"@id":"https:\/\/www.eldiario.net\/portal\/#organization"},"image":{"@id":"https:\/\/www.eldiario.net\/portal\/2022\/12\/17\/muertes-en-protestas-provoca-renuncias-y-crisis-ministerial\/#primaryimage"},"thumbnailUrl":"","articleSection":["Internacional"],"inLanguage":"es"},{"@type":"WebPage","@id":"https:\/\/www.eldiario.net\/portal\/2022\/12\/17\/muertes-en-protestas-provoca-renuncias-y-crisis-ministerial\/","url":"https:\/\/www.eldiario.net\/portal\/2022\/12\/17\/muertes-en-protestas-provoca-renuncias-y-crisis-ministerial\/","name":"Muertes en protestas provoca renuncias y crisis ministerial - El Diario - Bolivia","isPartOf":{"@id":"https:\/\/www.eldiario.net\/portal\/#website"},"primaryImageOfPage":{"@id":"https:\/\/www.eldiario.net\/portal\/2022\/12\/17\/muertes-en-protestas-provoca-renuncias-y-crisis-ministerial\/#primaryimage"},"image":{"@id":"https:\/\/www.eldiario.net\/portal\/2022\/12\/17\/muertes-en-protestas-provoca-renuncias-y-crisis-ministerial\/#primaryimage"},"thumbnailUrl":"","datePublished":"2022-12-17T10:06:39+00:00","breadcrumb":{"@id":"https:\/\/www.eldiario.net\/portal\/2022\/12\/17\/muertes-en-protestas-provoca-renuncias-y-crisis-ministerial\/#breadcrumb"},"inLanguage":"es","potentialAction":[{"@type":"ReadAction","target":["https:\/\/www.eldiario.net\/portal\/2022\/12\/17\/muertes-en-protestas-provoca-renuncias-y-crisis-ministerial\/"]}]},{"@type":"ImageObject","inLanguage":"es","@id":"https:\/\/www.eldiario.net\/portal\/2022\/12\/17\/muertes-en-protestas-provoca-renuncias-y-crisis-ministerial\/#primaryimage","url":"","contentUrl":""},{"@type":"BreadcrumbList","@id":"https:\/\/www.eldiario.net\/portal\/2022\/12\/17\/muertes-en-protestas-provoca-renuncias-y-crisis-ministerial\/#breadcrumb","itemListElement":[{"@type":"ListItem","position":1,"name":"Portada","item":"https:\/\/www.eldiario.net\/portal\/"},{"@type":"ListItem","position":2,"name":"Muertes en protestas provoca renuncias y crisis ministerial"}]},{"@type":"WebSite","@id":"https:\/\/www.eldiario.net\/portal\/#website","url":"https:\/\/www.eldiario.net\/portal\/","name":"El Diario - Decano de la prensa nacional","description":"El Diario - Decano de la prensa nacional","publisher":{"@id":"https:\/\/www.eldiario.net\/portal\/#organization"},"potentialAction":[{"@type":"SearchAction","target":{"@type":"EntryPoint","urlTemplate":"https:\/\/www.eldiario.net\/portal\/?s={search_term_string}"},"query-input":{"@type":"PropertyValueSpecification","valueRequired":true,"valueName":"search_term_string"}}],"inLanguage":"es"},{"@type":"Organization","@id":"https:\/\/www.eldiario.net\/portal\/#organization","name":"El Diario - Decano de la prensa nacional","url":"https:\/\/www.eldiario.net\/portal\/","logo":{"@type":"ImageObject","inLanguage":"es","@id":"https:\/\/www.eldiario.net\/portal\/#\/schema\/logo\/image\/","url":"https:\/\/www.eldiario.net\/portal\/wp-content\/uploads\/2023\/07\/logo_ED.jpg","contentUrl":"https:\/\/www.eldiario.net\/portal\/wp-content\/uploads\/2023\/07\/logo_ED.jpg","width":272,"height":52,"caption":"El Diario - Decano de la prensa nacional"},"image":{"@id":"https:\/\/www.eldiario.net\/portal\/#\/schema\/logo\/image\/"},"sameAs":["https:\/\/www.facebook.com\/eldiario.bolivia\/","https:\/\/x.com\/eldiario_net"]},{"@type":"Person","@id":"https:\/\/www.eldiario.net\/portal\/#\/schema\/person\/f46445640444750d7d753ccd04ae01b7","name":"Jeanette","image":{"@type":"ImageObject","inLanguage":"es","@id":"https:\/\/secure.gravatar.com\/avatar\/3ea2118a5f7dad2b7138b1187a6b7ee55f160b9968b66013c3a3ef39dd7e5798?s=96&d=mm&r=g","url":"https:\/\/secure.gravatar.com\/avatar\/3ea2118a5f7dad2b7138b1187a6b7ee55f160b9968b66013c3a3ef39dd7e5798?s=96&d=mm&r=g","contentUrl":"https:\/\/secure.gravatar.com\/avatar\/3ea2118a5f7dad2b7138b1187a6b7ee55f160b9968b66013c3a3ef39dd7e5798?s=96&d=mm&r=g","caption":"Jeanette"},"sameAs":["https:\/\/www.eldiario.net\/portal"],"url":"https:\/\/www.eldiario.net\/portal\/author\/jeanette\/"}]}},"_links":{"self":[{"href":"https:\/\/www.eldiario.net\/portal\/wp-json\/wp\/v2\/posts\/128104","targetHints":{"allow":["GET"]}}],"collection":[{"href":"https:\/\/www.eldiario.net\/portal\/wp-json\/wp\/v2\/posts"}],"about":[{"href":"https:\/\/www.eldiario.net\/portal\/wp-json\/wp\/v2\/types\/post"}],"author":[{"embeddable":true,"href":"https:\/\/www.eldiario.net\/portal\/wp-json\/wp\/v2\/users\/1"}],"replies":[{"embeddable":true,"href":"https:\/\/www.eldiario.net\/portal\/wp-json\/wp\/v2\/comments?post=128104"}],"version-history":[{"count":0,"href":"https:\/\/www.eldiario.net\/portal\/wp-json\/wp\/v2\/posts\/128104\/revisions"}],"wp:attachment":[{"href":"https:\/\/www.eldiario.net\/portal\/wp-json\/wp\/v2\/media?parent=128104"}],"wp:term":[{"taxonomy":"category","embeddable":true,"href":"https:\/\/www.eldiario.net\/portal\/wp-json\/wp\/v2\/categories?post=128104"},{"taxonomy":"post_tag","embeddable":true,"href":"https:\/\/www.eldiario.net\/portal\/wp-json\/wp\/v2\/tags?post=128104"}],"curies":[{"name":"wp","href":"https:\/\/api.w.org\/{rel}","templated":true}]}}