{"id":128101,"date":"2022-12-17T06:05:29","date_gmt":"2022-12-17T10:05:29","guid":{"rendered":"https:\/\/www.eldiario.net\/portal\/?p=128101"},"modified":"2022-12-17T06:05:29","modified_gmt":"2022-12-17T10:05:29","slug":"congreso-peruano-rechaza-adelanto-electoral-planteado-por-boluarte","status":"publish","type":"post","link":"https:\/\/www.eldiario.net\/portal\/2022\/12\/17\/congreso-peruano-rechaza-adelanto-electoral-planteado-por-boluarte\/","title":{"rendered":"Congreso peruano rechaza adelanto  electoral planteado por Boluarte"},"content":{"rendered":"<p>El Congreso de la Rep\u00fablica de Per\u00fa rechaz\u00f3 ayer la reforma constitucional que ten\u00eda como finalidad adelantar las elecciones presidenciales a diciembre del 2023, como hab\u00eda propuesto esta misma semana la jefa de Estado, Dina Boluarte.<br \/>\nLa reforma constitucional formulada apuntaba al adelanto de elecciones generales para diciembre de 2023, y el recorte de los mandatos presidencial y parlamentario hasta el 30 de abril de 2024.<br \/>\nLa medida tan solo recab\u00f3 el apoyo de 49 congresistas, mientras que otros 33 se manifestaron en contra y 25 abstenciones, quedando muy lejos de las cifras requeridas para sacar adelante una reforma constitucional.<br \/>\nEn este caso, la propuesta requer\u00eda del apoyo de al menos 87 parlamentarios para ser sometida a una segunda votaci\u00f3n en la siguiente legislatura, o de al menos 66 votos a favor para que la cuesti\u00f3n fuese sometida a refer\u00e9ndum.<\/p>\n<p>PIDEN RECOSIDERAR EL<br \/>\nADELANTO ELECTORAL<br \/>\nLa decisi\u00f3n pronta despert\u00f3 la reacci\u00f3n de diversos agentes sociales y pol\u00edticos. Uno de los primeros fue la Defensor\u00eda del Pueblo, que invoc\u00f3 al Congreso a que vote con urgencia la reconsideraci\u00f3n del adelanto electoral.<br \/>\nEl \u00f3rgano considera que de esta forma, el Parlamento podr\u00eda favorecer a que de alguna manera se solucione la crisis pol\u00edtica y social por la que atraviesa el pa\u00eds.<br \/>\nPor otro lado, el que fuera el primer jefe de Gobierno del expresidente Pedro Castillo, Guido Bellido, denunci\u00f3 que la propuesta de adelanto electoral tiene como objetivo la victoria de la opositora Keiko Fujimori, rival de Castillo en los comicios de verano de 2021.<br \/>\nBoluarte anunci\u00f3 el fin de semana una propuesta para el adelanto electoral como respuesta a las protestas sociales que sacuden el pa\u00eds,<br \/>\ndesde hace ya diez d\u00edas, despu\u00e9s de que el expresidente Pedro Castillo fuera destituido y detenido.<br \/>\nEntre las demandas formuladas en las protestas en las que ya perdieron la vida una veintena de civiles se encontraba la convocatoria de nuevas elecciones y la salida de Boluarte de la Jefatura de Estado.<br \/>\nLa que hasta la semana pasada era la n\u00famero dos de Castillo asumi\u00f3 la Presidencia despu\u00e9s de que el Congreso de la Rep\u00fablica desbancara al mandatario tras haber intentado disolver el Parlamento y declarar un Gobierno de excepci\u00f3n; una maniobra que desde el nuevo Ejecutivo tildaron de golpe de Estado. (Europa Press).<\/p>\n","protected":false},"excerpt":{"rendered":"<p>El Congreso de la Rep\u00fablica de Per\u00fa rechaz\u00f3 ayer la reforma constitucional que ten\u00eda como finalidad adelantar las elecciones presidenciales a diciembre del 2023, como hab\u00eda propuesto esta misma semana la jefa de Estado, Dina Boluarte. La reforma constitucional formulada apuntaba al adelanto de elecciones generales para diciembre de 2023, y el recorte de los [&hellip;]<\/p>\n","protected":false},"author":1,"featured_media":128102,"comment_status":"closed","ping_status":"closed","sticky":false,"template":"","format":"standard","meta":{"_acf_changed":false,"footnotes":""},"categories":[3],"tags":[],"class_list":["post-128101","post","type-post","status-publish","format-standard","has-post-thumbnail","category-internacional"],"acf":{"antetitulo":""},"yoast_head":"<!-- This site is optimized with the Yoast SEO plugin v28.4 - https:\/\/yoast.com\/product\/yoast-seo-wordpress\/ -->\n<title>Congreso peruano rechaza adelanto electoral planteado por Boluarte - El Diario - Bolivia<\/title>\n<meta name=\"robots\" content=\"index, follow, max-snippet:-1, max-image-preview:large, max-video-preview:-1\" \/>\n<link rel=\"canonical\" href=\"https:\/\/www.eldiario.net\/portal\/2022\/12\/17\/congreso-peruano-rechaza-adelanto-electoral-planteado-por-boluarte\/\" \/>\n<meta property=\"og:locale\" content=\"es_ES\" \/>\n<meta property=\"og:type\" content=\"article\" \/>\n<meta property=\"og:title\" content=\"Congreso peruano rechaza adelanto electoral planteado por Boluarte - El Diario - Bolivia\" \/>\n<meta property=\"og:description\" content=\"El Congreso de la Rep\u00fablica de Per\u00fa rechaz\u00f3 ayer la reforma constitucional que ten\u00eda como finalidad adelantar las elecciones presidenciales a diciembre del 2023, como hab\u00eda propuesto esta misma semana la jefa de Estado, Dina Boluarte. La reforma constitucional formulada apuntaba al adelanto de elecciones generales para diciembre de 2023, y el recorte de los [&hellip;]\" \/>\n<meta property=\"og:url\" content=\"https:\/\/www.eldiario.net\/portal\/2022\/12\/17\/congreso-peruano-rechaza-adelanto-electoral-planteado-por-boluarte\/\" \/>\n<meta property=\"og:site_name\" content=\"El Diario - Bolivia\" \/>\n<meta property=\"article:publisher\" content=\"https:\/\/www.facebook.com\/eldiario.bolivia\/\" \/>\n<meta property=\"article:published_time\" content=\"2022-12-17T10:05:29+00:00\" \/>\n<meta name=\"author\" content=\"Jeanette\" \/>\n<meta name=\"twitter:card\" content=\"summary_large_image\" \/>\n<meta name=\"twitter:creator\" content=\"@eldiario_net\" \/>\n<meta name=\"twitter:site\" content=\"@eldiario_net\" \/>\n<meta name=\"twitter:label1\" content=\"Escrito por\" \/>\n\t<meta name=\"twitter:data1\" content=\"Jeanette\" \/>\n\t<meta name=\"twitter:label2\" content=\"Tiempo de lectura\" \/>\n\t<meta name=\"twitter:data2\" content=\"2 minutos\" \/>\n<script type=\"application\/ld+json\" class=\"yoast-schema-graph\">{\"@context\":\"https:\\\/\\\/schema.org\",\"@graph\":[{\"@type\":\"Article\",\"@id\":\"https:\\\/\\\/www.eldiario.net\\\/portal\\\/2022\\\/12\\\/17\\\/congreso-peruano-rechaza-adelanto-electoral-planteado-por-boluarte\\\/#article\",\"isPartOf\":{\"@id\":\"https:\\\/\\\/www.eldiario.net\\\/portal\\\/2022\\\/12\\\/17\\\/congreso-peruano-rechaza-adelanto-electoral-planteado-por-boluarte\\\/\"},\"author\":{\"name\":\"Jeanette\",\"@id\":\"https:\\\/\\\/www.eldiario.net\\\/portal\\\/#\\\/schema\\\/person\\\/f46445640444750d7d753ccd04ae01b7\"},\"headline\":\"Congreso peruano rechaza adelanto electoral planteado por Boluarte\",\"datePublished\":\"2022-12-17T10:05:29+00:00\",\"mainEntityOfPage\":{\"@id\":\"https:\\\/\\\/www.eldiario.net\\\/portal\\\/2022\\\/12\\\/17\\\/congreso-peruano-rechaza-adelanto-electoral-planteado-por-boluarte\\\/\"},\"wordCount\":398,\"publisher\":{\"@id\":\"https:\\\/\\\/www.eldiario.net\\\/portal\\\/#organization\"},\"image\":{\"@id\":\"https:\\\/\\\/www.eldiario.net\\\/portal\\\/2022\\\/12\\\/17\\\/congreso-peruano-rechaza-adelanto-electoral-planteado-por-boluarte\\\/#primaryimage\"},\"thumbnailUrl\":\"\",\"articleSection\":[\"Internacional\"],\"inLanguage\":\"es\"},{\"@type\":\"WebPage\",\"@id\":\"https:\\\/\\\/www.eldiario.net\\\/portal\\\/2022\\\/12\\\/17\\\/congreso-peruano-rechaza-adelanto-electoral-planteado-por-boluarte\\\/\",\"url\":\"https:\\\/\\\/www.eldiario.net\\\/portal\\\/2022\\\/12\\\/17\\\/congreso-peruano-rechaza-adelanto-electoral-planteado-por-boluarte\\\/\",\"name\":\"Congreso peruano rechaza adelanto electoral planteado por Boluarte - El Diario - Bolivia\",\"isPartOf\":{\"@id\":\"https:\\\/\\\/www.eldiario.net\\\/portal\\\/#website\"},\"primaryImageOfPage\":{\"@id\":\"https:\\\/\\\/www.eldiario.net\\\/portal\\\/2022\\\/12\\\/17\\\/congreso-peruano-rechaza-adelanto-electoral-planteado-por-boluarte\\\/#primaryimage\"},\"image\":{\"@id\":\"https:\\\/\\\/www.eldiario.net\\\/portal\\\/2022\\\/12\\\/17\\\/congreso-peruano-rechaza-adelanto-electoral-planteado-por-boluarte\\\/#primaryimage\"},\"thumbnailUrl\":\"\",\"datePublished\":\"2022-12-17T10:05:29+00:00\",\"breadcrumb\":{\"@id\":\"https:\\\/\\\/www.eldiario.net\\\/portal\\\/2022\\\/12\\\/17\\\/congreso-peruano-rechaza-adelanto-electoral-planteado-por-boluarte\\\/#breadcrumb\"},\"inLanguage\":\"es\",\"potentialAction\":[{\"@type\":\"ReadAction\",\"target\":[\"https:\\\/\\\/www.eldiario.net\\\/portal\\\/2022\\\/12\\\/17\\\/congreso-peruano-rechaza-adelanto-electoral-planteado-por-boluarte\\\/\"]}]},{\"@type\":\"ImageObject\",\"inLanguage\":\"es\",\"@id\":\"https:\\\/\\\/www.eldiario.net\\\/portal\\\/2022\\\/12\\\/17\\\/congreso-peruano-rechaza-adelanto-electoral-planteado-por-boluarte\\\/#primaryimage\",\"url\":\"\",\"contentUrl\":\"\"},{\"@type\":\"BreadcrumbList\",\"@id\":\"https:\\\/\\\/www.eldiario.net\\\/portal\\\/2022\\\/12\\\/17\\\/congreso-peruano-rechaza-adelanto-electoral-planteado-por-boluarte\\\/#breadcrumb\",\"itemListElement\":[{\"@type\":\"ListItem\",\"position\":1,\"name\":\"Portada\",\"item\":\"https:\\\/\\\/www.eldiario.net\\\/portal\\\/\"},{\"@type\":\"ListItem\",\"position\":2,\"name\":\"Congreso peruano rechaza adelanto electoral planteado por Boluarte\"}]},{\"@type\":\"WebSite\",\"@id\":\"https:\\\/\\\/www.eldiario.net\\\/portal\\\/#website\",\"url\":\"https:\\\/\\\/www.eldiario.net\\\/portal\\\/\",\"name\":\"El Diario - Decano de la prensa nacional\",\"description\":\"El Diario - Decano de la prensa nacional\",\"publisher\":{\"@id\":\"https:\\\/\\\/www.eldiario.net\\\/portal\\\/#organization\"},\"potentialAction\":[{\"@type\":\"SearchAction\",\"target\":{\"@type\":\"EntryPoint\",\"urlTemplate\":\"https:\\\/\\\/www.eldiario.net\\\/portal\\\/?s={search_term_string}\"},\"query-input\":{\"@type\":\"PropertyValueSpecification\",\"valueRequired\":true,\"valueName\":\"search_term_string\"}}],\"inLanguage\":\"es\"},{\"@type\":\"Organization\",\"@id\":\"https:\\\/\\\/www.eldiario.net\\\/portal\\\/#organization\",\"name\":\"El Diario - Decano de la prensa nacional\",\"url\":\"https:\\\/\\\/www.eldiario.net\\\/portal\\\/\",\"logo\":{\"@type\":\"ImageObject\",\"inLanguage\":\"es\",\"@id\":\"https:\\\/\\\/www.eldiario.net\\\/portal\\\/#\\\/schema\\\/logo\\\/image\\\/\",\"url\":\"https:\\\/\\\/www.eldiario.net\\\/portal\\\/wp-content\\\/uploads\\\/2023\\\/07\\\/logo_ED.jpg\",\"contentUrl\":\"https:\\\/\\\/www.eldiario.net\\\/portal\\\/wp-content\\\/uploads\\\/2023\\\/07\\\/logo_ED.jpg\",\"width\":272,\"height\":52,\"caption\":\"El Diario - Decano de la prensa nacional\"},\"image\":{\"@id\":\"https:\\\/\\\/www.eldiario.net\\\/portal\\\/#\\\/schema\\\/logo\\\/image\\\/\"},\"sameAs\":[\"https:\\\/\\\/www.facebook.com\\\/eldiario.bolivia\\\/\",\"https:\\\/\\\/x.com\\\/eldiario_net\"]},{\"@type\":\"Person\",\"@id\":\"https:\\\/\\\/www.eldiario.net\\\/portal\\\/#\\\/schema\\\/person\\\/f46445640444750d7d753ccd04ae01b7\",\"name\":\"Jeanette\",\"image\":{\"@type\":\"ImageObject\",\"inLanguage\":\"es\",\"@id\":\"https:\\\/\\\/secure.gravatar.com\\\/avatar\\\/3ea2118a5f7dad2b7138b1187a6b7ee55f160b9968b66013c3a3ef39dd7e5798?s=96&d=mm&r=g\",\"url\":\"https:\\\/\\\/secure.gravatar.com\\\/avatar\\\/3ea2118a5f7dad2b7138b1187a6b7ee55f160b9968b66013c3a3ef39dd7e5798?s=96&d=mm&r=g\",\"contentUrl\":\"https:\\\/\\\/secure.gravatar.com\\\/avatar\\\/3ea2118a5f7dad2b7138b1187a6b7ee55f160b9968b66013c3a3ef39dd7e5798?s=96&d=mm&r=g\",\"caption\":\"Jeanette\"},\"sameAs\":[\"https:\\\/\\\/www.eldiario.net\\\/portal\"],\"url\":\"https:\\\/\\\/www.eldiario.net\\\/portal\\\/author\\\/jeanette\\\/\"}]}<\/script>\n<!-- \/ Yoast SEO plugin. -->","yoast_head_json":{"title":"Congreso peruano rechaza adelanto electoral planteado por Boluarte - El Diario - Bolivia","robots":{"index":"index","follow":"follow","max-snippet":"max-snippet:-1","max-image-preview":"max-image-preview:large","max-video-preview":"max-video-preview:-1"},"canonical":"https:\/\/www.eldiario.net\/portal\/2022\/12\/17\/congreso-peruano-rechaza-adelanto-electoral-planteado-por-boluarte\/","og_locale":"es_ES","og_type":"article","og_title":"Congreso peruano rechaza adelanto electoral planteado por Boluarte - El Diario - Bolivia","og_description":"El Congreso de la Rep\u00fablica de Per\u00fa rechaz\u00f3 ayer la reforma constitucional que ten\u00eda como finalidad adelantar las elecciones presidenciales a diciembre del 2023, como hab\u00eda propuesto esta misma semana la jefa de Estado, Dina Boluarte. La reforma constitucional formulada apuntaba al adelanto de elecciones generales para diciembre de 2023, y el recorte de los [&hellip;]","og_url":"https:\/\/www.eldiario.net\/portal\/2022\/12\/17\/congreso-peruano-rechaza-adelanto-electoral-planteado-por-boluarte\/","og_site_name":"El Diario - Bolivia","article_publisher":"https:\/\/www.facebook.com\/eldiario.bolivia\/","article_published_time":"2022-12-17T10:05:29+00:00","author":"Jeanette","twitter_card":"summary_large_image","twitter_creator":"@eldiario_net","twitter_site":"@eldiario_net","twitter_misc":{"Escrito por":"Jeanette","Tiempo de lectura":"2 minutos"},"schema":{"@context":"https:\/\/schema.org","@graph":[{"@type":"Article","@id":"https:\/\/www.eldiario.net\/portal\/2022\/12\/17\/congreso-peruano-rechaza-adelanto-electoral-planteado-por-boluarte\/#article","isPartOf":{"@id":"https:\/\/www.eldiario.net\/portal\/2022\/12\/17\/congreso-peruano-rechaza-adelanto-electoral-planteado-por-boluarte\/"},"author":{"name":"Jeanette","@id":"https:\/\/www.eldiario.net\/portal\/#\/schema\/person\/f46445640444750d7d753ccd04ae01b7"},"headline":"Congreso peruano rechaza adelanto electoral planteado por Boluarte","datePublished":"2022-12-17T10:05:29+00:00","mainEntityOfPage":{"@id":"https:\/\/www.eldiario.net\/portal\/2022\/12\/17\/congreso-peruano-rechaza-adelanto-electoral-planteado-por-boluarte\/"},"wordCount":398,"publisher":{"@id":"https:\/\/www.eldiario.net\/portal\/#organization"},"image":{"@id":"https:\/\/www.eldiario.net\/portal\/2022\/12\/17\/congreso-peruano-rechaza-adelanto-electoral-planteado-por-boluarte\/#primaryimage"},"thumbnailUrl":"","articleSection":["Internacional"],"inLanguage":"es"},{"@type":"WebPage","@id":"https:\/\/www.eldiario.net\/portal\/2022\/12\/17\/congreso-peruano-rechaza-adelanto-electoral-planteado-por-boluarte\/","url":"https:\/\/www.eldiario.net\/portal\/2022\/12\/17\/congreso-peruano-rechaza-adelanto-electoral-planteado-por-boluarte\/","name":"Congreso peruano rechaza adelanto electoral planteado por Boluarte - El Diario - Bolivia","isPartOf":{"@id":"https:\/\/www.eldiario.net\/portal\/#website"},"primaryImageOfPage":{"@id":"https:\/\/www.eldiario.net\/portal\/2022\/12\/17\/congreso-peruano-rechaza-adelanto-electoral-planteado-por-boluarte\/#primaryimage"},"image":{"@id":"https:\/\/www.eldiario.net\/portal\/2022\/12\/17\/congreso-peruano-rechaza-adelanto-electoral-planteado-por-boluarte\/#primaryimage"},"thumbnailUrl":"","datePublished":"2022-12-17T10:05:29+00:00","breadcrumb":{"@id":"https:\/\/www.eldiario.net\/portal\/2022\/12\/17\/congreso-peruano-rechaza-adelanto-electoral-planteado-por-boluarte\/#breadcrumb"},"inLanguage":"es","potentialAction":[{"@type":"ReadAction","target":["https:\/\/www.eldiario.net\/portal\/2022\/12\/17\/congreso-peruano-rechaza-adelanto-electoral-planteado-por-boluarte\/"]}]},{"@type":"ImageObject","inLanguage":"es","@id":"https:\/\/www.eldiario.net\/portal\/2022\/12\/17\/congreso-peruano-rechaza-adelanto-electoral-planteado-por-boluarte\/#primaryimage","url":"","contentUrl":""},{"@type":"BreadcrumbList","@id":"https:\/\/www.eldiario.net\/portal\/2022\/12\/17\/congreso-peruano-rechaza-adelanto-electoral-planteado-por-boluarte\/#breadcrumb","itemListElement":[{"@type":"ListItem","position":1,"name":"Portada","item":"https:\/\/www.eldiario.net\/portal\/"},{"@type":"ListItem","position":2,"name":"Congreso peruano rechaza adelanto electoral planteado por Boluarte"}]},{"@type":"WebSite","@id":"https:\/\/www.eldiario.net\/portal\/#website","url":"https:\/\/www.eldiario.net\/portal\/","name":"El Diario - Decano de la prensa nacional","description":"El Diario - Decano de la prensa nacional","publisher":{"@id":"https:\/\/www.eldiario.net\/portal\/#organization"},"potentialAction":[{"@type":"SearchAction","target":{"@type":"EntryPoint","urlTemplate":"https:\/\/www.eldiario.net\/portal\/?s={search_term_string}"},"query-input":{"@type":"PropertyValueSpecification","valueRequired":true,"valueName":"search_term_string"}}],"inLanguage":"es"},{"@type":"Organization","@id":"https:\/\/www.eldiario.net\/portal\/#organization","name":"El Diario - Decano de la prensa nacional","url":"https:\/\/www.eldiario.net\/portal\/","logo":{"@type":"ImageObject","inLanguage":"es","@id":"https:\/\/www.eldiario.net\/portal\/#\/schema\/logo\/image\/","url":"https:\/\/www.eldiario.net\/portal\/wp-content\/uploads\/2023\/07\/logo_ED.jpg","contentUrl":"https:\/\/www.eldiario.net\/portal\/wp-content\/uploads\/2023\/07\/logo_ED.jpg","width":272,"height":52,"caption":"El Diario - Decano de la prensa nacional"},"image":{"@id":"https:\/\/www.eldiario.net\/portal\/#\/schema\/logo\/image\/"},"sameAs":["https:\/\/www.facebook.com\/eldiario.bolivia\/","https:\/\/x.com\/eldiario_net"]},{"@type":"Person","@id":"https:\/\/www.eldiario.net\/portal\/#\/schema\/person\/f46445640444750d7d753ccd04ae01b7","name":"Jeanette","image":{"@type":"ImageObject","inLanguage":"es","@id":"https:\/\/secure.gravatar.com\/avatar\/3ea2118a5f7dad2b7138b1187a6b7ee55f160b9968b66013c3a3ef39dd7e5798?s=96&d=mm&r=g","url":"https:\/\/secure.gravatar.com\/avatar\/3ea2118a5f7dad2b7138b1187a6b7ee55f160b9968b66013c3a3ef39dd7e5798?s=96&d=mm&r=g","contentUrl":"https:\/\/secure.gravatar.com\/avatar\/3ea2118a5f7dad2b7138b1187a6b7ee55f160b9968b66013c3a3ef39dd7e5798?s=96&d=mm&r=g","caption":"Jeanette"},"sameAs":["https:\/\/www.eldiario.net\/portal"],"url":"https:\/\/www.eldiario.net\/portal\/author\/jeanette\/"}]}},"_links":{"self":[{"href":"https:\/\/www.eldiario.net\/portal\/wp-json\/wp\/v2\/posts\/128101","targetHints":{"allow":["GET"]}}],"collection":[{"href":"https:\/\/www.eldiario.net\/portal\/wp-json\/wp\/v2\/posts"}],"about":[{"href":"https:\/\/www.eldiario.net\/portal\/wp-json\/wp\/v2\/types\/post"}],"author":[{"embeddable":true,"href":"https:\/\/www.eldiario.net\/portal\/wp-json\/wp\/v2\/users\/1"}],"replies":[{"embeddable":true,"href":"https:\/\/www.eldiario.net\/portal\/wp-json\/wp\/v2\/comments?post=128101"}],"version-history":[{"count":0,"href":"https:\/\/www.eldiario.net\/portal\/wp-json\/wp\/v2\/posts\/128101\/revisions"}],"wp:attachment":[{"href":"https:\/\/www.eldiario.net\/portal\/wp-json\/wp\/v2\/media?parent=128101"}],"wp:term":[{"taxonomy":"category","embeddable":true,"href":"https:\/\/www.eldiario.net\/portal\/wp-json\/wp\/v2\/categories?post=128101"},{"taxonomy":"post_tag","embeddable":true,"href":"https:\/\/www.eldiario.net\/portal\/wp-json\/wp\/v2\/tags?post=128101"}],"curies":[{"name":"wp","href":"https:\/\/api.w.org\/{rel}","templated":true}]}}