{"id":128098,"date":"2022-12-17T06:04:13","date_gmt":"2022-12-17T10:04:13","guid":{"rendered":"https:\/\/www.eldiario.net\/portal\/?p=128098"},"modified":"2022-12-17T06:04:13","modified_gmt":"2022-12-17T10:04:13","slug":"reportan-18-muertos-y-mas-de-400-heridos-en-7-dias-de-violencia","status":"publish","type":"post","link":"https:\/\/www.eldiario.net\/portal\/2022\/12\/17\/reportan-18-muertos-y-mas-de-400-heridos-en-7-dias-de-violencia\/","title":{"rendered":"Reportan 18 muertos y m\u00e1s de  400 heridos en 7 d\u00edas de violencia"},"content":{"rendered":"<p>Luego de siete d\u00edas de enfrentamientos entre agentes policiales y manifestantes que protestan contra el Congreso de la Rep\u00fablica y a favor del adelanto de elecciones, se reportaron 18 personas fallecidas y m\u00e1s de 400 heridos.<br \/>\nDe acuerdo con las cifras conocidas por la Defensor\u00eda del Pueblo, 12 personas fallecieron en las manifestaciones y seis fueron v\u00edctimas de accidentes de tr\u00e1nsito y hechos vinculados a los bloqueos de v\u00edas. Hasta el momento, Ayacucho se convierte en la regi\u00f3n con el n\u00famero mayor de muertos con siete, de acuerdo con la informaci\u00f3n de la Direcci\u00f3n Regional de Salud (Diresa).<br \/>\nSe conoci\u00f3 que un menor de edad falleci\u00f3 al no llegar al Instituto Nacional del Ni\u00f1o de San Borja, donde deb\u00eda ser operado de urgencia. Sin embargo, por el cierre de carreteras, la ambulancia no logr\u00f3 llegar a su destino en Lima desde Huancavelica.<br \/>\nAsimismo, tambi\u00e9n se conoci\u00f3 que dos v\u00edctimas mortales eran menores de edad en Andahuaylas, Apur\u00edmac. En algunas provincias, a\u00fan no se conoce la identidad de los fallecidos, pero se espera que en las pr\u00f3ximas horas se confirmar\u00eda.<br \/>\nPor el lado de los heridos, la Defensor\u00eda del Pueblo indic\u00f3 que hasta el momento se conoce de 210 civiles y 216 miembros de la Polic\u00eda Nacional del Per\u00fa heridos.<br \/>\nAsimismo, informaron que en total hasta el momento se reportaron 96 puntos de bloqueos, 59 marchas y plantones, as\u00ed como 13 paralizaciones parciales y totales en provincias ubicadas en los departamentos de \u00c1ncash, Ayacucho, Cajamarca, Cusco, Moquegua, Puno y San Mart\u00edn.<br \/>\nTOMA DE AEROPUERTO<br \/>\nLas cifras de heridos y fallecidos, fueron en aumento tras conocer el intento de tomar el aeropuerto de Alfredo Mend\u00edvil Duarte, en Huamanga, Ayacucho. Donde se procedi\u00f3 a informar que tres grupos de manifestantes se hab\u00edan distribuido alrededor de este territorio, por lo cual los militares junto a los agentes policiales tuvieron que reprimirlos.<br \/>\nAl conocerse las cifras que iban ascendiendo, la defensora de Pueblo, Eliana Revollar, pidi\u00f3 a los manifestantes que marchen de manera pac\u00edfica y exhort\u00f3 a no utilizar art\u00edculos<br \/>\n\u201cMe informaron que helic\u00f3pteros sobrevolaban la ciudad, lanzando bombas lacrim\u00f3genas. Esta situaci\u00f3n genera un recuerdo muy doloroso en Huamanga, ah\u00ed hemos sufrido el terrorismo. El Ej\u00e9rcito peruano va en apoyo a la polic\u00eda, quien tiene el control del orden p\u00fablico\u201d, se\u00f1al\u00f3 la funcionaria.<br \/>\nMEDIDAS DEL GOBIERNO<br \/>\nEl gobierno de Dina Boluarte dispuso el Estado de Emergencia por 30 d\u00edas a nivel nacional. En su primer d\u00eda, la cifra de fallecidos ha subido a nueve personas y decenas de heridos en Ayacucho y La Libertad.<br \/>\nEsta medida se tom\u00f3 para restablecer el orden p\u00fablico ante los actos vand\u00e1licos que se reportaron. Sin embargo, posteriormente se anunci\u00f3 toque de queda en 15 provincias que se encuentran en estado cr\u00edtico. (Infobae).<\/p>\n","protected":false},"excerpt":{"rendered":"<p>Luego de siete d\u00edas de enfrentamientos entre agentes policiales y manifestantes que protestan contra el Congreso de la Rep\u00fablica y a favor del adelanto de elecciones, se reportaron 18 personas fallecidas y m\u00e1s de 400 heridos. De acuerdo con las cifras conocidas por la Defensor\u00eda del Pueblo, 12 personas fallecieron en las manifestaciones y seis [&hellip;]<\/p>\n","protected":false},"author":1,"featured_media":128099,"comment_status":"closed","ping_status":"closed","sticky":false,"template":"","format":"standard","meta":{"_acf_changed":false,"footnotes":""},"categories":[3],"tags":[],"class_list":["post-128098","post","type-post","status-publish","format-standard","has-post-thumbnail","category-internacional"],"acf":{"antetitulo":""},"yoast_head":"<!-- This site is optimized with the Yoast SEO plugin v28.4 - https:\/\/yoast.com\/product\/yoast-seo-wordpress\/ -->\n<title>Reportan 18 muertos y m\u00e1s de 400 heridos en 7 d\u00edas de violencia - El Diario - Bolivia<\/title>\n<meta name=\"robots\" content=\"index, follow, max-snippet:-1, max-image-preview:large, max-video-preview:-1\" \/>\n<link rel=\"canonical\" href=\"https:\/\/www.eldiario.net\/portal\/2022\/12\/17\/reportan-18-muertos-y-mas-de-400-heridos-en-7-dias-de-violencia\/\" \/>\n<meta property=\"og:locale\" content=\"es_ES\" \/>\n<meta property=\"og:type\" content=\"article\" \/>\n<meta property=\"og:title\" content=\"Reportan 18 muertos y m\u00e1s de 400 heridos en 7 d\u00edas de violencia - El Diario - Bolivia\" \/>\n<meta property=\"og:description\" content=\"Luego de siete d\u00edas de enfrentamientos entre agentes policiales y manifestantes que protestan contra el Congreso de la Rep\u00fablica y a favor del adelanto de elecciones, se reportaron 18 personas fallecidas y m\u00e1s de 400 heridos. De acuerdo con las cifras conocidas por la Defensor\u00eda del Pueblo, 12 personas fallecieron en las manifestaciones y seis [&hellip;]\" \/>\n<meta property=\"og:url\" content=\"https:\/\/www.eldiario.net\/portal\/2022\/12\/17\/reportan-18-muertos-y-mas-de-400-heridos-en-7-dias-de-violencia\/\" \/>\n<meta property=\"og:site_name\" content=\"El Diario - Bolivia\" \/>\n<meta property=\"article:publisher\" content=\"https:\/\/www.facebook.com\/eldiario.bolivia\/\" \/>\n<meta property=\"article:published_time\" content=\"2022-12-17T10:04:13+00:00\" \/>\n<meta name=\"author\" content=\"Jeanette\" \/>\n<meta name=\"twitter:card\" content=\"summary_large_image\" \/>\n<meta name=\"twitter:creator\" content=\"@eldiario_net\" \/>\n<meta name=\"twitter:site\" content=\"@eldiario_net\" \/>\n<meta name=\"twitter:label1\" content=\"Escrito por\" \/>\n\t<meta name=\"twitter:data1\" content=\"Jeanette\" \/>\n\t<meta name=\"twitter:label2\" content=\"Tiempo de lectura\" \/>\n\t<meta name=\"twitter:data2\" content=\"3 minutos\" \/>\n<script type=\"application\/ld+json\" class=\"yoast-schema-graph\">{\"@context\":\"https:\\\/\\\/schema.org\",\"@graph\":[{\"@type\":\"Article\",\"@id\":\"https:\\\/\\\/www.eldiario.net\\\/portal\\\/2022\\\/12\\\/17\\\/reportan-18-muertos-y-mas-de-400-heridos-en-7-dias-de-violencia\\\/#article\",\"isPartOf\":{\"@id\":\"https:\\\/\\\/www.eldiario.net\\\/portal\\\/2022\\\/12\\\/17\\\/reportan-18-muertos-y-mas-de-400-heridos-en-7-dias-de-violencia\\\/\"},\"author\":{\"name\":\"Jeanette\",\"@id\":\"https:\\\/\\\/www.eldiario.net\\\/portal\\\/#\\\/schema\\\/person\\\/f46445640444750d7d753ccd04ae01b7\"},\"headline\":\"Reportan 18 muertos y m\u00e1s de 400 heridos en 7 d\u00edas de violencia\",\"datePublished\":\"2022-12-17T10:04:13+00:00\",\"mainEntityOfPage\":{\"@id\":\"https:\\\/\\\/www.eldiario.net\\\/portal\\\/2022\\\/12\\\/17\\\/reportan-18-muertos-y-mas-de-400-heridos-en-7-dias-de-violencia\\\/\"},\"wordCount\":493,\"publisher\":{\"@id\":\"https:\\\/\\\/www.eldiario.net\\\/portal\\\/#organization\"},\"image\":{\"@id\":\"https:\\\/\\\/www.eldiario.net\\\/portal\\\/2022\\\/12\\\/17\\\/reportan-18-muertos-y-mas-de-400-heridos-en-7-dias-de-violencia\\\/#primaryimage\"},\"thumbnailUrl\":\"\",\"articleSection\":[\"Internacional\"],\"inLanguage\":\"es\"},{\"@type\":\"WebPage\",\"@id\":\"https:\\\/\\\/www.eldiario.net\\\/portal\\\/2022\\\/12\\\/17\\\/reportan-18-muertos-y-mas-de-400-heridos-en-7-dias-de-violencia\\\/\",\"url\":\"https:\\\/\\\/www.eldiario.net\\\/portal\\\/2022\\\/12\\\/17\\\/reportan-18-muertos-y-mas-de-400-heridos-en-7-dias-de-violencia\\\/\",\"name\":\"Reportan 18 muertos y m\u00e1s de 400 heridos en 7 d\u00edas de violencia - El Diario - Bolivia\",\"isPartOf\":{\"@id\":\"https:\\\/\\\/www.eldiario.net\\\/portal\\\/#website\"},\"primaryImageOfPage\":{\"@id\":\"https:\\\/\\\/www.eldiario.net\\\/portal\\\/2022\\\/12\\\/17\\\/reportan-18-muertos-y-mas-de-400-heridos-en-7-dias-de-violencia\\\/#primaryimage\"},\"image\":{\"@id\":\"https:\\\/\\\/www.eldiario.net\\\/portal\\\/2022\\\/12\\\/17\\\/reportan-18-muertos-y-mas-de-400-heridos-en-7-dias-de-violencia\\\/#primaryimage\"},\"thumbnailUrl\":\"\",\"datePublished\":\"2022-12-17T10:04:13+00:00\",\"breadcrumb\":{\"@id\":\"https:\\\/\\\/www.eldiario.net\\\/portal\\\/2022\\\/12\\\/17\\\/reportan-18-muertos-y-mas-de-400-heridos-en-7-dias-de-violencia\\\/#breadcrumb\"},\"inLanguage\":\"es\",\"potentialAction\":[{\"@type\":\"ReadAction\",\"target\":[\"https:\\\/\\\/www.eldiario.net\\\/portal\\\/2022\\\/12\\\/17\\\/reportan-18-muertos-y-mas-de-400-heridos-en-7-dias-de-violencia\\\/\"]}]},{\"@type\":\"ImageObject\",\"inLanguage\":\"es\",\"@id\":\"https:\\\/\\\/www.eldiario.net\\\/portal\\\/2022\\\/12\\\/17\\\/reportan-18-muertos-y-mas-de-400-heridos-en-7-dias-de-violencia\\\/#primaryimage\",\"url\":\"\",\"contentUrl\":\"\"},{\"@type\":\"BreadcrumbList\",\"@id\":\"https:\\\/\\\/www.eldiario.net\\\/portal\\\/2022\\\/12\\\/17\\\/reportan-18-muertos-y-mas-de-400-heridos-en-7-dias-de-violencia\\\/#breadcrumb\",\"itemListElement\":[{\"@type\":\"ListItem\",\"position\":1,\"name\":\"Portada\",\"item\":\"https:\\\/\\\/www.eldiario.net\\\/portal\\\/\"},{\"@type\":\"ListItem\",\"position\":2,\"name\":\"Reportan 18 muertos y m\u00e1s de 400 heridos en 7 d\u00edas de violencia\"}]},{\"@type\":\"WebSite\",\"@id\":\"https:\\\/\\\/www.eldiario.net\\\/portal\\\/#website\",\"url\":\"https:\\\/\\\/www.eldiario.net\\\/portal\\\/\",\"name\":\"El Diario - Decano de la prensa nacional\",\"description\":\"El Diario - Decano de la prensa nacional\",\"publisher\":{\"@id\":\"https:\\\/\\\/www.eldiario.net\\\/portal\\\/#organization\"},\"potentialAction\":[{\"@type\":\"SearchAction\",\"target\":{\"@type\":\"EntryPoint\",\"urlTemplate\":\"https:\\\/\\\/www.eldiario.net\\\/portal\\\/?s={search_term_string}\"},\"query-input\":{\"@type\":\"PropertyValueSpecification\",\"valueRequired\":true,\"valueName\":\"search_term_string\"}}],\"inLanguage\":\"es\"},{\"@type\":\"Organization\",\"@id\":\"https:\\\/\\\/www.eldiario.net\\\/portal\\\/#organization\",\"name\":\"El Diario - Decano de la prensa nacional\",\"url\":\"https:\\\/\\\/www.eldiario.net\\\/portal\\\/\",\"logo\":{\"@type\":\"ImageObject\",\"inLanguage\":\"es\",\"@id\":\"https:\\\/\\\/www.eldiario.net\\\/portal\\\/#\\\/schema\\\/logo\\\/image\\\/\",\"url\":\"https:\\\/\\\/www.eldiario.net\\\/portal\\\/wp-content\\\/uploads\\\/2023\\\/07\\\/logo_ED.jpg\",\"contentUrl\":\"https:\\\/\\\/www.eldiario.net\\\/portal\\\/wp-content\\\/uploads\\\/2023\\\/07\\\/logo_ED.jpg\",\"width\":272,\"height\":52,\"caption\":\"El Diario - Decano de la prensa nacional\"},\"image\":{\"@id\":\"https:\\\/\\\/www.eldiario.net\\\/portal\\\/#\\\/schema\\\/logo\\\/image\\\/\"},\"sameAs\":[\"https:\\\/\\\/www.facebook.com\\\/eldiario.bolivia\\\/\",\"https:\\\/\\\/x.com\\\/eldiario_net\"]},{\"@type\":\"Person\",\"@id\":\"https:\\\/\\\/www.eldiario.net\\\/portal\\\/#\\\/schema\\\/person\\\/f46445640444750d7d753ccd04ae01b7\",\"name\":\"Jeanette\",\"image\":{\"@type\":\"ImageObject\",\"inLanguage\":\"es\",\"@id\":\"https:\\\/\\\/secure.gravatar.com\\\/avatar\\\/3ea2118a5f7dad2b7138b1187a6b7ee55f160b9968b66013c3a3ef39dd7e5798?s=96&d=mm&r=g\",\"url\":\"https:\\\/\\\/secure.gravatar.com\\\/avatar\\\/3ea2118a5f7dad2b7138b1187a6b7ee55f160b9968b66013c3a3ef39dd7e5798?s=96&d=mm&r=g\",\"contentUrl\":\"https:\\\/\\\/secure.gravatar.com\\\/avatar\\\/3ea2118a5f7dad2b7138b1187a6b7ee55f160b9968b66013c3a3ef39dd7e5798?s=96&d=mm&r=g\",\"caption\":\"Jeanette\"},\"sameAs\":[\"https:\\\/\\\/www.eldiario.net\\\/portal\"],\"url\":\"https:\\\/\\\/www.eldiario.net\\\/portal\\\/author\\\/jeanette\\\/\"}]}<\/script>\n<!-- \/ Yoast SEO plugin. -->","yoast_head_json":{"title":"Reportan 18 muertos y m\u00e1s de 400 heridos en 7 d\u00edas de violencia - El Diario - Bolivia","robots":{"index":"index","follow":"follow","max-snippet":"max-snippet:-1","max-image-preview":"max-image-preview:large","max-video-preview":"max-video-preview:-1"},"canonical":"https:\/\/www.eldiario.net\/portal\/2022\/12\/17\/reportan-18-muertos-y-mas-de-400-heridos-en-7-dias-de-violencia\/","og_locale":"es_ES","og_type":"article","og_title":"Reportan 18 muertos y m\u00e1s de 400 heridos en 7 d\u00edas de violencia - El Diario - Bolivia","og_description":"Luego de siete d\u00edas de enfrentamientos entre agentes policiales y manifestantes que protestan contra el Congreso de la Rep\u00fablica y a favor del adelanto de elecciones, se reportaron 18 personas fallecidas y m\u00e1s de 400 heridos. De acuerdo con las cifras conocidas por la Defensor\u00eda del Pueblo, 12 personas fallecieron en las manifestaciones y seis [&hellip;]","og_url":"https:\/\/www.eldiario.net\/portal\/2022\/12\/17\/reportan-18-muertos-y-mas-de-400-heridos-en-7-dias-de-violencia\/","og_site_name":"El Diario - Bolivia","article_publisher":"https:\/\/www.facebook.com\/eldiario.bolivia\/","article_published_time":"2022-12-17T10:04:13+00:00","author":"Jeanette","twitter_card":"summary_large_image","twitter_creator":"@eldiario_net","twitter_site":"@eldiario_net","twitter_misc":{"Escrito por":"Jeanette","Tiempo de lectura":"3 minutos"},"schema":{"@context":"https:\/\/schema.org","@graph":[{"@type":"Article","@id":"https:\/\/www.eldiario.net\/portal\/2022\/12\/17\/reportan-18-muertos-y-mas-de-400-heridos-en-7-dias-de-violencia\/#article","isPartOf":{"@id":"https:\/\/www.eldiario.net\/portal\/2022\/12\/17\/reportan-18-muertos-y-mas-de-400-heridos-en-7-dias-de-violencia\/"},"author":{"name":"Jeanette","@id":"https:\/\/www.eldiario.net\/portal\/#\/schema\/person\/f46445640444750d7d753ccd04ae01b7"},"headline":"Reportan 18 muertos y m\u00e1s de 400 heridos en 7 d\u00edas de violencia","datePublished":"2022-12-17T10:04:13+00:00","mainEntityOfPage":{"@id":"https:\/\/www.eldiario.net\/portal\/2022\/12\/17\/reportan-18-muertos-y-mas-de-400-heridos-en-7-dias-de-violencia\/"},"wordCount":493,"publisher":{"@id":"https:\/\/www.eldiario.net\/portal\/#organization"},"image":{"@id":"https:\/\/www.eldiario.net\/portal\/2022\/12\/17\/reportan-18-muertos-y-mas-de-400-heridos-en-7-dias-de-violencia\/#primaryimage"},"thumbnailUrl":"","articleSection":["Internacional"],"inLanguage":"es"},{"@type":"WebPage","@id":"https:\/\/www.eldiario.net\/portal\/2022\/12\/17\/reportan-18-muertos-y-mas-de-400-heridos-en-7-dias-de-violencia\/","url":"https:\/\/www.eldiario.net\/portal\/2022\/12\/17\/reportan-18-muertos-y-mas-de-400-heridos-en-7-dias-de-violencia\/","name":"Reportan 18 muertos y m\u00e1s de 400 heridos en 7 d\u00edas de violencia - El Diario - Bolivia","isPartOf":{"@id":"https:\/\/www.eldiario.net\/portal\/#website"},"primaryImageOfPage":{"@id":"https:\/\/www.eldiario.net\/portal\/2022\/12\/17\/reportan-18-muertos-y-mas-de-400-heridos-en-7-dias-de-violencia\/#primaryimage"},"image":{"@id":"https:\/\/www.eldiario.net\/portal\/2022\/12\/17\/reportan-18-muertos-y-mas-de-400-heridos-en-7-dias-de-violencia\/#primaryimage"},"thumbnailUrl":"","datePublished":"2022-12-17T10:04:13+00:00","breadcrumb":{"@id":"https:\/\/www.eldiario.net\/portal\/2022\/12\/17\/reportan-18-muertos-y-mas-de-400-heridos-en-7-dias-de-violencia\/#breadcrumb"},"inLanguage":"es","potentialAction":[{"@type":"ReadAction","target":["https:\/\/www.eldiario.net\/portal\/2022\/12\/17\/reportan-18-muertos-y-mas-de-400-heridos-en-7-dias-de-violencia\/"]}]},{"@type":"ImageObject","inLanguage":"es","@id":"https:\/\/www.eldiario.net\/portal\/2022\/12\/17\/reportan-18-muertos-y-mas-de-400-heridos-en-7-dias-de-violencia\/#primaryimage","url":"","contentUrl":""},{"@type":"BreadcrumbList","@id":"https:\/\/www.eldiario.net\/portal\/2022\/12\/17\/reportan-18-muertos-y-mas-de-400-heridos-en-7-dias-de-violencia\/#breadcrumb","itemListElement":[{"@type":"ListItem","position":1,"name":"Portada","item":"https:\/\/www.eldiario.net\/portal\/"},{"@type":"ListItem","position":2,"name":"Reportan 18 muertos y m\u00e1s de 400 heridos en 7 d\u00edas de violencia"}]},{"@type":"WebSite","@id":"https:\/\/www.eldiario.net\/portal\/#website","url":"https:\/\/www.eldiario.net\/portal\/","name":"El Diario - Decano de la prensa nacional","description":"El Diario - Decano de la prensa nacional","publisher":{"@id":"https:\/\/www.eldiario.net\/portal\/#organization"},"potentialAction":[{"@type":"SearchAction","target":{"@type":"EntryPoint","urlTemplate":"https:\/\/www.eldiario.net\/portal\/?s={search_term_string}"},"query-input":{"@type":"PropertyValueSpecification","valueRequired":true,"valueName":"search_term_string"}}],"inLanguage":"es"},{"@type":"Organization","@id":"https:\/\/www.eldiario.net\/portal\/#organization","name":"El Diario - Decano de la prensa nacional","url":"https:\/\/www.eldiario.net\/portal\/","logo":{"@type":"ImageObject","inLanguage":"es","@id":"https:\/\/www.eldiario.net\/portal\/#\/schema\/logo\/image\/","url":"https:\/\/www.eldiario.net\/portal\/wp-content\/uploads\/2023\/07\/logo_ED.jpg","contentUrl":"https:\/\/www.eldiario.net\/portal\/wp-content\/uploads\/2023\/07\/logo_ED.jpg","width":272,"height":52,"caption":"El Diario - Decano de la prensa nacional"},"image":{"@id":"https:\/\/www.eldiario.net\/portal\/#\/schema\/logo\/image\/"},"sameAs":["https:\/\/www.facebook.com\/eldiario.bolivia\/","https:\/\/x.com\/eldiario_net"]},{"@type":"Person","@id":"https:\/\/www.eldiario.net\/portal\/#\/schema\/person\/f46445640444750d7d753ccd04ae01b7","name":"Jeanette","image":{"@type":"ImageObject","inLanguage":"es","@id":"https:\/\/secure.gravatar.com\/avatar\/3ea2118a5f7dad2b7138b1187a6b7ee55f160b9968b66013c3a3ef39dd7e5798?s=96&d=mm&r=g","url":"https:\/\/secure.gravatar.com\/avatar\/3ea2118a5f7dad2b7138b1187a6b7ee55f160b9968b66013c3a3ef39dd7e5798?s=96&d=mm&r=g","contentUrl":"https:\/\/secure.gravatar.com\/avatar\/3ea2118a5f7dad2b7138b1187a6b7ee55f160b9968b66013c3a3ef39dd7e5798?s=96&d=mm&r=g","caption":"Jeanette"},"sameAs":["https:\/\/www.eldiario.net\/portal"],"url":"https:\/\/www.eldiario.net\/portal\/author\/jeanette\/"}]}},"_links":{"self":[{"href":"https:\/\/www.eldiario.net\/portal\/wp-json\/wp\/v2\/posts\/128098","targetHints":{"allow":["GET"]}}],"collection":[{"href":"https:\/\/www.eldiario.net\/portal\/wp-json\/wp\/v2\/posts"}],"about":[{"href":"https:\/\/www.eldiario.net\/portal\/wp-json\/wp\/v2\/types\/post"}],"author":[{"embeddable":true,"href":"https:\/\/www.eldiario.net\/portal\/wp-json\/wp\/v2\/users\/1"}],"replies":[{"embeddable":true,"href":"https:\/\/www.eldiario.net\/portal\/wp-json\/wp\/v2\/comments?post=128098"}],"version-history":[{"count":0,"href":"https:\/\/www.eldiario.net\/portal\/wp-json\/wp\/v2\/posts\/128098\/revisions"}],"wp:attachment":[{"href":"https:\/\/www.eldiario.net\/portal\/wp-json\/wp\/v2\/media?parent=128098"}],"wp:term":[{"taxonomy":"category","embeddable":true,"href":"https:\/\/www.eldiario.net\/portal\/wp-json\/wp\/v2\/categories?post=128098"},{"taxonomy":"post_tag","embeddable":true,"href":"https:\/\/www.eldiario.net\/portal\/wp-json\/wp\/v2\/tags?post=128098"}],"curies":[{"name":"wp","href":"https:\/\/api.w.org\/{rel}","templated":true}]}}