{"id":128095,"date":"2022-12-17T06:03:03","date_gmt":"2022-12-17T10:03:03","guid":{"rendered":"https:\/\/www.eldiario.net\/portal\/?p=128095"},"modified":"2022-12-17T06:03:03","modified_gmt":"2022-12-17T10:03:03","slug":"escondidos-en-sus-hoteles-y-sin-dinero-para-comer-por-protestas","status":"publish","type":"post","link":"https:\/\/www.eldiario.net\/portal\/2022\/12\/17\/escondidos-en-sus-hoteles-y-sin-dinero-para-comer-por-protestas\/","title":{"rendered":"Escondidos en sus hoteles y sin  dinero para comer por protestas"},"content":{"rendered":"<p>Los visitantes est\u00e1n a la espera de un viaje humanitario que les permita regresar a sus hogares en medio de las manifestaciones a nivel nacional.<br \/>\nGolpe al sector turismo. La crisis en Per\u00fa a causa de las protestas a nivel nacional tuvo r\u00e9plica en los visitantes que llegaron al pa\u00eds para visitar algunos destinos tur\u00edsticos. La actividad de los manifestantes ocasion\u00f3 un caos que interfiri\u00f3 en los vuelos e ingresos a los aeropuertos.<br \/>\nCusco es uno de los lugares m\u00e1s afectados por la cantidad de turistas, nacionales y extranjeros, que recibe. A la fecha, se sabe que son m\u00e1s de 200 los que se encuentran varados sin poder retornar a sus hogares. Estos esperan que se habiliten los aeropuertos para escapar de los enfrentamientos que iniciaron el pasado 7 de diciembre con el autogolpe de Pedro Castillo.<br \/>\nSon varios casos que fueron reportados de ciudadanos que se vieron obligados a dormir en el aeropuerto y entradas de las estaciones de tren porque ya no poseen dinero para continuar pagando un hotel. La Defensor\u00eda del Pueblo inform\u00f3 que hasta el momento, hay 12 muertos en enfrentamientos y 6 por accidentes en las v\u00edas bloqueadas, dejando un total de 18 fallecidos.<br \/>\nSIN ALIMENTOS Y ESCONDIDOS EN HOTELES<br \/>\nLa situaci\u00f3n que est\u00e1 viviendo el pa\u00eds tambi\u00e9n afect\u00f3 las actividades tur\u00edsticas, nacionales y extranjeros no tienen claro cu\u00e1ndo podr\u00e1n viajar y regresar a sus hogares. Los medios de comunicaci\u00f3n de la localidad reunieron testimonios de afectados con la crisis pol\u00edtica y social.<br \/>\nEntre las voces se recogi\u00f3 el llamado del costarricense Carlos Quiroz Morales. Este visitante convers\u00f3 con el portal Desaf\u00edos Cusco, manifestando que existen muchos derechos cercenados, adem\u00e1s de estar en una duda constante de que si su condici\u00f3n cambiar\u00e1 y podr\u00e1 estar con sus seres queridos en Navidad.<br \/>\n\u201cEstoy varado desde el lunes. Estuve en Ica desde el martes, cinco d\u00edas. No he tenido comunicaci\u00f3n con la embajada de Costa Rica. Como ciudadano, como latinoamericano, respetamos la inquietud de los pueblos, que se manifiesten, pero somos un sin n\u00famero de turistas. Ya estamos desesperados. Yo soy discapacitado, tengo varias enfermedades y ya no tengo medicamentos. Solo en mi pa\u00eds me los proporcionan. Ya he perdido el vuelo de hoy que es hacia Lima. No tengo dinero, en el hospedaje nos est\u00e1n ayudando con alimento. Honestamente, nos tienen secuestrados ac\u00e1. No entiendo porque las autoridades no abren el aeropuerto y nos dan la prioridad que merecemos\u201d, dijo un afectado.<br \/>\nSIN DINERO Y ESPERANDO VUELO HUMANITARIO<br \/>\nLa bolsa de viaje que cada uno de los visitantes reuni\u00f3 tuvo que emplearse en la compra de productos de primera necesidad. Muchos de ellos tomaron la decisi\u00f3n de no salir de los hoteles para no verse en medio de los enfrentamientos de los efectivos del orden y manifestantes.<br \/>\nEl noticiero de Panamericana TV recogi\u00f3 m\u00e1s testimonios. Estos indicaban que las aerol\u00edneas a\u00fan no les brindaron alg\u00fan tipo de asesor\u00eda para conocer qu\u00e9 soluci\u00f3n les pueden brindar. Desde Cusco y otras ciudades se hizo un llamado a las embajadas para que puedan habilitar vuelos humanitarios que los saquen de las zonas donde se avivaron las manifestaciones.<br \/>\nUn reporte de RPP sostiene que un turista estar\u00eda gastando alrededor de S\/250 al d\u00eda para cubrir sus alimentos, bebidas y otras necesidades. Es importante que los varados puedan comunicarse con las aerol\u00edneas contratadas para conocer los pasos a realizar y poder abordar un avi\u00f3n apenas se retomen las actividades en los aeropuertos.<br \/>\nPor medio de sus redes sociales, el gobierno regional de Cusco dio a conocer que se est\u00e1 brindando asistencia a los visitantes que se encuentran varados en el aeropuerto a causa de las manifestaciones organizadas en la regi\u00f3n. (Infobae).<\/p>\n","protected":false},"excerpt":{"rendered":"<p>Los visitantes est\u00e1n a la espera de un viaje humanitario que les permita regresar a sus hogares en medio de las manifestaciones a nivel nacional. Golpe al sector turismo. La crisis en Per\u00fa a causa de las protestas a nivel nacional tuvo r\u00e9plica en los visitantes que llegaron al pa\u00eds para visitar algunos destinos tur\u00edsticos. [&hellip;]<\/p>\n","protected":false},"author":1,"featured_media":128096,"comment_status":"closed","ping_status":"closed","sticky":false,"template":"","format":"standard","meta":{"_acf_changed":false,"footnotes":""},"categories":[3],"tags":[],"class_list":["post-128095","post","type-post","status-publish","format-standard","has-post-thumbnail","category-internacional"],"acf":{"antetitulo":""},"yoast_head":"<!-- This site is optimized with the Yoast SEO plugin v28.3 - https:\/\/yoast.com\/product\/yoast-seo-wordpress\/ -->\n<title>Escondidos en sus hoteles y sin dinero para comer por protestas - El Diario - Bolivia<\/title>\n<meta name=\"robots\" content=\"index, follow, max-snippet:-1, max-image-preview:large, max-video-preview:-1\" \/>\n<link rel=\"canonical\" href=\"https:\/\/www.eldiario.net\/portal\/2022\/12\/17\/escondidos-en-sus-hoteles-y-sin-dinero-para-comer-por-protestas\/\" \/>\n<meta property=\"og:locale\" content=\"es_ES\" \/>\n<meta property=\"og:type\" content=\"article\" \/>\n<meta property=\"og:title\" content=\"Escondidos en sus hoteles y sin dinero para comer por protestas - El Diario - Bolivia\" \/>\n<meta property=\"og:description\" content=\"Los visitantes est\u00e1n a la espera de un viaje humanitario que les permita regresar a sus hogares en medio de las manifestaciones a nivel nacional. Golpe al sector turismo. La crisis en Per\u00fa a causa de las protestas a nivel nacional tuvo r\u00e9plica en los visitantes que llegaron al pa\u00eds para visitar algunos destinos tur\u00edsticos. [&hellip;]\" \/>\n<meta property=\"og:url\" content=\"https:\/\/www.eldiario.net\/portal\/2022\/12\/17\/escondidos-en-sus-hoteles-y-sin-dinero-para-comer-por-protestas\/\" \/>\n<meta property=\"og:site_name\" content=\"El Diario - Bolivia\" \/>\n<meta property=\"article:publisher\" content=\"https:\/\/www.facebook.com\/eldiario.bolivia\/\" \/>\n<meta property=\"article:published_time\" content=\"2022-12-17T10:03:03+00:00\" \/>\n<meta name=\"author\" content=\"Jeanette\" \/>\n<meta name=\"twitter:card\" content=\"summary_large_image\" \/>\n<meta name=\"twitter:creator\" content=\"@eldiario_net\" \/>\n<meta name=\"twitter:site\" content=\"@eldiario_net\" \/>\n<meta name=\"twitter:label1\" content=\"Escrito por\" \/>\n\t<meta name=\"twitter:data1\" content=\"Jeanette\" \/>\n\t<meta name=\"twitter:label2\" content=\"Tiempo de lectura\" \/>\n\t<meta name=\"twitter:data2\" content=\"3 minutos\" \/>\n<script type=\"application\/ld+json\" class=\"yoast-schema-graph\">{\"@context\":\"https:\\\/\\\/schema.org\",\"@graph\":[{\"@type\":\"Article\",\"@id\":\"https:\\\/\\\/www.eldiario.net\\\/portal\\\/2022\\\/12\\\/17\\\/escondidos-en-sus-hoteles-y-sin-dinero-para-comer-por-protestas\\\/#article\",\"isPartOf\":{\"@id\":\"https:\\\/\\\/www.eldiario.net\\\/portal\\\/2022\\\/12\\\/17\\\/escondidos-en-sus-hoteles-y-sin-dinero-para-comer-por-protestas\\\/\"},\"author\":{\"name\":\"Jeanette\",\"@id\":\"https:\\\/\\\/www.eldiario.net\\\/portal\\\/#\\\/schema\\\/person\\\/f46445640444750d7d753ccd04ae01b7\"},\"headline\":\"Escondidos en sus hoteles y sin dinero para comer por protestas\",\"datePublished\":\"2022-12-17T10:03:03+00:00\",\"mainEntityOfPage\":{\"@id\":\"https:\\\/\\\/www.eldiario.net\\\/portal\\\/2022\\\/12\\\/17\\\/escondidos-en-sus-hoteles-y-sin-dinero-para-comer-por-protestas\\\/\"},\"wordCount\":652,\"publisher\":{\"@id\":\"https:\\\/\\\/www.eldiario.net\\\/portal\\\/#organization\"},\"image\":{\"@id\":\"https:\\\/\\\/www.eldiario.net\\\/portal\\\/2022\\\/12\\\/17\\\/escondidos-en-sus-hoteles-y-sin-dinero-para-comer-por-protestas\\\/#primaryimage\"},\"thumbnailUrl\":\"\",\"articleSection\":[\"Internacional\"],\"inLanguage\":\"es\"},{\"@type\":\"WebPage\",\"@id\":\"https:\\\/\\\/www.eldiario.net\\\/portal\\\/2022\\\/12\\\/17\\\/escondidos-en-sus-hoteles-y-sin-dinero-para-comer-por-protestas\\\/\",\"url\":\"https:\\\/\\\/www.eldiario.net\\\/portal\\\/2022\\\/12\\\/17\\\/escondidos-en-sus-hoteles-y-sin-dinero-para-comer-por-protestas\\\/\",\"name\":\"Escondidos en sus hoteles y sin dinero para comer por protestas - El Diario - Bolivia\",\"isPartOf\":{\"@id\":\"https:\\\/\\\/www.eldiario.net\\\/portal\\\/#website\"},\"primaryImageOfPage\":{\"@id\":\"https:\\\/\\\/www.eldiario.net\\\/portal\\\/2022\\\/12\\\/17\\\/escondidos-en-sus-hoteles-y-sin-dinero-para-comer-por-protestas\\\/#primaryimage\"},\"image\":{\"@id\":\"https:\\\/\\\/www.eldiario.net\\\/portal\\\/2022\\\/12\\\/17\\\/escondidos-en-sus-hoteles-y-sin-dinero-para-comer-por-protestas\\\/#primaryimage\"},\"thumbnailUrl\":\"\",\"datePublished\":\"2022-12-17T10:03:03+00:00\",\"breadcrumb\":{\"@id\":\"https:\\\/\\\/www.eldiario.net\\\/portal\\\/2022\\\/12\\\/17\\\/escondidos-en-sus-hoteles-y-sin-dinero-para-comer-por-protestas\\\/#breadcrumb\"},\"inLanguage\":\"es\",\"potentialAction\":[{\"@type\":\"ReadAction\",\"target\":[\"https:\\\/\\\/www.eldiario.net\\\/portal\\\/2022\\\/12\\\/17\\\/escondidos-en-sus-hoteles-y-sin-dinero-para-comer-por-protestas\\\/\"]}]},{\"@type\":\"ImageObject\",\"inLanguage\":\"es\",\"@id\":\"https:\\\/\\\/www.eldiario.net\\\/portal\\\/2022\\\/12\\\/17\\\/escondidos-en-sus-hoteles-y-sin-dinero-para-comer-por-protestas\\\/#primaryimage\",\"url\":\"\",\"contentUrl\":\"\"},{\"@type\":\"BreadcrumbList\",\"@id\":\"https:\\\/\\\/www.eldiario.net\\\/portal\\\/2022\\\/12\\\/17\\\/escondidos-en-sus-hoteles-y-sin-dinero-para-comer-por-protestas\\\/#breadcrumb\",\"itemListElement\":[{\"@type\":\"ListItem\",\"position\":1,\"name\":\"Portada\",\"item\":\"https:\\\/\\\/www.eldiario.net\\\/portal\\\/\"},{\"@type\":\"ListItem\",\"position\":2,\"name\":\"Escondidos en sus hoteles y sin dinero para comer por protestas\"}]},{\"@type\":\"WebSite\",\"@id\":\"https:\\\/\\\/www.eldiario.net\\\/portal\\\/#website\",\"url\":\"https:\\\/\\\/www.eldiario.net\\\/portal\\\/\",\"name\":\"El Diario - Decano de la prensa nacional\",\"description\":\"El Diario - Decano de la prensa nacional\",\"publisher\":{\"@id\":\"https:\\\/\\\/www.eldiario.net\\\/portal\\\/#organization\"},\"potentialAction\":[{\"@type\":\"SearchAction\",\"target\":{\"@type\":\"EntryPoint\",\"urlTemplate\":\"https:\\\/\\\/www.eldiario.net\\\/portal\\\/?s={search_term_string}\"},\"query-input\":{\"@type\":\"PropertyValueSpecification\",\"valueRequired\":true,\"valueName\":\"search_term_string\"}}],\"inLanguage\":\"es\"},{\"@type\":\"Organization\",\"@id\":\"https:\\\/\\\/www.eldiario.net\\\/portal\\\/#organization\",\"name\":\"El Diario - Decano de la prensa nacional\",\"url\":\"https:\\\/\\\/www.eldiario.net\\\/portal\\\/\",\"logo\":{\"@type\":\"ImageObject\",\"inLanguage\":\"es\",\"@id\":\"https:\\\/\\\/www.eldiario.net\\\/portal\\\/#\\\/schema\\\/logo\\\/image\\\/\",\"url\":\"https:\\\/\\\/www.eldiario.net\\\/portal\\\/wp-content\\\/uploads\\\/2023\\\/07\\\/logo_ED.jpg\",\"contentUrl\":\"https:\\\/\\\/www.eldiario.net\\\/portal\\\/wp-content\\\/uploads\\\/2023\\\/07\\\/logo_ED.jpg\",\"width\":272,\"height\":52,\"caption\":\"El Diario - Decano de la prensa nacional\"},\"image\":{\"@id\":\"https:\\\/\\\/www.eldiario.net\\\/portal\\\/#\\\/schema\\\/logo\\\/image\\\/\"},\"sameAs\":[\"https:\\\/\\\/www.facebook.com\\\/eldiario.bolivia\\\/\",\"https:\\\/\\\/x.com\\\/eldiario_net\"]},{\"@type\":\"Person\",\"@id\":\"https:\\\/\\\/www.eldiario.net\\\/portal\\\/#\\\/schema\\\/person\\\/f46445640444750d7d753ccd04ae01b7\",\"name\":\"Jeanette\",\"image\":{\"@type\":\"ImageObject\",\"inLanguage\":\"es\",\"@id\":\"https:\\\/\\\/secure.gravatar.com\\\/avatar\\\/3ea2118a5f7dad2b7138b1187a6b7ee55f160b9968b66013c3a3ef39dd7e5798?s=96&d=mm&r=g\",\"url\":\"https:\\\/\\\/secure.gravatar.com\\\/avatar\\\/3ea2118a5f7dad2b7138b1187a6b7ee55f160b9968b66013c3a3ef39dd7e5798?s=96&d=mm&r=g\",\"contentUrl\":\"https:\\\/\\\/secure.gravatar.com\\\/avatar\\\/3ea2118a5f7dad2b7138b1187a6b7ee55f160b9968b66013c3a3ef39dd7e5798?s=96&d=mm&r=g\",\"caption\":\"Jeanette\"},\"sameAs\":[\"https:\\\/\\\/www.eldiario.net\\\/portal\"],\"url\":\"https:\\\/\\\/www.eldiario.net\\\/portal\\\/author\\\/jeanette\\\/\"}]}<\/script>\n<!-- \/ Yoast SEO plugin. -->","yoast_head_json":{"title":"Escondidos en sus hoteles y sin dinero para comer por protestas - El Diario - Bolivia","robots":{"index":"index","follow":"follow","max-snippet":"max-snippet:-1","max-image-preview":"max-image-preview:large","max-video-preview":"max-video-preview:-1"},"canonical":"https:\/\/www.eldiario.net\/portal\/2022\/12\/17\/escondidos-en-sus-hoteles-y-sin-dinero-para-comer-por-protestas\/","og_locale":"es_ES","og_type":"article","og_title":"Escondidos en sus hoteles y sin dinero para comer por protestas - El Diario - Bolivia","og_description":"Los visitantes est\u00e1n a la espera de un viaje humanitario que les permita regresar a sus hogares en medio de las manifestaciones a nivel nacional. Golpe al sector turismo. La crisis en Per\u00fa a causa de las protestas a nivel nacional tuvo r\u00e9plica en los visitantes que llegaron al pa\u00eds para visitar algunos destinos tur\u00edsticos. [&hellip;]","og_url":"https:\/\/www.eldiario.net\/portal\/2022\/12\/17\/escondidos-en-sus-hoteles-y-sin-dinero-para-comer-por-protestas\/","og_site_name":"El Diario - Bolivia","article_publisher":"https:\/\/www.facebook.com\/eldiario.bolivia\/","article_published_time":"2022-12-17T10:03:03+00:00","author":"Jeanette","twitter_card":"summary_large_image","twitter_creator":"@eldiario_net","twitter_site":"@eldiario_net","twitter_misc":{"Escrito por":"Jeanette","Tiempo de lectura":"3 minutos"},"schema":{"@context":"https:\/\/schema.org","@graph":[{"@type":"Article","@id":"https:\/\/www.eldiario.net\/portal\/2022\/12\/17\/escondidos-en-sus-hoteles-y-sin-dinero-para-comer-por-protestas\/#article","isPartOf":{"@id":"https:\/\/www.eldiario.net\/portal\/2022\/12\/17\/escondidos-en-sus-hoteles-y-sin-dinero-para-comer-por-protestas\/"},"author":{"name":"Jeanette","@id":"https:\/\/www.eldiario.net\/portal\/#\/schema\/person\/f46445640444750d7d753ccd04ae01b7"},"headline":"Escondidos en sus hoteles y sin dinero para comer por protestas","datePublished":"2022-12-17T10:03:03+00:00","mainEntityOfPage":{"@id":"https:\/\/www.eldiario.net\/portal\/2022\/12\/17\/escondidos-en-sus-hoteles-y-sin-dinero-para-comer-por-protestas\/"},"wordCount":652,"publisher":{"@id":"https:\/\/www.eldiario.net\/portal\/#organization"},"image":{"@id":"https:\/\/www.eldiario.net\/portal\/2022\/12\/17\/escondidos-en-sus-hoteles-y-sin-dinero-para-comer-por-protestas\/#primaryimage"},"thumbnailUrl":"","articleSection":["Internacional"],"inLanguage":"es"},{"@type":"WebPage","@id":"https:\/\/www.eldiario.net\/portal\/2022\/12\/17\/escondidos-en-sus-hoteles-y-sin-dinero-para-comer-por-protestas\/","url":"https:\/\/www.eldiario.net\/portal\/2022\/12\/17\/escondidos-en-sus-hoteles-y-sin-dinero-para-comer-por-protestas\/","name":"Escondidos en sus hoteles y sin dinero para comer por protestas - El Diario - Bolivia","isPartOf":{"@id":"https:\/\/www.eldiario.net\/portal\/#website"},"primaryImageOfPage":{"@id":"https:\/\/www.eldiario.net\/portal\/2022\/12\/17\/escondidos-en-sus-hoteles-y-sin-dinero-para-comer-por-protestas\/#primaryimage"},"image":{"@id":"https:\/\/www.eldiario.net\/portal\/2022\/12\/17\/escondidos-en-sus-hoteles-y-sin-dinero-para-comer-por-protestas\/#primaryimage"},"thumbnailUrl":"","datePublished":"2022-12-17T10:03:03+00:00","breadcrumb":{"@id":"https:\/\/www.eldiario.net\/portal\/2022\/12\/17\/escondidos-en-sus-hoteles-y-sin-dinero-para-comer-por-protestas\/#breadcrumb"},"inLanguage":"es","potentialAction":[{"@type":"ReadAction","target":["https:\/\/www.eldiario.net\/portal\/2022\/12\/17\/escondidos-en-sus-hoteles-y-sin-dinero-para-comer-por-protestas\/"]}]},{"@type":"ImageObject","inLanguage":"es","@id":"https:\/\/www.eldiario.net\/portal\/2022\/12\/17\/escondidos-en-sus-hoteles-y-sin-dinero-para-comer-por-protestas\/#primaryimage","url":"","contentUrl":""},{"@type":"BreadcrumbList","@id":"https:\/\/www.eldiario.net\/portal\/2022\/12\/17\/escondidos-en-sus-hoteles-y-sin-dinero-para-comer-por-protestas\/#breadcrumb","itemListElement":[{"@type":"ListItem","position":1,"name":"Portada","item":"https:\/\/www.eldiario.net\/portal\/"},{"@type":"ListItem","position":2,"name":"Escondidos en sus hoteles y sin dinero para comer por protestas"}]},{"@type":"WebSite","@id":"https:\/\/www.eldiario.net\/portal\/#website","url":"https:\/\/www.eldiario.net\/portal\/","name":"El Diario - Decano de la prensa nacional","description":"El Diario - Decano de la prensa nacional","publisher":{"@id":"https:\/\/www.eldiario.net\/portal\/#organization"},"potentialAction":[{"@type":"SearchAction","target":{"@type":"EntryPoint","urlTemplate":"https:\/\/www.eldiario.net\/portal\/?s={search_term_string}"},"query-input":{"@type":"PropertyValueSpecification","valueRequired":true,"valueName":"search_term_string"}}],"inLanguage":"es"},{"@type":"Organization","@id":"https:\/\/www.eldiario.net\/portal\/#organization","name":"El Diario - Decano de la prensa nacional","url":"https:\/\/www.eldiario.net\/portal\/","logo":{"@type":"ImageObject","inLanguage":"es","@id":"https:\/\/www.eldiario.net\/portal\/#\/schema\/logo\/image\/","url":"https:\/\/www.eldiario.net\/portal\/wp-content\/uploads\/2023\/07\/logo_ED.jpg","contentUrl":"https:\/\/www.eldiario.net\/portal\/wp-content\/uploads\/2023\/07\/logo_ED.jpg","width":272,"height":52,"caption":"El Diario - Decano de la prensa nacional"},"image":{"@id":"https:\/\/www.eldiario.net\/portal\/#\/schema\/logo\/image\/"},"sameAs":["https:\/\/www.facebook.com\/eldiario.bolivia\/","https:\/\/x.com\/eldiario_net"]},{"@type":"Person","@id":"https:\/\/www.eldiario.net\/portal\/#\/schema\/person\/f46445640444750d7d753ccd04ae01b7","name":"Jeanette","image":{"@type":"ImageObject","inLanguage":"es","@id":"https:\/\/secure.gravatar.com\/avatar\/3ea2118a5f7dad2b7138b1187a6b7ee55f160b9968b66013c3a3ef39dd7e5798?s=96&d=mm&r=g","url":"https:\/\/secure.gravatar.com\/avatar\/3ea2118a5f7dad2b7138b1187a6b7ee55f160b9968b66013c3a3ef39dd7e5798?s=96&d=mm&r=g","contentUrl":"https:\/\/secure.gravatar.com\/avatar\/3ea2118a5f7dad2b7138b1187a6b7ee55f160b9968b66013c3a3ef39dd7e5798?s=96&d=mm&r=g","caption":"Jeanette"},"sameAs":["https:\/\/www.eldiario.net\/portal"],"url":"https:\/\/www.eldiario.net\/portal\/author\/jeanette\/"}]}},"_links":{"self":[{"href":"https:\/\/www.eldiario.net\/portal\/wp-json\/wp\/v2\/posts\/128095","targetHints":{"allow":["GET"]}}],"collection":[{"href":"https:\/\/www.eldiario.net\/portal\/wp-json\/wp\/v2\/posts"}],"about":[{"href":"https:\/\/www.eldiario.net\/portal\/wp-json\/wp\/v2\/types\/post"}],"author":[{"embeddable":true,"href":"https:\/\/www.eldiario.net\/portal\/wp-json\/wp\/v2\/users\/1"}],"replies":[{"embeddable":true,"href":"https:\/\/www.eldiario.net\/portal\/wp-json\/wp\/v2\/comments?post=128095"}],"version-history":[{"count":0,"href":"https:\/\/www.eldiario.net\/portal\/wp-json\/wp\/v2\/posts\/128095\/revisions"}],"wp:attachment":[{"href":"https:\/\/www.eldiario.net\/portal\/wp-json\/wp\/v2\/media?parent=128095"}],"wp:term":[{"taxonomy":"category","embeddable":true,"href":"https:\/\/www.eldiario.net\/portal\/wp-json\/wp\/v2\/categories?post=128095"},{"taxonomy":"post_tag","embeddable":true,"href":"https:\/\/www.eldiario.net\/portal\/wp-json\/wp\/v2\/tags?post=128095"}],"curies":[{"name":"wp","href":"https:\/\/api.w.org\/{rel}","templated":true}]}}