{"id":128083,"date":"2022-12-17T06:01:34","date_gmt":"2022-12-17T10:01:34","guid":{"rendered":"https:\/\/www.eldiario.net\/portal\/?p=128083"},"modified":"2022-12-17T06:01:34","modified_gmt":"2022-12-17T10:01:34","slug":"cvltvral-internacional","status":"publish","type":"post","link":"https:\/\/www.eldiario.net\/portal\/2022\/12\/17\/cvltvral-internacional\/","title":{"rendered":"Cvltvral internacional"},"content":{"rendered":"<p>Despu\u00e9s de una larga y substancial visita a Estados Unidos y M\u00e9xico, Rodrigo Bernal, amigo de la casa y periodista musical, realiz\u00f3 la entrega de los ejemplares de \u201cEl Diario\u201d a grandes \u00edconos del rock, comprobando que para el arte y los sue\u00f1os no hay l\u00edmites ni fronteras.<br \/>\n\u201cJenny Bombo\u201d, baterista de \u201cLas Ultras\u00f3nicas\u201d que est\u00e1n de retorno, recientemente tocaron en el festival \u201cRock al Parque\u201d en Bogot\u00e1 Colombia, adem\u00e1s de tener fechas en M\u00e9xico. Jenny es multi instrumentista, productora, una persona inteligente, sencilla, y hermosa. Todo su bagaje musical queda plasmado en sus composiciones, y la magistral ejecuci\u00f3n de su instrumento de cabecera \u201cla bater\u00eda\u201d<br \/>\n\u201cAl\u00eda Dergal\u201d solista, compositora y cantante de su proyecto solista. Una mujer aut\u00e9ntica, con una idea muy clara de donde quiere llevar su m\u00fasica, que sin duda es una propuesta alternativa, electr\u00f3nica, pero con mucha fuerza y poes\u00eda. Actualmente se encuentra pr\u00f3xima a lanzar su nuevo sencillo, es la primera vez que lo har\u00e1 en espa\u00f1ol. Al\u00eda cuenta con grandes m\u00fasicos y productores en su equipo y promete que el 2023 ser\u00e1 su a\u00f1o.<br \/>\n\u201cPiro Pend\u00e1s\u201d es cantante, poeta, productor, una persona generosa, que lleva m\u00e1s de 30 a\u00f1os en la vanguardia, en la fusi\u00f3n, y difusi\u00f3n del arte honesto y de calidad. Con pr\u00f3ximas presentaciones con \u201cRock en tu Idioma\u201d y una futura gran celebraci\u00f3n de \u201cRitmo Peligroso\u201d, adem\u00e1s nuevo disco como solista \u201cOrdinary Man\u201d. Actualmente se encuentran con el lanzamiento de \u201cPistolero\u201d el nuevo sencillo que ser\u00e1 parte del nuevo \u00e1lbum de \u201cRitmo Peligroso\u201d, acompa\u00f1ados conciertos masivos, dignos de la trayectoria y relevancia de esta gran banda.<br \/>\n\u201cJarris Margalli\u201d es un verdadero pilar del rock mexicano, como guitarrista de \u201cMistus\u201d, \u201cNinot\u201d, \u201cLagartos\u201d, y \u201cJaguares\u201d. Tiene excelentes discos como solista \u00abSoul\u00bb, \u201cCrudo\u201d y grandes sorpresas. \u00c9l es un artista que m\u00e1s all\u00e1 de su trayectoria, no se corrompi\u00f3 con el lado oscuro de la industria de la m\u00fasica. Actualmente particip\u00f3 en el primer \u201cRockland\u201d en Latinoam\u00e9rica, con m\u00e1s de 600 m\u00fasicos en escena, tocando verdaderos cl\u00e1sicos del rock.<br \/>\n\u201cCuceb Piloto\u201d es un excelente compositor con una voz privilegiada, adem\u00e1s de compartir su talento con artistas de la talla de Alejandro Marcovich, y el proyecto de \u201cAlfonso Andr\u00e9 and Friends\u201d, interpretando canciones de \u201cDavid Bowie\u201d. Cuceb tuvo gran exposici\u00f3n con su banda \u201cMir\u00f3\u201d. Actualmente trae un nuevo disco, que abre con \u201cManicomio\u201d un excelente sencillo con poes\u00eda y fuerza con una esencia rockera. Su propuesta que en vivo, vuelve al sonido esencial de una guitarra y su voz.<br \/>\n\u201cAvi Michel\u201d directamente desde Los \u00c1ngeles &#8211; California, instalado en M\u00e9xico. Bajista y productor de primera. \u00c9l es parte de \u201cRitmo Peligroso\u201d, \u201cMosy y los Bits, y \u201cBowie Sinf\u00f3nico\u201d. Actualmente comparte su experiencia musical produciendo nuevos talentos mexicanos, cuenta con un estudio de primera en la colonia \u201cMar\u00eda de la Rivera\u201d en Ciudad de M\u00e9xico.<br \/>\nEl hecho de entregar personalmente los ejemplares impresos de las entrevistas realizadas para Cvltvral es un gran logro porque, adem\u00e1s de la importancia art\u00edstica de estos personajes ic\u00f3nicos del rock mexicano, lleva a hermanar nuestros pa\u00edses a trav\u00e9s del arte.<\/p>\n<div id='gallery-1' class='gallery galleryid-128083 gallery-columns-3 gallery-size-medium'><figure class='gallery-item'>\n\t\t\t<div class='gallery-icon landscape'>\n\t\t\t\t<a href='https:\/\/www.eldiario.net\/portal\/2022\/12\/17\/cvltvral-internacional\/fb_img_1670287652824\/'><img loading=\"lazy\" decoding=\"async\" width=\"300\" height=\"300\" src=\"https:\/\/www.eldiario.net\/portal\/wp-content\/uploads\/2022\/12\/FB_IMG_1670287652824--300x300.jpg\" class=\"attachment-medium size-medium\" alt=\"\" srcset=\"https:\/\/www.eldiario.net\/portal\/wp-content\/uploads\/2022\/12\/FB_IMG_1670287652824--300x300.jpg 300w, https:\/\/www.eldiario.net\/portal\/wp-content\/uploads\/2022\/12\/FB_IMG_1670287652824--150x150.jpg 150w, https:\/\/www.eldiario.net\/portal\/wp-content\/uploads\/2022\/12\/FB_IMG_1670287652824--696x696.jpg 696w, https:\/\/www.eldiario.net\/portal\/wp-content\/uploads\/2022\/12\/FB_IMG_1670287652824-.jpg 720w\" sizes=\"auto, (max-width: 300px) 100vw, 300px\" \/><\/a>\n\t\t\t<\/div><\/figure><figure class='gallery-item'>\n\t\t\t<div class='gallery-icon portrait'>\n\t\t\t\t<a href='https:\/\/www.eldiario.net\/portal\/2022\/12\/17\/cvltvral-internacional\/fb_img_1670288240566\/'><img loading=\"lazy\" decoding=\"async\" width=\"220\" height=\"300\" src=\"https:\/\/www.eldiario.net\/portal\/wp-content\/uploads\/2022\/12\/FB_IMG_1670288240566-220x300.jpg\" class=\"attachment-medium size-medium\" alt=\"\" srcset=\"https:\/\/www.eldiario.net\/portal\/wp-content\/uploads\/2022\/12\/FB_IMG_1670288240566-220x300.jpg 220w, https:\/\/www.eldiario.net\/portal\/wp-content\/uploads\/2022\/12\/FB_IMG_1670288240566.jpg 658w\" sizes=\"auto, (max-width: 220px) 100vw, 220px\" \/><\/a>\n\t\t\t<\/div><\/figure><figure class='gallery-item'>\n\t\t\t<div class='gallery-icon portrait'>\n\t\t\t\t<a href='https:\/\/www.eldiario.net\/portal\/2022\/12\/17\/cvltvral-internacional\/img_20221012_101403\/'><img loading=\"lazy\" decoding=\"async\" width=\"225\" height=\"300\" src=\"https:\/\/www.eldiario.net\/portal\/wp-content\/uploads\/2022\/12\/IMG_20221012_101403-225x300.jpg\" class=\"attachment-medium size-medium\" alt=\"\" srcset=\"https:\/\/www.eldiario.net\/portal\/wp-content\/uploads\/2022\/12\/IMG_20221012_101403-225x300.jpg 225w, https:\/\/www.eldiario.net\/portal\/wp-content\/uploads\/2022\/12\/IMG_20221012_101403-696x928.jpg 696w, https:\/\/www.eldiario.net\/portal\/wp-content\/uploads\/2022\/12\/IMG_20221012_101403.jpg 768w\" sizes=\"auto, (max-width: 225px) 100vw, 225px\" \/><\/a>\n\t\t\t<\/div><\/figure><figure class='gallery-item'>\n\t\t\t<div class='gallery-icon portrait'>\n\t\t\t\t<a href='https:\/\/www.eldiario.net\/portal\/2022\/12\/17\/cvltvral-internacional\/img_20221129_130940\/'><img loading=\"lazy\" decoding=\"async\" width=\"101\" height=\"300\" src=\"https:\/\/www.eldiario.net\/portal\/wp-content\/uploads\/2022\/12\/IMG_20221129_130940-101x300.jpg\" class=\"attachment-medium size-medium\" alt=\"\" srcset=\"https:\/\/www.eldiario.net\/portal\/wp-content\/uploads\/2022\/12\/IMG_20221129_130940-101x300.jpg 101w, https:\/\/www.eldiario.net\/portal\/wp-content\/uploads\/2022\/12\/IMG_20221129_130940.jpg 344w\" sizes=\"auto, (max-width: 101px) 100vw, 101px\" \/><\/a>\n\t\t\t<\/div><\/figure>\n\t\t<\/div>\n\n","protected":false},"excerpt":{"rendered":"<p>Despu\u00e9s de una larga y substancial visita a Estados Unidos y M\u00e9xico, Rodrigo Bernal, amigo de la casa y periodista musical, realiz\u00f3 la entrega de los ejemplares de \u201cEl Diario\u201d a grandes \u00edconos del rock, comprobando que para el arte y los sue\u00f1os no hay l\u00edmites ni fronteras. \u201cJenny Bombo\u201d, baterista de \u201cLas Ultras\u00f3nicas\u201d que [&hellip;]<\/p>\n","protected":false},"author":1,"featured_media":128091,"comment_status":"closed","ping_status":"closed","sticky":false,"template":"","format":"standard","meta":{"_acf_changed":false,"footnotes":""},"categories":[8],"tags":[],"class_list":["post-128083","post","type-post","status-publish","format-standard","has-post-thumbnail","category-cultural"],"acf":{"antetitulo":""},"yoast_head":"<!-- This site is optimized with the Yoast SEO plugin v28.3 - https:\/\/yoast.com\/product\/yoast-seo-wordpress\/ -->\n<title>Cvltvral internacional - El Diario - Bolivia<\/title>\n<meta name=\"robots\" content=\"index, follow, max-snippet:-1, max-image-preview:large, max-video-preview:-1\" \/>\n<link rel=\"canonical\" href=\"https:\/\/www.eldiario.net\/portal\/2022\/12\/17\/cvltvral-internacional\/\" \/>\n<meta property=\"og:locale\" content=\"es_ES\" \/>\n<meta property=\"og:type\" content=\"article\" \/>\n<meta property=\"og:title\" content=\"Cvltvral internacional - El Diario - Bolivia\" \/>\n<meta property=\"og:description\" content=\"Despu\u00e9s de una larga y substancial visita a Estados Unidos y M\u00e9xico, Rodrigo Bernal, amigo de la casa y periodista musical, realiz\u00f3 la entrega de los ejemplares de \u201cEl Diario\u201d a grandes \u00edconos del rock, comprobando que para el arte y los sue\u00f1os no hay l\u00edmites ni fronteras. \u201cJenny Bombo\u201d, baterista de \u201cLas Ultras\u00f3nicas\u201d que [&hellip;]\" \/>\n<meta property=\"og:url\" content=\"https:\/\/www.eldiario.net\/portal\/2022\/12\/17\/cvltvral-internacional\/\" \/>\n<meta property=\"og:site_name\" content=\"El Diario - Bolivia\" \/>\n<meta property=\"article:publisher\" content=\"https:\/\/www.facebook.com\/eldiario.bolivia\/\" \/>\n<meta property=\"article:published_time\" content=\"2022-12-17T10:01:34+00:00\" \/>\n<meta name=\"author\" content=\"Jeanette\" \/>\n<meta name=\"twitter:card\" content=\"summary_large_image\" \/>\n<meta name=\"twitter:creator\" content=\"@eldiario_net\" \/>\n<meta name=\"twitter:site\" content=\"@eldiario_net\" \/>\n<meta name=\"twitter:label1\" content=\"Escrito por\" \/>\n\t<meta name=\"twitter:data1\" content=\"Jeanette\" \/>\n\t<meta name=\"twitter:label2\" content=\"Tiempo de lectura\" \/>\n\t<meta name=\"twitter:data2\" content=\"3 minutos\" \/>\n<script type=\"application\/ld+json\" class=\"yoast-schema-graph\">{\"@context\":\"https:\\\/\\\/schema.org\",\"@graph\":[{\"@type\":\"Article\",\"@id\":\"https:\\\/\\\/www.eldiario.net\\\/portal\\\/2022\\\/12\\\/17\\\/cvltvral-internacional\\\/#article\",\"isPartOf\":{\"@id\":\"https:\\\/\\\/www.eldiario.net\\\/portal\\\/2022\\\/12\\\/17\\\/cvltvral-internacional\\\/\"},\"author\":{\"name\":\"Jeanette\",\"@id\":\"https:\\\/\\\/www.eldiario.net\\\/portal\\\/#\\\/schema\\\/person\\\/f46445640444750d7d753ccd04ae01b7\"},\"headline\":\"Cvltvral internacional\",\"datePublished\":\"2022-12-17T10:01:34+00:00\",\"mainEntityOfPage\":{\"@id\":\"https:\\\/\\\/www.eldiario.net\\\/portal\\\/2022\\\/12\\\/17\\\/cvltvral-internacional\\\/\"},\"wordCount\":559,\"publisher\":{\"@id\":\"https:\\\/\\\/www.eldiario.net\\\/portal\\\/#organization\"},\"image\":{\"@id\":\"https:\\\/\\\/www.eldiario.net\\\/portal\\\/2022\\\/12\\\/17\\\/cvltvral-internacional\\\/#primaryimage\"},\"thumbnailUrl\":\"\",\"articleSection\":[\"Cultural\"],\"inLanguage\":\"es\"},{\"@type\":\"WebPage\",\"@id\":\"https:\\\/\\\/www.eldiario.net\\\/portal\\\/2022\\\/12\\\/17\\\/cvltvral-internacional\\\/\",\"url\":\"https:\\\/\\\/www.eldiario.net\\\/portal\\\/2022\\\/12\\\/17\\\/cvltvral-internacional\\\/\",\"name\":\"Cvltvral internacional - El Diario - Bolivia\",\"isPartOf\":{\"@id\":\"https:\\\/\\\/www.eldiario.net\\\/portal\\\/#website\"},\"primaryImageOfPage\":{\"@id\":\"https:\\\/\\\/www.eldiario.net\\\/portal\\\/2022\\\/12\\\/17\\\/cvltvral-internacional\\\/#primaryimage\"},\"image\":{\"@id\":\"https:\\\/\\\/www.eldiario.net\\\/portal\\\/2022\\\/12\\\/17\\\/cvltvral-internacional\\\/#primaryimage\"},\"thumbnailUrl\":\"\",\"datePublished\":\"2022-12-17T10:01:34+00:00\",\"breadcrumb\":{\"@id\":\"https:\\\/\\\/www.eldiario.net\\\/portal\\\/2022\\\/12\\\/17\\\/cvltvral-internacional\\\/#breadcrumb\"},\"inLanguage\":\"es\",\"potentialAction\":[{\"@type\":\"ReadAction\",\"target\":[\"https:\\\/\\\/www.eldiario.net\\\/portal\\\/2022\\\/12\\\/17\\\/cvltvral-internacional\\\/\"]}]},{\"@type\":\"ImageObject\",\"inLanguage\":\"es\",\"@id\":\"https:\\\/\\\/www.eldiario.net\\\/portal\\\/2022\\\/12\\\/17\\\/cvltvral-internacional\\\/#primaryimage\",\"url\":\"\",\"contentUrl\":\"\"},{\"@type\":\"BreadcrumbList\",\"@id\":\"https:\\\/\\\/www.eldiario.net\\\/portal\\\/2022\\\/12\\\/17\\\/cvltvral-internacional\\\/#breadcrumb\",\"itemListElement\":[{\"@type\":\"ListItem\",\"position\":1,\"name\":\"Portada\",\"item\":\"https:\\\/\\\/www.eldiario.net\\\/portal\\\/\"},{\"@type\":\"ListItem\",\"position\":2,\"name\":\"Cvltvral internacional\"}]},{\"@type\":\"WebSite\",\"@id\":\"https:\\\/\\\/www.eldiario.net\\\/portal\\\/#website\",\"url\":\"https:\\\/\\\/www.eldiario.net\\\/portal\\\/\",\"name\":\"El Diario - Decano de la prensa nacional\",\"description\":\"El Diario - Decano de la prensa nacional\",\"publisher\":{\"@id\":\"https:\\\/\\\/www.eldiario.net\\\/portal\\\/#organization\"},\"potentialAction\":[{\"@type\":\"SearchAction\",\"target\":{\"@type\":\"EntryPoint\",\"urlTemplate\":\"https:\\\/\\\/www.eldiario.net\\\/portal\\\/?s={search_term_string}\"},\"query-input\":{\"@type\":\"PropertyValueSpecification\",\"valueRequired\":true,\"valueName\":\"search_term_string\"}}],\"inLanguage\":\"es\"},{\"@type\":\"Organization\",\"@id\":\"https:\\\/\\\/www.eldiario.net\\\/portal\\\/#organization\",\"name\":\"El Diario - Decano de la prensa nacional\",\"url\":\"https:\\\/\\\/www.eldiario.net\\\/portal\\\/\",\"logo\":{\"@type\":\"ImageObject\",\"inLanguage\":\"es\",\"@id\":\"https:\\\/\\\/www.eldiario.net\\\/portal\\\/#\\\/schema\\\/logo\\\/image\\\/\",\"url\":\"https:\\\/\\\/www.eldiario.net\\\/portal\\\/wp-content\\\/uploads\\\/2023\\\/07\\\/logo_ED.jpg\",\"contentUrl\":\"https:\\\/\\\/www.eldiario.net\\\/portal\\\/wp-content\\\/uploads\\\/2023\\\/07\\\/logo_ED.jpg\",\"width\":272,\"height\":52,\"caption\":\"El Diario - Decano de la prensa nacional\"},\"image\":{\"@id\":\"https:\\\/\\\/www.eldiario.net\\\/portal\\\/#\\\/schema\\\/logo\\\/image\\\/\"},\"sameAs\":[\"https:\\\/\\\/www.facebook.com\\\/eldiario.bolivia\\\/\",\"https:\\\/\\\/x.com\\\/eldiario_net\"]},{\"@type\":\"Person\",\"@id\":\"https:\\\/\\\/www.eldiario.net\\\/portal\\\/#\\\/schema\\\/person\\\/f46445640444750d7d753ccd04ae01b7\",\"name\":\"Jeanette\",\"image\":{\"@type\":\"ImageObject\",\"inLanguage\":\"es\",\"@id\":\"https:\\\/\\\/secure.gravatar.com\\\/avatar\\\/3ea2118a5f7dad2b7138b1187a6b7ee55f160b9968b66013c3a3ef39dd7e5798?s=96&d=mm&r=g\",\"url\":\"https:\\\/\\\/secure.gravatar.com\\\/avatar\\\/3ea2118a5f7dad2b7138b1187a6b7ee55f160b9968b66013c3a3ef39dd7e5798?s=96&d=mm&r=g\",\"contentUrl\":\"https:\\\/\\\/secure.gravatar.com\\\/avatar\\\/3ea2118a5f7dad2b7138b1187a6b7ee55f160b9968b66013c3a3ef39dd7e5798?s=96&d=mm&r=g\",\"caption\":\"Jeanette\"},\"sameAs\":[\"https:\\\/\\\/www.eldiario.net\\\/portal\"],\"url\":\"https:\\\/\\\/www.eldiario.net\\\/portal\\\/author\\\/jeanette\\\/\"}]}<\/script>\n<!-- \/ Yoast SEO plugin. -->","yoast_head_json":{"title":"Cvltvral internacional - El Diario - Bolivia","robots":{"index":"index","follow":"follow","max-snippet":"max-snippet:-1","max-image-preview":"max-image-preview:large","max-video-preview":"max-video-preview:-1"},"canonical":"https:\/\/www.eldiario.net\/portal\/2022\/12\/17\/cvltvral-internacional\/","og_locale":"es_ES","og_type":"article","og_title":"Cvltvral internacional - El Diario - Bolivia","og_description":"Despu\u00e9s de una larga y substancial visita a Estados Unidos y M\u00e9xico, Rodrigo Bernal, amigo de la casa y periodista musical, realiz\u00f3 la entrega de los ejemplares de \u201cEl Diario\u201d a grandes \u00edconos del rock, comprobando que para el arte y los sue\u00f1os no hay l\u00edmites ni fronteras. \u201cJenny Bombo\u201d, baterista de \u201cLas Ultras\u00f3nicas\u201d que [&hellip;]","og_url":"https:\/\/www.eldiario.net\/portal\/2022\/12\/17\/cvltvral-internacional\/","og_site_name":"El Diario - Bolivia","article_publisher":"https:\/\/www.facebook.com\/eldiario.bolivia\/","article_published_time":"2022-12-17T10:01:34+00:00","author":"Jeanette","twitter_card":"summary_large_image","twitter_creator":"@eldiario_net","twitter_site":"@eldiario_net","twitter_misc":{"Escrito por":"Jeanette","Tiempo de lectura":"3 minutos"},"schema":{"@context":"https:\/\/schema.org","@graph":[{"@type":"Article","@id":"https:\/\/www.eldiario.net\/portal\/2022\/12\/17\/cvltvral-internacional\/#article","isPartOf":{"@id":"https:\/\/www.eldiario.net\/portal\/2022\/12\/17\/cvltvral-internacional\/"},"author":{"name":"Jeanette","@id":"https:\/\/www.eldiario.net\/portal\/#\/schema\/person\/f46445640444750d7d753ccd04ae01b7"},"headline":"Cvltvral internacional","datePublished":"2022-12-17T10:01:34+00:00","mainEntityOfPage":{"@id":"https:\/\/www.eldiario.net\/portal\/2022\/12\/17\/cvltvral-internacional\/"},"wordCount":559,"publisher":{"@id":"https:\/\/www.eldiario.net\/portal\/#organization"},"image":{"@id":"https:\/\/www.eldiario.net\/portal\/2022\/12\/17\/cvltvral-internacional\/#primaryimage"},"thumbnailUrl":"","articleSection":["Cultural"],"inLanguage":"es"},{"@type":"WebPage","@id":"https:\/\/www.eldiario.net\/portal\/2022\/12\/17\/cvltvral-internacional\/","url":"https:\/\/www.eldiario.net\/portal\/2022\/12\/17\/cvltvral-internacional\/","name":"Cvltvral internacional - El Diario - Bolivia","isPartOf":{"@id":"https:\/\/www.eldiario.net\/portal\/#website"},"primaryImageOfPage":{"@id":"https:\/\/www.eldiario.net\/portal\/2022\/12\/17\/cvltvral-internacional\/#primaryimage"},"image":{"@id":"https:\/\/www.eldiario.net\/portal\/2022\/12\/17\/cvltvral-internacional\/#primaryimage"},"thumbnailUrl":"","datePublished":"2022-12-17T10:01:34+00:00","breadcrumb":{"@id":"https:\/\/www.eldiario.net\/portal\/2022\/12\/17\/cvltvral-internacional\/#breadcrumb"},"inLanguage":"es","potentialAction":[{"@type":"ReadAction","target":["https:\/\/www.eldiario.net\/portal\/2022\/12\/17\/cvltvral-internacional\/"]}]},{"@type":"ImageObject","inLanguage":"es","@id":"https:\/\/www.eldiario.net\/portal\/2022\/12\/17\/cvltvral-internacional\/#primaryimage","url":"","contentUrl":""},{"@type":"BreadcrumbList","@id":"https:\/\/www.eldiario.net\/portal\/2022\/12\/17\/cvltvral-internacional\/#breadcrumb","itemListElement":[{"@type":"ListItem","position":1,"name":"Portada","item":"https:\/\/www.eldiario.net\/portal\/"},{"@type":"ListItem","position":2,"name":"Cvltvral internacional"}]},{"@type":"WebSite","@id":"https:\/\/www.eldiario.net\/portal\/#website","url":"https:\/\/www.eldiario.net\/portal\/","name":"El Diario - Decano de la prensa nacional","description":"El Diario - Decano de la prensa nacional","publisher":{"@id":"https:\/\/www.eldiario.net\/portal\/#organization"},"potentialAction":[{"@type":"SearchAction","target":{"@type":"EntryPoint","urlTemplate":"https:\/\/www.eldiario.net\/portal\/?s={search_term_string}"},"query-input":{"@type":"PropertyValueSpecification","valueRequired":true,"valueName":"search_term_string"}}],"inLanguage":"es"},{"@type":"Organization","@id":"https:\/\/www.eldiario.net\/portal\/#organization","name":"El Diario - Decano de la prensa nacional","url":"https:\/\/www.eldiario.net\/portal\/","logo":{"@type":"ImageObject","inLanguage":"es","@id":"https:\/\/www.eldiario.net\/portal\/#\/schema\/logo\/image\/","url":"https:\/\/www.eldiario.net\/portal\/wp-content\/uploads\/2023\/07\/logo_ED.jpg","contentUrl":"https:\/\/www.eldiario.net\/portal\/wp-content\/uploads\/2023\/07\/logo_ED.jpg","width":272,"height":52,"caption":"El Diario - Decano de la prensa nacional"},"image":{"@id":"https:\/\/www.eldiario.net\/portal\/#\/schema\/logo\/image\/"},"sameAs":["https:\/\/www.facebook.com\/eldiario.bolivia\/","https:\/\/x.com\/eldiario_net"]},{"@type":"Person","@id":"https:\/\/www.eldiario.net\/portal\/#\/schema\/person\/f46445640444750d7d753ccd04ae01b7","name":"Jeanette","image":{"@type":"ImageObject","inLanguage":"es","@id":"https:\/\/secure.gravatar.com\/avatar\/3ea2118a5f7dad2b7138b1187a6b7ee55f160b9968b66013c3a3ef39dd7e5798?s=96&d=mm&r=g","url":"https:\/\/secure.gravatar.com\/avatar\/3ea2118a5f7dad2b7138b1187a6b7ee55f160b9968b66013c3a3ef39dd7e5798?s=96&d=mm&r=g","contentUrl":"https:\/\/secure.gravatar.com\/avatar\/3ea2118a5f7dad2b7138b1187a6b7ee55f160b9968b66013c3a3ef39dd7e5798?s=96&d=mm&r=g","caption":"Jeanette"},"sameAs":["https:\/\/www.eldiario.net\/portal"],"url":"https:\/\/www.eldiario.net\/portal\/author\/jeanette\/"}]}},"_links":{"self":[{"href":"https:\/\/www.eldiario.net\/portal\/wp-json\/wp\/v2\/posts\/128083","targetHints":{"allow":["GET"]}}],"collection":[{"href":"https:\/\/www.eldiario.net\/portal\/wp-json\/wp\/v2\/posts"}],"about":[{"href":"https:\/\/www.eldiario.net\/portal\/wp-json\/wp\/v2\/types\/post"}],"author":[{"embeddable":true,"href":"https:\/\/www.eldiario.net\/portal\/wp-json\/wp\/v2\/users\/1"}],"replies":[{"embeddable":true,"href":"https:\/\/www.eldiario.net\/portal\/wp-json\/wp\/v2\/comments?post=128083"}],"version-history":[{"count":0,"href":"https:\/\/www.eldiario.net\/portal\/wp-json\/wp\/v2\/posts\/128083\/revisions"}],"wp:attachment":[{"href":"https:\/\/www.eldiario.net\/portal\/wp-json\/wp\/v2\/media?parent=128083"}],"wp:term":[{"taxonomy":"category","embeddable":true,"href":"https:\/\/www.eldiario.net\/portal\/wp-json\/wp\/v2\/categories?post=128083"},{"taxonomy":"post_tag","embeddable":true,"href":"https:\/\/www.eldiario.net\/portal\/wp-json\/wp\/v2\/tags?post=128083"}],"curies":[{"name":"wp","href":"https:\/\/api.w.org\/{rel}","templated":true}]}}