{"id":128080,"date":"2022-12-17T05:58:51","date_gmt":"2022-12-17T09:58:51","guid":{"rendered":"https:\/\/www.eldiario.net\/portal\/?p=128080"},"modified":"2022-12-17T05:58:51","modified_gmt":"2022-12-17T09:58:51","slug":"rombai-llega-a-santa-cruz-para-dar-la-bienvenida-al-nuevo-ano","status":"publish","type":"post","link":"https:\/\/www.eldiario.net\/portal\/2022\/12\/17\/rombai-llega-a-santa-cruz-para-dar-la-bienvenida-al-nuevo-ano\/","title":{"rendered":"Rombai llega a Santa Cruz para  dar la bienvenida al nuevo a\u00f1o"},"content":{"rendered":"<p>La agrupaci\u00f3n uruguaya Rombai llegar\u00e1 a la ciudad de Santa Cruz de la Sierra, para compartir escenario con El Combo de Veracruz, MC Beto, Flow, Maisa Roca y Sonora Diamante, en un espect\u00e1culo a realizarse en Arena 26, para dar la bienvenida al nuevo a\u00f1o.<br \/>\nLas empresas encargadas de organizar el show son Vies Group y CDM Producciones, ambas especializadas en el entretenimiento nacional, que en esta ocasi\u00f3n unen fuerzas para ofrecer una interesante cartelera art\u00edstica.<br \/>\nSeg\u00fan los organizadores, Arena 26 es un nuevo espacio dise\u00f1ado y construido para albergar los mejores conciertos, festivales y eventos de la capital cruce\u00f1a. \u201cLa mejor opci\u00f3n para disfrutar de un A\u00f1o Nuevo inolvidable se denomina Paradise 2023, en un ambiente a estrenar con todas las comodidades y caracter\u00edsticas necesarias para vivir una experiencia acorde a la fecha\u201d, mencionan.<br \/>\nArena 26, est\u00e1 ubicado en el 6to anillo de la Radial 26, sobre una superficie de 3.000 metros cuadrados, cuenta con un imponente escenario que recibir\u00e1, desde las 21:00 horas, a artistas nacionales e internacionales que interpretar\u00e1n lo mejor de su repertorio para satisfacer todos los gustos musicales.<br \/>\nHabr\u00e1 dos sectores que contar\u00e1n con todos los servicios y un gran show de fuegos artificiales para dar la bienvenida al Nuevo A\u00f1o: SECTOR PARADISE, conformado por lounges numerados, atenci\u00f3n personalizada, cotill\u00f3n, brindis, barra de picadas y fiambres, adem\u00e1s de patasca al amanecer. SECTOR MESAS VIP, compuesto por mesas numeradas, cotill\u00f3n, brindis y patasca al amanecer.<br \/>\n\u201cLa diversi\u00f3n est\u00e1 garantizada, hagan sus grupos, compren sus entradas y prep\u00e1rense para vivir el mejor A\u00f1o Nuevo del pa\u00eds, adem\u00e1s de disfrutar de dos fiestas con tinte de festivales, por el precio de una\u201d, mencionan los voceros de Vies Group y CDM Producciones.<br \/>\nSOBRE ROMBAI<br \/>\nRombai es una banda de cumbia que\u00a0naci\u00f3 en Montevideo en diciembre de 2014. Est\u00e1 integrada por amigos:\u00a0Fernando V\u00e1zquez\u00a0y Camila Rajchman en voces, Felipe S\u00e1nchez en guitarra, Nicol\u00e1s Velloso en bajo, Brian Garc\u00eda, Agust\u00edn Correa en bater\u00eda y percusi\u00f3n, Ramiro Caruso en teclado; y Nathalie Rubinstein en g\u00fciro.<br \/>\nEn diciembre de 2014 lanzaron su primer tema\u00a0\u201cLocuras Contigo\u201d, Los siguientes a\u00f1os fueron de intenso trabajo y rotundo \u00e9xito. El 25 de enero de 2019 el tr\u00edo presenta el remix de\u00a0\u201cMe Voy\u201d\u00a0junto a\u00a0Abraham Mateo\u00a0y\u00a0Reykon. En 2022 publican el single y videoclip \u00abEnamorao total\u201d\u00a0junto a\u00a0Nikki Mackliff, adem\u00e1s de \u00abVamo a tomar una\u201d. Su m\u00e1s reciente producci\u00f3n es \u201cYa me contaron\u201d con la participaci\u00f3n del artista colombiano Yubeili.<br \/>\nMayor informaci\u00f3n sobre el evento en el 75045415 y en el whatsapp https:\/\/wa.link\/sbw7cv.<br \/>\nPIE FOTO<\/p>\n<p>&nbsp;<\/p>\n","protected":false},"excerpt":{"rendered":"<p>La agrupaci\u00f3n uruguaya Rombai llegar\u00e1 a la ciudad de Santa Cruz de la Sierra, para compartir escenario con El Combo de Veracruz, MC Beto, Flow, Maisa Roca y Sonora Diamante, en un espect\u00e1culo a realizarse en Arena 26, para dar la bienvenida al nuevo a\u00f1o. Las empresas encargadas de organizar el show son Vies Group [&hellip;]<\/p>\n","protected":false},"author":1,"featured_media":128081,"comment_status":"closed","ping_status":"closed","sticky":false,"template":"","format":"standard","meta":{"_acf_changed":false,"footnotes":""},"categories":[8],"tags":[],"class_list":["post-128080","post","type-post","status-publish","format-standard","has-post-thumbnail","category-cultural"],"acf":{"antetitulo":""},"yoast_head":"<!-- This site is optimized with the Yoast SEO plugin v28.3 - https:\/\/yoast.com\/product\/yoast-seo-wordpress\/ -->\n<title>Rombai llega a Santa Cruz para dar la bienvenida al nuevo a\u00f1o - El Diario - Bolivia<\/title>\n<meta name=\"robots\" content=\"index, follow, max-snippet:-1, max-image-preview:large, max-video-preview:-1\" \/>\n<link rel=\"canonical\" href=\"https:\/\/www.eldiario.net\/portal\/2022\/12\/17\/rombai-llega-a-santa-cruz-para-dar-la-bienvenida-al-nuevo-ano\/\" \/>\n<meta property=\"og:locale\" content=\"es_ES\" \/>\n<meta property=\"og:type\" content=\"article\" \/>\n<meta property=\"og:title\" content=\"Rombai llega a Santa Cruz para dar la bienvenida al nuevo a\u00f1o - El Diario - Bolivia\" \/>\n<meta property=\"og:description\" content=\"La agrupaci\u00f3n uruguaya Rombai llegar\u00e1 a la ciudad de Santa Cruz de la Sierra, para compartir escenario con El Combo de Veracruz, MC Beto, Flow, Maisa Roca y Sonora Diamante, en un espect\u00e1culo a realizarse en Arena 26, para dar la bienvenida al nuevo a\u00f1o. Las empresas encargadas de organizar el show son Vies Group [&hellip;]\" \/>\n<meta property=\"og:url\" content=\"https:\/\/www.eldiario.net\/portal\/2022\/12\/17\/rombai-llega-a-santa-cruz-para-dar-la-bienvenida-al-nuevo-ano\/\" \/>\n<meta property=\"og:site_name\" content=\"El Diario - Bolivia\" \/>\n<meta property=\"article:publisher\" content=\"https:\/\/www.facebook.com\/eldiario.bolivia\/\" \/>\n<meta property=\"article:published_time\" content=\"2022-12-17T09:58:51+00:00\" \/>\n<meta name=\"author\" content=\"Jeanette\" \/>\n<meta name=\"twitter:card\" content=\"summary_large_image\" \/>\n<meta name=\"twitter:creator\" content=\"@eldiario_net\" \/>\n<meta name=\"twitter:site\" content=\"@eldiario_net\" \/>\n<meta name=\"twitter:label1\" content=\"Escrito por\" \/>\n\t<meta name=\"twitter:data1\" content=\"Jeanette\" \/>\n\t<meta name=\"twitter:label2\" content=\"Tiempo de lectura\" \/>\n\t<meta name=\"twitter:data2\" content=\"2 minutos\" \/>\n<script type=\"application\/ld+json\" class=\"yoast-schema-graph\">{\"@context\":\"https:\\\/\\\/schema.org\",\"@graph\":[{\"@type\":\"Article\",\"@id\":\"https:\\\/\\\/www.eldiario.net\\\/portal\\\/2022\\\/12\\\/17\\\/rombai-llega-a-santa-cruz-para-dar-la-bienvenida-al-nuevo-ano\\\/#article\",\"isPartOf\":{\"@id\":\"https:\\\/\\\/www.eldiario.net\\\/portal\\\/2022\\\/12\\\/17\\\/rombai-llega-a-santa-cruz-para-dar-la-bienvenida-al-nuevo-ano\\\/\"},\"author\":{\"name\":\"Jeanette\",\"@id\":\"https:\\\/\\\/www.eldiario.net\\\/portal\\\/#\\\/schema\\\/person\\\/f46445640444750d7d753ccd04ae01b7\"},\"headline\":\"Rombai llega a Santa Cruz para dar la bienvenida al nuevo a\u00f1o\",\"datePublished\":\"2022-12-17T09:58:51+00:00\",\"mainEntityOfPage\":{\"@id\":\"https:\\\/\\\/www.eldiario.net\\\/portal\\\/2022\\\/12\\\/17\\\/rombai-llega-a-santa-cruz-para-dar-la-bienvenida-al-nuevo-ano\\\/\"},\"wordCount\":467,\"publisher\":{\"@id\":\"https:\\\/\\\/www.eldiario.net\\\/portal\\\/#organization\"},\"image\":{\"@id\":\"https:\\\/\\\/www.eldiario.net\\\/portal\\\/2022\\\/12\\\/17\\\/rombai-llega-a-santa-cruz-para-dar-la-bienvenida-al-nuevo-ano\\\/#primaryimage\"},\"thumbnailUrl\":\"\",\"articleSection\":[\"Cultural\"],\"inLanguage\":\"es\"},{\"@type\":\"WebPage\",\"@id\":\"https:\\\/\\\/www.eldiario.net\\\/portal\\\/2022\\\/12\\\/17\\\/rombai-llega-a-santa-cruz-para-dar-la-bienvenida-al-nuevo-ano\\\/\",\"url\":\"https:\\\/\\\/www.eldiario.net\\\/portal\\\/2022\\\/12\\\/17\\\/rombai-llega-a-santa-cruz-para-dar-la-bienvenida-al-nuevo-ano\\\/\",\"name\":\"Rombai llega a Santa Cruz para dar la bienvenida al nuevo a\u00f1o - El Diario - Bolivia\",\"isPartOf\":{\"@id\":\"https:\\\/\\\/www.eldiario.net\\\/portal\\\/#website\"},\"primaryImageOfPage\":{\"@id\":\"https:\\\/\\\/www.eldiario.net\\\/portal\\\/2022\\\/12\\\/17\\\/rombai-llega-a-santa-cruz-para-dar-la-bienvenida-al-nuevo-ano\\\/#primaryimage\"},\"image\":{\"@id\":\"https:\\\/\\\/www.eldiario.net\\\/portal\\\/2022\\\/12\\\/17\\\/rombai-llega-a-santa-cruz-para-dar-la-bienvenida-al-nuevo-ano\\\/#primaryimage\"},\"thumbnailUrl\":\"\",\"datePublished\":\"2022-12-17T09:58:51+00:00\",\"breadcrumb\":{\"@id\":\"https:\\\/\\\/www.eldiario.net\\\/portal\\\/2022\\\/12\\\/17\\\/rombai-llega-a-santa-cruz-para-dar-la-bienvenida-al-nuevo-ano\\\/#breadcrumb\"},\"inLanguage\":\"es\",\"potentialAction\":[{\"@type\":\"ReadAction\",\"target\":[\"https:\\\/\\\/www.eldiario.net\\\/portal\\\/2022\\\/12\\\/17\\\/rombai-llega-a-santa-cruz-para-dar-la-bienvenida-al-nuevo-ano\\\/\"]}]},{\"@type\":\"ImageObject\",\"inLanguage\":\"es\",\"@id\":\"https:\\\/\\\/www.eldiario.net\\\/portal\\\/2022\\\/12\\\/17\\\/rombai-llega-a-santa-cruz-para-dar-la-bienvenida-al-nuevo-ano\\\/#primaryimage\",\"url\":\"\",\"contentUrl\":\"\"},{\"@type\":\"BreadcrumbList\",\"@id\":\"https:\\\/\\\/www.eldiario.net\\\/portal\\\/2022\\\/12\\\/17\\\/rombai-llega-a-santa-cruz-para-dar-la-bienvenida-al-nuevo-ano\\\/#breadcrumb\",\"itemListElement\":[{\"@type\":\"ListItem\",\"position\":1,\"name\":\"Portada\",\"item\":\"https:\\\/\\\/www.eldiario.net\\\/portal\\\/\"},{\"@type\":\"ListItem\",\"position\":2,\"name\":\"Rombai llega a Santa Cruz para dar la bienvenida al nuevo a\u00f1o\"}]},{\"@type\":\"WebSite\",\"@id\":\"https:\\\/\\\/www.eldiario.net\\\/portal\\\/#website\",\"url\":\"https:\\\/\\\/www.eldiario.net\\\/portal\\\/\",\"name\":\"El Diario - Decano de la prensa nacional\",\"description\":\"El Diario - Decano de la prensa nacional\",\"publisher\":{\"@id\":\"https:\\\/\\\/www.eldiario.net\\\/portal\\\/#organization\"},\"potentialAction\":[{\"@type\":\"SearchAction\",\"target\":{\"@type\":\"EntryPoint\",\"urlTemplate\":\"https:\\\/\\\/www.eldiario.net\\\/portal\\\/?s={search_term_string}\"},\"query-input\":{\"@type\":\"PropertyValueSpecification\",\"valueRequired\":true,\"valueName\":\"search_term_string\"}}],\"inLanguage\":\"es\"},{\"@type\":\"Organization\",\"@id\":\"https:\\\/\\\/www.eldiario.net\\\/portal\\\/#organization\",\"name\":\"El Diario - Decano de la prensa nacional\",\"url\":\"https:\\\/\\\/www.eldiario.net\\\/portal\\\/\",\"logo\":{\"@type\":\"ImageObject\",\"inLanguage\":\"es\",\"@id\":\"https:\\\/\\\/www.eldiario.net\\\/portal\\\/#\\\/schema\\\/logo\\\/image\\\/\",\"url\":\"https:\\\/\\\/www.eldiario.net\\\/portal\\\/wp-content\\\/uploads\\\/2023\\\/07\\\/logo_ED.jpg\",\"contentUrl\":\"https:\\\/\\\/www.eldiario.net\\\/portal\\\/wp-content\\\/uploads\\\/2023\\\/07\\\/logo_ED.jpg\",\"width\":272,\"height\":52,\"caption\":\"El Diario - Decano de la prensa nacional\"},\"image\":{\"@id\":\"https:\\\/\\\/www.eldiario.net\\\/portal\\\/#\\\/schema\\\/logo\\\/image\\\/\"},\"sameAs\":[\"https:\\\/\\\/www.facebook.com\\\/eldiario.bolivia\\\/\",\"https:\\\/\\\/x.com\\\/eldiario_net\"]},{\"@type\":\"Person\",\"@id\":\"https:\\\/\\\/www.eldiario.net\\\/portal\\\/#\\\/schema\\\/person\\\/f46445640444750d7d753ccd04ae01b7\",\"name\":\"Jeanette\",\"image\":{\"@type\":\"ImageObject\",\"inLanguage\":\"es\",\"@id\":\"https:\\\/\\\/secure.gravatar.com\\\/avatar\\\/3ea2118a5f7dad2b7138b1187a6b7ee55f160b9968b66013c3a3ef39dd7e5798?s=96&d=mm&r=g\",\"url\":\"https:\\\/\\\/secure.gravatar.com\\\/avatar\\\/3ea2118a5f7dad2b7138b1187a6b7ee55f160b9968b66013c3a3ef39dd7e5798?s=96&d=mm&r=g\",\"contentUrl\":\"https:\\\/\\\/secure.gravatar.com\\\/avatar\\\/3ea2118a5f7dad2b7138b1187a6b7ee55f160b9968b66013c3a3ef39dd7e5798?s=96&d=mm&r=g\",\"caption\":\"Jeanette\"},\"sameAs\":[\"https:\\\/\\\/www.eldiario.net\\\/portal\"],\"url\":\"https:\\\/\\\/www.eldiario.net\\\/portal\\\/author\\\/jeanette\\\/\"}]}<\/script>\n<!-- \/ Yoast SEO plugin. -->","yoast_head_json":{"title":"Rombai llega a Santa Cruz para dar la bienvenida al nuevo a\u00f1o - El Diario - Bolivia","robots":{"index":"index","follow":"follow","max-snippet":"max-snippet:-1","max-image-preview":"max-image-preview:large","max-video-preview":"max-video-preview:-1"},"canonical":"https:\/\/www.eldiario.net\/portal\/2022\/12\/17\/rombai-llega-a-santa-cruz-para-dar-la-bienvenida-al-nuevo-ano\/","og_locale":"es_ES","og_type":"article","og_title":"Rombai llega a Santa Cruz para dar la bienvenida al nuevo a\u00f1o - El Diario - Bolivia","og_description":"La agrupaci\u00f3n uruguaya Rombai llegar\u00e1 a la ciudad de Santa Cruz de la Sierra, para compartir escenario con El Combo de Veracruz, MC Beto, Flow, Maisa Roca y Sonora Diamante, en un espect\u00e1culo a realizarse en Arena 26, para dar la bienvenida al nuevo a\u00f1o. Las empresas encargadas de organizar el show son Vies Group [&hellip;]","og_url":"https:\/\/www.eldiario.net\/portal\/2022\/12\/17\/rombai-llega-a-santa-cruz-para-dar-la-bienvenida-al-nuevo-ano\/","og_site_name":"El Diario - Bolivia","article_publisher":"https:\/\/www.facebook.com\/eldiario.bolivia\/","article_published_time":"2022-12-17T09:58:51+00:00","author":"Jeanette","twitter_card":"summary_large_image","twitter_creator":"@eldiario_net","twitter_site":"@eldiario_net","twitter_misc":{"Escrito por":"Jeanette","Tiempo de lectura":"2 minutos"},"schema":{"@context":"https:\/\/schema.org","@graph":[{"@type":"Article","@id":"https:\/\/www.eldiario.net\/portal\/2022\/12\/17\/rombai-llega-a-santa-cruz-para-dar-la-bienvenida-al-nuevo-ano\/#article","isPartOf":{"@id":"https:\/\/www.eldiario.net\/portal\/2022\/12\/17\/rombai-llega-a-santa-cruz-para-dar-la-bienvenida-al-nuevo-ano\/"},"author":{"name":"Jeanette","@id":"https:\/\/www.eldiario.net\/portal\/#\/schema\/person\/f46445640444750d7d753ccd04ae01b7"},"headline":"Rombai llega a Santa Cruz para dar la bienvenida al nuevo a\u00f1o","datePublished":"2022-12-17T09:58:51+00:00","mainEntityOfPage":{"@id":"https:\/\/www.eldiario.net\/portal\/2022\/12\/17\/rombai-llega-a-santa-cruz-para-dar-la-bienvenida-al-nuevo-ano\/"},"wordCount":467,"publisher":{"@id":"https:\/\/www.eldiario.net\/portal\/#organization"},"image":{"@id":"https:\/\/www.eldiario.net\/portal\/2022\/12\/17\/rombai-llega-a-santa-cruz-para-dar-la-bienvenida-al-nuevo-ano\/#primaryimage"},"thumbnailUrl":"","articleSection":["Cultural"],"inLanguage":"es"},{"@type":"WebPage","@id":"https:\/\/www.eldiario.net\/portal\/2022\/12\/17\/rombai-llega-a-santa-cruz-para-dar-la-bienvenida-al-nuevo-ano\/","url":"https:\/\/www.eldiario.net\/portal\/2022\/12\/17\/rombai-llega-a-santa-cruz-para-dar-la-bienvenida-al-nuevo-ano\/","name":"Rombai llega a Santa Cruz para dar la bienvenida al nuevo a\u00f1o - El Diario - Bolivia","isPartOf":{"@id":"https:\/\/www.eldiario.net\/portal\/#website"},"primaryImageOfPage":{"@id":"https:\/\/www.eldiario.net\/portal\/2022\/12\/17\/rombai-llega-a-santa-cruz-para-dar-la-bienvenida-al-nuevo-ano\/#primaryimage"},"image":{"@id":"https:\/\/www.eldiario.net\/portal\/2022\/12\/17\/rombai-llega-a-santa-cruz-para-dar-la-bienvenida-al-nuevo-ano\/#primaryimage"},"thumbnailUrl":"","datePublished":"2022-12-17T09:58:51+00:00","breadcrumb":{"@id":"https:\/\/www.eldiario.net\/portal\/2022\/12\/17\/rombai-llega-a-santa-cruz-para-dar-la-bienvenida-al-nuevo-ano\/#breadcrumb"},"inLanguage":"es","potentialAction":[{"@type":"ReadAction","target":["https:\/\/www.eldiario.net\/portal\/2022\/12\/17\/rombai-llega-a-santa-cruz-para-dar-la-bienvenida-al-nuevo-ano\/"]}]},{"@type":"ImageObject","inLanguage":"es","@id":"https:\/\/www.eldiario.net\/portal\/2022\/12\/17\/rombai-llega-a-santa-cruz-para-dar-la-bienvenida-al-nuevo-ano\/#primaryimage","url":"","contentUrl":""},{"@type":"BreadcrumbList","@id":"https:\/\/www.eldiario.net\/portal\/2022\/12\/17\/rombai-llega-a-santa-cruz-para-dar-la-bienvenida-al-nuevo-ano\/#breadcrumb","itemListElement":[{"@type":"ListItem","position":1,"name":"Portada","item":"https:\/\/www.eldiario.net\/portal\/"},{"@type":"ListItem","position":2,"name":"Rombai llega a Santa Cruz para dar la bienvenida al nuevo a\u00f1o"}]},{"@type":"WebSite","@id":"https:\/\/www.eldiario.net\/portal\/#website","url":"https:\/\/www.eldiario.net\/portal\/","name":"El Diario - Decano de la prensa nacional","description":"El Diario - Decano de la prensa nacional","publisher":{"@id":"https:\/\/www.eldiario.net\/portal\/#organization"},"potentialAction":[{"@type":"SearchAction","target":{"@type":"EntryPoint","urlTemplate":"https:\/\/www.eldiario.net\/portal\/?s={search_term_string}"},"query-input":{"@type":"PropertyValueSpecification","valueRequired":true,"valueName":"search_term_string"}}],"inLanguage":"es"},{"@type":"Organization","@id":"https:\/\/www.eldiario.net\/portal\/#organization","name":"El Diario - Decano de la prensa nacional","url":"https:\/\/www.eldiario.net\/portal\/","logo":{"@type":"ImageObject","inLanguage":"es","@id":"https:\/\/www.eldiario.net\/portal\/#\/schema\/logo\/image\/","url":"https:\/\/www.eldiario.net\/portal\/wp-content\/uploads\/2023\/07\/logo_ED.jpg","contentUrl":"https:\/\/www.eldiario.net\/portal\/wp-content\/uploads\/2023\/07\/logo_ED.jpg","width":272,"height":52,"caption":"El Diario - Decano de la prensa nacional"},"image":{"@id":"https:\/\/www.eldiario.net\/portal\/#\/schema\/logo\/image\/"},"sameAs":["https:\/\/www.facebook.com\/eldiario.bolivia\/","https:\/\/x.com\/eldiario_net"]},{"@type":"Person","@id":"https:\/\/www.eldiario.net\/portal\/#\/schema\/person\/f46445640444750d7d753ccd04ae01b7","name":"Jeanette","image":{"@type":"ImageObject","inLanguage":"es","@id":"https:\/\/secure.gravatar.com\/avatar\/3ea2118a5f7dad2b7138b1187a6b7ee55f160b9968b66013c3a3ef39dd7e5798?s=96&d=mm&r=g","url":"https:\/\/secure.gravatar.com\/avatar\/3ea2118a5f7dad2b7138b1187a6b7ee55f160b9968b66013c3a3ef39dd7e5798?s=96&d=mm&r=g","contentUrl":"https:\/\/secure.gravatar.com\/avatar\/3ea2118a5f7dad2b7138b1187a6b7ee55f160b9968b66013c3a3ef39dd7e5798?s=96&d=mm&r=g","caption":"Jeanette"},"sameAs":["https:\/\/www.eldiario.net\/portal"],"url":"https:\/\/www.eldiario.net\/portal\/author\/jeanette\/"}]}},"_links":{"self":[{"href":"https:\/\/www.eldiario.net\/portal\/wp-json\/wp\/v2\/posts\/128080","targetHints":{"allow":["GET"]}}],"collection":[{"href":"https:\/\/www.eldiario.net\/portal\/wp-json\/wp\/v2\/posts"}],"about":[{"href":"https:\/\/www.eldiario.net\/portal\/wp-json\/wp\/v2\/types\/post"}],"author":[{"embeddable":true,"href":"https:\/\/www.eldiario.net\/portal\/wp-json\/wp\/v2\/users\/1"}],"replies":[{"embeddable":true,"href":"https:\/\/www.eldiario.net\/portal\/wp-json\/wp\/v2\/comments?post=128080"}],"version-history":[{"count":0,"href":"https:\/\/www.eldiario.net\/portal\/wp-json\/wp\/v2\/posts\/128080\/revisions"}],"wp:attachment":[{"href":"https:\/\/www.eldiario.net\/portal\/wp-json\/wp\/v2\/media?parent=128080"}],"wp:term":[{"taxonomy":"category","embeddable":true,"href":"https:\/\/www.eldiario.net\/portal\/wp-json\/wp\/v2\/categories?post=128080"},{"taxonomy":"post_tag","embeddable":true,"href":"https:\/\/www.eldiario.net\/portal\/wp-json\/wp\/v2\/tags?post=128080"}],"curies":[{"name":"wp","href":"https:\/\/api.w.org\/{rel}","templated":true}]}}