{"id":128075,"date":"2022-12-17T05:55:26","date_gmt":"2022-12-17T09:55:26","guid":{"rendered":"https:\/\/www.eldiario.net\/portal\/?p=128075"},"modified":"2022-12-17T05:55:26","modified_gmt":"2022-12-17T09:55:26","slug":"intentan-asesinar-a-periodista-mexicano-ciro-gomez-leyva","status":"publish","type":"post","link":"https:\/\/www.eldiario.net\/portal\/2022\/12\/17\/intentan-asesinar-a-periodista-mexicano-ciro-gomez-leyva\/","title":{"rendered":"Intentan asesinar a periodista mexicano Ciro G\u00f3mez Leyva"},"content":{"rendered":"<p>El periodista Ciro G\u00f3mez Leyva denunci\u00f3 a trav\u00e9s de sus redes sociales que fue v\u00edctima de un ataque directo en su contra cuando transitaba en su veh\u00edculo, en los alrededores de su vecindario.<br \/>\nPrecis\u00f3 que dos personas a bordo de una motocicleta le dispararon con la intenci\u00f3n de herirlo a muerte; no obstante, gracias a que su camioneta tiene blindaje, no ocurri\u00f3 una tragedia.<br \/>\nDe acuerdo con su testimonio, los hechos ocurrieron a 200 metros de su casa. Cuando manejaba su motorizado donde fue reconocido e interceptado por civiles armados que abrieron fuego en su contra en por lo menos cuatro ocasiones.<br \/>\nAsegur\u00f3 que tras los hechos, de los que result\u00f3 ileso, realiz\u00f3 la denuncia correspondiente. El comunicador reiter\u00f3 que se encontraba bien de salud y dio su declaraci\u00f3n ante el Ministerio P\u00fablico para que fuera integrada a la carpeta de investigaci\u00f3n que abri\u00f3 la Fiscal\u00eda General de Justicia (FGJ) capitalina para dar con los culpables del intento de homicidio.<br \/>\nAnte estos hechos, el titular de la Secretar\u00eda de Seguridad Ciudadana de la Ciudad de M\u00e9xico (SSC-CDMX), Omar Garc\u00eda Harfuch, emiti\u00f3 un breve, pero conciso mensaje sobre los hechos ocurridos, donde respald\u00f3 al periodista.<br \/>\nPor su parte, la jefa de Gobierno capitalina, Claudia Sheinbaum Pardo, asegur\u00f3 que habl\u00f3 directamente con el comunicador de Radio F\u00f3rmula para brindarle protecci\u00f3n a trav\u00e9s de la SSC, as\u00ed como que estaban iniciando investigaciones, revisando las grabaciones de las c\u00e1maras del Centro de Comando, Control, C\u00f3mputo, Comunicaciones y Contacto Ciudadano de la Ciudad de M\u00e9xico (C5).<br \/>\nEn las im\u00e1genes que comparti\u00f3 el periodista, se puede observar su camioneta, de color negro, con al menos cuatro impactos de bala, las cuales podr\u00edan ser de alto calibre por su di\u00e1metro Gracias al blindaje solo quedaron las marcas del ataque.<br \/>\nCONDENAN EL ATAQUE<br \/>\nTras la denuncia del periodista, algunos pol\u00edticos y periodistas le expresaron su solidaridad y apoyo.<br \/>\nEl dirigente nacional del Partido Revolucionario Institucional (PRI), Alejandro Alito Moreno, fue uno de los funcionarios, tom\u00f3 esta actitud en favor del periodista a la par de condenar la violencia en contra de la prensa en M\u00e9xico, a pesar de que en semanas pasadas estuvo involucrado en una pol\u00e9mica sobre su maltrato al gremio.<br \/>\nBajo la misma lupa, algunos comenzaron a especular un posible v\u00ednculo entre el ataque que sufri\u00f3 el periodista y el mandatario Andr\u00e9s Manuel L\u00f3pez Obrador (AMLO). Entre los m\u00e1s destacados est\u00e1 el de Manuel Clouthier, quien lanz\u00f3 la interrogante: \u201cQue va decir L\u00f3pez Obrador sobre el atentado que sufri\u00f3 Ciro G\u00f3mez Leyva?\u201d.<br \/>\nTambi\u00e9n subray\u00f3 que el Presidente hab\u00eda desatado su furia contra la organizaci\u00f3n Art\u00edculo 19 y por la noche se estaba reportando el ataque contra el periodista.<br \/>\nEntre otras personalidades y organizaciones que se unieron a la ola de indignaci\u00f3n, estuvo Adela Micha, Chumel Torres, Art\u00edculo 19, Estefan\u00eda Veloz, H\u00e9ctor de Maule\u00f3n, Karla Iberia S\u00e1nchez, Pablo Hiriart, Carlos Loret de Mola, Sandra Cuevas, Gerardo Fern\u00e1ndez de Noro\u00f1a, Francisco Cabeza de Vaca, Santiago Creel, Claudia Ruiz Massieu, entre otros. (Infobae).<\/p>\n","protected":false},"excerpt":{"rendered":"<p>El periodista Ciro G\u00f3mez Leyva denunci\u00f3 a trav\u00e9s de sus redes sociales que fue v\u00edctima de un ataque directo en su contra cuando transitaba en su veh\u00edculo, en los alrededores de su vecindario. Precis\u00f3 que dos personas a bordo de una motocicleta le dispararon con la intenci\u00f3n de herirlo a muerte; no obstante, gracias a [&hellip;]<\/p>\n","protected":false},"author":1,"featured_media":128076,"comment_status":"closed","ping_status":"closed","sticky":false,"template":"","format":"standard","meta":{"_acf_changed":false,"footnotes":""},"categories":[3],"tags":[],"class_list":["post-128075","post","type-post","status-publish","format-standard","has-post-thumbnail","category-internacional"],"acf":{"antetitulo":""},"yoast_head":"<!-- This site is optimized with the Yoast SEO plugin v28.3 - https:\/\/yoast.com\/product\/yoast-seo-wordpress\/ -->\n<title>Intentan asesinar a periodista mexicano Ciro G\u00f3mez Leyva - El Diario - Bolivia<\/title>\n<meta name=\"robots\" content=\"index, follow, max-snippet:-1, max-image-preview:large, max-video-preview:-1\" \/>\n<link rel=\"canonical\" href=\"https:\/\/www.eldiario.net\/portal\/2022\/12\/17\/intentan-asesinar-a-periodista-mexicano-ciro-gomez-leyva\/\" \/>\n<meta property=\"og:locale\" content=\"es_ES\" \/>\n<meta property=\"og:type\" content=\"article\" \/>\n<meta property=\"og:title\" content=\"Intentan asesinar a periodista mexicano Ciro G\u00f3mez Leyva - El Diario - Bolivia\" \/>\n<meta property=\"og:description\" content=\"El periodista Ciro G\u00f3mez Leyva denunci\u00f3 a trav\u00e9s de sus redes sociales que fue v\u00edctima de un ataque directo en su contra cuando transitaba en su veh\u00edculo, en los alrededores de su vecindario. Precis\u00f3 que dos personas a bordo de una motocicleta le dispararon con la intenci\u00f3n de herirlo a muerte; no obstante, gracias a [&hellip;]\" \/>\n<meta property=\"og:url\" content=\"https:\/\/www.eldiario.net\/portal\/2022\/12\/17\/intentan-asesinar-a-periodista-mexicano-ciro-gomez-leyva\/\" \/>\n<meta property=\"og:site_name\" content=\"El Diario - Bolivia\" \/>\n<meta property=\"article:publisher\" content=\"https:\/\/www.facebook.com\/eldiario.bolivia\/\" \/>\n<meta property=\"article:published_time\" content=\"2022-12-17T09:55:26+00:00\" \/>\n<meta name=\"author\" content=\"Jeanette\" \/>\n<meta name=\"twitter:card\" content=\"summary_large_image\" \/>\n<meta name=\"twitter:creator\" content=\"@eldiario_net\" \/>\n<meta name=\"twitter:site\" content=\"@eldiario_net\" \/>\n<meta name=\"twitter:label1\" content=\"Escrito por\" \/>\n\t<meta name=\"twitter:data1\" content=\"Jeanette\" \/>\n\t<meta name=\"twitter:label2\" content=\"Tiempo de lectura\" \/>\n\t<meta name=\"twitter:data2\" content=\"3 minutos\" \/>\n<script type=\"application\/ld+json\" class=\"yoast-schema-graph\">{\"@context\":\"https:\\\/\\\/schema.org\",\"@graph\":[{\"@type\":\"Article\",\"@id\":\"https:\\\/\\\/www.eldiario.net\\\/portal\\\/2022\\\/12\\\/17\\\/intentan-asesinar-a-periodista-mexicano-ciro-gomez-leyva\\\/#article\",\"isPartOf\":{\"@id\":\"https:\\\/\\\/www.eldiario.net\\\/portal\\\/2022\\\/12\\\/17\\\/intentan-asesinar-a-periodista-mexicano-ciro-gomez-leyva\\\/\"},\"author\":{\"name\":\"Jeanette\",\"@id\":\"https:\\\/\\\/www.eldiario.net\\\/portal\\\/#\\\/schema\\\/person\\\/f46445640444750d7d753ccd04ae01b7\"},\"headline\":\"Intentan asesinar a periodista mexicano Ciro G\u00f3mez Leyva\",\"datePublished\":\"2022-12-17T09:55:26+00:00\",\"mainEntityOfPage\":{\"@id\":\"https:\\\/\\\/www.eldiario.net\\\/portal\\\/2022\\\/12\\\/17\\\/intentan-asesinar-a-periodista-mexicano-ciro-gomez-leyva\\\/\"},\"wordCount\":542,\"publisher\":{\"@id\":\"https:\\\/\\\/www.eldiario.net\\\/portal\\\/#organization\"},\"image\":{\"@id\":\"https:\\\/\\\/www.eldiario.net\\\/portal\\\/2022\\\/12\\\/17\\\/intentan-asesinar-a-periodista-mexicano-ciro-gomez-leyva\\\/#primaryimage\"},\"thumbnailUrl\":\"\",\"articleSection\":[\"Internacional\"],\"inLanguage\":\"es\"},{\"@type\":\"WebPage\",\"@id\":\"https:\\\/\\\/www.eldiario.net\\\/portal\\\/2022\\\/12\\\/17\\\/intentan-asesinar-a-periodista-mexicano-ciro-gomez-leyva\\\/\",\"url\":\"https:\\\/\\\/www.eldiario.net\\\/portal\\\/2022\\\/12\\\/17\\\/intentan-asesinar-a-periodista-mexicano-ciro-gomez-leyva\\\/\",\"name\":\"Intentan asesinar a periodista mexicano Ciro G\u00f3mez Leyva - El Diario - Bolivia\",\"isPartOf\":{\"@id\":\"https:\\\/\\\/www.eldiario.net\\\/portal\\\/#website\"},\"primaryImageOfPage\":{\"@id\":\"https:\\\/\\\/www.eldiario.net\\\/portal\\\/2022\\\/12\\\/17\\\/intentan-asesinar-a-periodista-mexicano-ciro-gomez-leyva\\\/#primaryimage\"},\"image\":{\"@id\":\"https:\\\/\\\/www.eldiario.net\\\/portal\\\/2022\\\/12\\\/17\\\/intentan-asesinar-a-periodista-mexicano-ciro-gomez-leyva\\\/#primaryimage\"},\"thumbnailUrl\":\"\",\"datePublished\":\"2022-12-17T09:55:26+00:00\",\"breadcrumb\":{\"@id\":\"https:\\\/\\\/www.eldiario.net\\\/portal\\\/2022\\\/12\\\/17\\\/intentan-asesinar-a-periodista-mexicano-ciro-gomez-leyva\\\/#breadcrumb\"},\"inLanguage\":\"es\",\"potentialAction\":[{\"@type\":\"ReadAction\",\"target\":[\"https:\\\/\\\/www.eldiario.net\\\/portal\\\/2022\\\/12\\\/17\\\/intentan-asesinar-a-periodista-mexicano-ciro-gomez-leyva\\\/\"]}]},{\"@type\":\"ImageObject\",\"inLanguage\":\"es\",\"@id\":\"https:\\\/\\\/www.eldiario.net\\\/portal\\\/2022\\\/12\\\/17\\\/intentan-asesinar-a-periodista-mexicano-ciro-gomez-leyva\\\/#primaryimage\",\"url\":\"\",\"contentUrl\":\"\"},{\"@type\":\"BreadcrumbList\",\"@id\":\"https:\\\/\\\/www.eldiario.net\\\/portal\\\/2022\\\/12\\\/17\\\/intentan-asesinar-a-periodista-mexicano-ciro-gomez-leyva\\\/#breadcrumb\",\"itemListElement\":[{\"@type\":\"ListItem\",\"position\":1,\"name\":\"Portada\",\"item\":\"https:\\\/\\\/www.eldiario.net\\\/portal\\\/\"},{\"@type\":\"ListItem\",\"position\":2,\"name\":\"Intentan asesinar a periodista mexicano Ciro G\u00f3mez Leyva\"}]},{\"@type\":\"WebSite\",\"@id\":\"https:\\\/\\\/www.eldiario.net\\\/portal\\\/#website\",\"url\":\"https:\\\/\\\/www.eldiario.net\\\/portal\\\/\",\"name\":\"El Diario - Decano de la prensa nacional\",\"description\":\"El Diario - Decano de la prensa nacional\",\"publisher\":{\"@id\":\"https:\\\/\\\/www.eldiario.net\\\/portal\\\/#organization\"},\"potentialAction\":[{\"@type\":\"SearchAction\",\"target\":{\"@type\":\"EntryPoint\",\"urlTemplate\":\"https:\\\/\\\/www.eldiario.net\\\/portal\\\/?s={search_term_string}\"},\"query-input\":{\"@type\":\"PropertyValueSpecification\",\"valueRequired\":true,\"valueName\":\"search_term_string\"}}],\"inLanguage\":\"es\"},{\"@type\":\"Organization\",\"@id\":\"https:\\\/\\\/www.eldiario.net\\\/portal\\\/#organization\",\"name\":\"El Diario - Decano de la prensa nacional\",\"url\":\"https:\\\/\\\/www.eldiario.net\\\/portal\\\/\",\"logo\":{\"@type\":\"ImageObject\",\"inLanguage\":\"es\",\"@id\":\"https:\\\/\\\/www.eldiario.net\\\/portal\\\/#\\\/schema\\\/logo\\\/image\\\/\",\"url\":\"https:\\\/\\\/www.eldiario.net\\\/portal\\\/wp-content\\\/uploads\\\/2023\\\/07\\\/logo_ED.jpg\",\"contentUrl\":\"https:\\\/\\\/www.eldiario.net\\\/portal\\\/wp-content\\\/uploads\\\/2023\\\/07\\\/logo_ED.jpg\",\"width\":272,\"height\":52,\"caption\":\"El Diario - Decano de la prensa nacional\"},\"image\":{\"@id\":\"https:\\\/\\\/www.eldiario.net\\\/portal\\\/#\\\/schema\\\/logo\\\/image\\\/\"},\"sameAs\":[\"https:\\\/\\\/www.facebook.com\\\/eldiario.bolivia\\\/\",\"https:\\\/\\\/x.com\\\/eldiario_net\"]},{\"@type\":\"Person\",\"@id\":\"https:\\\/\\\/www.eldiario.net\\\/portal\\\/#\\\/schema\\\/person\\\/f46445640444750d7d753ccd04ae01b7\",\"name\":\"Jeanette\",\"image\":{\"@type\":\"ImageObject\",\"inLanguage\":\"es\",\"@id\":\"https:\\\/\\\/secure.gravatar.com\\\/avatar\\\/3ea2118a5f7dad2b7138b1187a6b7ee55f160b9968b66013c3a3ef39dd7e5798?s=96&d=mm&r=g\",\"url\":\"https:\\\/\\\/secure.gravatar.com\\\/avatar\\\/3ea2118a5f7dad2b7138b1187a6b7ee55f160b9968b66013c3a3ef39dd7e5798?s=96&d=mm&r=g\",\"contentUrl\":\"https:\\\/\\\/secure.gravatar.com\\\/avatar\\\/3ea2118a5f7dad2b7138b1187a6b7ee55f160b9968b66013c3a3ef39dd7e5798?s=96&d=mm&r=g\",\"caption\":\"Jeanette\"},\"sameAs\":[\"https:\\\/\\\/www.eldiario.net\\\/portal\"],\"url\":\"https:\\\/\\\/www.eldiario.net\\\/portal\\\/author\\\/jeanette\\\/\"}]}<\/script>\n<!-- \/ Yoast SEO plugin. -->","yoast_head_json":{"title":"Intentan asesinar a periodista mexicano Ciro G\u00f3mez Leyva - El Diario - Bolivia","robots":{"index":"index","follow":"follow","max-snippet":"max-snippet:-1","max-image-preview":"max-image-preview:large","max-video-preview":"max-video-preview:-1"},"canonical":"https:\/\/www.eldiario.net\/portal\/2022\/12\/17\/intentan-asesinar-a-periodista-mexicano-ciro-gomez-leyva\/","og_locale":"es_ES","og_type":"article","og_title":"Intentan asesinar a periodista mexicano Ciro G\u00f3mez Leyva - El Diario - Bolivia","og_description":"El periodista Ciro G\u00f3mez Leyva denunci\u00f3 a trav\u00e9s de sus redes sociales que fue v\u00edctima de un ataque directo en su contra cuando transitaba en su veh\u00edculo, en los alrededores de su vecindario. Precis\u00f3 que dos personas a bordo de una motocicleta le dispararon con la intenci\u00f3n de herirlo a muerte; no obstante, gracias a [&hellip;]","og_url":"https:\/\/www.eldiario.net\/portal\/2022\/12\/17\/intentan-asesinar-a-periodista-mexicano-ciro-gomez-leyva\/","og_site_name":"El Diario - Bolivia","article_publisher":"https:\/\/www.facebook.com\/eldiario.bolivia\/","article_published_time":"2022-12-17T09:55:26+00:00","author":"Jeanette","twitter_card":"summary_large_image","twitter_creator":"@eldiario_net","twitter_site":"@eldiario_net","twitter_misc":{"Escrito por":"Jeanette","Tiempo de lectura":"3 minutos"},"schema":{"@context":"https:\/\/schema.org","@graph":[{"@type":"Article","@id":"https:\/\/www.eldiario.net\/portal\/2022\/12\/17\/intentan-asesinar-a-periodista-mexicano-ciro-gomez-leyva\/#article","isPartOf":{"@id":"https:\/\/www.eldiario.net\/portal\/2022\/12\/17\/intentan-asesinar-a-periodista-mexicano-ciro-gomez-leyva\/"},"author":{"name":"Jeanette","@id":"https:\/\/www.eldiario.net\/portal\/#\/schema\/person\/f46445640444750d7d753ccd04ae01b7"},"headline":"Intentan asesinar a periodista mexicano Ciro G\u00f3mez Leyva","datePublished":"2022-12-17T09:55:26+00:00","mainEntityOfPage":{"@id":"https:\/\/www.eldiario.net\/portal\/2022\/12\/17\/intentan-asesinar-a-periodista-mexicano-ciro-gomez-leyva\/"},"wordCount":542,"publisher":{"@id":"https:\/\/www.eldiario.net\/portal\/#organization"},"image":{"@id":"https:\/\/www.eldiario.net\/portal\/2022\/12\/17\/intentan-asesinar-a-periodista-mexicano-ciro-gomez-leyva\/#primaryimage"},"thumbnailUrl":"","articleSection":["Internacional"],"inLanguage":"es"},{"@type":"WebPage","@id":"https:\/\/www.eldiario.net\/portal\/2022\/12\/17\/intentan-asesinar-a-periodista-mexicano-ciro-gomez-leyva\/","url":"https:\/\/www.eldiario.net\/portal\/2022\/12\/17\/intentan-asesinar-a-periodista-mexicano-ciro-gomez-leyva\/","name":"Intentan asesinar a periodista mexicano Ciro G\u00f3mez Leyva - El Diario - Bolivia","isPartOf":{"@id":"https:\/\/www.eldiario.net\/portal\/#website"},"primaryImageOfPage":{"@id":"https:\/\/www.eldiario.net\/portal\/2022\/12\/17\/intentan-asesinar-a-periodista-mexicano-ciro-gomez-leyva\/#primaryimage"},"image":{"@id":"https:\/\/www.eldiario.net\/portal\/2022\/12\/17\/intentan-asesinar-a-periodista-mexicano-ciro-gomez-leyva\/#primaryimage"},"thumbnailUrl":"","datePublished":"2022-12-17T09:55:26+00:00","breadcrumb":{"@id":"https:\/\/www.eldiario.net\/portal\/2022\/12\/17\/intentan-asesinar-a-periodista-mexicano-ciro-gomez-leyva\/#breadcrumb"},"inLanguage":"es","potentialAction":[{"@type":"ReadAction","target":["https:\/\/www.eldiario.net\/portal\/2022\/12\/17\/intentan-asesinar-a-periodista-mexicano-ciro-gomez-leyva\/"]}]},{"@type":"ImageObject","inLanguage":"es","@id":"https:\/\/www.eldiario.net\/portal\/2022\/12\/17\/intentan-asesinar-a-periodista-mexicano-ciro-gomez-leyva\/#primaryimage","url":"","contentUrl":""},{"@type":"BreadcrumbList","@id":"https:\/\/www.eldiario.net\/portal\/2022\/12\/17\/intentan-asesinar-a-periodista-mexicano-ciro-gomez-leyva\/#breadcrumb","itemListElement":[{"@type":"ListItem","position":1,"name":"Portada","item":"https:\/\/www.eldiario.net\/portal\/"},{"@type":"ListItem","position":2,"name":"Intentan asesinar a periodista mexicano Ciro G\u00f3mez Leyva"}]},{"@type":"WebSite","@id":"https:\/\/www.eldiario.net\/portal\/#website","url":"https:\/\/www.eldiario.net\/portal\/","name":"El Diario - Decano de la prensa nacional","description":"El Diario - Decano de la prensa nacional","publisher":{"@id":"https:\/\/www.eldiario.net\/portal\/#organization"},"potentialAction":[{"@type":"SearchAction","target":{"@type":"EntryPoint","urlTemplate":"https:\/\/www.eldiario.net\/portal\/?s={search_term_string}"},"query-input":{"@type":"PropertyValueSpecification","valueRequired":true,"valueName":"search_term_string"}}],"inLanguage":"es"},{"@type":"Organization","@id":"https:\/\/www.eldiario.net\/portal\/#organization","name":"El Diario - Decano de la prensa nacional","url":"https:\/\/www.eldiario.net\/portal\/","logo":{"@type":"ImageObject","inLanguage":"es","@id":"https:\/\/www.eldiario.net\/portal\/#\/schema\/logo\/image\/","url":"https:\/\/www.eldiario.net\/portal\/wp-content\/uploads\/2023\/07\/logo_ED.jpg","contentUrl":"https:\/\/www.eldiario.net\/portal\/wp-content\/uploads\/2023\/07\/logo_ED.jpg","width":272,"height":52,"caption":"El Diario - Decano de la prensa nacional"},"image":{"@id":"https:\/\/www.eldiario.net\/portal\/#\/schema\/logo\/image\/"},"sameAs":["https:\/\/www.facebook.com\/eldiario.bolivia\/","https:\/\/x.com\/eldiario_net"]},{"@type":"Person","@id":"https:\/\/www.eldiario.net\/portal\/#\/schema\/person\/f46445640444750d7d753ccd04ae01b7","name":"Jeanette","image":{"@type":"ImageObject","inLanguage":"es","@id":"https:\/\/secure.gravatar.com\/avatar\/3ea2118a5f7dad2b7138b1187a6b7ee55f160b9968b66013c3a3ef39dd7e5798?s=96&d=mm&r=g","url":"https:\/\/secure.gravatar.com\/avatar\/3ea2118a5f7dad2b7138b1187a6b7ee55f160b9968b66013c3a3ef39dd7e5798?s=96&d=mm&r=g","contentUrl":"https:\/\/secure.gravatar.com\/avatar\/3ea2118a5f7dad2b7138b1187a6b7ee55f160b9968b66013c3a3ef39dd7e5798?s=96&d=mm&r=g","caption":"Jeanette"},"sameAs":["https:\/\/www.eldiario.net\/portal"],"url":"https:\/\/www.eldiario.net\/portal\/author\/jeanette\/"}]}},"_links":{"self":[{"href":"https:\/\/www.eldiario.net\/portal\/wp-json\/wp\/v2\/posts\/128075","targetHints":{"allow":["GET"]}}],"collection":[{"href":"https:\/\/www.eldiario.net\/portal\/wp-json\/wp\/v2\/posts"}],"about":[{"href":"https:\/\/www.eldiario.net\/portal\/wp-json\/wp\/v2\/types\/post"}],"author":[{"embeddable":true,"href":"https:\/\/www.eldiario.net\/portal\/wp-json\/wp\/v2\/users\/1"}],"replies":[{"embeddable":true,"href":"https:\/\/www.eldiario.net\/portal\/wp-json\/wp\/v2\/comments?post=128075"}],"version-history":[{"count":0,"href":"https:\/\/www.eldiario.net\/portal\/wp-json\/wp\/v2\/posts\/128075\/revisions"}],"wp:attachment":[{"href":"https:\/\/www.eldiario.net\/portal\/wp-json\/wp\/v2\/media?parent=128075"}],"wp:term":[{"taxonomy":"category","embeddable":true,"href":"https:\/\/www.eldiario.net\/portal\/wp-json\/wp\/v2\/categories?post=128075"},{"taxonomy":"post_tag","embeddable":true,"href":"https:\/\/www.eldiario.net\/portal\/wp-json\/wp\/v2\/tags?post=128075"}],"curies":[{"name":"wp","href":"https:\/\/api.w.org\/{rel}","templated":true}]}}