{"id":128072,"date":"2022-12-17T05:54:19","date_gmt":"2022-12-17T09:54:19","guid":{"rendered":"https:\/\/www.eldiario.net\/portal\/?p=128072"},"modified":"2022-12-17T05:54:19","modified_gmt":"2022-12-17T09:54:19","slug":"alemania-critica-a-twitter-por-bloquear-cuentas-de-periodistas","status":"publish","type":"post","link":"https:\/\/www.eldiario.net\/portal\/2022\/12\/17\/alemania-critica-a-twitter-por-bloquear-cuentas-de-periodistas\/","title":{"rendered":"Alemania critica a Twitter por  bloquear cuentas de periodistas"},"content":{"rendered":"<p>El Gobierno de Alemania critic\u00f3 ayer a la empresa Twitter por bloquear las cuentas de varios periodistas y reivindic\u00f3 la importancia de defender la libertad de prensa.<br \/>\nEl Ministerio de Exteriores alem\u00e1n se\u00f1al\u00f3 as\u00ed en su cuenta de Twitter que \u201cla libertad de prensa no debe apagarse y encenderse a voluntad\u201d y afirm\u00f3 que algunos periodistas ya no pueden seguir a partir de la fecha la cuenta del propio Ministerio.<br \/>\n\u201cYa no pueden seguirnos, comentarnos o criticarnos, as\u00ed que tenemos un problema\u201d, indic\u00f3 antes de a\u00f1adir una serie de im\u00e1genes en las que aparecen las cuentas suspendidas de los periodistas.<br \/>\nLas cr\u00edticas del Gobierno alem\u00e1n llegan luego de que Twitter bloqueara a periodistas pertenecientes a algunos de los principales medios de comunicaci\u00f3n de Estados Unidos despu\u00e9s de que violaran presuntamente las condiciones de uso de la plataforma al revelar informaci\u00f3n personal sobre el ahora due\u00f1o de la compa\u00f1\u00eda, Elon Musk.<br \/>\nEn concreto, los periodistas pertenecientes a medios como \u2018The New York Times\u2019, \u2018The Washington Post\u2019 o la cadena CNN, denunciaron el bloqueo de sus cuentas. Durante la jornada, Musk inform\u00f3 que Twitter suspender\u00eda toda cuenta que proporcionase informaci\u00f3n de ubicaci\u00f3n en tiempo real sobre cualquier persona, alegando que es una violaci\u00f3n de la seguridad de dichos sujetos. Esta prohibici\u00f3n tambi\u00e9n inclu\u00eda publicar enlaces a sitios con informaci\u00f3n de ubicaci\u00f3n en tiempo real.<br \/>\n\u201cCriticarme todo el d\u00eda est\u00e1 bien, pero publicar mis ubicaciones en tiempo real y poner en peligro a mi familia no lo est\u00e1\u201d, afirm\u00f3 el due\u00f1o de la plataforma en un tuit luego de que algunos periodistas difundieran la ubicaci\u00f3n de su avi\u00f3n privado.<br \/>\nUNI\u00d3N EUROPEA<br \/>\nPor su parte la Uni\u00f3n Europea advirti\u00f3 ayer al empresario Elon Musk con posibles sanciones contra Twitter por la suspensi\u00f3n de varias cuentas de periodistas que reportan sobre esa empresa.<br \/>\n\u201cLas noticias sobre suspensi\u00f3n de periodistas de Twitter son preocupantes. Elon Musk debe tomar nota de esto. Hay l\u00edneas rojas. Y, pronto, habr\u00e1 sanciones\u201d, apunt\u00f3 la comisaria europea de Transparencia, Vera Jourova, en un tuit.<br \/>\nEn su mensaje, Jourova se refiri\u00f3 a una de las dos leyes que la Uni\u00f3n Europea adopt\u00f3 en julio de este a\u00f1o y con las que el bloque regular\u00e1 la actividad de los gigantes del sector y las principales plataformas en el bloque.(Europa Press).<\/p>\n<p>&nbsp;<\/p>\n","protected":false},"excerpt":{"rendered":"<p>El Gobierno de Alemania critic\u00f3 ayer a la empresa Twitter por bloquear las cuentas de varios periodistas y reivindic\u00f3 la importancia de defender la libertad de prensa. El Ministerio de Exteriores alem\u00e1n se\u00f1al\u00f3 as\u00ed en su cuenta de Twitter que \u201cla libertad de prensa no debe apagarse y encenderse a voluntad\u201d y afirm\u00f3 que algunos [&hellip;]<\/p>\n","protected":false},"author":1,"featured_media":128073,"comment_status":"closed","ping_status":"closed","sticky":false,"template":"","format":"standard","meta":{"_acf_changed":false,"footnotes":""},"categories":[3],"tags":[],"class_list":["post-128072","post","type-post","status-publish","format-standard","has-post-thumbnail","category-internacional"],"acf":{"antetitulo":""},"yoast_head":"<!-- This site is optimized with the Yoast SEO plugin v28.3 - https:\/\/yoast.com\/product\/yoast-seo-wordpress\/ -->\n<title>Alemania critica a Twitter por bloquear cuentas de periodistas - El Diario - Bolivia<\/title>\n<meta name=\"robots\" content=\"index, follow, max-snippet:-1, max-image-preview:large, max-video-preview:-1\" \/>\n<link rel=\"canonical\" href=\"https:\/\/www.eldiario.net\/portal\/2022\/12\/17\/alemania-critica-a-twitter-por-bloquear-cuentas-de-periodistas\/\" \/>\n<meta property=\"og:locale\" content=\"es_ES\" \/>\n<meta property=\"og:type\" content=\"article\" \/>\n<meta property=\"og:title\" content=\"Alemania critica a Twitter por bloquear cuentas de periodistas - El Diario - Bolivia\" \/>\n<meta property=\"og:description\" content=\"El Gobierno de Alemania critic\u00f3 ayer a la empresa Twitter por bloquear las cuentas de varios periodistas y reivindic\u00f3 la importancia de defender la libertad de prensa. El Ministerio de Exteriores alem\u00e1n se\u00f1al\u00f3 as\u00ed en su cuenta de Twitter que \u201cla libertad de prensa no debe apagarse y encenderse a voluntad\u201d y afirm\u00f3 que algunos [&hellip;]\" \/>\n<meta property=\"og:url\" content=\"https:\/\/www.eldiario.net\/portal\/2022\/12\/17\/alemania-critica-a-twitter-por-bloquear-cuentas-de-periodistas\/\" \/>\n<meta property=\"og:site_name\" content=\"El Diario - Bolivia\" \/>\n<meta property=\"article:publisher\" content=\"https:\/\/www.facebook.com\/eldiario.bolivia\/\" \/>\n<meta property=\"article:published_time\" content=\"2022-12-17T09:54:19+00:00\" \/>\n<meta name=\"author\" content=\"Jeanette\" \/>\n<meta name=\"twitter:card\" content=\"summary_large_image\" \/>\n<meta name=\"twitter:creator\" content=\"@eldiario_net\" \/>\n<meta name=\"twitter:site\" content=\"@eldiario_net\" \/>\n<meta name=\"twitter:label1\" content=\"Escrito por\" \/>\n\t<meta name=\"twitter:data1\" content=\"Jeanette\" \/>\n\t<meta name=\"twitter:label2\" content=\"Tiempo de lectura\" \/>\n\t<meta name=\"twitter:data2\" content=\"2 minutos\" \/>\n<script type=\"application\/ld+json\" class=\"yoast-schema-graph\">{\"@context\":\"https:\\\/\\\/schema.org\",\"@graph\":[{\"@type\":\"Article\",\"@id\":\"https:\\\/\\\/www.eldiario.net\\\/portal\\\/2022\\\/12\\\/17\\\/alemania-critica-a-twitter-por-bloquear-cuentas-de-periodistas\\\/#article\",\"isPartOf\":{\"@id\":\"https:\\\/\\\/www.eldiario.net\\\/portal\\\/2022\\\/12\\\/17\\\/alemania-critica-a-twitter-por-bloquear-cuentas-de-periodistas\\\/\"},\"author\":{\"name\":\"Jeanette\",\"@id\":\"https:\\\/\\\/www.eldiario.net\\\/portal\\\/#\\\/schema\\\/person\\\/f46445640444750d7d753ccd04ae01b7\"},\"headline\":\"Alemania critica a Twitter por bloquear cuentas de periodistas\",\"datePublished\":\"2022-12-17T09:54:19+00:00\",\"mainEntityOfPage\":{\"@id\":\"https:\\\/\\\/www.eldiario.net\\\/portal\\\/2022\\\/12\\\/17\\\/alemania-critica-a-twitter-por-bloquear-cuentas-de-periodistas\\\/\"},\"wordCount\":419,\"publisher\":{\"@id\":\"https:\\\/\\\/www.eldiario.net\\\/portal\\\/#organization\"},\"image\":{\"@id\":\"https:\\\/\\\/www.eldiario.net\\\/portal\\\/2022\\\/12\\\/17\\\/alemania-critica-a-twitter-por-bloquear-cuentas-de-periodistas\\\/#primaryimage\"},\"thumbnailUrl\":\"\",\"articleSection\":[\"Internacional\"],\"inLanguage\":\"es\"},{\"@type\":\"WebPage\",\"@id\":\"https:\\\/\\\/www.eldiario.net\\\/portal\\\/2022\\\/12\\\/17\\\/alemania-critica-a-twitter-por-bloquear-cuentas-de-periodistas\\\/\",\"url\":\"https:\\\/\\\/www.eldiario.net\\\/portal\\\/2022\\\/12\\\/17\\\/alemania-critica-a-twitter-por-bloquear-cuentas-de-periodistas\\\/\",\"name\":\"Alemania critica a Twitter por bloquear cuentas de periodistas - El Diario - Bolivia\",\"isPartOf\":{\"@id\":\"https:\\\/\\\/www.eldiario.net\\\/portal\\\/#website\"},\"primaryImageOfPage\":{\"@id\":\"https:\\\/\\\/www.eldiario.net\\\/portal\\\/2022\\\/12\\\/17\\\/alemania-critica-a-twitter-por-bloquear-cuentas-de-periodistas\\\/#primaryimage\"},\"image\":{\"@id\":\"https:\\\/\\\/www.eldiario.net\\\/portal\\\/2022\\\/12\\\/17\\\/alemania-critica-a-twitter-por-bloquear-cuentas-de-periodistas\\\/#primaryimage\"},\"thumbnailUrl\":\"\",\"datePublished\":\"2022-12-17T09:54:19+00:00\",\"breadcrumb\":{\"@id\":\"https:\\\/\\\/www.eldiario.net\\\/portal\\\/2022\\\/12\\\/17\\\/alemania-critica-a-twitter-por-bloquear-cuentas-de-periodistas\\\/#breadcrumb\"},\"inLanguage\":\"es\",\"potentialAction\":[{\"@type\":\"ReadAction\",\"target\":[\"https:\\\/\\\/www.eldiario.net\\\/portal\\\/2022\\\/12\\\/17\\\/alemania-critica-a-twitter-por-bloquear-cuentas-de-periodistas\\\/\"]}]},{\"@type\":\"ImageObject\",\"inLanguage\":\"es\",\"@id\":\"https:\\\/\\\/www.eldiario.net\\\/portal\\\/2022\\\/12\\\/17\\\/alemania-critica-a-twitter-por-bloquear-cuentas-de-periodistas\\\/#primaryimage\",\"url\":\"\",\"contentUrl\":\"\"},{\"@type\":\"BreadcrumbList\",\"@id\":\"https:\\\/\\\/www.eldiario.net\\\/portal\\\/2022\\\/12\\\/17\\\/alemania-critica-a-twitter-por-bloquear-cuentas-de-periodistas\\\/#breadcrumb\",\"itemListElement\":[{\"@type\":\"ListItem\",\"position\":1,\"name\":\"Portada\",\"item\":\"https:\\\/\\\/www.eldiario.net\\\/portal\\\/\"},{\"@type\":\"ListItem\",\"position\":2,\"name\":\"Alemania critica a Twitter por bloquear cuentas de periodistas\"}]},{\"@type\":\"WebSite\",\"@id\":\"https:\\\/\\\/www.eldiario.net\\\/portal\\\/#website\",\"url\":\"https:\\\/\\\/www.eldiario.net\\\/portal\\\/\",\"name\":\"El Diario - Decano de la prensa nacional\",\"description\":\"El Diario - Decano de la prensa nacional\",\"publisher\":{\"@id\":\"https:\\\/\\\/www.eldiario.net\\\/portal\\\/#organization\"},\"potentialAction\":[{\"@type\":\"SearchAction\",\"target\":{\"@type\":\"EntryPoint\",\"urlTemplate\":\"https:\\\/\\\/www.eldiario.net\\\/portal\\\/?s={search_term_string}\"},\"query-input\":{\"@type\":\"PropertyValueSpecification\",\"valueRequired\":true,\"valueName\":\"search_term_string\"}}],\"inLanguage\":\"es\"},{\"@type\":\"Organization\",\"@id\":\"https:\\\/\\\/www.eldiario.net\\\/portal\\\/#organization\",\"name\":\"El Diario - Decano de la prensa nacional\",\"url\":\"https:\\\/\\\/www.eldiario.net\\\/portal\\\/\",\"logo\":{\"@type\":\"ImageObject\",\"inLanguage\":\"es\",\"@id\":\"https:\\\/\\\/www.eldiario.net\\\/portal\\\/#\\\/schema\\\/logo\\\/image\\\/\",\"url\":\"https:\\\/\\\/www.eldiario.net\\\/portal\\\/wp-content\\\/uploads\\\/2023\\\/07\\\/logo_ED.jpg\",\"contentUrl\":\"https:\\\/\\\/www.eldiario.net\\\/portal\\\/wp-content\\\/uploads\\\/2023\\\/07\\\/logo_ED.jpg\",\"width\":272,\"height\":52,\"caption\":\"El Diario - Decano de la prensa nacional\"},\"image\":{\"@id\":\"https:\\\/\\\/www.eldiario.net\\\/portal\\\/#\\\/schema\\\/logo\\\/image\\\/\"},\"sameAs\":[\"https:\\\/\\\/www.facebook.com\\\/eldiario.bolivia\\\/\",\"https:\\\/\\\/x.com\\\/eldiario_net\"]},{\"@type\":\"Person\",\"@id\":\"https:\\\/\\\/www.eldiario.net\\\/portal\\\/#\\\/schema\\\/person\\\/f46445640444750d7d753ccd04ae01b7\",\"name\":\"Jeanette\",\"image\":{\"@type\":\"ImageObject\",\"inLanguage\":\"es\",\"@id\":\"https:\\\/\\\/secure.gravatar.com\\\/avatar\\\/3ea2118a5f7dad2b7138b1187a6b7ee55f160b9968b66013c3a3ef39dd7e5798?s=96&d=mm&r=g\",\"url\":\"https:\\\/\\\/secure.gravatar.com\\\/avatar\\\/3ea2118a5f7dad2b7138b1187a6b7ee55f160b9968b66013c3a3ef39dd7e5798?s=96&d=mm&r=g\",\"contentUrl\":\"https:\\\/\\\/secure.gravatar.com\\\/avatar\\\/3ea2118a5f7dad2b7138b1187a6b7ee55f160b9968b66013c3a3ef39dd7e5798?s=96&d=mm&r=g\",\"caption\":\"Jeanette\"},\"sameAs\":[\"https:\\\/\\\/www.eldiario.net\\\/portal\"],\"url\":\"https:\\\/\\\/www.eldiario.net\\\/portal\\\/author\\\/jeanette\\\/\"}]}<\/script>\n<!-- \/ Yoast SEO plugin. -->","yoast_head_json":{"title":"Alemania critica a Twitter por bloquear cuentas de periodistas - El Diario - Bolivia","robots":{"index":"index","follow":"follow","max-snippet":"max-snippet:-1","max-image-preview":"max-image-preview:large","max-video-preview":"max-video-preview:-1"},"canonical":"https:\/\/www.eldiario.net\/portal\/2022\/12\/17\/alemania-critica-a-twitter-por-bloquear-cuentas-de-periodistas\/","og_locale":"es_ES","og_type":"article","og_title":"Alemania critica a Twitter por bloquear cuentas de periodistas - El Diario - Bolivia","og_description":"El Gobierno de Alemania critic\u00f3 ayer a la empresa Twitter por bloquear las cuentas de varios periodistas y reivindic\u00f3 la importancia de defender la libertad de prensa. El Ministerio de Exteriores alem\u00e1n se\u00f1al\u00f3 as\u00ed en su cuenta de Twitter que \u201cla libertad de prensa no debe apagarse y encenderse a voluntad\u201d y afirm\u00f3 que algunos [&hellip;]","og_url":"https:\/\/www.eldiario.net\/portal\/2022\/12\/17\/alemania-critica-a-twitter-por-bloquear-cuentas-de-periodistas\/","og_site_name":"El Diario - Bolivia","article_publisher":"https:\/\/www.facebook.com\/eldiario.bolivia\/","article_published_time":"2022-12-17T09:54:19+00:00","author":"Jeanette","twitter_card":"summary_large_image","twitter_creator":"@eldiario_net","twitter_site":"@eldiario_net","twitter_misc":{"Escrito por":"Jeanette","Tiempo de lectura":"2 minutos"},"schema":{"@context":"https:\/\/schema.org","@graph":[{"@type":"Article","@id":"https:\/\/www.eldiario.net\/portal\/2022\/12\/17\/alemania-critica-a-twitter-por-bloquear-cuentas-de-periodistas\/#article","isPartOf":{"@id":"https:\/\/www.eldiario.net\/portal\/2022\/12\/17\/alemania-critica-a-twitter-por-bloquear-cuentas-de-periodistas\/"},"author":{"name":"Jeanette","@id":"https:\/\/www.eldiario.net\/portal\/#\/schema\/person\/f46445640444750d7d753ccd04ae01b7"},"headline":"Alemania critica a Twitter por bloquear cuentas de periodistas","datePublished":"2022-12-17T09:54:19+00:00","mainEntityOfPage":{"@id":"https:\/\/www.eldiario.net\/portal\/2022\/12\/17\/alemania-critica-a-twitter-por-bloquear-cuentas-de-periodistas\/"},"wordCount":419,"publisher":{"@id":"https:\/\/www.eldiario.net\/portal\/#organization"},"image":{"@id":"https:\/\/www.eldiario.net\/portal\/2022\/12\/17\/alemania-critica-a-twitter-por-bloquear-cuentas-de-periodistas\/#primaryimage"},"thumbnailUrl":"","articleSection":["Internacional"],"inLanguage":"es"},{"@type":"WebPage","@id":"https:\/\/www.eldiario.net\/portal\/2022\/12\/17\/alemania-critica-a-twitter-por-bloquear-cuentas-de-periodistas\/","url":"https:\/\/www.eldiario.net\/portal\/2022\/12\/17\/alemania-critica-a-twitter-por-bloquear-cuentas-de-periodistas\/","name":"Alemania critica a Twitter por bloquear cuentas de periodistas - El Diario - Bolivia","isPartOf":{"@id":"https:\/\/www.eldiario.net\/portal\/#website"},"primaryImageOfPage":{"@id":"https:\/\/www.eldiario.net\/portal\/2022\/12\/17\/alemania-critica-a-twitter-por-bloquear-cuentas-de-periodistas\/#primaryimage"},"image":{"@id":"https:\/\/www.eldiario.net\/portal\/2022\/12\/17\/alemania-critica-a-twitter-por-bloquear-cuentas-de-periodistas\/#primaryimage"},"thumbnailUrl":"","datePublished":"2022-12-17T09:54:19+00:00","breadcrumb":{"@id":"https:\/\/www.eldiario.net\/portal\/2022\/12\/17\/alemania-critica-a-twitter-por-bloquear-cuentas-de-periodistas\/#breadcrumb"},"inLanguage":"es","potentialAction":[{"@type":"ReadAction","target":["https:\/\/www.eldiario.net\/portal\/2022\/12\/17\/alemania-critica-a-twitter-por-bloquear-cuentas-de-periodistas\/"]}]},{"@type":"ImageObject","inLanguage":"es","@id":"https:\/\/www.eldiario.net\/portal\/2022\/12\/17\/alemania-critica-a-twitter-por-bloquear-cuentas-de-periodistas\/#primaryimage","url":"","contentUrl":""},{"@type":"BreadcrumbList","@id":"https:\/\/www.eldiario.net\/portal\/2022\/12\/17\/alemania-critica-a-twitter-por-bloquear-cuentas-de-periodistas\/#breadcrumb","itemListElement":[{"@type":"ListItem","position":1,"name":"Portada","item":"https:\/\/www.eldiario.net\/portal\/"},{"@type":"ListItem","position":2,"name":"Alemania critica a Twitter por bloquear cuentas de periodistas"}]},{"@type":"WebSite","@id":"https:\/\/www.eldiario.net\/portal\/#website","url":"https:\/\/www.eldiario.net\/portal\/","name":"El Diario - Decano de la prensa nacional","description":"El Diario - Decano de la prensa nacional","publisher":{"@id":"https:\/\/www.eldiario.net\/portal\/#organization"},"potentialAction":[{"@type":"SearchAction","target":{"@type":"EntryPoint","urlTemplate":"https:\/\/www.eldiario.net\/portal\/?s={search_term_string}"},"query-input":{"@type":"PropertyValueSpecification","valueRequired":true,"valueName":"search_term_string"}}],"inLanguage":"es"},{"@type":"Organization","@id":"https:\/\/www.eldiario.net\/portal\/#organization","name":"El Diario - Decano de la prensa nacional","url":"https:\/\/www.eldiario.net\/portal\/","logo":{"@type":"ImageObject","inLanguage":"es","@id":"https:\/\/www.eldiario.net\/portal\/#\/schema\/logo\/image\/","url":"https:\/\/www.eldiario.net\/portal\/wp-content\/uploads\/2023\/07\/logo_ED.jpg","contentUrl":"https:\/\/www.eldiario.net\/portal\/wp-content\/uploads\/2023\/07\/logo_ED.jpg","width":272,"height":52,"caption":"El Diario - Decano de la prensa nacional"},"image":{"@id":"https:\/\/www.eldiario.net\/portal\/#\/schema\/logo\/image\/"},"sameAs":["https:\/\/www.facebook.com\/eldiario.bolivia\/","https:\/\/x.com\/eldiario_net"]},{"@type":"Person","@id":"https:\/\/www.eldiario.net\/portal\/#\/schema\/person\/f46445640444750d7d753ccd04ae01b7","name":"Jeanette","image":{"@type":"ImageObject","inLanguage":"es","@id":"https:\/\/secure.gravatar.com\/avatar\/3ea2118a5f7dad2b7138b1187a6b7ee55f160b9968b66013c3a3ef39dd7e5798?s=96&d=mm&r=g","url":"https:\/\/secure.gravatar.com\/avatar\/3ea2118a5f7dad2b7138b1187a6b7ee55f160b9968b66013c3a3ef39dd7e5798?s=96&d=mm&r=g","contentUrl":"https:\/\/secure.gravatar.com\/avatar\/3ea2118a5f7dad2b7138b1187a6b7ee55f160b9968b66013c3a3ef39dd7e5798?s=96&d=mm&r=g","caption":"Jeanette"},"sameAs":["https:\/\/www.eldiario.net\/portal"],"url":"https:\/\/www.eldiario.net\/portal\/author\/jeanette\/"}]}},"_links":{"self":[{"href":"https:\/\/www.eldiario.net\/portal\/wp-json\/wp\/v2\/posts\/128072","targetHints":{"allow":["GET"]}}],"collection":[{"href":"https:\/\/www.eldiario.net\/portal\/wp-json\/wp\/v2\/posts"}],"about":[{"href":"https:\/\/www.eldiario.net\/portal\/wp-json\/wp\/v2\/types\/post"}],"author":[{"embeddable":true,"href":"https:\/\/www.eldiario.net\/portal\/wp-json\/wp\/v2\/users\/1"}],"replies":[{"embeddable":true,"href":"https:\/\/www.eldiario.net\/portal\/wp-json\/wp\/v2\/comments?post=128072"}],"version-history":[{"count":0,"href":"https:\/\/www.eldiario.net\/portal\/wp-json\/wp\/v2\/posts\/128072\/revisions"}],"wp:attachment":[{"href":"https:\/\/www.eldiario.net\/portal\/wp-json\/wp\/v2\/media?parent=128072"}],"wp:term":[{"taxonomy":"category","embeddable":true,"href":"https:\/\/www.eldiario.net\/portal\/wp-json\/wp\/v2\/categories?post=128072"},{"taxonomy":"post_tag","embeddable":true,"href":"https:\/\/www.eldiario.net\/portal\/wp-json\/wp\/v2\/tags?post=128072"}],"curies":[{"name":"wp","href":"https:\/\/api.w.org\/{rel}","templated":true}]}}