{"id":128069,"date":"2022-12-17T05:53:12","date_gmt":"2022-12-17T09:53:12","guid":{"rendered":"https:\/\/www.eldiario.net\/portal\/?p=128069"},"modified":"2022-12-17T05:53:12","modified_gmt":"2022-12-17T09:53:12","slug":"rusia-vuelve-a-bombardear-kiev-y-otras-regiones-ucranianas","status":"publish","type":"post","link":"https:\/\/www.eldiario.net\/portal\/2022\/12\/17\/rusia-vuelve-a-bombardear-kiev-y-otras-regiones-ucranianas\/","title":{"rendered":"Rusia vuelve a bombardear  Kiev y otras regiones ucranianas"},"content":{"rendered":"<p>Una salva de ataques rusos lanzados ayer contra varias localidades de Ucrania, provocaron interrupciones en el suministro de agua en Kiev y cortes de electricidad en varias ciudades del pa\u00eds, del cual las autoridades reportaron dos muertos en Kryvyi Rih.<br \/>\n\u201cFueron registrados cerca de 40 misiles en el espacio a\u00e9reo de la capital. Un total de 37 de ellos fueron destruidos por las fuerzas de defensa a\u00e9rea\u201d, indic\u00f3 la administraci\u00f3n militar de la regi\u00f3n de Kiev, que afirm\u00f3 que resisti\u00f3 a uno de los mayores ataques con misiles desde el inicio de la invasi\u00f3n rusa a finales de febrero.<br \/>\nPara la Corte Penal Internacional, este de tipo de situaciones son consideradas como un crimen de guerra.<br \/>\nUn ataque con misiles rusos contra un edificio residencial en la ciudad de Kryvyi Rih, en el sur de Ucrania, dej\u00f3 dos muertos y cinco heridos, inform\u00f3 el gobernador regional Valent\u00edn Reznichenko.<br \/>\nM\u00e1s temprano el alcalde de Kiev, Vitali Klitschko, inform\u00f3 que debido a los da\u00f1os en la infraestructura energ\u00e9tica, se vieron interrupciones en el suministro de agua en todos los distritos de la capital.<br \/>\nKlitschko llam\u00f3 a los habitantes de la ciudad a permanecer en los refugios y dijo que el ataque sigue en curso.<br \/>\nLa serie de ataques tambi\u00e9n provoc\u00f3 la suspensi\u00f3n del servicio del metro para que las estaciones puedan ser usadas como refugio.<br \/>\nLos alcaldes de Kharkiv, en el noroeste, y de Poltava, en el centro-este, informaron que las ciudades est\u00e1n sin electricidad tras los bombardeos.<br \/>\nEn tanto, el regidor de Poltava, Oleksandre Mamai, pidi\u00f3 a la poblaci\u00f3n que apague todos los aparatos el\u00e9ctricos.<br \/>\nEl ataque de ayer por parte de las fuerzas militares rusas fue perpetrado con al menos 60 misiles sobre diferentes ciudades ucranianas.<br \/>\nUcrania amaneci\u00f3 ayer con las sirenas sonando en todo el pa\u00eds para advertir de ataques a\u00e9reos, dijo Vitalii Kim, jefe de la Administraci\u00f3n Militar de la regi\u00f3n de Mikolaiv, quien especific\u00f3 que se contabilizaron al menos 60 misiles.<br \/>\nKyrylo Tymoshenko, alto funcionario de la oficina del presidente Volod\u00edmir Zelensky, inform\u00f3 que un edificio residencial en Kryvyi Rih fue alcanzado por los bombardeos. \u201cPuede haber gente bajo los escombros\u201d, agreg\u00f3.<br \/>\nUn poco m\u00e1s tarde, las alertas se disparaban en un total de 16 regiones del pa\u00eds y se llamaba a los ciudadanos a refugiarse.<br \/>\nLos ataques contra las infraestructuras energ\u00e9ticas forman parte de una nueva estrategia rusa para intentar doblegar a los ucranianos luego de que sufrieran varias bajas importantes en el campo de batalla en los \u00faltimos meses.<br \/>\nMientras contin\u00faan los ataques rusos en el sur y el este del pa\u00eds, Ucrania prev\u00e9 que Vlad\u00edmir Putin volver\u00e1 a intentar conquistar Kiev en los primeros meses de 2023.<br \/>\n\u201cUna tarea estrat\u00e9gica muy importante para nosotros es crear reservas y prepararnos para la guerra, que puede ocurrir en febrero o marzo y en el peor de los casos a fines de enero\u201d, afirm\u00f3 el comandante en jefe del ej\u00e9rcito ucraniano, Val\u00e9ry Zalujny.<br \/>\nEl comandante en jefe del ej\u00e9rcito ucraniano afirm\u00f3 que ya \u201chizo todos los c\u00e1lculos: cuantos tanques, artiller\u00eda requerimos\u201d para rechazar esa ofensiva. (Infobae)<\/p>\n","protected":false},"excerpt":{"rendered":"<p>Una salva de ataques rusos lanzados ayer contra varias localidades de Ucrania, provocaron interrupciones en el suministro de agua en Kiev y cortes de electricidad en varias ciudades del pa\u00eds, del cual las autoridades reportaron dos muertos en Kryvyi Rih. \u201cFueron registrados cerca de 40 misiles en el espacio a\u00e9reo de la capital. Un total [&hellip;]<\/p>\n","protected":false},"author":1,"featured_media":128070,"comment_status":"closed","ping_status":"closed","sticky":false,"template":"","format":"standard","meta":{"_acf_changed":false,"footnotes":""},"categories":[3],"tags":[],"class_list":["post-128069","post","type-post","status-publish","format-standard","has-post-thumbnail","category-internacional"],"acf":{"antetitulo":""},"yoast_head":"<!-- This site is optimized with the Yoast SEO plugin v28.3 - https:\/\/yoast.com\/product\/yoast-seo-wordpress\/ -->\n<title>Rusia vuelve a bombardear Kiev y otras regiones ucranianas - El Diario - Bolivia<\/title>\n<meta name=\"robots\" content=\"index, follow, max-snippet:-1, max-image-preview:large, max-video-preview:-1\" \/>\n<link rel=\"canonical\" href=\"https:\/\/www.eldiario.net\/portal\/2022\/12\/17\/rusia-vuelve-a-bombardear-kiev-y-otras-regiones-ucranianas\/\" \/>\n<meta property=\"og:locale\" content=\"es_ES\" \/>\n<meta property=\"og:type\" content=\"article\" \/>\n<meta property=\"og:title\" content=\"Rusia vuelve a bombardear Kiev y otras regiones ucranianas - El Diario - Bolivia\" \/>\n<meta property=\"og:description\" content=\"Una salva de ataques rusos lanzados ayer contra varias localidades de Ucrania, provocaron interrupciones en el suministro de agua en Kiev y cortes de electricidad en varias ciudades del pa\u00eds, del cual las autoridades reportaron dos muertos en Kryvyi Rih. \u201cFueron registrados cerca de 40 misiles en el espacio a\u00e9reo de la capital. Un total [&hellip;]\" \/>\n<meta property=\"og:url\" content=\"https:\/\/www.eldiario.net\/portal\/2022\/12\/17\/rusia-vuelve-a-bombardear-kiev-y-otras-regiones-ucranianas\/\" \/>\n<meta property=\"og:site_name\" content=\"El Diario - Bolivia\" \/>\n<meta property=\"article:publisher\" content=\"https:\/\/www.facebook.com\/eldiario.bolivia\/\" \/>\n<meta property=\"article:published_time\" content=\"2022-12-17T09:53:12+00:00\" \/>\n<meta name=\"author\" content=\"Jeanette\" \/>\n<meta name=\"twitter:card\" content=\"summary_large_image\" \/>\n<meta name=\"twitter:creator\" content=\"@eldiario_net\" \/>\n<meta name=\"twitter:site\" content=\"@eldiario_net\" \/>\n<meta name=\"twitter:label1\" content=\"Escrito por\" \/>\n\t<meta name=\"twitter:data1\" content=\"Jeanette\" \/>\n\t<meta name=\"twitter:label2\" content=\"Tiempo de lectura\" \/>\n\t<meta name=\"twitter:data2\" content=\"3 minutos\" \/>\n<script type=\"application\/ld+json\" class=\"yoast-schema-graph\">{\"@context\":\"https:\\\/\\\/schema.org\",\"@graph\":[{\"@type\":\"Article\",\"@id\":\"https:\\\/\\\/www.eldiario.net\\\/portal\\\/2022\\\/12\\\/17\\\/rusia-vuelve-a-bombardear-kiev-y-otras-regiones-ucranianas\\\/#article\",\"isPartOf\":{\"@id\":\"https:\\\/\\\/www.eldiario.net\\\/portal\\\/2022\\\/12\\\/17\\\/rusia-vuelve-a-bombardear-kiev-y-otras-regiones-ucranianas\\\/\"},\"author\":{\"name\":\"Jeanette\",\"@id\":\"https:\\\/\\\/www.eldiario.net\\\/portal\\\/#\\\/schema\\\/person\\\/f46445640444750d7d753ccd04ae01b7\"},\"headline\":\"Rusia vuelve a bombardear Kiev y otras regiones ucranianas\",\"datePublished\":\"2022-12-17T09:53:12+00:00\",\"mainEntityOfPage\":{\"@id\":\"https:\\\/\\\/www.eldiario.net\\\/portal\\\/2022\\\/12\\\/17\\\/rusia-vuelve-a-bombardear-kiev-y-otras-regiones-ucranianas\\\/\"},\"wordCount\":544,\"publisher\":{\"@id\":\"https:\\\/\\\/www.eldiario.net\\\/portal\\\/#organization\"},\"image\":{\"@id\":\"https:\\\/\\\/www.eldiario.net\\\/portal\\\/2022\\\/12\\\/17\\\/rusia-vuelve-a-bombardear-kiev-y-otras-regiones-ucranianas\\\/#primaryimage\"},\"thumbnailUrl\":\"\",\"articleSection\":[\"Internacional\"],\"inLanguage\":\"es\"},{\"@type\":\"WebPage\",\"@id\":\"https:\\\/\\\/www.eldiario.net\\\/portal\\\/2022\\\/12\\\/17\\\/rusia-vuelve-a-bombardear-kiev-y-otras-regiones-ucranianas\\\/\",\"url\":\"https:\\\/\\\/www.eldiario.net\\\/portal\\\/2022\\\/12\\\/17\\\/rusia-vuelve-a-bombardear-kiev-y-otras-regiones-ucranianas\\\/\",\"name\":\"Rusia vuelve a bombardear Kiev y otras regiones ucranianas - El Diario - Bolivia\",\"isPartOf\":{\"@id\":\"https:\\\/\\\/www.eldiario.net\\\/portal\\\/#website\"},\"primaryImageOfPage\":{\"@id\":\"https:\\\/\\\/www.eldiario.net\\\/portal\\\/2022\\\/12\\\/17\\\/rusia-vuelve-a-bombardear-kiev-y-otras-regiones-ucranianas\\\/#primaryimage\"},\"image\":{\"@id\":\"https:\\\/\\\/www.eldiario.net\\\/portal\\\/2022\\\/12\\\/17\\\/rusia-vuelve-a-bombardear-kiev-y-otras-regiones-ucranianas\\\/#primaryimage\"},\"thumbnailUrl\":\"\",\"datePublished\":\"2022-12-17T09:53:12+00:00\",\"breadcrumb\":{\"@id\":\"https:\\\/\\\/www.eldiario.net\\\/portal\\\/2022\\\/12\\\/17\\\/rusia-vuelve-a-bombardear-kiev-y-otras-regiones-ucranianas\\\/#breadcrumb\"},\"inLanguage\":\"es\",\"potentialAction\":[{\"@type\":\"ReadAction\",\"target\":[\"https:\\\/\\\/www.eldiario.net\\\/portal\\\/2022\\\/12\\\/17\\\/rusia-vuelve-a-bombardear-kiev-y-otras-regiones-ucranianas\\\/\"]}]},{\"@type\":\"ImageObject\",\"inLanguage\":\"es\",\"@id\":\"https:\\\/\\\/www.eldiario.net\\\/portal\\\/2022\\\/12\\\/17\\\/rusia-vuelve-a-bombardear-kiev-y-otras-regiones-ucranianas\\\/#primaryimage\",\"url\":\"\",\"contentUrl\":\"\"},{\"@type\":\"BreadcrumbList\",\"@id\":\"https:\\\/\\\/www.eldiario.net\\\/portal\\\/2022\\\/12\\\/17\\\/rusia-vuelve-a-bombardear-kiev-y-otras-regiones-ucranianas\\\/#breadcrumb\",\"itemListElement\":[{\"@type\":\"ListItem\",\"position\":1,\"name\":\"Portada\",\"item\":\"https:\\\/\\\/www.eldiario.net\\\/portal\\\/\"},{\"@type\":\"ListItem\",\"position\":2,\"name\":\"Rusia vuelve a bombardear Kiev y otras regiones ucranianas\"}]},{\"@type\":\"WebSite\",\"@id\":\"https:\\\/\\\/www.eldiario.net\\\/portal\\\/#website\",\"url\":\"https:\\\/\\\/www.eldiario.net\\\/portal\\\/\",\"name\":\"El Diario - Decano de la prensa nacional\",\"description\":\"El Diario - Decano de la prensa nacional\",\"publisher\":{\"@id\":\"https:\\\/\\\/www.eldiario.net\\\/portal\\\/#organization\"},\"potentialAction\":[{\"@type\":\"SearchAction\",\"target\":{\"@type\":\"EntryPoint\",\"urlTemplate\":\"https:\\\/\\\/www.eldiario.net\\\/portal\\\/?s={search_term_string}\"},\"query-input\":{\"@type\":\"PropertyValueSpecification\",\"valueRequired\":true,\"valueName\":\"search_term_string\"}}],\"inLanguage\":\"es\"},{\"@type\":\"Organization\",\"@id\":\"https:\\\/\\\/www.eldiario.net\\\/portal\\\/#organization\",\"name\":\"El Diario - Decano de la prensa nacional\",\"url\":\"https:\\\/\\\/www.eldiario.net\\\/portal\\\/\",\"logo\":{\"@type\":\"ImageObject\",\"inLanguage\":\"es\",\"@id\":\"https:\\\/\\\/www.eldiario.net\\\/portal\\\/#\\\/schema\\\/logo\\\/image\\\/\",\"url\":\"https:\\\/\\\/www.eldiario.net\\\/portal\\\/wp-content\\\/uploads\\\/2023\\\/07\\\/logo_ED.jpg\",\"contentUrl\":\"https:\\\/\\\/www.eldiario.net\\\/portal\\\/wp-content\\\/uploads\\\/2023\\\/07\\\/logo_ED.jpg\",\"width\":272,\"height\":52,\"caption\":\"El Diario - Decano de la prensa nacional\"},\"image\":{\"@id\":\"https:\\\/\\\/www.eldiario.net\\\/portal\\\/#\\\/schema\\\/logo\\\/image\\\/\"},\"sameAs\":[\"https:\\\/\\\/www.facebook.com\\\/eldiario.bolivia\\\/\",\"https:\\\/\\\/x.com\\\/eldiario_net\"]},{\"@type\":\"Person\",\"@id\":\"https:\\\/\\\/www.eldiario.net\\\/portal\\\/#\\\/schema\\\/person\\\/f46445640444750d7d753ccd04ae01b7\",\"name\":\"Jeanette\",\"image\":{\"@type\":\"ImageObject\",\"inLanguage\":\"es\",\"@id\":\"https:\\\/\\\/secure.gravatar.com\\\/avatar\\\/3ea2118a5f7dad2b7138b1187a6b7ee55f160b9968b66013c3a3ef39dd7e5798?s=96&d=mm&r=g\",\"url\":\"https:\\\/\\\/secure.gravatar.com\\\/avatar\\\/3ea2118a5f7dad2b7138b1187a6b7ee55f160b9968b66013c3a3ef39dd7e5798?s=96&d=mm&r=g\",\"contentUrl\":\"https:\\\/\\\/secure.gravatar.com\\\/avatar\\\/3ea2118a5f7dad2b7138b1187a6b7ee55f160b9968b66013c3a3ef39dd7e5798?s=96&d=mm&r=g\",\"caption\":\"Jeanette\"},\"sameAs\":[\"https:\\\/\\\/www.eldiario.net\\\/portal\"],\"url\":\"https:\\\/\\\/www.eldiario.net\\\/portal\\\/author\\\/jeanette\\\/\"}]}<\/script>\n<!-- \/ Yoast SEO plugin. -->","yoast_head_json":{"title":"Rusia vuelve a bombardear Kiev y otras regiones ucranianas - El Diario - Bolivia","robots":{"index":"index","follow":"follow","max-snippet":"max-snippet:-1","max-image-preview":"max-image-preview:large","max-video-preview":"max-video-preview:-1"},"canonical":"https:\/\/www.eldiario.net\/portal\/2022\/12\/17\/rusia-vuelve-a-bombardear-kiev-y-otras-regiones-ucranianas\/","og_locale":"es_ES","og_type":"article","og_title":"Rusia vuelve a bombardear Kiev y otras regiones ucranianas - El Diario - Bolivia","og_description":"Una salva de ataques rusos lanzados ayer contra varias localidades de Ucrania, provocaron interrupciones en el suministro de agua en Kiev y cortes de electricidad en varias ciudades del pa\u00eds, del cual las autoridades reportaron dos muertos en Kryvyi Rih. \u201cFueron registrados cerca de 40 misiles en el espacio a\u00e9reo de la capital. Un total [&hellip;]","og_url":"https:\/\/www.eldiario.net\/portal\/2022\/12\/17\/rusia-vuelve-a-bombardear-kiev-y-otras-regiones-ucranianas\/","og_site_name":"El Diario - Bolivia","article_publisher":"https:\/\/www.facebook.com\/eldiario.bolivia\/","article_published_time":"2022-12-17T09:53:12+00:00","author":"Jeanette","twitter_card":"summary_large_image","twitter_creator":"@eldiario_net","twitter_site":"@eldiario_net","twitter_misc":{"Escrito por":"Jeanette","Tiempo de lectura":"3 minutos"},"schema":{"@context":"https:\/\/schema.org","@graph":[{"@type":"Article","@id":"https:\/\/www.eldiario.net\/portal\/2022\/12\/17\/rusia-vuelve-a-bombardear-kiev-y-otras-regiones-ucranianas\/#article","isPartOf":{"@id":"https:\/\/www.eldiario.net\/portal\/2022\/12\/17\/rusia-vuelve-a-bombardear-kiev-y-otras-regiones-ucranianas\/"},"author":{"name":"Jeanette","@id":"https:\/\/www.eldiario.net\/portal\/#\/schema\/person\/f46445640444750d7d753ccd04ae01b7"},"headline":"Rusia vuelve a bombardear Kiev y otras regiones ucranianas","datePublished":"2022-12-17T09:53:12+00:00","mainEntityOfPage":{"@id":"https:\/\/www.eldiario.net\/portal\/2022\/12\/17\/rusia-vuelve-a-bombardear-kiev-y-otras-regiones-ucranianas\/"},"wordCount":544,"publisher":{"@id":"https:\/\/www.eldiario.net\/portal\/#organization"},"image":{"@id":"https:\/\/www.eldiario.net\/portal\/2022\/12\/17\/rusia-vuelve-a-bombardear-kiev-y-otras-regiones-ucranianas\/#primaryimage"},"thumbnailUrl":"","articleSection":["Internacional"],"inLanguage":"es"},{"@type":"WebPage","@id":"https:\/\/www.eldiario.net\/portal\/2022\/12\/17\/rusia-vuelve-a-bombardear-kiev-y-otras-regiones-ucranianas\/","url":"https:\/\/www.eldiario.net\/portal\/2022\/12\/17\/rusia-vuelve-a-bombardear-kiev-y-otras-regiones-ucranianas\/","name":"Rusia vuelve a bombardear Kiev y otras regiones ucranianas - El Diario - Bolivia","isPartOf":{"@id":"https:\/\/www.eldiario.net\/portal\/#website"},"primaryImageOfPage":{"@id":"https:\/\/www.eldiario.net\/portal\/2022\/12\/17\/rusia-vuelve-a-bombardear-kiev-y-otras-regiones-ucranianas\/#primaryimage"},"image":{"@id":"https:\/\/www.eldiario.net\/portal\/2022\/12\/17\/rusia-vuelve-a-bombardear-kiev-y-otras-regiones-ucranianas\/#primaryimage"},"thumbnailUrl":"","datePublished":"2022-12-17T09:53:12+00:00","breadcrumb":{"@id":"https:\/\/www.eldiario.net\/portal\/2022\/12\/17\/rusia-vuelve-a-bombardear-kiev-y-otras-regiones-ucranianas\/#breadcrumb"},"inLanguage":"es","potentialAction":[{"@type":"ReadAction","target":["https:\/\/www.eldiario.net\/portal\/2022\/12\/17\/rusia-vuelve-a-bombardear-kiev-y-otras-regiones-ucranianas\/"]}]},{"@type":"ImageObject","inLanguage":"es","@id":"https:\/\/www.eldiario.net\/portal\/2022\/12\/17\/rusia-vuelve-a-bombardear-kiev-y-otras-regiones-ucranianas\/#primaryimage","url":"","contentUrl":""},{"@type":"BreadcrumbList","@id":"https:\/\/www.eldiario.net\/portal\/2022\/12\/17\/rusia-vuelve-a-bombardear-kiev-y-otras-regiones-ucranianas\/#breadcrumb","itemListElement":[{"@type":"ListItem","position":1,"name":"Portada","item":"https:\/\/www.eldiario.net\/portal\/"},{"@type":"ListItem","position":2,"name":"Rusia vuelve a bombardear Kiev y otras regiones ucranianas"}]},{"@type":"WebSite","@id":"https:\/\/www.eldiario.net\/portal\/#website","url":"https:\/\/www.eldiario.net\/portal\/","name":"El Diario - Decano de la prensa nacional","description":"El Diario - Decano de la prensa nacional","publisher":{"@id":"https:\/\/www.eldiario.net\/portal\/#organization"},"potentialAction":[{"@type":"SearchAction","target":{"@type":"EntryPoint","urlTemplate":"https:\/\/www.eldiario.net\/portal\/?s={search_term_string}"},"query-input":{"@type":"PropertyValueSpecification","valueRequired":true,"valueName":"search_term_string"}}],"inLanguage":"es"},{"@type":"Organization","@id":"https:\/\/www.eldiario.net\/portal\/#organization","name":"El Diario - Decano de la prensa nacional","url":"https:\/\/www.eldiario.net\/portal\/","logo":{"@type":"ImageObject","inLanguage":"es","@id":"https:\/\/www.eldiario.net\/portal\/#\/schema\/logo\/image\/","url":"https:\/\/www.eldiario.net\/portal\/wp-content\/uploads\/2023\/07\/logo_ED.jpg","contentUrl":"https:\/\/www.eldiario.net\/portal\/wp-content\/uploads\/2023\/07\/logo_ED.jpg","width":272,"height":52,"caption":"El Diario - Decano de la prensa nacional"},"image":{"@id":"https:\/\/www.eldiario.net\/portal\/#\/schema\/logo\/image\/"},"sameAs":["https:\/\/www.facebook.com\/eldiario.bolivia\/","https:\/\/x.com\/eldiario_net"]},{"@type":"Person","@id":"https:\/\/www.eldiario.net\/portal\/#\/schema\/person\/f46445640444750d7d753ccd04ae01b7","name":"Jeanette","image":{"@type":"ImageObject","inLanguage":"es","@id":"https:\/\/secure.gravatar.com\/avatar\/3ea2118a5f7dad2b7138b1187a6b7ee55f160b9968b66013c3a3ef39dd7e5798?s=96&d=mm&r=g","url":"https:\/\/secure.gravatar.com\/avatar\/3ea2118a5f7dad2b7138b1187a6b7ee55f160b9968b66013c3a3ef39dd7e5798?s=96&d=mm&r=g","contentUrl":"https:\/\/secure.gravatar.com\/avatar\/3ea2118a5f7dad2b7138b1187a6b7ee55f160b9968b66013c3a3ef39dd7e5798?s=96&d=mm&r=g","caption":"Jeanette"},"sameAs":["https:\/\/www.eldiario.net\/portal"],"url":"https:\/\/www.eldiario.net\/portal\/author\/jeanette\/"}]}},"_links":{"self":[{"href":"https:\/\/www.eldiario.net\/portal\/wp-json\/wp\/v2\/posts\/128069","targetHints":{"allow":["GET"]}}],"collection":[{"href":"https:\/\/www.eldiario.net\/portal\/wp-json\/wp\/v2\/posts"}],"about":[{"href":"https:\/\/www.eldiario.net\/portal\/wp-json\/wp\/v2\/types\/post"}],"author":[{"embeddable":true,"href":"https:\/\/www.eldiario.net\/portal\/wp-json\/wp\/v2\/users\/1"}],"replies":[{"embeddable":true,"href":"https:\/\/www.eldiario.net\/portal\/wp-json\/wp\/v2\/comments?post=128069"}],"version-history":[{"count":0,"href":"https:\/\/www.eldiario.net\/portal\/wp-json\/wp\/v2\/posts\/128069\/revisions"}],"wp:attachment":[{"href":"https:\/\/www.eldiario.net\/portal\/wp-json\/wp\/v2\/media?parent=128069"}],"wp:term":[{"taxonomy":"category","embeddable":true,"href":"https:\/\/www.eldiario.net\/portal\/wp-json\/wp\/v2\/categories?post=128069"},{"taxonomy":"post_tag","embeddable":true,"href":"https:\/\/www.eldiario.net\/portal\/wp-json\/wp\/v2\/tags?post=128069"}],"curies":[{"name":"wp","href":"https:\/\/api.w.org\/{rel}","templated":true}]}}