{"id":128064,"date":"2022-12-17T05:50:48","date_gmt":"2022-12-17T09:50:48","guid":{"rendered":"https:\/\/www.eldiario.net\/portal\/?p=128064"},"modified":"2022-12-17T05:50:48","modified_gmt":"2022-12-17T09:50:48","slug":"otan-evalua-peticion-de-serbia-de-desplegar-fuerzas-en-kosovo","status":"publish","type":"post","link":"https:\/\/www.eldiario.net\/portal\/2022\/12\/17\/otan-evalua-peticion-de-serbia-de-desplegar-fuerzas-en-kosovo\/","title":{"rendered":"OTAN eval\u00faa petici\u00f3n de Serbia de desplegar fuerzas en Kosovo"},"content":{"rendered":"<p>La OTAN confirm\u00f3 ayer que recibi\u00f3 la solicitud formal de Serbia para desplegar 1.000 efectivos de seguridad serbios en Kosovo y eval\u00faa esta petici\u00f3n de Belgrado, sin precedentes desde el final de la guerra en 1999.<br \/>\n\u201cHemos recibido una carta de Serbia y estamos actualmente evaluando. KFOR sigue extremadamente vigilante y lista para cumplir el mandato de Naciones Unidas\u201d, inform\u00f3 la misi\u00f3n de la OTAN en Kosovo (KFOR).<br \/>\nEl ministro de Defensa de Serbia, Milos Vucevic, anunci\u00f3 formalmente ayer que solicit\u00f3 a la OTAN el permiso para el despliegue de sus fuerzas de seguridad en Kosovo, siguiendo las declaraciones este pasado fin de semana por el presidente serbio, Aleksandar Vucic, tras el repunte de la tensi\u00f3n en la zona.<br \/>\nLa petici\u00f3n, amparada seg\u00fan Serbia en la resoluci\u00f3n 1244 de Naciones Unidas, fue oficialmente entregada a representantes de la misi\u00f3n de la OTAN para Kosovo en el paso administrativo de Merdare.<br \/>\nSeg\u00fan la resoluci\u00f3n, Serbia puede desplegar hasta 1.000 efectivos militares, policiales y de aduanas en sitios religiosos cristianos ortodoxos, \u00e1reas con mayor\u00edas serbias y cruces fronterizos, siempre y cuando tal despliegue sea aprobado por la comandancia de la misi\u00f3n de la KFOR.<br \/>\nEl paso de las autoridades serbias llega en plena espiral de tensiones en el norte de Kosovo, tras la violencia callejera y las barricadas de la comunidad serbokosovar en protesta por la detenci\u00f3n de un antiguo agente de Polic\u00eda y tras el ataque con una granada aturdidora contra una patrulla de la misi\u00f3n de la Uni\u00f3n Europea en el terreno, EULEX. (Europa Press).<\/p>\n","protected":false},"excerpt":{"rendered":"<p>La OTAN confirm\u00f3 ayer que recibi\u00f3 la solicitud formal de Serbia para desplegar 1.000 efectivos de seguridad serbios en Kosovo y eval\u00faa esta petici\u00f3n de Belgrado, sin precedentes desde el final de la guerra en 1999. \u201cHemos recibido una carta de Serbia y estamos actualmente evaluando. KFOR sigue extremadamente vigilante y lista para cumplir el [&hellip;]<\/p>\n","protected":false},"author":1,"featured_media":0,"comment_status":"closed","ping_status":"closed","sticky":false,"template":"","format":"standard","meta":{"_acf_changed":false,"footnotes":""},"categories":[3],"tags":[],"class_list":["post-128064","post","type-post","status-publish","format-standard","category-internacional"],"acf":{"antetitulo":""},"yoast_head":"<!-- This site is optimized with the Yoast SEO plugin v28.3 - https:\/\/yoast.com\/product\/yoast-seo-wordpress\/ -->\n<title>OTAN eval\u00faa petici\u00f3n de Serbia de desplegar fuerzas en Kosovo - El Diario - Bolivia<\/title>\n<meta name=\"robots\" content=\"index, follow, max-snippet:-1, max-image-preview:large, max-video-preview:-1\" \/>\n<link rel=\"canonical\" href=\"https:\/\/www.eldiario.net\/portal\/2022\/12\/17\/otan-evalua-peticion-de-serbia-de-desplegar-fuerzas-en-kosovo\/\" \/>\n<meta property=\"og:locale\" content=\"es_ES\" \/>\n<meta property=\"og:type\" content=\"article\" \/>\n<meta property=\"og:title\" content=\"OTAN eval\u00faa petici\u00f3n de Serbia de desplegar fuerzas en Kosovo - El Diario - Bolivia\" \/>\n<meta property=\"og:description\" content=\"La OTAN confirm\u00f3 ayer que recibi\u00f3 la solicitud formal de Serbia para desplegar 1.000 efectivos de seguridad serbios en Kosovo y eval\u00faa esta petici\u00f3n de Belgrado, sin precedentes desde el final de la guerra en 1999. \u201cHemos recibido una carta de Serbia y estamos actualmente evaluando. KFOR sigue extremadamente vigilante y lista para cumplir el [&hellip;]\" \/>\n<meta property=\"og:url\" content=\"https:\/\/www.eldiario.net\/portal\/2022\/12\/17\/otan-evalua-peticion-de-serbia-de-desplegar-fuerzas-en-kosovo\/\" \/>\n<meta property=\"og:site_name\" content=\"El Diario - Bolivia\" \/>\n<meta property=\"article:publisher\" content=\"https:\/\/www.facebook.com\/eldiario.bolivia\/\" \/>\n<meta property=\"article:published_time\" content=\"2022-12-17T09:50:48+00:00\" \/>\n<meta name=\"author\" content=\"Jeanette\" \/>\n<meta name=\"twitter:card\" content=\"summary_large_image\" \/>\n<meta name=\"twitter:creator\" content=\"@eldiario_net\" \/>\n<meta name=\"twitter:site\" content=\"@eldiario_net\" \/>\n<meta name=\"twitter:label1\" content=\"Escrito por\" \/>\n\t<meta name=\"twitter:data1\" content=\"Jeanette\" \/>\n\t<meta name=\"twitter:label2\" content=\"Tiempo de lectura\" \/>\n\t<meta name=\"twitter:data2\" content=\"2 minutos\" \/>\n<script type=\"application\/ld+json\" class=\"yoast-schema-graph\">{\"@context\":\"https:\\\/\\\/schema.org\",\"@graph\":[{\"@type\":\"Article\",\"@id\":\"https:\\\/\\\/www.eldiario.net\\\/portal\\\/2022\\\/12\\\/17\\\/otan-evalua-peticion-de-serbia-de-desplegar-fuerzas-en-kosovo\\\/#article\",\"isPartOf\":{\"@id\":\"https:\\\/\\\/www.eldiario.net\\\/portal\\\/2022\\\/12\\\/17\\\/otan-evalua-peticion-de-serbia-de-desplegar-fuerzas-en-kosovo\\\/\"},\"author\":{\"name\":\"Jeanette\",\"@id\":\"https:\\\/\\\/www.eldiario.net\\\/portal\\\/#\\\/schema\\\/person\\\/f46445640444750d7d753ccd04ae01b7\"},\"headline\":\"OTAN eval\u00faa petici\u00f3n de Serbia de desplegar fuerzas en Kosovo\",\"datePublished\":\"2022-12-17T09:50:48+00:00\",\"mainEntityOfPage\":{\"@id\":\"https:\\\/\\\/www.eldiario.net\\\/portal\\\/2022\\\/12\\\/17\\\/otan-evalua-peticion-de-serbia-de-desplegar-fuerzas-en-kosovo\\\/\"},\"wordCount\":279,\"publisher\":{\"@id\":\"https:\\\/\\\/www.eldiario.net\\\/portal\\\/#organization\"},\"articleSection\":[\"Internacional\"],\"inLanguage\":\"es\"},{\"@type\":\"WebPage\",\"@id\":\"https:\\\/\\\/www.eldiario.net\\\/portal\\\/2022\\\/12\\\/17\\\/otan-evalua-peticion-de-serbia-de-desplegar-fuerzas-en-kosovo\\\/\",\"url\":\"https:\\\/\\\/www.eldiario.net\\\/portal\\\/2022\\\/12\\\/17\\\/otan-evalua-peticion-de-serbia-de-desplegar-fuerzas-en-kosovo\\\/\",\"name\":\"OTAN eval\u00faa petici\u00f3n de Serbia de desplegar fuerzas en Kosovo - El Diario - Bolivia\",\"isPartOf\":{\"@id\":\"https:\\\/\\\/www.eldiario.net\\\/portal\\\/#website\"},\"datePublished\":\"2022-12-17T09:50:48+00:00\",\"breadcrumb\":{\"@id\":\"https:\\\/\\\/www.eldiario.net\\\/portal\\\/2022\\\/12\\\/17\\\/otan-evalua-peticion-de-serbia-de-desplegar-fuerzas-en-kosovo\\\/#breadcrumb\"},\"inLanguage\":\"es\",\"potentialAction\":[{\"@type\":\"ReadAction\",\"target\":[\"https:\\\/\\\/www.eldiario.net\\\/portal\\\/2022\\\/12\\\/17\\\/otan-evalua-peticion-de-serbia-de-desplegar-fuerzas-en-kosovo\\\/\"]}]},{\"@type\":\"BreadcrumbList\",\"@id\":\"https:\\\/\\\/www.eldiario.net\\\/portal\\\/2022\\\/12\\\/17\\\/otan-evalua-peticion-de-serbia-de-desplegar-fuerzas-en-kosovo\\\/#breadcrumb\",\"itemListElement\":[{\"@type\":\"ListItem\",\"position\":1,\"name\":\"Portada\",\"item\":\"https:\\\/\\\/www.eldiario.net\\\/portal\\\/\"},{\"@type\":\"ListItem\",\"position\":2,\"name\":\"OTAN eval\u00faa petici\u00f3n de Serbia de desplegar fuerzas en Kosovo\"}]},{\"@type\":\"WebSite\",\"@id\":\"https:\\\/\\\/www.eldiario.net\\\/portal\\\/#website\",\"url\":\"https:\\\/\\\/www.eldiario.net\\\/portal\\\/\",\"name\":\"El Diario - Decano de la prensa nacional\",\"description\":\"El Diario - Decano de la prensa nacional\",\"publisher\":{\"@id\":\"https:\\\/\\\/www.eldiario.net\\\/portal\\\/#organization\"},\"potentialAction\":[{\"@type\":\"SearchAction\",\"target\":{\"@type\":\"EntryPoint\",\"urlTemplate\":\"https:\\\/\\\/www.eldiario.net\\\/portal\\\/?s={search_term_string}\"},\"query-input\":{\"@type\":\"PropertyValueSpecification\",\"valueRequired\":true,\"valueName\":\"search_term_string\"}}],\"inLanguage\":\"es\"},{\"@type\":\"Organization\",\"@id\":\"https:\\\/\\\/www.eldiario.net\\\/portal\\\/#organization\",\"name\":\"El Diario - Decano de la prensa nacional\",\"url\":\"https:\\\/\\\/www.eldiario.net\\\/portal\\\/\",\"logo\":{\"@type\":\"ImageObject\",\"inLanguage\":\"es\",\"@id\":\"https:\\\/\\\/www.eldiario.net\\\/portal\\\/#\\\/schema\\\/logo\\\/image\\\/\",\"url\":\"https:\\\/\\\/www.eldiario.net\\\/portal\\\/wp-content\\\/uploads\\\/2023\\\/07\\\/logo_ED.jpg\",\"contentUrl\":\"https:\\\/\\\/www.eldiario.net\\\/portal\\\/wp-content\\\/uploads\\\/2023\\\/07\\\/logo_ED.jpg\",\"width\":272,\"height\":52,\"caption\":\"El Diario - Decano de la prensa nacional\"},\"image\":{\"@id\":\"https:\\\/\\\/www.eldiario.net\\\/portal\\\/#\\\/schema\\\/logo\\\/image\\\/\"},\"sameAs\":[\"https:\\\/\\\/www.facebook.com\\\/eldiario.bolivia\\\/\",\"https:\\\/\\\/x.com\\\/eldiario_net\"]},{\"@type\":\"Person\",\"@id\":\"https:\\\/\\\/www.eldiario.net\\\/portal\\\/#\\\/schema\\\/person\\\/f46445640444750d7d753ccd04ae01b7\",\"name\":\"Jeanette\",\"image\":{\"@type\":\"ImageObject\",\"inLanguage\":\"es\",\"@id\":\"https:\\\/\\\/secure.gravatar.com\\\/avatar\\\/3ea2118a5f7dad2b7138b1187a6b7ee55f160b9968b66013c3a3ef39dd7e5798?s=96&d=mm&r=g\",\"url\":\"https:\\\/\\\/secure.gravatar.com\\\/avatar\\\/3ea2118a5f7dad2b7138b1187a6b7ee55f160b9968b66013c3a3ef39dd7e5798?s=96&d=mm&r=g\",\"contentUrl\":\"https:\\\/\\\/secure.gravatar.com\\\/avatar\\\/3ea2118a5f7dad2b7138b1187a6b7ee55f160b9968b66013c3a3ef39dd7e5798?s=96&d=mm&r=g\",\"caption\":\"Jeanette\"},\"sameAs\":[\"https:\\\/\\\/www.eldiario.net\\\/portal\"],\"url\":\"https:\\\/\\\/www.eldiario.net\\\/portal\\\/author\\\/jeanette\\\/\"}]}<\/script>\n<!-- \/ Yoast SEO plugin. -->","yoast_head_json":{"title":"OTAN eval\u00faa petici\u00f3n de Serbia de desplegar fuerzas en Kosovo - El Diario - Bolivia","robots":{"index":"index","follow":"follow","max-snippet":"max-snippet:-1","max-image-preview":"max-image-preview:large","max-video-preview":"max-video-preview:-1"},"canonical":"https:\/\/www.eldiario.net\/portal\/2022\/12\/17\/otan-evalua-peticion-de-serbia-de-desplegar-fuerzas-en-kosovo\/","og_locale":"es_ES","og_type":"article","og_title":"OTAN eval\u00faa petici\u00f3n de Serbia de desplegar fuerzas en Kosovo - El Diario - Bolivia","og_description":"La OTAN confirm\u00f3 ayer que recibi\u00f3 la solicitud formal de Serbia para desplegar 1.000 efectivos de seguridad serbios en Kosovo y eval\u00faa esta petici\u00f3n de Belgrado, sin precedentes desde el final de la guerra en 1999. \u201cHemos recibido una carta de Serbia y estamos actualmente evaluando. KFOR sigue extremadamente vigilante y lista para cumplir el [&hellip;]","og_url":"https:\/\/www.eldiario.net\/portal\/2022\/12\/17\/otan-evalua-peticion-de-serbia-de-desplegar-fuerzas-en-kosovo\/","og_site_name":"El Diario - Bolivia","article_publisher":"https:\/\/www.facebook.com\/eldiario.bolivia\/","article_published_time":"2022-12-17T09:50:48+00:00","author":"Jeanette","twitter_card":"summary_large_image","twitter_creator":"@eldiario_net","twitter_site":"@eldiario_net","twitter_misc":{"Escrito por":"Jeanette","Tiempo de lectura":"2 minutos"},"schema":{"@context":"https:\/\/schema.org","@graph":[{"@type":"Article","@id":"https:\/\/www.eldiario.net\/portal\/2022\/12\/17\/otan-evalua-peticion-de-serbia-de-desplegar-fuerzas-en-kosovo\/#article","isPartOf":{"@id":"https:\/\/www.eldiario.net\/portal\/2022\/12\/17\/otan-evalua-peticion-de-serbia-de-desplegar-fuerzas-en-kosovo\/"},"author":{"name":"Jeanette","@id":"https:\/\/www.eldiario.net\/portal\/#\/schema\/person\/f46445640444750d7d753ccd04ae01b7"},"headline":"OTAN eval\u00faa petici\u00f3n de Serbia de desplegar fuerzas en Kosovo","datePublished":"2022-12-17T09:50:48+00:00","mainEntityOfPage":{"@id":"https:\/\/www.eldiario.net\/portal\/2022\/12\/17\/otan-evalua-peticion-de-serbia-de-desplegar-fuerzas-en-kosovo\/"},"wordCount":279,"publisher":{"@id":"https:\/\/www.eldiario.net\/portal\/#organization"},"articleSection":["Internacional"],"inLanguage":"es"},{"@type":"WebPage","@id":"https:\/\/www.eldiario.net\/portal\/2022\/12\/17\/otan-evalua-peticion-de-serbia-de-desplegar-fuerzas-en-kosovo\/","url":"https:\/\/www.eldiario.net\/portal\/2022\/12\/17\/otan-evalua-peticion-de-serbia-de-desplegar-fuerzas-en-kosovo\/","name":"OTAN eval\u00faa petici\u00f3n de Serbia de desplegar fuerzas en Kosovo - El Diario - Bolivia","isPartOf":{"@id":"https:\/\/www.eldiario.net\/portal\/#website"},"datePublished":"2022-12-17T09:50:48+00:00","breadcrumb":{"@id":"https:\/\/www.eldiario.net\/portal\/2022\/12\/17\/otan-evalua-peticion-de-serbia-de-desplegar-fuerzas-en-kosovo\/#breadcrumb"},"inLanguage":"es","potentialAction":[{"@type":"ReadAction","target":["https:\/\/www.eldiario.net\/portal\/2022\/12\/17\/otan-evalua-peticion-de-serbia-de-desplegar-fuerzas-en-kosovo\/"]}]},{"@type":"BreadcrumbList","@id":"https:\/\/www.eldiario.net\/portal\/2022\/12\/17\/otan-evalua-peticion-de-serbia-de-desplegar-fuerzas-en-kosovo\/#breadcrumb","itemListElement":[{"@type":"ListItem","position":1,"name":"Portada","item":"https:\/\/www.eldiario.net\/portal\/"},{"@type":"ListItem","position":2,"name":"OTAN eval\u00faa petici\u00f3n de Serbia de desplegar fuerzas en Kosovo"}]},{"@type":"WebSite","@id":"https:\/\/www.eldiario.net\/portal\/#website","url":"https:\/\/www.eldiario.net\/portal\/","name":"El Diario - Decano de la prensa nacional","description":"El Diario - Decano de la prensa nacional","publisher":{"@id":"https:\/\/www.eldiario.net\/portal\/#organization"},"potentialAction":[{"@type":"SearchAction","target":{"@type":"EntryPoint","urlTemplate":"https:\/\/www.eldiario.net\/portal\/?s={search_term_string}"},"query-input":{"@type":"PropertyValueSpecification","valueRequired":true,"valueName":"search_term_string"}}],"inLanguage":"es"},{"@type":"Organization","@id":"https:\/\/www.eldiario.net\/portal\/#organization","name":"El Diario - Decano de la prensa nacional","url":"https:\/\/www.eldiario.net\/portal\/","logo":{"@type":"ImageObject","inLanguage":"es","@id":"https:\/\/www.eldiario.net\/portal\/#\/schema\/logo\/image\/","url":"https:\/\/www.eldiario.net\/portal\/wp-content\/uploads\/2023\/07\/logo_ED.jpg","contentUrl":"https:\/\/www.eldiario.net\/portal\/wp-content\/uploads\/2023\/07\/logo_ED.jpg","width":272,"height":52,"caption":"El Diario - Decano de la prensa nacional"},"image":{"@id":"https:\/\/www.eldiario.net\/portal\/#\/schema\/logo\/image\/"},"sameAs":["https:\/\/www.facebook.com\/eldiario.bolivia\/","https:\/\/x.com\/eldiario_net"]},{"@type":"Person","@id":"https:\/\/www.eldiario.net\/portal\/#\/schema\/person\/f46445640444750d7d753ccd04ae01b7","name":"Jeanette","image":{"@type":"ImageObject","inLanguage":"es","@id":"https:\/\/secure.gravatar.com\/avatar\/3ea2118a5f7dad2b7138b1187a6b7ee55f160b9968b66013c3a3ef39dd7e5798?s=96&d=mm&r=g","url":"https:\/\/secure.gravatar.com\/avatar\/3ea2118a5f7dad2b7138b1187a6b7ee55f160b9968b66013c3a3ef39dd7e5798?s=96&d=mm&r=g","contentUrl":"https:\/\/secure.gravatar.com\/avatar\/3ea2118a5f7dad2b7138b1187a6b7ee55f160b9968b66013c3a3ef39dd7e5798?s=96&d=mm&r=g","caption":"Jeanette"},"sameAs":["https:\/\/www.eldiario.net\/portal"],"url":"https:\/\/www.eldiario.net\/portal\/author\/jeanette\/"}]}},"_links":{"self":[{"href":"https:\/\/www.eldiario.net\/portal\/wp-json\/wp\/v2\/posts\/128064","targetHints":{"allow":["GET"]}}],"collection":[{"href":"https:\/\/www.eldiario.net\/portal\/wp-json\/wp\/v2\/posts"}],"about":[{"href":"https:\/\/www.eldiario.net\/portal\/wp-json\/wp\/v2\/types\/post"}],"author":[{"embeddable":true,"href":"https:\/\/www.eldiario.net\/portal\/wp-json\/wp\/v2\/users\/1"}],"replies":[{"embeddable":true,"href":"https:\/\/www.eldiario.net\/portal\/wp-json\/wp\/v2\/comments?post=128064"}],"version-history":[{"count":0,"href":"https:\/\/www.eldiario.net\/portal\/wp-json\/wp\/v2\/posts\/128064\/revisions"}],"wp:attachment":[{"href":"https:\/\/www.eldiario.net\/portal\/wp-json\/wp\/v2\/media?parent=128064"}],"wp:term":[{"taxonomy":"category","embeddable":true,"href":"https:\/\/www.eldiario.net\/portal\/wp-json\/wp\/v2\/categories?post=128064"},{"taxonomy":"post_tag","embeddable":true,"href":"https:\/\/www.eldiario.net\/portal\/wp-json\/wp\/v2\/tags?post=128064"}],"curies":[{"name":"wp","href":"https:\/\/api.w.org\/{rel}","templated":true}]}}