{"id":127993,"date":"2022-12-16T05:07:02","date_gmt":"2022-12-16T09:07:02","guid":{"rendered":"https:\/\/www.eldiario.net\/portal\/?p=127993"},"modified":"2022-12-16T05:07:02","modified_gmt":"2022-12-16T09:07:02","slug":"gobernacion-no-entrego-licencia-ambiental-a-urbanizacion-el-fortin","status":"publish","type":"post","link":"https:\/\/www.eldiario.net\/portal\/2022\/12\/16\/gobernacion-no-entrego-licencia-ambiental-a-urbanizacion-el-fortin\/","title":{"rendered":"Gobernaci\u00f3n no entreg\u00f3 licencia ambiental a urbanizaci\u00f3n El Fort\u00edn"},"content":{"rendered":"<p>La directora de Calidad Ambiental de la Secretar\u00eda de Desarrollo Sostenible y Medio Ambiente de la Gobernaci\u00f3n de Santa Cruz, Mar\u00eda Julia Parada, inform\u00f3 que su direcci\u00f3n no otorg\u00f3 ninguna licencia ambiental a la urbanizaci\u00f3n El Fort\u00edn, desmintiendo as\u00ed una denuncia presentada por un concejal a trav\u00e9s de las redes sociales.<\/p>\n<p>\u201cEsta Secretar\u00eda no entreg\u00f3 una licencia ambiental a la urbanizaci\u00f3n El Fort\u00edn, y es importante que la poblaci\u00f3n conozca que las aseveraciones que hace el concejal Mor\u00f3n no son ciertas, y le pedimos que sea prudente al momento de hablar sobre las licencias ambientales. Sugerimos que presente la documentaci\u00f3n correspondiente solicitando base de datos de las licencias ambientales otorgadas en la zona. En cuanto a la urbanizaci\u00f3n Las Am\u00e9ricas, que tambi\u00e9n mencion\u00f3, se encuentra ubicada en el municipio de Warnes y no en la zona Lomas de Arena; es por ello que lo invitamos a que se apersone ante nuestra Secretar\u00eda para que maneje una informaci\u00f3n exacta y no est\u00e9 perdiendo credibilidad con la poblaci\u00f3n\u201d, afirm\u00f3 Parada.<\/p>\n<p>Acot\u00f3 que hubo un tr\u00e1mite de solicitud a nombre de la urbanizaci\u00f3n Gary Nostas, el mismo que fue devuelto a su propietario, ya que al momento de ingresar dicha solicitud la Pausa Ambiental Administrativa ya estaba vigente en la zona. Asimismo indic\u00f3 que se inspeccionar\u00e1n todas las urbanizaciones que est\u00e9n en colindancia con la zona de amortiguamiento de Lomas de Arena para verificar si est\u00e1n afectando los acu\u00edferos.<\/p>\n<p>Puntualiz\u00f3 que para otorgar las licencias ambientales la direcci\u00f3n de Calidad Ambiental (Dicam) pide varios requisitos que se tienen que cumplir antes de dar dicha licencia, que actualmente estos requisitos son m\u00e1s rigurosos que en gestiones pasadas puesto que es la mejor manera para poder otorgar una licencia ambiental adecuada y sobre todo salvaguardar el medio ambiente. (Santa Cruz, con datos de la Gobernaci\u00f3n)<\/p>\n","protected":false},"excerpt":{"rendered":"<p>La directora de Calidad Ambiental de la Secretar\u00eda de Desarrollo Sostenible y Medio Ambiente de la Gobernaci\u00f3n de Santa Cruz, Mar\u00eda Julia Parada, inform\u00f3 que su direcci\u00f3n no otorg\u00f3 ninguna licencia ambiental a la urbanizaci\u00f3n El Fort\u00edn, desmintiendo as\u00ed una denuncia presentada por un concejal a trav\u00e9s de las redes sociales. \u201cEsta Secretar\u00eda no entreg\u00f3 [&hellip;]<\/p>\n","protected":false},"author":1,"featured_media":127994,"comment_status":"closed","ping_status":"closed","sticky":false,"template":"","format":"standard","meta":{"_acf_changed":false,"footnotes":""},"categories":[12],"tags":[],"class_list":["post-127993","post","type-post","status-publish","format-standard","has-post-thumbnail","category-nacional"],"acf":{"antetitulo":""},"yoast_head":"<!-- This site is optimized with the Yoast SEO plugin v28.3 - https:\/\/yoast.com\/product\/yoast-seo-wordpress\/ -->\n<title>Gobernaci\u00f3n no entreg\u00f3 licencia ambiental a urbanizaci\u00f3n El Fort\u00edn - El Diario - Bolivia<\/title>\n<meta name=\"robots\" content=\"index, follow, max-snippet:-1, max-image-preview:large, max-video-preview:-1\" \/>\n<link rel=\"canonical\" href=\"https:\/\/www.eldiario.net\/portal\/2022\/12\/16\/gobernacion-no-entrego-licencia-ambiental-a-urbanizacion-el-fortin\/\" \/>\n<meta property=\"og:locale\" content=\"es_ES\" \/>\n<meta property=\"og:type\" content=\"article\" \/>\n<meta property=\"og:title\" content=\"Gobernaci\u00f3n no entreg\u00f3 licencia ambiental a urbanizaci\u00f3n El Fort\u00edn - El Diario - Bolivia\" \/>\n<meta property=\"og:description\" content=\"La directora de Calidad Ambiental de la Secretar\u00eda de Desarrollo Sostenible y Medio Ambiente de la Gobernaci\u00f3n de Santa Cruz, Mar\u00eda Julia Parada, inform\u00f3 que su direcci\u00f3n no otorg\u00f3 ninguna licencia ambiental a la urbanizaci\u00f3n El Fort\u00edn, desmintiendo as\u00ed una denuncia presentada por un concejal a trav\u00e9s de las redes sociales. \u201cEsta Secretar\u00eda no entreg\u00f3 [&hellip;]\" \/>\n<meta property=\"og:url\" content=\"https:\/\/www.eldiario.net\/portal\/2022\/12\/16\/gobernacion-no-entrego-licencia-ambiental-a-urbanizacion-el-fortin\/\" \/>\n<meta property=\"og:site_name\" content=\"El Diario - Bolivia\" \/>\n<meta property=\"article:publisher\" content=\"https:\/\/www.facebook.com\/eldiario.bolivia\/\" \/>\n<meta property=\"article:published_time\" content=\"2022-12-16T09:07:02+00:00\" \/>\n<meta property=\"og:image\" content=\"https:\/\/www.eldiario.net\/portal\/wp-content\/uploads\/2022\/12\/LICENCIA-FOTO.jpg\" \/>\n\t<meta property=\"og:image:width\" content=\"1600\" \/>\n\t<meta property=\"og:image:height\" content=\"1200\" \/>\n\t<meta property=\"og:image:type\" content=\"image\/jpeg\" \/>\n<meta name=\"author\" content=\"Jeanette\" \/>\n<meta name=\"twitter:card\" content=\"summary_large_image\" \/>\n<meta name=\"twitter:creator\" content=\"@eldiario_net\" \/>\n<meta name=\"twitter:site\" content=\"@eldiario_net\" \/>\n<meta name=\"twitter:label1\" content=\"Escrito por\" \/>\n\t<meta name=\"twitter:data1\" content=\"Jeanette\" \/>\n\t<meta name=\"twitter:label2\" content=\"Tiempo de lectura\" \/>\n\t<meta name=\"twitter:data2\" content=\"2 minutos\" \/>\n<script type=\"application\/ld+json\" class=\"yoast-schema-graph\">{\"@context\":\"https:\\\/\\\/schema.org\",\"@graph\":[{\"@type\":\"Article\",\"@id\":\"https:\\\/\\\/www.eldiario.net\\\/portal\\\/2022\\\/12\\\/16\\\/gobernacion-no-entrego-licencia-ambiental-a-urbanizacion-el-fortin\\\/#article\",\"isPartOf\":{\"@id\":\"https:\\\/\\\/www.eldiario.net\\\/portal\\\/2022\\\/12\\\/16\\\/gobernacion-no-entrego-licencia-ambiental-a-urbanizacion-el-fortin\\\/\"},\"author\":{\"name\":\"Jeanette\",\"@id\":\"https:\\\/\\\/www.eldiario.net\\\/portal\\\/#\\\/schema\\\/person\\\/f46445640444750d7d753ccd04ae01b7\"},\"headline\":\"Gobernaci\u00f3n no entreg\u00f3 licencia ambiental a urbanizaci\u00f3n El Fort\u00edn\",\"datePublished\":\"2022-12-16T09:07:02+00:00\",\"mainEntityOfPage\":{\"@id\":\"https:\\\/\\\/www.eldiario.net\\\/portal\\\/2022\\\/12\\\/16\\\/gobernacion-no-entrego-licencia-ambiental-a-urbanizacion-el-fortin\\\/\"},\"wordCount\":340,\"publisher\":{\"@id\":\"https:\\\/\\\/www.eldiario.net\\\/portal\\\/#organization\"},\"image\":{\"@id\":\"https:\\\/\\\/www.eldiario.net\\\/portal\\\/2022\\\/12\\\/16\\\/gobernacion-no-entrego-licencia-ambiental-a-urbanizacion-el-fortin\\\/#primaryimage\"},\"thumbnailUrl\":\"https:\\\/\\\/www.eldiario.net\\\/portal\\\/wp-content\\\/uploads\\\/2022\\\/12\\\/LICENCIA-FOTO.jpg\",\"articleSection\":[\"Nacional\"],\"inLanguage\":\"es\"},{\"@type\":\"WebPage\",\"@id\":\"https:\\\/\\\/www.eldiario.net\\\/portal\\\/2022\\\/12\\\/16\\\/gobernacion-no-entrego-licencia-ambiental-a-urbanizacion-el-fortin\\\/\",\"url\":\"https:\\\/\\\/www.eldiario.net\\\/portal\\\/2022\\\/12\\\/16\\\/gobernacion-no-entrego-licencia-ambiental-a-urbanizacion-el-fortin\\\/\",\"name\":\"Gobernaci\u00f3n no entreg\u00f3 licencia ambiental a urbanizaci\u00f3n El Fort\u00edn - El Diario - Bolivia\",\"isPartOf\":{\"@id\":\"https:\\\/\\\/www.eldiario.net\\\/portal\\\/#website\"},\"primaryImageOfPage\":{\"@id\":\"https:\\\/\\\/www.eldiario.net\\\/portal\\\/2022\\\/12\\\/16\\\/gobernacion-no-entrego-licencia-ambiental-a-urbanizacion-el-fortin\\\/#primaryimage\"},\"image\":{\"@id\":\"https:\\\/\\\/www.eldiario.net\\\/portal\\\/2022\\\/12\\\/16\\\/gobernacion-no-entrego-licencia-ambiental-a-urbanizacion-el-fortin\\\/#primaryimage\"},\"thumbnailUrl\":\"https:\\\/\\\/www.eldiario.net\\\/portal\\\/wp-content\\\/uploads\\\/2022\\\/12\\\/LICENCIA-FOTO.jpg\",\"datePublished\":\"2022-12-16T09:07:02+00:00\",\"breadcrumb\":{\"@id\":\"https:\\\/\\\/www.eldiario.net\\\/portal\\\/2022\\\/12\\\/16\\\/gobernacion-no-entrego-licencia-ambiental-a-urbanizacion-el-fortin\\\/#breadcrumb\"},\"inLanguage\":\"es\",\"potentialAction\":[{\"@type\":\"ReadAction\",\"target\":[\"https:\\\/\\\/www.eldiario.net\\\/portal\\\/2022\\\/12\\\/16\\\/gobernacion-no-entrego-licencia-ambiental-a-urbanizacion-el-fortin\\\/\"]}]},{\"@type\":\"ImageObject\",\"inLanguage\":\"es\",\"@id\":\"https:\\\/\\\/www.eldiario.net\\\/portal\\\/2022\\\/12\\\/16\\\/gobernacion-no-entrego-licencia-ambiental-a-urbanizacion-el-fortin\\\/#primaryimage\",\"url\":\"https:\\\/\\\/www.eldiario.net\\\/portal\\\/wp-content\\\/uploads\\\/2022\\\/12\\\/LICENCIA-FOTO.jpg\",\"contentUrl\":\"https:\\\/\\\/www.eldiario.net\\\/portal\\\/wp-content\\\/uploads\\\/2022\\\/12\\\/LICENCIA-FOTO.jpg\",\"width\":1600,\"height\":1200,\"caption\":\"La directora de Calidad Ambiental de la Secretar\u00eda de Desarrollo Sostenible y Medio Ambiente de la Gobernaci\u00f3n de Santa Cruz, Mar\u00eda Julia Parada. Foto: GSTC\"},{\"@type\":\"BreadcrumbList\",\"@id\":\"https:\\\/\\\/www.eldiario.net\\\/portal\\\/2022\\\/12\\\/16\\\/gobernacion-no-entrego-licencia-ambiental-a-urbanizacion-el-fortin\\\/#breadcrumb\",\"itemListElement\":[{\"@type\":\"ListItem\",\"position\":1,\"name\":\"Portada\",\"item\":\"https:\\\/\\\/www.eldiario.net\\\/portal\\\/\"},{\"@type\":\"ListItem\",\"position\":2,\"name\":\"Gobernaci\u00f3n no entreg\u00f3 licencia ambiental a urbanizaci\u00f3n El Fort\u00edn\"}]},{\"@type\":\"WebSite\",\"@id\":\"https:\\\/\\\/www.eldiario.net\\\/portal\\\/#website\",\"url\":\"https:\\\/\\\/www.eldiario.net\\\/portal\\\/\",\"name\":\"El Diario - Decano de la prensa nacional\",\"description\":\"El Diario - Decano de la prensa nacional\",\"publisher\":{\"@id\":\"https:\\\/\\\/www.eldiario.net\\\/portal\\\/#organization\"},\"potentialAction\":[{\"@type\":\"SearchAction\",\"target\":{\"@type\":\"EntryPoint\",\"urlTemplate\":\"https:\\\/\\\/www.eldiario.net\\\/portal\\\/?s={search_term_string}\"},\"query-input\":{\"@type\":\"PropertyValueSpecification\",\"valueRequired\":true,\"valueName\":\"search_term_string\"}}],\"inLanguage\":\"es\"},{\"@type\":\"Organization\",\"@id\":\"https:\\\/\\\/www.eldiario.net\\\/portal\\\/#organization\",\"name\":\"El Diario - Decano de la prensa nacional\",\"url\":\"https:\\\/\\\/www.eldiario.net\\\/portal\\\/\",\"logo\":{\"@type\":\"ImageObject\",\"inLanguage\":\"es\",\"@id\":\"https:\\\/\\\/www.eldiario.net\\\/portal\\\/#\\\/schema\\\/logo\\\/image\\\/\",\"url\":\"https:\\\/\\\/www.eldiario.net\\\/portal\\\/wp-content\\\/uploads\\\/2023\\\/07\\\/logo_ED.jpg\",\"contentUrl\":\"https:\\\/\\\/www.eldiario.net\\\/portal\\\/wp-content\\\/uploads\\\/2023\\\/07\\\/logo_ED.jpg\",\"width\":272,\"height\":52,\"caption\":\"El Diario - Decano de la prensa nacional\"},\"image\":{\"@id\":\"https:\\\/\\\/www.eldiario.net\\\/portal\\\/#\\\/schema\\\/logo\\\/image\\\/\"},\"sameAs\":[\"https:\\\/\\\/www.facebook.com\\\/eldiario.bolivia\\\/\",\"https:\\\/\\\/x.com\\\/eldiario_net\"]},{\"@type\":\"Person\",\"@id\":\"https:\\\/\\\/www.eldiario.net\\\/portal\\\/#\\\/schema\\\/person\\\/f46445640444750d7d753ccd04ae01b7\",\"name\":\"Jeanette\",\"image\":{\"@type\":\"ImageObject\",\"inLanguage\":\"es\",\"@id\":\"https:\\\/\\\/secure.gravatar.com\\\/avatar\\\/3ea2118a5f7dad2b7138b1187a6b7ee55f160b9968b66013c3a3ef39dd7e5798?s=96&d=mm&r=g\",\"url\":\"https:\\\/\\\/secure.gravatar.com\\\/avatar\\\/3ea2118a5f7dad2b7138b1187a6b7ee55f160b9968b66013c3a3ef39dd7e5798?s=96&d=mm&r=g\",\"contentUrl\":\"https:\\\/\\\/secure.gravatar.com\\\/avatar\\\/3ea2118a5f7dad2b7138b1187a6b7ee55f160b9968b66013c3a3ef39dd7e5798?s=96&d=mm&r=g\",\"caption\":\"Jeanette\"},\"sameAs\":[\"https:\\\/\\\/www.eldiario.net\\\/portal\"],\"url\":\"https:\\\/\\\/www.eldiario.net\\\/portal\\\/author\\\/jeanette\\\/\"}]}<\/script>\n<!-- \/ Yoast SEO plugin. -->","yoast_head_json":{"title":"Gobernaci\u00f3n no entreg\u00f3 licencia ambiental a urbanizaci\u00f3n El Fort\u00edn - El Diario - Bolivia","robots":{"index":"index","follow":"follow","max-snippet":"max-snippet:-1","max-image-preview":"max-image-preview:large","max-video-preview":"max-video-preview:-1"},"canonical":"https:\/\/www.eldiario.net\/portal\/2022\/12\/16\/gobernacion-no-entrego-licencia-ambiental-a-urbanizacion-el-fortin\/","og_locale":"es_ES","og_type":"article","og_title":"Gobernaci\u00f3n no entreg\u00f3 licencia ambiental a urbanizaci\u00f3n El Fort\u00edn - El Diario - Bolivia","og_description":"La directora de Calidad Ambiental de la Secretar\u00eda de Desarrollo Sostenible y Medio Ambiente de la Gobernaci\u00f3n de Santa Cruz, Mar\u00eda Julia Parada, inform\u00f3 que su direcci\u00f3n no otorg\u00f3 ninguna licencia ambiental a la urbanizaci\u00f3n El Fort\u00edn, desmintiendo as\u00ed una denuncia presentada por un concejal a trav\u00e9s de las redes sociales. \u201cEsta Secretar\u00eda no entreg\u00f3 [&hellip;]","og_url":"https:\/\/www.eldiario.net\/portal\/2022\/12\/16\/gobernacion-no-entrego-licencia-ambiental-a-urbanizacion-el-fortin\/","og_site_name":"El Diario - Bolivia","article_publisher":"https:\/\/www.facebook.com\/eldiario.bolivia\/","article_published_time":"2022-12-16T09:07:02+00:00","og_image":[{"width":1600,"height":1200,"url":"https:\/\/www.eldiario.net\/portal\/wp-content\/uploads\/2022\/12\/LICENCIA-FOTO.jpg","type":"image\/jpeg"}],"author":"Jeanette","twitter_card":"summary_large_image","twitter_creator":"@eldiario_net","twitter_site":"@eldiario_net","twitter_misc":{"Escrito por":"Jeanette","Tiempo de lectura":"2 minutos"},"schema":{"@context":"https:\/\/schema.org","@graph":[{"@type":"Article","@id":"https:\/\/www.eldiario.net\/portal\/2022\/12\/16\/gobernacion-no-entrego-licencia-ambiental-a-urbanizacion-el-fortin\/#article","isPartOf":{"@id":"https:\/\/www.eldiario.net\/portal\/2022\/12\/16\/gobernacion-no-entrego-licencia-ambiental-a-urbanizacion-el-fortin\/"},"author":{"name":"Jeanette","@id":"https:\/\/www.eldiario.net\/portal\/#\/schema\/person\/f46445640444750d7d753ccd04ae01b7"},"headline":"Gobernaci\u00f3n no entreg\u00f3 licencia ambiental a urbanizaci\u00f3n El Fort\u00edn","datePublished":"2022-12-16T09:07:02+00:00","mainEntityOfPage":{"@id":"https:\/\/www.eldiario.net\/portal\/2022\/12\/16\/gobernacion-no-entrego-licencia-ambiental-a-urbanizacion-el-fortin\/"},"wordCount":340,"publisher":{"@id":"https:\/\/www.eldiario.net\/portal\/#organization"},"image":{"@id":"https:\/\/www.eldiario.net\/portal\/2022\/12\/16\/gobernacion-no-entrego-licencia-ambiental-a-urbanizacion-el-fortin\/#primaryimage"},"thumbnailUrl":"https:\/\/www.eldiario.net\/portal\/wp-content\/uploads\/2022\/12\/LICENCIA-FOTO.jpg","articleSection":["Nacional"],"inLanguage":"es"},{"@type":"WebPage","@id":"https:\/\/www.eldiario.net\/portal\/2022\/12\/16\/gobernacion-no-entrego-licencia-ambiental-a-urbanizacion-el-fortin\/","url":"https:\/\/www.eldiario.net\/portal\/2022\/12\/16\/gobernacion-no-entrego-licencia-ambiental-a-urbanizacion-el-fortin\/","name":"Gobernaci\u00f3n no entreg\u00f3 licencia ambiental a urbanizaci\u00f3n El Fort\u00edn - El Diario - Bolivia","isPartOf":{"@id":"https:\/\/www.eldiario.net\/portal\/#website"},"primaryImageOfPage":{"@id":"https:\/\/www.eldiario.net\/portal\/2022\/12\/16\/gobernacion-no-entrego-licencia-ambiental-a-urbanizacion-el-fortin\/#primaryimage"},"image":{"@id":"https:\/\/www.eldiario.net\/portal\/2022\/12\/16\/gobernacion-no-entrego-licencia-ambiental-a-urbanizacion-el-fortin\/#primaryimage"},"thumbnailUrl":"https:\/\/www.eldiario.net\/portal\/wp-content\/uploads\/2022\/12\/LICENCIA-FOTO.jpg","datePublished":"2022-12-16T09:07:02+00:00","breadcrumb":{"@id":"https:\/\/www.eldiario.net\/portal\/2022\/12\/16\/gobernacion-no-entrego-licencia-ambiental-a-urbanizacion-el-fortin\/#breadcrumb"},"inLanguage":"es","potentialAction":[{"@type":"ReadAction","target":["https:\/\/www.eldiario.net\/portal\/2022\/12\/16\/gobernacion-no-entrego-licencia-ambiental-a-urbanizacion-el-fortin\/"]}]},{"@type":"ImageObject","inLanguage":"es","@id":"https:\/\/www.eldiario.net\/portal\/2022\/12\/16\/gobernacion-no-entrego-licencia-ambiental-a-urbanizacion-el-fortin\/#primaryimage","url":"https:\/\/www.eldiario.net\/portal\/wp-content\/uploads\/2022\/12\/LICENCIA-FOTO.jpg","contentUrl":"https:\/\/www.eldiario.net\/portal\/wp-content\/uploads\/2022\/12\/LICENCIA-FOTO.jpg","width":1600,"height":1200,"caption":"La directora de Calidad Ambiental de la Secretar\u00eda de Desarrollo Sostenible y Medio Ambiente de la Gobernaci\u00f3n de Santa Cruz, Mar\u00eda Julia Parada. Foto: GSTC"},{"@type":"BreadcrumbList","@id":"https:\/\/www.eldiario.net\/portal\/2022\/12\/16\/gobernacion-no-entrego-licencia-ambiental-a-urbanizacion-el-fortin\/#breadcrumb","itemListElement":[{"@type":"ListItem","position":1,"name":"Portada","item":"https:\/\/www.eldiario.net\/portal\/"},{"@type":"ListItem","position":2,"name":"Gobernaci\u00f3n no entreg\u00f3 licencia ambiental a urbanizaci\u00f3n El Fort\u00edn"}]},{"@type":"WebSite","@id":"https:\/\/www.eldiario.net\/portal\/#website","url":"https:\/\/www.eldiario.net\/portal\/","name":"El Diario - Decano de la prensa nacional","description":"El Diario - Decano de la prensa nacional","publisher":{"@id":"https:\/\/www.eldiario.net\/portal\/#organization"},"potentialAction":[{"@type":"SearchAction","target":{"@type":"EntryPoint","urlTemplate":"https:\/\/www.eldiario.net\/portal\/?s={search_term_string}"},"query-input":{"@type":"PropertyValueSpecification","valueRequired":true,"valueName":"search_term_string"}}],"inLanguage":"es"},{"@type":"Organization","@id":"https:\/\/www.eldiario.net\/portal\/#organization","name":"El Diario - Decano de la prensa nacional","url":"https:\/\/www.eldiario.net\/portal\/","logo":{"@type":"ImageObject","inLanguage":"es","@id":"https:\/\/www.eldiario.net\/portal\/#\/schema\/logo\/image\/","url":"https:\/\/www.eldiario.net\/portal\/wp-content\/uploads\/2023\/07\/logo_ED.jpg","contentUrl":"https:\/\/www.eldiario.net\/portal\/wp-content\/uploads\/2023\/07\/logo_ED.jpg","width":272,"height":52,"caption":"El Diario - Decano de la prensa nacional"},"image":{"@id":"https:\/\/www.eldiario.net\/portal\/#\/schema\/logo\/image\/"},"sameAs":["https:\/\/www.facebook.com\/eldiario.bolivia\/","https:\/\/x.com\/eldiario_net"]},{"@type":"Person","@id":"https:\/\/www.eldiario.net\/portal\/#\/schema\/person\/f46445640444750d7d753ccd04ae01b7","name":"Jeanette","image":{"@type":"ImageObject","inLanguage":"es","@id":"https:\/\/secure.gravatar.com\/avatar\/3ea2118a5f7dad2b7138b1187a6b7ee55f160b9968b66013c3a3ef39dd7e5798?s=96&d=mm&r=g","url":"https:\/\/secure.gravatar.com\/avatar\/3ea2118a5f7dad2b7138b1187a6b7ee55f160b9968b66013c3a3ef39dd7e5798?s=96&d=mm&r=g","contentUrl":"https:\/\/secure.gravatar.com\/avatar\/3ea2118a5f7dad2b7138b1187a6b7ee55f160b9968b66013c3a3ef39dd7e5798?s=96&d=mm&r=g","caption":"Jeanette"},"sameAs":["https:\/\/www.eldiario.net\/portal"],"url":"https:\/\/www.eldiario.net\/portal\/author\/jeanette\/"}]}},"_links":{"self":[{"href":"https:\/\/www.eldiario.net\/portal\/wp-json\/wp\/v2\/posts\/127993","targetHints":{"allow":["GET"]}}],"collection":[{"href":"https:\/\/www.eldiario.net\/portal\/wp-json\/wp\/v2\/posts"}],"about":[{"href":"https:\/\/www.eldiario.net\/portal\/wp-json\/wp\/v2\/types\/post"}],"author":[{"embeddable":true,"href":"https:\/\/www.eldiario.net\/portal\/wp-json\/wp\/v2\/users\/1"}],"replies":[{"embeddable":true,"href":"https:\/\/www.eldiario.net\/portal\/wp-json\/wp\/v2\/comments?post=127993"}],"version-history":[{"count":0,"href":"https:\/\/www.eldiario.net\/portal\/wp-json\/wp\/v2\/posts\/127993\/revisions"}],"wp:featuredmedia":[{"embeddable":true,"href":"https:\/\/www.eldiario.net\/portal\/wp-json\/wp\/v2\/media\/127994"}],"wp:attachment":[{"href":"https:\/\/www.eldiario.net\/portal\/wp-json\/wp\/v2\/media?parent=127993"}],"wp:term":[{"taxonomy":"category","embeddable":true,"href":"https:\/\/www.eldiario.net\/portal\/wp-json\/wp\/v2\/categories?post=127993"},{"taxonomy":"post_tag","embeddable":true,"href":"https:\/\/www.eldiario.net\/portal\/wp-json\/wp\/v2\/tags?post=127993"}],"curies":[{"name":"wp","href":"https:\/\/api.w.org\/{rel}","templated":true}]}}