{"id":127960,"date":"2022-12-16T04:55:29","date_gmt":"2022-12-16T08:55:29","guid":{"rendered":"https:\/\/www.eldiario.net\/portal\/?p=127960"},"modified":"2022-12-16T04:55:29","modified_gmt":"2022-12-16T08:55:29","slug":"guerras-por-tierra","status":"publish","type":"post","link":"https:\/\/www.eldiario.net\/portal\/2022\/12\/16\/guerras-por-tierra\/","title":{"rendered":"Guerras por tierra"},"content":{"rendered":"<p>En el pa\u00eds se est\u00e1 librando una guerra que definir\u00e1 el futuro del derecho a la propiedad privada, en que los avasalladores que violan ese derecho cuentan con el apoyo o la protecci\u00f3n del poder pol\u00edtico.<br \/>\nAnte esa aberraci\u00f3n, los habitantes de la provincia Guarayos de Santa Cruz decidieron enfrentar y expulsar a los invasores, incluso a aquellos que hayan recibido t\u00edtulos de propiedad de parte del Instituto Nacional de Reforma Agraria (INRA), aliado de los invasores.<br \/>\nOscar Mario Justiniano, presidente de la C\u00e1mara Agropecuaria del Oriente (CAO), asegura que quienes dirigen los avasallamientos de tierra son bandas de delincuentes que tienen conexiones con el poder judicial.<br \/>\nEstas bandas de delincuentes tienen una vanguardia, los \u201cinterculturales\u201d, que incendian la tierra para que luego sea concedida, o vendida, por quienes manejan las conexiones con el poder judicial y con el INRA.<br \/>\nLos incendios cubrieron en 2019 cerca de 8 millones de hect\u00e1reas y de esa manera Bolivia se convirti\u00f3 en el segundo pa\u00eds sudamericano que m\u00e1s selva del Amazonas ha deforestado, despu\u00e9s de Brasil.<br \/>\nCiertos funcionarios del INRA, de acuerdo a su capricho, deciden revertir tierras al Estado como sanci\u00f3n a propietarios privados que no hubieran cumplido con la Funci\u00f3n Econ\u00f3mica y Social (FES).<br \/>\nLos guerreros de esta causa contra la propiedad han invadido todos los parques nacionales, que supuestamente deben ser protegidos por las Fuerzas Armadas, ocupadas ahora en proyectos pol\u00edticos contra el departamento de Santa Cruz.<br \/>\nLa presidenta de la Comisi\u00f3n de Medioambiente de la C\u00e1mara de Senadores, Cecilia Requena, y el jefe de Protecci\u00f3n de la Reserva Bi\u00f3sfera Biol\u00f3gica del Beni, Marcos Uzquiano, denunciaron la destrucci\u00f3n sistem\u00e1tica de las \u00e1reas protegidas por parte de los grupos afines al MAS.<br \/>\n\u201cSiento que todo lo que est\u00e1 pasando es premeditado para forzar el colapso del sistema nacional de \u00e1reas protegidas, para forzar el colapso de todo el sistema de protecci\u00f3n de estos espacios\u201d, dijo Uzquiano.<\/p>\n<p>\u00abEl Estado no puede proteger las \u00e1reas protegidas. Adem\u00e1s, las bases sociales del MAS (interculturales, bartolinas, campesinos, mineros, cocaleros) con representantes en el Ejecutivo, Legislativo y el \u00d3rgano Judicial, quieren desactivar las \u00e1reas protegidas, las detestan\u00bb.<br \/>\nEs un plan completo, que amenaza la propiedad privada, no solamente en el campo, pero tambi\u00e9n quiere acabar con las reservas de biodiversidad que existen en el pa\u00eds, que son los parques y las \u00e1reas protegidas.<br \/>\nEl pa\u00eds est\u00e1 indefenso ante estas bandas, sobre todo si es cierto que ellas act\u00faan con la protecci\u00f3n de la justicia, la complicidad del INRA y la indiferencia de las FF.AA.<br \/>\n\u00bfQui\u00e9n podr\u00e1 defender a la propiedad privada?<br \/>\nLos guarayos tienen una idea.<\/p>\n<p><a href=\"https:\/\/www.eldiario.net\/portal\/wp-content\/uploads\/2022\/12\/Sin-titulo-1-2.jpg\"><img loading=\"lazy\" decoding=\"async\" class=\"aligncenter  wp-image-127961\" src=\"https:\/\/www.eldiario.net\/portal\/wp-content\/uploads\/2022\/12\/Sin-titulo-1-2.jpg\" alt=\"\" width=\"632\" height=\"127\" \/><\/a><\/p>\n<p><img loading=\"lazy\" decoding=\"async\" class=\"alignleft size-full wp-image-127962\" src=\"https:\/\/www.eldiario.net\/portal\/wp-content\/uploads\/2022\/12\/PETROLEO-2.jpg\" alt=\"\" width=\"150\" height=\"187\" \/><strong>PETR\u00d3LEO<\/strong><\/p>\n<p>El anuncio de la Organizaci\u00f3n de Pa\u00edses Exportadores de Petr\u00f3leo + Rusia de mantener los recortes programados a la producci\u00f3n de petr\u00f3leo, el nuevo techo de precios, de US$ 60 el barril, impuesto por Estados Unidos, la Uni\u00f3n Europea y sus aliados al precio de venta del petr\u00f3leo ruso, m\u00e1s el anuncio chino de levantar sus cuarentenas estrictas, son todos factores que elevan el precio del petr\u00f3leo. En 2023 el petr\u00f3leo podr\u00eda romper record de precios.<\/p>\n<p>&nbsp;<\/p>\n<p>&nbsp;<\/p>\n<p><img loading=\"lazy\" decoding=\"async\" class=\"alignleft size-full wp-image-127963\" src=\"https:\/\/www.eldiario.net\/portal\/wp-content\/uploads\/2022\/12\/oro-2.jpg\" alt=\"\" width=\"150\" height=\"189\" \/><strong>ORO<\/strong><\/p>\n<p>India es el principal importador de oro de Bolivia y el oro es la principal exportaci\u00f3n Boliviana, por lo que el precio del oro en India es un factor importante para la econom\u00eda boliviana. Ayer jueves el precio del oro en India cay\u00f3 en 0,59% en los contratos con entrega en un mes y 1,73% para los de entrega en tres meses. El precio del oro en India est\u00e1 relativamente aislado del precio internacional por una fuerte legislaci\u00f3n que controla las importaciones.<\/p>\n<p>&nbsp;<\/p>\n<p>&nbsp;<\/p>\n<p><img loading=\"lazy\" decoding=\"async\" class=\"alignleft size-full wp-image-127964\" src=\"https:\/\/www.eldiario.net\/portal\/wp-content\/uploads\/2022\/12\/ZINC-2.jpg\" alt=\"\" width=\"150\" height=\"188\" \/><strong>ZINC<\/strong><\/p>\n<p>Una fuerte ola de protestas en China, oblig\u00f3 al gobierno de Xi Jinping a levantar las duras medidas de cuarentena total que frenan su econom\u00eda desde fines de 2019. Se espera que la vuelta al trabajo de los chinos eleve los precios de las materias primas y especialmente del acero y el zinc. China ha decidido respaldar el sector de la construcci\u00f3n, golpeado por la pandemia y una crisis de deuda. El virus ahora correr\u00e1 libre entre la poblaci\u00f3n china.<\/p>\n<p>&nbsp;<\/p>\n<p>&nbsp;<\/p>\n<p><em><strong>Despu\u00e9s de Chevron<\/strong><\/em><\/p>\n<p>La autorizaci\u00f3n estadounidense para que Chevron pueda operar nuevamente en Venezuela, ha abierto posibilidad del retorno de otras petroleras. La producci\u00f3n de Venezuela cerr\u00f3 noviembre en 693.000 bpd (barriles diarios). El gobierno venezolano espera poder llegar a 1 mill\u00f3n diario, a\u00fan lejos de los 3,6 millones diarios del pre socialismo.<\/p>\n<p><em><strong>Moody\u00b4s sospecha<\/strong><\/em><\/p>\n<p>En 2023, Argentina enfrentar\u00e1 \u00abm\u00e1s riesgos importantes de los que est\u00e1 comunicando el FMI\u00bb. El comentario del nuevo analista para la Argentina de la calificadora Moody\u2019s, Jaime Reusche, pone en duda algunas de las promesas hechas por el gobierno argentino al fondo que le ha seguido prestando dinero para rescatar su econom\u00eda.<\/p>\n<p><em><strong>Institucionalidad<\/strong><\/em><\/p>\n<p>El caos pol\u00edtico que atraviesa Per\u00fa ha puesto a prueba la fortaleza de las instituciones que rigen la econom\u00eda del pa\u00eds. Per\u00fa ha demostrado que su institucionalidad ha podido asimilar el golpe de Castillo y su posterior sustituci\u00f3n por \u201cpermanente incapacidad moral\u201d, sin afectar de forma dram\u00e1tica a la estabilidad de la econom\u00eda peruana.<\/p>\n<p style=\"text-align: center;\">Lo bueno<br \/>\n***<br \/>\nEs que el gobierno movi\u00f3, finalmente, un dedo para frenar a los avasalladores de tierras que act\u00faan en seis de los nueve departamentos.<\/p>\n<p style=\"text-align: center;\">Lo malo<br \/>\n***<br \/>\nEs que s\u00f3lo ha actuado hasta ahora en el caso de un plan tur\u00edstico, mientras cientos de avasallamientos se mantienen sin problemas.<\/p>\n<p style=\"text-align: center;\">Lo feo<br \/>\n***<br \/>\nEs que los dirigentes de los asaltantes les dicen a los que son expulsados por la polic\u00eda que guarden sus t\u00edtulos de propiedad, porque van a servir.<\/p>\n","protected":false},"excerpt":{"rendered":"<p>En el pa\u00eds se est\u00e1 librando una guerra que definir\u00e1 el futuro del derecho a la propiedad privada, en que los avasalladores que violan ese derecho cuentan con el apoyo o la protecci\u00f3n del poder pol\u00edtico. Ante esa aberraci\u00f3n, los habitantes de la provincia Guarayos de Santa Cruz decidieron enfrentar y expulsar a los invasores, [&hellip;]<\/p>\n","protected":false},"author":1,"featured_media":127965,"comment_status":"closed","ping_status":"closed","sticky":false,"template":"","format":"standard","meta":{"_acf_changed":false,"footnotes":""},"categories":[7],"tags":[],"class_list":["post-127960","post","type-post","status-publish","format-standard","has-post-thumbnail","category-economia"],"acf":{"antetitulo":""},"yoast_head":"<!-- This site is optimized with the Yoast SEO plugin v28.4 - https:\/\/yoast.com\/product\/yoast-seo-wordpress\/ -->\n<title>Guerras por tierra - El Diario - Bolivia<\/title>\n<meta name=\"robots\" content=\"index, follow, max-snippet:-1, max-image-preview:large, max-video-preview:-1\" \/>\n<link rel=\"canonical\" href=\"https:\/\/www.eldiario.net\/portal\/2022\/12\/16\/guerras-por-tierra\/\" \/>\n<meta property=\"og:locale\" content=\"es_ES\" \/>\n<meta property=\"og:type\" content=\"article\" \/>\n<meta property=\"og:title\" content=\"Guerras por tierra - El Diario - Bolivia\" \/>\n<meta property=\"og:description\" content=\"En el pa\u00eds se est\u00e1 librando una guerra que definir\u00e1 el futuro del derecho a la propiedad privada, en que los avasalladores que violan ese derecho cuentan con el apoyo o la protecci\u00f3n del poder pol\u00edtico. Ante esa aberraci\u00f3n, los habitantes de la provincia Guarayos de Santa Cruz decidieron enfrentar y expulsar a los invasores, [&hellip;]\" \/>\n<meta property=\"og:url\" content=\"https:\/\/www.eldiario.net\/portal\/2022\/12\/16\/guerras-por-tierra\/\" \/>\n<meta property=\"og:site_name\" content=\"El Diario - Bolivia\" \/>\n<meta property=\"article:publisher\" content=\"https:\/\/www.facebook.com\/eldiario.bolivia\/\" \/>\n<meta property=\"article:published_time\" content=\"2022-12-16T08:55:29+00:00\" \/>\n<meta name=\"author\" content=\"Jeanette\" \/>\n<meta name=\"twitter:card\" content=\"summary_large_image\" \/>\n<meta name=\"twitter:creator\" content=\"@eldiario_net\" \/>\n<meta name=\"twitter:site\" content=\"@eldiario_net\" \/>\n<meta name=\"twitter:label1\" content=\"Escrito por\" \/>\n\t<meta name=\"twitter:data1\" content=\"Jeanette\" \/>\n\t<meta name=\"twitter:label2\" content=\"Tiempo de lectura\" \/>\n\t<meta name=\"twitter:data2\" content=\"5 minutos\" \/>\n<script type=\"application\/ld+json\" class=\"yoast-schema-graph\">{\"@context\":\"https:\\\/\\\/schema.org\",\"@graph\":[{\"@type\":\"Article\",\"@id\":\"https:\\\/\\\/www.eldiario.net\\\/portal\\\/2022\\\/12\\\/16\\\/guerras-por-tierra\\\/#article\",\"isPartOf\":{\"@id\":\"https:\\\/\\\/www.eldiario.net\\\/portal\\\/2022\\\/12\\\/16\\\/guerras-por-tierra\\\/\"},\"author\":{\"name\":\"Jeanette\",\"@id\":\"https:\\\/\\\/www.eldiario.net\\\/portal\\\/#\\\/schema\\\/person\\\/f46445640444750d7d753ccd04ae01b7\"},\"headline\":\"Guerras por tierra\",\"datePublished\":\"2022-12-16T08:55:29+00:00\",\"mainEntityOfPage\":{\"@id\":\"https:\\\/\\\/www.eldiario.net\\\/portal\\\/2022\\\/12\\\/16\\\/guerras-por-tierra\\\/\"},\"wordCount\":976,\"publisher\":{\"@id\":\"https:\\\/\\\/www.eldiario.net\\\/portal\\\/#organization\"},\"image\":{\"@id\":\"https:\\\/\\\/www.eldiario.net\\\/portal\\\/2022\\\/12\\\/16\\\/guerras-por-tierra\\\/#primaryimage\"},\"thumbnailUrl\":\"\",\"articleSection\":[\"Econom\u00eda\"],\"inLanguage\":\"es\"},{\"@type\":\"WebPage\",\"@id\":\"https:\\\/\\\/www.eldiario.net\\\/portal\\\/2022\\\/12\\\/16\\\/guerras-por-tierra\\\/\",\"url\":\"https:\\\/\\\/www.eldiario.net\\\/portal\\\/2022\\\/12\\\/16\\\/guerras-por-tierra\\\/\",\"name\":\"Guerras por tierra - El Diario - Bolivia\",\"isPartOf\":{\"@id\":\"https:\\\/\\\/www.eldiario.net\\\/portal\\\/#website\"},\"primaryImageOfPage\":{\"@id\":\"https:\\\/\\\/www.eldiario.net\\\/portal\\\/2022\\\/12\\\/16\\\/guerras-por-tierra\\\/#primaryimage\"},\"image\":{\"@id\":\"https:\\\/\\\/www.eldiario.net\\\/portal\\\/2022\\\/12\\\/16\\\/guerras-por-tierra\\\/#primaryimage\"},\"thumbnailUrl\":\"\",\"datePublished\":\"2022-12-16T08:55:29+00:00\",\"breadcrumb\":{\"@id\":\"https:\\\/\\\/www.eldiario.net\\\/portal\\\/2022\\\/12\\\/16\\\/guerras-por-tierra\\\/#breadcrumb\"},\"inLanguage\":\"es\",\"potentialAction\":[{\"@type\":\"ReadAction\",\"target\":[\"https:\\\/\\\/www.eldiario.net\\\/portal\\\/2022\\\/12\\\/16\\\/guerras-por-tierra\\\/\"]}]},{\"@type\":\"ImageObject\",\"inLanguage\":\"es\",\"@id\":\"https:\\\/\\\/www.eldiario.net\\\/portal\\\/2022\\\/12\\\/16\\\/guerras-por-tierra\\\/#primaryimage\",\"url\":\"\",\"contentUrl\":\"\"},{\"@type\":\"BreadcrumbList\",\"@id\":\"https:\\\/\\\/www.eldiario.net\\\/portal\\\/2022\\\/12\\\/16\\\/guerras-por-tierra\\\/#breadcrumb\",\"itemListElement\":[{\"@type\":\"ListItem\",\"position\":1,\"name\":\"Portada\",\"item\":\"https:\\\/\\\/www.eldiario.net\\\/portal\\\/\"},{\"@type\":\"ListItem\",\"position\":2,\"name\":\"Guerras por tierra\"}]},{\"@type\":\"WebSite\",\"@id\":\"https:\\\/\\\/www.eldiario.net\\\/portal\\\/#website\",\"url\":\"https:\\\/\\\/www.eldiario.net\\\/portal\\\/\",\"name\":\"El Diario - Decano de la prensa nacional\",\"description\":\"El Diario - Decano de la prensa nacional\",\"publisher\":{\"@id\":\"https:\\\/\\\/www.eldiario.net\\\/portal\\\/#organization\"},\"potentialAction\":[{\"@type\":\"SearchAction\",\"target\":{\"@type\":\"EntryPoint\",\"urlTemplate\":\"https:\\\/\\\/www.eldiario.net\\\/portal\\\/?s={search_term_string}\"},\"query-input\":{\"@type\":\"PropertyValueSpecification\",\"valueRequired\":true,\"valueName\":\"search_term_string\"}}],\"inLanguage\":\"es\"},{\"@type\":\"Organization\",\"@id\":\"https:\\\/\\\/www.eldiario.net\\\/portal\\\/#organization\",\"name\":\"El Diario - Decano de la prensa nacional\",\"url\":\"https:\\\/\\\/www.eldiario.net\\\/portal\\\/\",\"logo\":{\"@type\":\"ImageObject\",\"inLanguage\":\"es\",\"@id\":\"https:\\\/\\\/www.eldiario.net\\\/portal\\\/#\\\/schema\\\/logo\\\/image\\\/\",\"url\":\"https:\\\/\\\/www.eldiario.net\\\/portal\\\/wp-content\\\/uploads\\\/2023\\\/07\\\/logo_ED.jpg\",\"contentUrl\":\"https:\\\/\\\/www.eldiario.net\\\/portal\\\/wp-content\\\/uploads\\\/2023\\\/07\\\/logo_ED.jpg\",\"width\":272,\"height\":52,\"caption\":\"El Diario - Decano de la prensa nacional\"},\"image\":{\"@id\":\"https:\\\/\\\/www.eldiario.net\\\/portal\\\/#\\\/schema\\\/logo\\\/image\\\/\"},\"sameAs\":[\"https:\\\/\\\/www.facebook.com\\\/eldiario.bolivia\\\/\",\"https:\\\/\\\/x.com\\\/eldiario_net\"]},{\"@type\":\"Person\",\"@id\":\"https:\\\/\\\/www.eldiario.net\\\/portal\\\/#\\\/schema\\\/person\\\/f46445640444750d7d753ccd04ae01b7\",\"name\":\"Jeanette\",\"image\":{\"@type\":\"ImageObject\",\"inLanguage\":\"es\",\"@id\":\"https:\\\/\\\/secure.gravatar.com\\\/avatar\\\/3ea2118a5f7dad2b7138b1187a6b7ee55f160b9968b66013c3a3ef39dd7e5798?s=96&d=mm&r=g\",\"url\":\"https:\\\/\\\/secure.gravatar.com\\\/avatar\\\/3ea2118a5f7dad2b7138b1187a6b7ee55f160b9968b66013c3a3ef39dd7e5798?s=96&d=mm&r=g\",\"contentUrl\":\"https:\\\/\\\/secure.gravatar.com\\\/avatar\\\/3ea2118a5f7dad2b7138b1187a6b7ee55f160b9968b66013c3a3ef39dd7e5798?s=96&d=mm&r=g\",\"caption\":\"Jeanette\"},\"sameAs\":[\"https:\\\/\\\/www.eldiario.net\\\/portal\"],\"url\":\"https:\\\/\\\/www.eldiario.net\\\/portal\\\/author\\\/jeanette\\\/\"}]}<\/script>\n<!-- \/ Yoast SEO plugin. -->","yoast_head_json":{"title":"Guerras por tierra - El Diario - Bolivia","robots":{"index":"index","follow":"follow","max-snippet":"max-snippet:-1","max-image-preview":"max-image-preview:large","max-video-preview":"max-video-preview:-1"},"canonical":"https:\/\/www.eldiario.net\/portal\/2022\/12\/16\/guerras-por-tierra\/","og_locale":"es_ES","og_type":"article","og_title":"Guerras por tierra - El Diario - Bolivia","og_description":"En el pa\u00eds se est\u00e1 librando una guerra que definir\u00e1 el futuro del derecho a la propiedad privada, en que los avasalladores que violan ese derecho cuentan con el apoyo o la protecci\u00f3n del poder pol\u00edtico. Ante esa aberraci\u00f3n, los habitantes de la provincia Guarayos de Santa Cruz decidieron enfrentar y expulsar a los invasores, [&hellip;]","og_url":"https:\/\/www.eldiario.net\/portal\/2022\/12\/16\/guerras-por-tierra\/","og_site_name":"El Diario - Bolivia","article_publisher":"https:\/\/www.facebook.com\/eldiario.bolivia\/","article_published_time":"2022-12-16T08:55:29+00:00","author":"Jeanette","twitter_card":"summary_large_image","twitter_creator":"@eldiario_net","twitter_site":"@eldiario_net","twitter_misc":{"Escrito por":"Jeanette","Tiempo de lectura":"5 minutos"},"schema":{"@context":"https:\/\/schema.org","@graph":[{"@type":"Article","@id":"https:\/\/www.eldiario.net\/portal\/2022\/12\/16\/guerras-por-tierra\/#article","isPartOf":{"@id":"https:\/\/www.eldiario.net\/portal\/2022\/12\/16\/guerras-por-tierra\/"},"author":{"name":"Jeanette","@id":"https:\/\/www.eldiario.net\/portal\/#\/schema\/person\/f46445640444750d7d753ccd04ae01b7"},"headline":"Guerras por tierra","datePublished":"2022-12-16T08:55:29+00:00","mainEntityOfPage":{"@id":"https:\/\/www.eldiario.net\/portal\/2022\/12\/16\/guerras-por-tierra\/"},"wordCount":976,"publisher":{"@id":"https:\/\/www.eldiario.net\/portal\/#organization"},"image":{"@id":"https:\/\/www.eldiario.net\/portal\/2022\/12\/16\/guerras-por-tierra\/#primaryimage"},"thumbnailUrl":"","articleSection":["Econom\u00eda"],"inLanguage":"es"},{"@type":"WebPage","@id":"https:\/\/www.eldiario.net\/portal\/2022\/12\/16\/guerras-por-tierra\/","url":"https:\/\/www.eldiario.net\/portal\/2022\/12\/16\/guerras-por-tierra\/","name":"Guerras por tierra - El Diario - Bolivia","isPartOf":{"@id":"https:\/\/www.eldiario.net\/portal\/#website"},"primaryImageOfPage":{"@id":"https:\/\/www.eldiario.net\/portal\/2022\/12\/16\/guerras-por-tierra\/#primaryimage"},"image":{"@id":"https:\/\/www.eldiario.net\/portal\/2022\/12\/16\/guerras-por-tierra\/#primaryimage"},"thumbnailUrl":"","datePublished":"2022-12-16T08:55:29+00:00","breadcrumb":{"@id":"https:\/\/www.eldiario.net\/portal\/2022\/12\/16\/guerras-por-tierra\/#breadcrumb"},"inLanguage":"es","potentialAction":[{"@type":"ReadAction","target":["https:\/\/www.eldiario.net\/portal\/2022\/12\/16\/guerras-por-tierra\/"]}]},{"@type":"ImageObject","inLanguage":"es","@id":"https:\/\/www.eldiario.net\/portal\/2022\/12\/16\/guerras-por-tierra\/#primaryimage","url":"","contentUrl":""},{"@type":"BreadcrumbList","@id":"https:\/\/www.eldiario.net\/portal\/2022\/12\/16\/guerras-por-tierra\/#breadcrumb","itemListElement":[{"@type":"ListItem","position":1,"name":"Portada","item":"https:\/\/www.eldiario.net\/portal\/"},{"@type":"ListItem","position":2,"name":"Guerras por tierra"}]},{"@type":"WebSite","@id":"https:\/\/www.eldiario.net\/portal\/#website","url":"https:\/\/www.eldiario.net\/portal\/","name":"El Diario - Decano de la prensa nacional","description":"El Diario - Decano de la prensa nacional","publisher":{"@id":"https:\/\/www.eldiario.net\/portal\/#organization"},"potentialAction":[{"@type":"SearchAction","target":{"@type":"EntryPoint","urlTemplate":"https:\/\/www.eldiario.net\/portal\/?s={search_term_string}"},"query-input":{"@type":"PropertyValueSpecification","valueRequired":true,"valueName":"search_term_string"}}],"inLanguage":"es"},{"@type":"Organization","@id":"https:\/\/www.eldiario.net\/portal\/#organization","name":"El Diario - Decano de la prensa nacional","url":"https:\/\/www.eldiario.net\/portal\/","logo":{"@type":"ImageObject","inLanguage":"es","@id":"https:\/\/www.eldiario.net\/portal\/#\/schema\/logo\/image\/","url":"https:\/\/www.eldiario.net\/portal\/wp-content\/uploads\/2023\/07\/logo_ED.jpg","contentUrl":"https:\/\/www.eldiario.net\/portal\/wp-content\/uploads\/2023\/07\/logo_ED.jpg","width":272,"height":52,"caption":"El Diario - Decano de la prensa nacional"},"image":{"@id":"https:\/\/www.eldiario.net\/portal\/#\/schema\/logo\/image\/"},"sameAs":["https:\/\/www.facebook.com\/eldiario.bolivia\/","https:\/\/x.com\/eldiario_net"]},{"@type":"Person","@id":"https:\/\/www.eldiario.net\/portal\/#\/schema\/person\/f46445640444750d7d753ccd04ae01b7","name":"Jeanette","image":{"@type":"ImageObject","inLanguage":"es","@id":"https:\/\/secure.gravatar.com\/avatar\/3ea2118a5f7dad2b7138b1187a6b7ee55f160b9968b66013c3a3ef39dd7e5798?s=96&d=mm&r=g","url":"https:\/\/secure.gravatar.com\/avatar\/3ea2118a5f7dad2b7138b1187a6b7ee55f160b9968b66013c3a3ef39dd7e5798?s=96&d=mm&r=g","contentUrl":"https:\/\/secure.gravatar.com\/avatar\/3ea2118a5f7dad2b7138b1187a6b7ee55f160b9968b66013c3a3ef39dd7e5798?s=96&d=mm&r=g","caption":"Jeanette"},"sameAs":["https:\/\/www.eldiario.net\/portal"],"url":"https:\/\/www.eldiario.net\/portal\/author\/jeanette\/"}]}},"_links":{"self":[{"href":"https:\/\/www.eldiario.net\/portal\/wp-json\/wp\/v2\/posts\/127960","targetHints":{"allow":["GET"]}}],"collection":[{"href":"https:\/\/www.eldiario.net\/portal\/wp-json\/wp\/v2\/posts"}],"about":[{"href":"https:\/\/www.eldiario.net\/portal\/wp-json\/wp\/v2\/types\/post"}],"author":[{"embeddable":true,"href":"https:\/\/www.eldiario.net\/portal\/wp-json\/wp\/v2\/users\/1"}],"replies":[{"embeddable":true,"href":"https:\/\/www.eldiario.net\/portal\/wp-json\/wp\/v2\/comments?post=127960"}],"version-history":[{"count":0,"href":"https:\/\/www.eldiario.net\/portal\/wp-json\/wp\/v2\/posts\/127960\/revisions"}],"wp:attachment":[{"href":"https:\/\/www.eldiario.net\/portal\/wp-json\/wp\/v2\/media?parent=127960"}],"wp:term":[{"taxonomy":"category","embeddable":true,"href":"https:\/\/www.eldiario.net\/portal\/wp-json\/wp\/v2\/categories?post=127960"},{"taxonomy":"post_tag","embeddable":true,"href":"https:\/\/www.eldiario.net\/portal\/wp-json\/wp\/v2\/tags?post=127960"}],"curies":[{"name":"wp","href":"https:\/\/api.w.org\/{rel}","templated":true}]}}