{"id":127957,"date":"2022-12-16T04:48:23","date_gmt":"2022-12-16T08:48:23","guid":{"rendered":"https:\/\/www.eldiario.net\/portal\/?p=127957"},"modified":"2022-12-16T04:48:23","modified_gmt":"2022-12-16T08:48:23","slug":"tomaran-declaraciones-en-upea-y-revisaran-camaras-de-seguridad","status":"publish","type":"post","link":"https:\/\/www.eldiario.net\/portal\/2022\/12\/16\/tomaran-declaraciones-en-upea-y-revisaran-camaras-de-seguridad\/","title":{"rendered":"Tomar\u00e1n declaraciones en UPEA  y revisar\u00e1n c\u00e1maras de seguridad"},"content":{"rendered":"<p>Tras la muerte de dos canes que cayeron desde el cuarto piso de uno de los bloques de la Universidad P\u00fablica de El Alto (UPEA) la Fiscal\u00eda emiti\u00f3 tres requerimientos para tomar declaraciones y revisar las c\u00e1maras de seguridad que est\u00e1n cerca del lugar, para as\u00ed determinar si se tratar\u00eda de un biocidio o un hecho fortuito.<br \/>\nEl director departamental de la Polic\u00eda Forestal y Prevenci\u00f3n del Medio Ambiente (Pofoma), Franco Balboa, se\u00f1al\u00f3 que las hip\u00f3tesis que se manejan son dos: \u201cposiblemente podr\u00eda ser un hecho fortuito o un biocidio. Estamos a la espera de los requerimientos fiscales ya emitidos por el Ministerio P\u00fablico para poder ver las c\u00e1maras (y saber), qu\u00e9 informaci\u00f3n nos pueda dar estas\u201d.<br \/>\nSe supo que entre las personas a las que se tomar\u00e1 declaraci\u00f3n est\u00e1 personal administrativo y de limpieza, de la UPEA.<br \/>\nAdem\u00e1s, se solicit\u00f3 las im\u00e1genes de c\u00e1maras de seguridad que est\u00e1n cerca al lugar del hecho, para analizar el contenido y averiguar qu\u00e9 es lo que habr\u00eda pasado.<br \/>\nEste caso se conoci\u00f3 mediante redes sociales y en estos medios, se denunci\u00f3 que un hombre habr\u00eda lanzado a uno de los perros y que el segundo salt\u00f3 sigui\u00e9ndolo. Eso es lo que se investiga.<br \/>\nPor otro lado, la presidenta de la Confederaci\u00f3n Social Animalista y de Control Social, Silveria Laureano, anunci\u00f3 que una veterinaria especialista realizar\u00e1 una necropsia a los dos canes para esclarecer las causas de la muerte de ambos, mediante una revisi\u00f3n minuciosa tanto en el aspecto externo como el interno.<br \/>\n\u201cLas investigaciones son las que van a arrojar si se cometi\u00f3 un biocidio o si fue un accidente (\u2026). La necropsia se tiene que hacer con alguien externo, no pueden ser juez y parte. Hubo un informe, pero de la Carrera de Veterinaria de la UPEA, eso no corresponde porque tiene que ser un veterinario que no tenga nada que ver\u201d, se\u00f1al\u00f3, se lee en una nota de ABI.<br \/>\nHECHO<br \/>\nEl martes 13 de diciembre, pasado el mediod\u00eda, un can de raza mestiza cay\u00f3 al vac\u00edo desde el cuarto piso de uno de los bloques de la universidad alte\u00f1a, pocos minutos despu\u00e9s, otro can de raza cocker tambi\u00e9n se precipit\u00f3.<br \/>\nDe acuerdo con las investigaciones preliminares, el segundo animalito falleci\u00f3 casi de inmediato, en tanto que el otro agoniz\u00f3 y fue atendido por personal del servicio de la Cl\u00ednica Veterinaria de la UPEA, pero nada pudieron hacer, el da\u00f1o era demasiado.<br \/>\nLa casa de estudios superiores de El Alto emiti\u00f3 un comunicado en el que indicaba que coadyuvar\u00e1 en las investigaciones para que se esclarezca el caso y determinar si se trata de un biocidio o no.<br \/>\n\u201cAl ser un hecho sancionado por la ley y totalmente reprochable para la sociedad y la comunidad universitaria, las autoridades instruyeron coadyuvar con el Ministerio P\u00fablico para la investigaci\u00f3n objetiva e inmediata para determinar las causas, motivos y responsabilidades de los autores si los hubiera\u201d, se lee en la nota.<br \/>\nSANCI\u00d3N<br \/>\nSeg\u00fan la activista Laureano, en caso de comprobarse que se trata de un biocidio el o los agresores deber\u00e1n ser sancionados con todo el peso de la ley. Adem\u00e1s, dijo que las penas por ese tipo de delito \u201cdeben endurecerse\u201d.<br \/>\nDe acuerdo con la Ley 700, el biocidio se sancionar\u00e1 \u201ccon privaci\u00f3n de libertad de dos a cinco a\u00f1os y una multa de 30 a 180 d\u00edas, a quien matare con ensa\u00f1amiento o con motivos f\u00fatiles a un animal\u201d.<br \/>\nAdem\u00e1s, esta sanci\u00f3n ser\u00e1 agravada en un tercio de la pena m\u00e1xima, si se matare a m\u00e1s de un animal.<\/p>\n","protected":false},"excerpt":{"rendered":"<p>Tras la muerte de dos canes que cayeron desde el cuarto piso de uno de los bloques de la Universidad P\u00fablica de El Alto (UPEA) la Fiscal\u00eda emiti\u00f3 tres requerimientos para tomar declaraciones y revisar las c\u00e1maras de seguridad que est\u00e1n cerca del lugar, para as\u00ed determinar si se tratar\u00eda de un biocidio o un [&hellip;]<\/p>\n","protected":false},"author":1,"featured_media":127958,"comment_status":"closed","ping_status":"closed","sticky":false,"template":"","format":"standard","meta":{"_acf_changed":false,"footnotes":""},"categories":[12],"tags":[],"class_list":["post-127957","post","type-post","status-publish","format-standard","has-post-thumbnail","category-nacional"],"acf":{"antetitulo":""},"yoast_head":"<!-- This site is optimized with the Yoast SEO plugin v28.4 - https:\/\/yoast.com\/product\/yoast-seo-wordpress\/ -->\n<title>Tomar\u00e1n declaraciones en UPEA y revisar\u00e1n c\u00e1maras de seguridad - El Diario - Bolivia<\/title>\n<meta name=\"robots\" content=\"index, follow, max-snippet:-1, max-image-preview:large, max-video-preview:-1\" \/>\n<link rel=\"canonical\" href=\"https:\/\/www.eldiario.net\/portal\/2022\/12\/16\/tomaran-declaraciones-en-upea-y-revisaran-camaras-de-seguridad\/\" \/>\n<meta property=\"og:locale\" content=\"es_ES\" \/>\n<meta property=\"og:type\" content=\"article\" \/>\n<meta property=\"og:title\" content=\"Tomar\u00e1n declaraciones en UPEA y revisar\u00e1n c\u00e1maras de seguridad - El Diario - Bolivia\" \/>\n<meta property=\"og:description\" content=\"Tras la muerte de dos canes que cayeron desde el cuarto piso de uno de los bloques de la Universidad P\u00fablica de El Alto (UPEA) la Fiscal\u00eda emiti\u00f3 tres requerimientos para tomar declaraciones y revisar las c\u00e1maras de seguridad que est\u00e1n cerca del lugar, para as\u00ed determinar si se tratar\u00eda de un biocidio o un [&hellip;]\" \/>\n<meta property=\"og:url\" content=\"https:\/\/www.eldiario.net\/portal\/2022\/12\/16\/tomaran-declaraciones-en-upea-y-revisaran-camaras-de-seguridad\/\" \/>\n<meta property=\"og:site_name\" content=\"El Diario - Bolivia\" \/>\n<meta property=\"article:publisher\" content=\"https:\/\/www.facebook.com\/eldiario.bolivia\/\" \/>\n<meta property=\"article:published_time\" content=\"2022-12-16T08:48:23+00:00\" \/>\n<meta name=\"author\" content=\"Jeanette\" \/>\n<meta name=\"twitter:card\" content=\"summary_large_image\" \/>\n<meta name=\"twitter:creator\" content=\"@eldiario_net\" \/>\n<meta name=\"twitter:site\" content=\"@eldiario_net\" \/>\n<meta name=\"twitter:label1\" content=\"Escrito por\" \/>\n\t<meta name=\"twitter:data1\" content=\"Jeanette\" \/>\n\t<meta name=\"twitter:label2\" content=\"Tiempo de lectura\" \/>\n\t<meta name=\"twitter:data2\" content=\"3 minutos\" \/>\n<script type=\"application\/ld+json\" class=\"yoast-schema-graph\">{\"@context\":\"https:\\\/\\\/schema.org\",\"@graph\":[{\"@type\":\"Article\",\"@id\":\"https:\\\/\\\/www.eldiario.net\\\/portal\\\/2022\\\/12\\\/16\\\/tomaran-declaraciones-en-upea-y-revisaran-camaras-de-seguridad\\\/#article\",\"isPartOf\":{\"@id\":\"https:\\\/\\\/www.eldiario.net\\\/portal\\\/2022\\\/12\\\/16\\\/tomaran-declaraciones-en-upea-y-revisaran-camaras-de-seguridad\\\/\"},\"author\":{\"name\":\"Jeanette\",\"@id\":\"https:\\\/\\\/www.eldiario.net\\\/portal\\\/#\\\/schema\\\/person\\\/f46445640444750d7d753ccd04ae01b7\"},\"headline\":\"Tomar\u00e1n declaraciones en UPEA y revisar\u00e1n c\u00e1maras de seguridad\",\"datePublished\":\"2022-12-16T08:48:23+00:00\",\"mainEntityOfPage\":{\"@id\":\"https:\\\/\\\/www.eldiario.net\\\/portal\\\/2022\\\/12\\\/16\\\/tomaran-declaraciones-en-upea-y-revisaran-camaras-de-seguridad\\\/\"},\"wordCount\":640,\"publisher\":{\"@id\":\"https:\\\/\\\/www.eldiario.net\\\/portal\\\/#organization\"},\"image\":{\"@id\":\"https:\\\/\\\/www.eldiario.net\\\/portal\\\/2022\\\/12\\\/16\\\/tomaran-declaraciones-en-upea-y-revisaran-camaras-de-seguridad\\\/#primaryimage\"},\"thumbnailUrl\":\"\",\"articleSection\":[\"Nacional\"],\"inLanguage\":\"es\"},{\"@type\":\"WebPage\",\"@id\":\"https:\\\/\\\/www.eldiario.net\\\/portal\\\/2022\\\/12\\\/16\\\/tomaran-declaraciones-en-upea-y-revisaran-camaras-de-seguridad\\\/\",\"url\":\"https:\\\/\\\/www.eldiario.net\\\/portal\\\/2022\\\/12\\\/16\\\/tomaran-declaraciones-en-upea-y-revisaran-camaras-de-seguridad\\\/\",\"name\":\"Tomar\u00e1n declaraciones en UPEA y revisar\u00e1n c\u00e1maras de seguridad - El Diario - Bolivia\",\"isPartOf\":{\"@id\":\"https:\\\/\\\/www.eldiario.net\\\/portal\\\/#website\"},\"primaryImageOfPage\":{\"@id\":\"https:\\\/\\\/www.eldiario.net\\\/portal\\\/2022\\\/12\\\/16\\\/tomaran-declaraciones-en-upea-y-revisaran-camaras-de-seguridad\\\/#primaryimage\"},\"image\":{\"@id\":\"https:\\\/\\\/www.eldiario.net\\\/portal\\\/2022\\\/12\\\/16\\\/tomaran-declaraciones-en-upea-y-revisaran-camaras-de-seguridad\\\/#primaryimage\"},\"thumbnailUrl\":\"\",\"datePublished\":\"2022-12-16T08:48:23+00:00\",\"breadcrumb\":{\"@id\":\"https:\\\/\\\/www.eldiario.net\\\/portal\\\/2022\\\/12\\\/16\\\/tomaran-declaraciones-en-upea-y-revisaran-camaras-de-seguridad\\\/#breadcrumb\"},\"inLanguage\":\"es\",\"potentialAction\":[{\"@type\":\"ReadAction\",\"target\":[\"https:\\\/\\\/www.eldiario.net\\\/portal\\\/2022\\\/12\\\/16\\\/tomaran-declaraciones-en-upea-y-revisaran-camaras-de-seguridad\\\/\"]}]},{\"@type\":\"ImageObject\",\"inLanguage\":\"es\",\"@id\":\"https:\\\/\\\/www.eldiario.net\\\/portal\\\/2022\\\/12\\\/16\\\/tomaran-declaraciones-en-upea-y-revisaran-camaras-de-seguridad\\\/#primaryimage\",\"url\":\"\",\"contentUrl\":\"\"},{\"@type\":\"BreadcrumbList\",\"@id\":\"https:\\\/\\\/www.eldiario.net\\\/portal\\\/2022\\\/12\\\/16\\\/tomaran-declaraciones-en-upea-y-revisaran-camaras-de-seguridad\\\/#breadcrumb\",\"itemListElement\":[{\"@type\":\"ListItem\",\"position\":1,\"name\":\"Portada\",\"item\":\"https:\\\/\\\/www.eldiario.net\\\/portal\\\/\"},{\"@type\":\"ListItem\",\"position\":2,\"name\":\"Tomar\u00e1n declaraciones en UPEA y revisar\u00e1n c\u00e1maras de seguridad\"}]},{\"@type\":\"WebSite\",\"@id\":\"https:\\\/\\\/www.eldiario.net\\\/portal\\\/#website\",\"url\":\"https:\\\/\\\/www.eldiario.net\\\/portal\\\/\",\"name\":\"El Diario - Decano de la prensa nacional\",\"description\":\"El Diario - Decano de la prensa nacional\",\"publisher\":{\"@id\":\"https:\\\/\\\/www.eldiario.net\\\/portal\\\/#organization\"},\"potentialAction\":[{\"@type\":\"SearchAction\",\"target\":{\"@type\":\"EntryPoint\",\"urlTemplate\":\"https:\\\/\\\/www.eldiario.net\\\/portal\\\/?s={search_term_string}\"},\"query-input\":{\"@type\":\"PropertyValueSpecification\",\"valueRequired\":true,\"valueName\":\"search_term_string\"}}],\"inLanguage\":\"es\"},{\"@type\":\"Organization\",\"@id\":\"https:\\\/\\\/www.eldiario.net\\\/portal\\\/#organization\",\"name\":\"El Diario - Decano de la prensa nacional\",\"url\":\"https:\\\/\\\/www.eldiario.net\\\/portal\\\/\",\"logo\":{\"@type\":\"ImageObject\",\"inLanguage\":\"es\",\"@id\":\"https:\\\/\\\/www.eldiario.net\\\/portal\\\/#\\\/schema\\\/logo\\\/image\\\/\",\"url\":\"https:\\\/\\\/www.eldiario.net\\\/portal\\\/wp-content\\\/uploads\\\/2023\\\/07\\\/logo_ED.jpg\",\"contentUrl\":\"https:\\\/\\\/www.eldiario.net\\\/portal\\\/wp-content\\\/uploads\\\/2023\\\/07\\\/logo_ED.jpg\",\"width\":272,\"height\":52,\"caption\":\"El Diario - Decano de la prensa nacional\"},\"image\":{\"@id\":\"https:\\\/\\\/www.eldiario.net\\\/portal\\\/#\\\/schema\\\/logo\\\/image\\\/\"},\"sameAs\":[\"https:\\\/\\\/www.facebook.com\\\/eldiario.bolivia\\\/\",\"https:\\\/\\\/x.com\\\/eldiario_net\"]},{\"@type\":\"Person\",\"@id\":\"https:\\\/\\\/www.eldiario.net\\\/portal\\\/#\\\/schema\\\/person\\\/f46445640444750d7d753ccd04ae01b7\",\"name\":\"Jeanette\",\"image\":{\"@type\":\"ImageObject\",\"inLanguage\":\"es\",\"@id\":\"https:\\\/\\\/secure.gravatar.com\\\/avatar\\\/3ea2118a5f7dad2b7138b1187a6b7ee55f160b9968b66013c3a3ef39dd7e5798?s=96&d=mm&r=g\",\"url\":\"https:\\\/\\\/secure.gravatar.com\\\/avatar\\\/3ea2118a5f7dad2b7138b1187a6b7ee55f160b9968b66013c3a3ef39dd7e5798?s=96&d=mm&r=g\",\"contentUrl\":\"https:\\\/\\\/secure.gravatar.com\\\/avatar\\\/3ea2118a5f7dad2b7138b1187a6b7ee55f160b9968b66013c3a3ef39dd7e5798?s=96&d=mm&r=g\",\"caption\":\"Jeanette\"},\"sameAs\":[\"https:\\\/\\\/www.eldiario.net\\\/portal\"],\"url\":\"https:\\\/\\\/www.eldiario.net\\\/portal\\\/author\\\/jeanette\\\/\"}]}<\/script>\n<!-- \/ Yoast SEO plugin. -->","yoast_head_json":{"title":"Tomar\u00e1n declaraciones en UPEA y revisar\u00e1n c\u00e1maras de seguridad - El Diario - Bolivia","robots":{"index":"index","follow":"follow","max-snippet":"max-snippet:-1","max-image-preview":"max-image-preview:large","max-video-preview":"max-video-preview:-1"},"canonical":"https:\/\/www.eldiario.net\/portal\/2022\/12\/16\/tomaran-declaraciones-en-upea-y-revisaran-camaras-de-seguridad\/","og_locale":"es_ES","og_type":"article","og_title":"Tomar\u00e1n declaraciones en UPEA y revisar\u00e1n c\u00e1maras de seguridad - El Diario - Bolivia","og_description":"Tras la muerte de dos canes que cayeron desde el cuarto piso de uno de los bloques de la Universidad P\u00fablica de El Alto (UPEA) la Fiscal\u00eda emiti\u00f3 tres requerimientos para tomar declaraciones y revisar las c\u00e1maras de seguridad que est\u00e1n cerca del lugar, para as\u00ed determinar si se tratar\u00eda de un biocidio o un [&hellip;]","og_url":"https:\/\/www.eldiario.net\/portal\/2022\/12\/16\/tomaran-declaraciones-en-upea-y-revisaran-camaras-de-seguridad\/","og_site_name":"El Diario - Bolivia","article_publisher":"https:\/\/www.facebook.com\/eldiario.bolivia\/","article_published_time":"2022-12-16T08:48:23+00:00","author":"Jeanette","twitter_card":"summary_large_image","twitter_creator":"@eldiario_net","twitter_site":"@eldiario_net","twitter_misc":{"Escrito por":"Jeanette","Tiempo de lectura":"3 minutos"},"schema":{"@context":"https:\/\/schema.org","@graph":[{"@type":"Article","@id":"https:\/\/www.eldiario.net\/portal\/2022\/12\/16\/tomaran-declaraciones-en-upea-y-revisaran-camaras-de-seguridad\/#article","isPartOf":{"@id":"https:\/\/www.eldiario.net\/portal\/2022\/12\/16\/tomaran-declaraciones-en-upea-y-revisaran-camaras-de-seguridad\/"},"author":{"name":"Jeanette","@id":"https:\/\/www.eldiario.net\/portal\/#\/schema\/person\/f46445640444750d7d753ccd04ae01b7"},"headline":"Tomar\u00e1n declaraciones en UPEA y revisar\u00e1n c\u00e1maras de seguridad","datePublished":"2022-12-16T08:48:23+00:00","mainEntityOfPage":{"@id":"https:\/\/www.eldiario.net\/portal\/2022\/12\/16\/tomaran-declaraciones-en-upea-y-revisaran-camaras-de-seguridad\/"},"wordCount":640,"publisher":{"@id":"https:\/\/www.eldiario.net\/portal\/#organization"},"image":{"@id":"https:\/\/www.eldiario.net\/portal\/2022\/12\/16\/tomaran-declaraciones-en-upea-y-revisaran-camaras-de-seguridad\/#primaryimage"},"thumbnailUrl":"","articleSection":["Nacional"],"inLanguage":"es"},{"@type":"WebPage","@id":"https:\/\/www.eldiario.net\/portal\/2022\/12\/16\/tomaran-declaraciones-en-upea-y-revisaran-camaras-de-seguridad\/","url":"https:\/\/www.eldiario.net\/portal\/2022\/12\/16\/tomaran-declaraciones-en-upea-y-revisaran-camaras-de-seguridad\/","name":"Tomar\u00e1n declaraciones en UPEA y revisar\u00e1n c\u00e1maras de seguridad - El Diario - Bolivia","isPartOf":{"@id":"https:\/\/www.eldiario.net\/portal\/#website"},"primaryImageOfPage":{"@id":"https:\/\/www.eldiario.net\/portal\/2022\/12\/16\/tomaran-declaraciones-en-upea-y-revisaran-camaras-de-seguridad\/#primaryimage"},"image":{"@id":"https:\/\/www.eldiario.net\/portal\/2022\/12\/16\/tomaran-declaraciones-en-upea-y-revisaran-camaras-de-seguridad\/#primaryimage"},"thumbnailUrl":"","datePublished":"2022-12-16T08:48:23+00:00","breadcrumb":{"@id":"https:\/\/www.eldiario.net\/portal\/2022\/12\/16\/tomaran-declaraciones-en-upea-y-revisaran-camaras-de-seguridad\/#breadcrumb"},"inLanguage":"es","potentialAction":[{"@type":"ReadAction","target":["https:\/\/www.eldiario.net\/portal\/2022\/12\/16\/tomaran-declaraciones-en-upea-y-revisaran-camaras-de-seguridad\/"]}]},{"@type":"ImageObject","inLanguage":"es","@id":"https:\/\/www.eldiario.net\/portal\/2022\/12\/16\/tomaran-declaraciones-en-upea-y-revisaran-camaras-de-seguridad\/#primaryimage","url":"","contentUrl":""},{"@type":"BreadcrumbList","@id":"https:\/\/www.eldiario.net\/portal\/2022\/12\/16\/tomaran-declaraciones-en-upea-y-revisaran-camaras-de-seguridad\/#breadcrumb","itemListElement":[{"@type":"ListItem","position":1,"name":"Portada","item":"https:\/\/www.eldiario.net\/portal\/"},{"@type":"ListItem","position":2,"name":"Tomar\u00e1n declaraciones en UPEA y revisar\u00e1n c\u00e1maras de seguridad"}]},{"@type":"WebSite","@id":"https:\/\/www.eldiario.net\/portal\/#website","url":"https:\/\/www.eldiario.net\/portal\/","name":"El Diario - Decano de la prensa nacional","description":"El Diario - Decano de la prensa nacional","publisher":{"@id":"https:\/\/www.eldiario.net\/portal\/#organization"},"potentialAction":[{"@type":"SearchAction","target":{"@type":"EntryPoint","urlTemplate":"https:\/\/www.eldiario.net\/portal\/?s={search_term_string}"},"query-input":{"@type":"PropertyValueSpecification","valueRequired":true,"valueName":"search_term_string"}}],"inLanguage":"es"},{"@type":"Organization","@id":"https:\/\/www.eldiario.net\/portal\/#organization","name":"El Diario - Decano de la prensa nacional","url":"https:\/\/www.eldiario.net\/portal\/","logo":{"@type":"ImageObject","inLanguage":"es","@id":"https:\/\/www.eldiario.net\/portal\/#\/schema\/logo\/image\/","url":"https:\/\/www.eldiario.net\/portal\/wp-content\/uploads\/2023\/07\/logo_ED.jpg","contentUrl":"https:\/\/www.eldiario.net\/portal\/wp-content\/uploads\/2023\/07\/logo_ED.jpg","width":272,"height":52,"caption":"El Diario - Decano de la prensa nacional"},"image":{"@id":"https:\/\/www.eldiario.net\/portal\/#\/schema\/logo\/image\/"},"sameAs":["https:\/\/www.facebook.com\/eldiario.bolivia\/","https:\/\/x.com\/eldiario_net"]},{"@type":"Person","@id":"https:\/\/www.eldiario.net\/portal\/#\/schema\/person\/f46445640444750d7d753ccd04ae01b7","name":"Jeanette","image":{"@type":"ImageObject","inLanguage":"es","@id":"https:\/\/secure.gravatar.com\/avatar\/3ea2118a5f7dad2b7138b1187a6b7ee55f160b9968b66013c3a3ef39dd7e5798?s=96&d=mm&r=g","url":"https:\/\/secure.gravatar.com\/avatar\/3ea2118a5f7dad2b7138b1187a6b7ee55f160b9968b66013c3a3ef39dd7e5798?s=96&d=mm&r=g","contentUrl":"https:\/\/secure.gravatar.com\/avatar\/3ea2118a5f7dad2b7138b1187a6b7ee55f160b9968b66013c3a3ef39dd7e5798?s=96&d=mm&r=g","caption":"Jeanette"},"sameAs":["https:\/\/www.eldiario.net\/portal"],"url":"https:\/\/www.eldiario.net\/portal\/author\/jeanette\/"}]}},"_links":{"self":[{"href":"https:\/\/www.eldiario.net\/portal\/wp-json\/wp\/v2\/posts\/127957","targetHints":{"allow":["GET"]}}],"collection":[{"href":"https:\/\/www.eldiario.net\/portal\/wp-json\/wp\/v2\/posts"}],"about":[{"href":"https:\/\/www.eldiario.net\/portal\/wp-json\/wp\/v2\/types\/post"}],"author":[{"embeddable":true,"href":"https:\/\/www.eldiario.net\/portal\/wp-json\/wp\/v2\/users\/1"}],"replies":[{"embeddable":true,"href":"https:\/\/www.eldiario.net\/portal\/wp-json\/wp\/v2\/comments?post=127957"}],"version-history":[{"count":0,"href":"https:\/\/www.eldiario.net\/portal\/wp-json\/wp\/v2\/posts\/127957\/revisions"}],"wp:attachment":[{"href":"https:\/\/www.eldiario.net\/portal\/wp-json\/wp\/v2\/media?parent=127957"}],"wp:term":[{"taxonomy":"category","embeddable":true,"href":"https:\/\/www.eldiario.net\/portal\/wp-json\/wp\/v2\/categories?post=127957"},{"taxonomy":"post_tag","embeddable":true,"href":"https:\/\/www.eldiario.net\/portal\/wp-json\/wp\/v2\/tags?post=127957"}],"curies":[{"name":"wp","href":"https:\/\/api.w.org\/{rel}","templated":true}]}}