{"id":127955,"date":"2022-12-16T04:47:28","date_gmt":"2022-12-16T08:47:28","guid":{"rendered":"https:\/\/www.eldiario.net\/portal\/?p=127955"},"modified":"2022-12-16T04:47:28","modified_gmt":"2022-12-16T08:47:28","slug":"preparan-telemaraton-bailaton-y-desfile-navideno","status":"publish","type":"post","link":"https:\/\/www.eldiario.net\/portal\/2022\/12\/16\/preparan-telemaraton-bailaton-y-desfile-navideno\/","title":{"rendered":"Preparan Telemarat\u00f3n, Bailat\u00f3n y desfile navide\u00f1o"},"content":{"rendered":"<p>Con el fin de recaudar juguetes, el municipio de El Alto organiza, hoy, la Telemarat\u00f3n que contar\u00e1 con la participaci\u00f3n de grupos musicales y el Bailat\u00f3n donde los asistentes aprender\u00e1n diferentes danzas; en tanto que, ma\u00f1ana, ser\u00e1 el desfile navide\u00f1o que contar\u00e1 con m\u00e1s de 100 participantes, entre comparsas y carros aleg\u00f3ricos.<br \/>\nCon las dos primeras actividades, el fin es recolectar la mayor cantidad de juguetes para los ni\u00f1os de la urbe alte\u00f1a. Ambos eventos se realizar\u00e1n hoy en el Multifuncional dela Ceja.<br \/>\n\u201cEl Brazo Social est\u00e1 realizando estas dos acciones para recolectar juguetes. El Bailat\u00f3n son cursos de baile como reggaet\u00f3n, bachata y salsa, ser\u00e1 en la ma\u00f1ana de 9:00 hasta la 13:00. Queremos invitar a toda la poblaci\u00f3n para que se sume a esta actividad que es en beneficio de los ni\u00f1os alte\u00f1os para que podamos brindarle una feliz Navidad a trav\u00e9s de estas actividades\u201d, se\u00f1al\u00f3 el responsable del Brazo Social, Bayron Chumacero.<br \/>\nDe este evento participar\u00e1n escuelas de baile como la Academia 911, Scarlet, Jhiro Jack (Tik Toker), Bolivian Salsa Dancers, Pro- Power Fitnnes Series Romina, Fitness Guss, Profe Lyn y Efecto Fitness Zumba.<br \/>\nLuego, desde las 13:00 hasta las 20:00, se realizar\u00e1 la Telemarat\u00f3n donde participar\u00e1n artistas y grupos musicales reconocidos como Am\u00e9rica Pop, Los Genios, Los Terribles, Mister Yo, Am\u00e9rica de Oruro y Alex Rivas.<\/p>\n<p>DESFILE<br \/>\nMa\u00f1ana, a partir de las 16:00 horas, se realizar\u00e1 el Desfile Navide\u00f1o con la participaci\u00f3n de casi un centenar de agrupaciones participantes, adem\u00e1s de carros aleg\u00f3ricos.<br \/>\nEl director de Culturas y Turismo, Boris Chuquimia, explic\u00f3 que ser\u00e1n casi tres kil\u00f3metros de recorrido y que el cierre de v\u00edas comenzar\u00e1 la tarde de hoy y ser\u00e1 de forma paulatina hasta la hora de la actividad.<br \/>\n\u201cComenzaremos en la rotonda Los \u00c1lamos, en la avenida Bolivia, ah\u00ed ser\u00e1 la concentraci\u00f3n de carros aleg\u00f3ricos, las agrupaciones ciudadanas, comparsas y grupos que participar\u00e1n\u201d, se\u00f1al\u00f3.<br \/>\nEl recorrido comenzar\u00e1 en la avenida Los \u00c1lamos, transcurrir\u00e1 por la avenida Bolivia, para continuar por la Ladislao Cabrera, para continuar hasta la Terminal Metropolitana y concluir\u00e1 una cuadra pasada esa terminal.<br \/>\n\u201cEst\u00e1 dise\u00f1ado para que la gente pueda asistir, los carros aleg\u00f3ricos tengan la facilidad de poder transitar por esta v\u00eda que es bastante amplia y van a tener la comodidad plena para poder circular\u201d, justific\u00f3 el funcionario edil.<br \/>\nAnunci\u00f3 que casi un centenar de empresas e instituciones junto con las organizaciones del municipio participar\u00e1n del desfile, sin embargo la inscripci\u00f3n continua abierta hasta le mediod\u00eda de hoy y los interesados pueden sumarse.<br \/>\nSALUD<br \/>\nCon el fin de proteger a la ciudadan\u00eda, tambi\u00e9n se dispondr\u00e1 de cuatro puntos de salud para la toma de muestra y vacunaci\u00f3n. Uno estar\u00e1 al ingreso del desfile, otro al final, adem\u00e1s, habr\u00e1 dos puntos durante el recorrido.<br \/>\n\u201cTendremos tres ambulancias municipales del SUMA, para cualquier emergencia. Se recomienda mantener, en lo posible, el distanciamiento, la higiene correspondiente, el lavado de manos, portar el barbijo porque va haber una gran concentraci\u00f3n de personas\u201d, indic\u00f3 un funcionario edil del \u00e1rea de salud.<\/p>\n","protected":false},"excerpt":{"rendered":"<p>Con el fin de recaudar juguetes, el municipio de El Alto organiza, hoy, la Telemarat\u00f3n que contar\u00e1 con la participaci\u00f3n de grupos musicales y el Bailat\u00f3n donde los asistentes aprender\u00e1n diferentes danzas; en tanto que, ma\u00f1ana, ser\u00e1 el desfile navide\u00f1o que contar\u00e1 con m\u00e1s de 100 participantes, entre comparsas y carros aleg\u00f3ricos. Con las dos [&hellip;]<\/p>\n","protected":false},"author":1,"featured_media":0,"comment_status":"closed","ping_status":"closed","sticky":false,"template":"","format":"standard","meta":{"_acf_changed":false,"footnotes":""},"categories":[12],"tags":[],"class_list":["post-127955","post","type-post","status-publish","format-standard","category-nacional"],"acf":{"antetitulo":""},"yoast_head":"<!-- This site is optimized with the Yoast SEO plugin v28.4 - https:\/\/yoast.com\/product\/yoast-seo-wordpress\/ -->\n<title>Preparan Telemarat\u00f3n, Bailat\u00f3n y desfile navide\u00f1o - El Diario - Bolivia<\/title>\n<meta name=\"robots\" content=\"index, follow, max-snippet:-1, max-image-preview:large, max-video-preview:-1\" \/>\n<link rel=\"canonical\" href=\"https:\/\/www.eldiario.net\/portal\/2022\/12\/16\/preparan-telemaraton-bailaton-y-desfile-navideno\/\" \/>\n<meta property=\"og:locale\" content=\"es_ES\" \/>\n<meta property=\"og:type\" content=\"article\" \/>\n<meta property=\"og:title\" content=\"Preparan Telemarat\u00f3n, Bailat\u00f3n y desfile navide\u00f1o - El Diario - Bolivia\" \/>\n<meta property=\"og:description\" content=\"Con el fin de recaudar juguetes, el municipio de El Alto organiza, hoy, la Telemarat\u00f3n que contar\u00e1 con la participaci\u00f3n de grupos musicales y el Bailat\u00f3n donde los asistentes aprender\u00e1n diferentes danzas; en tanto que, ma\u00f1ana, ser\u00e1 el desfile navide\u00f1o que contar\u00e1 con m\u00e1s de 100 participantes, entre comparsas y carros aleg\u00f3ricos. Con las dos [&hellip;]\" \/>\n<meta property=\"og:url\" content=\"https:\/\/www.eldiario.net\/portal\/2022\/12\/16\/preparan-telemaraton-bailaton-y-desfile-navideno\/\" \/>\n<meta property=\"og:site_name\" content=\"El Diario - Bolivia\" \/>\n<meta property=\"article:publisher\" content=\"https:\/\/www.facebook.com\/eldiario.bolivia\/\" \/>\n<meta property=\"article:published_time\" content=\"2022-12-16T08:47:28+00:00\" \/>\n<meta name=\"author\" content=\"Jeanette\" \/>\n<meta name=\"twitter:card\" content=\"summary_large_image\" \/>\n<meta name=\"twitter:creator\" content=\"@eldiario_net\" \/>\n<meta name=\"twitter:site\" content=\"@eldiario_net\" \/>\n<meta name=\"twitter:label1\" content=\"Escrito por\" \/>\n\t<meta name=\"twitter:data1\" content=\"Jeanette\" \/>\n<script type=\"application\/ld+json\" class=\"yoast-schema-graph\">{\"@context\":\"https:\\\/\\\/schema.org\",\"@graph\":[{\"@type\":\"Article\",\"@id\":\"https:\\\/\\\/www.eldiario.net\\\/portal\\\/2022\\\/12\\\/16\\\/preparan-telemaraton-bailaton-y-desfile-navideno\\\/#article\",\"isPartOf\":{\"@id\":\"https:\\\/\\\/www.eldiario.net\\\/portal\\\/2022\\\/12\\\/16\\\/preparan-telemaraton-bailaton-y-desfile-navideno\\\/\"},\"author\":{\"name\":\"Jeanette\",\"@id\":\"https:\\\/\\\/www.eldiario.net\\\/portal\\\/#\\\/schema\\\/person\\\/f46445640444750d7d753ccd04ae01b7\"},\"headline\":\"Preparan Telemarat\u00f3n, Bailat\u00f3n y desfile navide\u00f1o\",\"datePublished\":\"2022-12-16T08:47:28+00:00\",\"mainEntityOfPage\":{\"@id\":\"https:\\\/\\\/www.eldiario.net\\\/portal\\\/2022\\\/12\\\/16\\\/preparan-telemaraton-bailaton-y-desfile-navideno\\\/\"},\"wordCount\":547,\"publisher\":{\"@id\":\"https:\\\/\\\/www.eldiario.net\\\/portal\\\/#organization\"},\"articleSection\":[\"Nacional\"],\"inLanguage\":\"es\"},{\"@type\":\"WebPage\",\"@id\":\"https:\\\/\\\/www.eldiario.net\\\/portal\\\/2022\\\/12\\\/16\\\/preparan-telemaraton-bailaton-y-desfile-navideno\\\/\",\"url\":\"https:\\\/\\\/www.eldiario.net\\\/portal\\\/2022\\\/12\\\/16\\\/preparan-telemaraton-bailaton-y-desfile-navideno\\\/\",\"name\":\"Preparan Telemarat\u00f3n, Bailat\u00f3n y desfile navide\u00f1o - El Diario - Bolivia\",\"isPartOf\":{\"@id\":\"https:\\\/\\\/www.eldiario.net\\\/portal\\\/#website\"},\"datePublished\":\"2022-12-16T08:47:28+00:00\",\"breadcrumb\":{\"@id\":\"https:\\\/\\\/www.eldiario.net\\\/portal\\\/2022\\\/12\\\/16\\\/preparan-telemaraton-bailaton-y-desfile-navideno\\\/#breadcrumb\"},\"inLanguage\":\"es\",\"potentialAction\":[{\"@type\":\"ReadAction\",\"target\":[\"https:\\\/\\\/www.eldiario.net\\\/portal\\\/2022\\\/12\\\/16\\\/preparan-telemaraton-bailaton-y-desfile-navideno\\\/\"]}]},{\"@type\":\"BreadcrumbList\",\"@id\":\"https:\\\/\\\/www.eldiario.net\\\/portal\\\/2022\\\/12\\\/16\\\/preparan-telemaraton-bailaton-y-desfile-navideno\\\/#breadcrumb\",\"itemListElement\":[{\"@type\":\"ListItem\",\"position\":1,\"name\":\"Portada\",\"item\":\"https:\\\/\\\/www.eldiario.net\\\/portal\\\/\"},{\"@type\":\"ListItem\",\"position\":2,\"name\":\"Preparan Telemarat\u00f3n, Bailat\u00f3n y desfile navide\u00f1o\"}]},{\"@type\":\"WebSite\",\"@id\":\"https:\\\/\\\/www.eldiario.net\\\/portal\\\/#website\",\"url\":\"https:\\\/\\\/www.eldiario.net\\\/portal\\\/\",\"name\":\"El Diario - Decano de la prensa nacional\",\"description\":\"El Diario - Decano de la prensa nacional\",\"publisher\":{\"@id\":\"https:\\\/\\\/www.eldiario.net\\\/portal\\\/#organization\"},\"potentialAction\":[{\"@type\":\"SearchAction\",\"target\":{\"@type\":\"EntryPoint\",\"urlTemplate\":\"https:\\\/\\\/www.eldiario.net\\\/portal\\\/?s={search_term_string}\"},\"query-input\":{\"@type\":\"PropertyValueSpecification\",\"valueRequired\":true,\"valueName\":\"search_term_string\"}}],\"inLanguage\":\"es\"},{\"@type\":\"Organization\",\"@id\":\"https:\\\/\\\/www.eldiario.net\\\/portal\\\/#organization\",\"name\":\"El Diario - Decano de la prensa nacional\",\"url\":\"https:\\\/\\\/www.eldiario.net\\\/portal\\\/\",\"logo\":{\"@type\":\"ImageObject\",\"inLanguage\":\"es\",\"@id\":\"https:\\\/\\\/www.eldiario.net\\\/portal\\\/#\\\/schema\\\/logo\\\/image\\\/\",\"url\":\"https:\\\/\\\/www.eldiario.net\\\/portal\\\/wp-content\\\/uploads\\\/2023\\\/07\\\/logo_ED.jpg\",\"contentUrl\":\"https:\\\/\\\/www.eldiario.net\\\/portal\\\/wp-content\\\/uploads\\\/2023\\\/07\\\/logo_ED.jpg\",\"width\":272,\"height\":52,\"caption\":\"El Diario - Decano de la prensa nacional\"},\"image\":{\"@id\":\"https:\\\/\\\/www.eldiario.net\\\/portal\\\/#\\\/schema\\\/logo\\\/image\\\/\"},\"sameAs\":[\"https:\\\/\\\/www.facebook.com\\\/eldiario.bolivia\\\/\",\"https:\\\/\\\/x.com\\\/eldiario_net\"]},{\"@type\":\"Person\",\"@id\":\"https:\\\/\\\/www.eldiario.net\\\/portal\\\/#\\\/schema\\\/person\\\/f46445640444750d7d753ccd04ae01b7\",\"name\":\"Jeanette\",\"image\":{\"@type\":\"ImageObject\",\"inLanguage\":\"es\",\"@id\":\"https:\\\/\\\/secure.gravatar.com\\\/avatar\\\/3ea2118a5f7dad2b7138b1187a6b7ee55f160b9968b66013c3a3ef39dd7e5798?s=96&d=mm&r=g\",\"url\":\"https:\\\/\\\/secure.gravatar.com\\\/avatar\\\/3ea2118a5f7dad2b7138b1187a6b7ee55f160b9968b66013c3a3ef39dd7e5798?s=96&d=mm&r=g\",\"contentUrl\":\"https:\\\/\\\/secure.gravatar.com\\\/avatar\\\/3ea2118a5f7dad2b7138b1187a6b7ee55f160b9968b66013c3a3ef39dd7e5798?s=96&d=mm&r=g\",\"caption\":\"Jeanette\"},\"sameAs\":[\"https:\\\/\\\/www.eldiario.net\\\/portal\"],\"url\":\"https:\\\/\\\/www.eldiario.net\\\/portal\\\/author\\\/jeanette\\\/\"}]}<\/script>\n<!-- \/ Yoast SEO plugin. -->","yoast_head_json":{"title":"Preparan Telemarat\u00f3n, Bailat\u00f3n y desfile navide\u00f1o - El Diario - Bolivia","robots":{"index":"index","follow":"follow","max-snippet":"max-snippet:-1","max-image-preview":"max-image-preview:large","max-video-preview":"max-video-preview:-1"},"canonical":"https:\/\/www.eldiario.net\/portal\/2022\/12\/16\/preparan-telemaraton-bailaton-y-desfile-navideno\/","og_locale":"es_ES","og_type":"article","og_title":"Preparan Telemarat\u00f3n, Bailat\u00f3n y desfile navide\u00f1o - El Diario - Bolivia","og_description":"Con el fin de recaudar juguetes, el municipio de El Alto organiza, hoy, la Telemarat\u00f3n que contar\u00e1 con la participaci\u00f3n de grupos musicales y el Bailat\u00f3n donde los asistentes aprender\u00e1n diferentes danzas; en tanto que, ma\u00f1ana, ser\u00e1 el desfile navide\u00f1o que contar\u00e1 con m\u00e1s de 100 participantes, entre comparsas y carros aleg\u00f3ricos. Con las dos [&hellip;]","og_url":"https:\/\/www.eldiario.net\/portal\/2022\/12\/16\/preparan-telemaraton-bailaton-y-desfile-navideno\/","og_site_name":"El Diario - Bolivia","article_publisher":"https:\/\/www.facebook.com\/eldiario.bolivia\/","article_published_time":"2022-12-16T08:47:28+00:00","author":"Jeanette","twitter_card":"summary_large_image","twitter_creator":"@eldiario_net","twitter_site":"@eldiario_net","twitter_misc":{"Escrito por":"Jeanette"},"schema":{"@context":"https:\/\/schema.org","@graph":[{"@type":"Article","@id":"https:\/\/www.eldiario.net\/portal\/2022\/12\/16\/preparan-telemaraton-bailaton-y-desfile-navideno\/#article","isPartOf":{"@id":"https:\/\/www.eldiario.net\/portal\/2022\/12\/16\/preparan-telemaraton-bailaton-y-desfile-navideno\/"},"author":{"name":"Jeanette","@id":"https:\/\/www.eldiario.net\/portal\/#\/schema\/person\/f46445640444750d7d753ccd04ae01b7"},"headline":"Preparan Telemarat\u00f3n, Bailat\u00f3n y desfile navide\u00f1o","datePublished":"2022-12-16T08:47:28+00:00","mainEntityOfPage":{"@id":"https:\/\/www.eldiario.net\/portal\/2022\/12\/16\/preparan-telemaraton-bailaton-y-desfile-navideno\/"},"wordCount":547,"publisher":{"@id":"https:\/\/www.eldiario.net\/portal\/#organization"},"articleSection":["Nacional"],"inLanguage":"es"},{"@type":"WebPage","@id":"https:\/\/www.eldiario.net\/portal\/2022\/12\/16\/preparan-telemaraton-bailaton-y-desfile-navideno\/","url":"https:\/\/www.eldiario.net\/portal\/2022\/12\/16\/preparan-telemaraton-bailaton-y-desfile-navideno\/","name":"Preparan Telemarat\u00f3n, Bailat\u00f3n y desfile navide\u00f1o - El Diario - Bolivia","isPartOf":{"@id":"https:\/\/www.eldiario.net\/portal\/#website"},"datePublished":"2022-12-16T08:47:28+00:00","breadcrumb":{"@id":"https:\/\/www.eldiario.net\/portal\/2022\/12\/16\/preparan-telemaraton-bailaton-y-desfile-navideno\/#breadcrumb"},"inLanguage":"es","potentialAction":[{"@type":"ReadAction","target":["https:\/\/www.eldiario.net\/portal\/2022\/12\/16\/preparan-telemaraton-bailaton-y-desfile-navideno\/"]}]},{"@type":"BreadcrumbList","@id":"https:\/\/www.eldiario.net\/portal\/2022\/12\/16\/preparan-telemaraton-bailaton-y-desfile-navideno\/#breadcrumb","itemListElement":[{"@type":"ListItem","position":1,"name":"Portada","item":"https:\/\/www.eldiario.net\/portal\/"},{"@type":"ListItem","position":2,"name":"Preparan Telemarat\u00f3n, Bailat\u00f3n y desfile navide\u00f1o"}]},{"@type":"WebSite","@id":"https:\/\/www.eldiario.net\/portal\/#website","url":"https:\/\/www.eldiario.net\/portal\/","name":"El Diario - Decano de la prensa nacional","description":"El Diario - Decano de la prensa nacional","publisher":{"@id":"https:\/\/www.eldiario.net\/portal\/#organization"},"potentialAction":[{"@type":"SearchAction","target":{"@type":"EntryPoint","urlTemplate":"https:\/\/www.eldiario.net\/portal\/?s={search_term_string}"},"query-input":{"@type":"PropertyValueSpecification","valueRequired":true,"valueName":"search_term_string"}}],"inLanguage":"es"},{"@type":"Organization","@id":"https:\/\/www.eldiario.net\/portal\/#organization","name":"El Diario - Decano de la prensa nacional","url":"https:\/\/www.eldiario.net\/portal\/","logo":{"@type":"ImageObject","inLanguage":"es","@id":"https:\/\/www.eldiario.net\/portal\/#\/schema\/logo\/image\/","url":"https:\/\/www.eldiario.net\/portal\/wp-content\/uploads\/2023\/07\/logo_ED.jpg","contentUrl":"https:\/\/www.eldiario.net\/portal\/wp-content\/uploads\/2023\/07\/logo_ED.jpg","width":272,"height":52,"caption":"El Diario - Decano de la prensa nacional"},"image":{"@id":"https:\/\/www.eldiario.net\/portal\/#\/schema\/logo\/image\/"},"sameAs":["https:\/\/www.facebook.com\/eldiario.bolivia\/","https:\/\/x.com\/eldiario_net"]},{"@type":"Person","@id":"https:\/\/www.eldiario.net\/portal\/#\/schema\/person\/f46445640444750d7d753ccd04ae01b7","name":"Jeanette","image":{"@type":"ImageObject","inLanguage":"es","@id":"https:\/\/secure.gravatar.com\/avatar\/3ea2118a5f7dad2b7138b1187a6b7ee55f160b9968b66013c3a3ef39dd7e5798?s=96&d=mm&r=g","url":"https:\/\/secure.gravatar.com\/avatar\/3ea2118a5f7dad2b7138b1187a6b7ee55f160b9968b66013c3a3ef39dd7e5798?s=96&d=mm&r=g","contentUrl":"https:\/\/secure.gravatar.com\/avatar\/3ea2118a5f7dad2b7138b1187a6b7ee55f160b9968b66013c3a3ef39dd7e5798?s=96&d=mm&r=g","caption":"Jeanette"},"sameAs":["https:\/\/www.eldiario.net\/portal"],"url":"https:\/\/www.eldiario.net\/portal\/author\/jeanette\/"}]}},"_links":{"self":[{"href":"https:\/\/www.eldiario.net\/portal\/wp-json\/wp\/v2\/posts\/127955","targetHints":{"allow":["GET"]}}],"collection":[{"href":"https:\/\/www.eldiario.net\/portal\/wp-json\/wp\/v2\/posts"}],"about":[{"href":"https:\/\/www.eldiario.net\/portal\/wp-json\/wp\/v2\/types\/post"}],"author":[{"embeddable":true,"href":"https:\/\/www.eldiario.net\/portal\/wp-json\/wp\/v2\/users\/1"}],"replies":[{"embeddable":true,"href":"https:\/\/www.eldiario.net\/portal\/wp-json\/wp\/v2\/comments?post=127955"}],"version-history":[{"count":0,"href":"https:\/\/www.eldiario.net\/portal\/wp-json\/wp\/v2\/posts\/127955\/revisions"}],"wp:attachment":[{"href":"https:\/\/www.eldiario.net\/portal\/wp-json\/wp\/v2\/media?parent=127955"}],"wp:term":[{"taxonomy":"category","embeddable":true,"href":"https:\/\/www.eldiario.net\/portal\/wp-json\/wp\/v2\/categories?post=127955"},{"taxonomy":"post_tag","embeddable":true,"href":"https:\/\/www.eldiario.net\/portal\/wp-json\/wp\/v2\/tags?post=127955"}],"curies":[{"name":"wp","href":"https:\/\/api.w.org\/{rel}","templated":true}]}}