{"id":127951,"date":"2022-12-16T04:46:50","date_gmt":"2022-12-16T08:46:50","guid":{"rendered":"https:\/\/www.eldiario.net\/portal\/?p=127951"},"modified":"2022-12-16T04:46:50","modified_gmt":"2022-12-16T08:46:50","slug":"por-unanimidad-concejo-edil-abroga-ordenanza-municipal-046","status":"publish","type":"post","link":"https:\/\/www.eldiario.net\/portal\/2022\/12\/16\/por-unanimidad-concejo-edil-abroga-ordenanza-municipal-046\/","title":{"rendered":"Por unanimidad, Concejo edil abroga Ordenanza Municipal 046"},"content":{"rendered":"<p>El Concejo Municipal de La Paz, en Sesi\u00f3n Extraordinaria, abrog\u00f3 por unanimidad la Ordenanza Municipal 046\/2022 de \u201cAjuste Normativo de Actualizaci\u00f3n por Crecimiento y Densificaci\u00f3n para la Administraci\u00f3n Territorial\u201d, relacionada a construcciones de hasta 40 pisos en 10 zonas de la ciudad de La Paz.<br \/>\n\u201cQueda entonces aprobada la abrogaci\u00f3n de la Ordenanza 046 por unanimidad\u201d, se\u00f1alo la presidenta del Concejo, Yelka Maric, tras realizarse la votaci\u00f3n.<br \/>\nEn la sesi\u00f3n estuvieron presentes diez concejales y todos aprobaron dejar sin efecto la pol\u00e9mica norma.<br \/>\nLos asistentes fueron: Yelka Maric, Oscar Sogliano, Lourdes Chambilla, Luc\u00eda Mamani, Lucio Quispe, Jorge Dul\u00f3n, Javier Escalier, Joselinne Pinto, Roxana P\u00e9rez Del Castillo y Eliana Paco. EL concejal, Pierre Cha\u00edn, no estuvo presente porque ten\u00eda un permiso por motivos de salud.<br \/>\nSon tres los art\u00edculos que se aprobaron por unanimidad dentro del proyecto de abrogaci\u00f3n de la ordenanza municipal 046 con todas las observaciones y modificaciones realizadas.<br \/>\nPRIMERO: \u201cAbroga la ordenanza 046 que aprueba la modificaci\u00f3n de las ordenanzas previas\u201d<br \/>\nSEGUNDO: \u201cEl \u00f3rgano ejecutivo municipal, a trav\u00e9s de la Secretar\u00eda Municipal de Gesti\u00f3n Integral de Riesgos en coordinaci\u00f3n con las unidades organizacionales pertinentes, queda encargado de iniciar las gestiones administrativas y operativas inherentes a la actualizaci\u00f3n del mapa de riesgos de los distritos urbanos del municipio de La Paz cuyo documento t\u00e9cnico constituir\u00e1 parte integral de la planificaci\u00f3n estrat\u00e9gica y de ordenamiento territorial del municipio de La Paz, para dicho efecto podr\u00e1 coordinar con el Colegio de Arquitectos, la Sociedad de Ingenieros, la Universidad Mayor de San Andr\u00e9s, entes colegiados e instancias representativas que deben ser parte en el proceso de actualizaci\u00f3n del documento t\u00e9cnico citado en la presente disposici\u00f3n, proyecto que deber\u00e1 ser presentado al Concejo Municipal de La Paz en el t\u00e9rmino m\u00e1ximo de 3 meses computables a partir de la publicaci\u00f3n de la presente ordenanza municipal\u201d.<br \/>\nTERCERO: \u201cEl \u00f3rgano ejecutivo municipal de La Paz deber\u00e1 prever los recursos necesarios para efectivizar la realizaci\u00f3n de este proceso de sociabilizaci\u00f3n que ser\u00e1 llevado a cabo por el Concejo Municipal de La Paz y de acuerdo al requerimiento econ\u00f3mico de la instancia legislativa\u201d.<\/p>\n","protected":false},"excerpt":{"rendered":"<p>El Concejo Municipal de La Paz, en Sesi\u00f3n Extraordinaria, abrog\u00f3 por unanimidad la Ordenanza Municipal 046\/2022 de \u201cAjuste Normativo de Actualizaci\u00f3n por Crecimiento y Densificaci\u00f3n para la Administraci\u00f3n Territorial\u201d, relacionada a construcciones de hasta 40 pisos en 10 zonas de la ciudad de La Paz. \u201cQueda entonces aprobada la abrogaci\u00f3n de la Ordenanza 046 por [&hellip;]<\/p>\n","protected":false},"author":1,"featured_media":0,"comment_status":"closed","ping_status":"closed","sticky":false,"template":"","format":"standard","meta":{"_acf_changed":false,"footnotes":""},"categories":[12],"tags":[],"class_list":["post-127951","post","type-post","status-publish","format-standard","category-nacional"],"acf":{"antetitulo":""},"yoast_head":"<!-- This site is optimized with the Yoast SEO plugin v28.4 - https:\/\/yoast.com\/product\/yoast-seo-wordpress\/ -->\n<title>Por unanimidad, Concejo edil abroga Ordenanza Municipal 046 - El Diario - Bolivia<\/title>\n<meta name=\"robots\" content=\"index, follow, max-snippet:-1, max-image-preview:large, max-video-preview:-1\" \/>\n<link rel=\"canonical\" href=\"https:\/\/www.eldiario.net\/portal\/2022\/12\/16\/por-unanimidad-concejo-edil-abroga-ordenanza-municipal-046\/\" \/>\n<meta property=\"og:locale\" content=\"es_ES\" \/>\n<meta property=\"og:type\" content=\"article\" \/>\n<meta property=\"og:title\" content=\"Por unanimidad, Concejo edil abroga Ordenanza Municipal 046 - El Diario - Bolivia\" \/>\n<meta property=\"og:description\" content=\"El Concejo Municipal de La Paz, en Sesi\u00f3n Extraordinaria, abrog\u00f3 por unanimidad la Ordenanza Municipal 046\/2022 de \u201cAjuste Normativo de Actualizaci\u00f3n por Crecimiento y Densificaci\u00f3n para la Administraci\u00f3n Territorial\u201d, relacionada a construcciones de hasta 40 pisos en 10 zonas de la ciudad de La Paz. \u201cQueda entonces aprobada la abrogaci\u00f3n de la Ordenanza 046 por [&hellip;]\" \/>\n<meta property=\"og:url\" content=\"https:\/\/www.eldiario.net\/portal\/2022\/12\/16\/por-unanimidad-concejo-edil-abroga-ordenanza-municipal-046\/\" \/>\n<meta property=\"og:site_name\" content=\"El Diario - Bolivia\" \/>\n<meta property=\"article:publisher\" content=\"https:\/\/www.facebook.com\/eldiario.bolivia\/\" \/>\n<meta property=\"article:published_time\" content=\"2022-12-16T08:46:50+00:00\" \/>\n<meta name=\"author\" content=\"Jeanette\" \/>\n<meta name=\"twitter:card\" content=\"summary_large_image\" \/>\n<meta name=\"twitter:creator\" content=\"@eldiario_net\" \/>\n<meta name=\"twitter:site\" content=\"@eldiario_net\" \/>\n<meta name=\"twitter:label1\" content=\"Escrito por\" \/>\n\t<meta name=\"twitter:data1\" content=\"Jeanette\" \/>\n<script type=\"application\/ld+json\" class=\"yoast-schema-graph\">{\"@context\":\"https:\\\/\\\/schema.org\",\"@graph\":[{\"@type\":\"Article\",\"@id\":\"https:\\\/\\\/www.eldiario.net\\\/portal\\\/2022\\\/12\\\/16\\\/por-unanimidad-concejo-edil-abroga-ordenanza-municipal-046\\\/#article\",\"isPartOf\":{\"@id\":\"https:\\\/\\\/www.eldiario.net\\\/portal\\\/2022\\\/12\\\/16\\\/por-unanimidad-concejo-edil-abroga-ordenanza-municipal-046\\\/\"},\"author\":{\"name\":\"Jeanette\",\"@id\":\"https:\\\/\\\/www.eldiario.net\\\/portal\\\/#\\\/schema\\\/person\\\/f46445640444750d7d753ccd04ae01b7\"},\"headline\":\"Por unanimidad, Concejo edil abroga Ordenanza Municipal 046\",\"datePublished\":\"2022-12-16T08:46:50+00:00\",\"mainEntityOfPage\":{\"@id\":\"https:\\\/\\\/www.eldiario.net\\\/portal\\\/2022\\\/12\\\/16\\\/por-unanimidad-concejo-edil-abroga-ordenanza-municipal-046\\\/\"},\"wordCount\":381,\"publisher\":{\"@id\":\"https:\\\/\\\/www.eldiario.net\\\/portal\\\/#organization\"},\"articleSection\":[\"Nacional\"],\"inLanguage\":\"es\"},{\"@type\":\"WebPage\",\"@id\":\"https:\\\/\\\/www.eldiario.net\\\/portal\\\/2022\\\/12\\\/16\\\/por-unanimidad-concejo-edil-abroga-ordenanza-municipal-046\\\/\",\"url\":\"https:\\\/\\\/www.eldiario.net\\\/portal\\\/2022\\\/12\\\/16\\\/por-unanimidad-concejo-edil-abroga-ordenanza-municipal-046\\\/\",\"name\":\"Por unanimidad, Concejo edil abroga Ordenanza Municipal 046 - El Diario - Bolivia\",\"isPartOf\":{\"@id\":\"https:\\\/\\\/www.eldiario.net\\\/portal\\\/#website\"},\"datePublished\":\"2022-12-16T08:46:50+00:00\",\"breadcrumb\":{\"@id\":\"https:\\\/\\\/www.eldiario.net\\\/portal\\\/2022\\\/12\\\/16\\\/por-unanimidad-concejo-edil-abroga-ordenanza-municipal-046\\\/#breadcrumb\"},\"inLanguage\":\"es\",\"potentialAction\":[{\"@type\":\"ReadAction\",\"target\":[\"https:\\\/\\\/www.eldiario.net\\\/portal\\\/2022\\\/12\\\/16\\\/por-unanimidad-concejo-edil-abroga-ordenanza-municipal-046\\\/\"]}]},{\"@type\":\"BreadcrumbList\",\"@id\":\"https:\\\/\\\/www.eldiario.net\\\/portal\\\/2022\\\/12\\\/16\\\/por-unanimidad-concejo-edil-abroga-ordenanza-municipal-046\\\/#breadcrumb\",\"itemListElement\":[{\"@type\":\"ListItem\",\"position\":1,\"name\":\"Portada\",\"item\":\"https:\\\/\\\/www.eldiario.net\\\/portal\\\/\"},{\"@type\":\"ListItem\",\"position\":2,\"name\":\"Por unanimidad, Concejo edil abroga Ordenanza Municipal 046\"}]},{\"@type\":\"WebSite\",\"@id\":\"https:\\\/\\\/www.eldiario.net\\\/portal\\\/#website\",\"url\":\"https:\\\/\\\/www.eldiario.net\\\/portal\\\/\",\"name\":\"El Diario - Decano de la prensa nacional\",\"description\":\"El Diario - Decano de la prensa nacional\",\"publisher\":{\"@id\":\"https:\\\/\\\/www.eldiario.net\\\/portal\\\/#organization\"},\"potentialAction\":[{\"@type\":\"SearchAction\",\"target\":{\"@type\":\"EntryPoint\",\"urlTemplate\":\"https:\\\/\\\/www.eldiario.net\\\/portal\\\/?s={search_term_string}\"},\"query-input\":{\"@type\":\"PropertyValueSpecification\",\"valueRequired\":true,\"valueName\":\"search_term_string\"}}],\"inLanguage\":\"es\"},{\"@type\":\"Organization\",\"@id\":\"https:\\\/\\\/www.eldiario.net\\\/portal\\\/#organization\",\"name\":\"El Diario - Decano de la prensa nacional\",\"url\":\"https:\\\/\\\/www.eldiario.net\\\/portal\\\/\",\"logo\":{\"@type\":\"ImageObject\",\"inLanguage\":\"es\",\"@id\":\"https:\\\/\\\/www.eldiario.net\\\/portal\\\/#\\\/schema\\\/logo\\\/image\\\/\",\"url\":\"https:\\\/\\\/www.eldiario.net\\\/portal\\\/wp-content\\\/uploads\\\/2023\\\/07\\\/logo_ED.jpg\",\"contentUrl\":\"https:\\\/\\\/www.eldiario.net\\\/portal\\\/wp-content\\\/uploads\\\/2023\\\/07\\\/logo_ED.jpg\",\"width\":272,\"height\":52,\"caption\":\"El Diario - Decano de la prensa nacional\"},\"image\":{\"@id\":\"https:\\\/\\\/www.eldiario.net\\\/portal\\\/#\\\/schema\\\/logo\\\/image\\\/\"},\"sameAs\":[\"https:\\\/\\\/www.facebook.com\\\/eldiario.bolivia\\\/\",\"https:\\\/\\\/x.com\\\/eldiario_net\"]},{\"@type\":\"Person\",\"@id\":\"https:\\\/\\\/www.eldiario.net\\\/portal\\\/#\\\/schema\\\/person\\\/f46445640444750d7d753ccd04ae01b7\",\"name\":\"Jeanette\",\"image\":{\"@type\":\"ImageObject\",\"inLanguage\":\"es\",\"@id\":\"https:\\\/\\\/secure.gravatar.com\\\/avatar\\\/3ea2118a5f7dad2b7138b1187a6b7ee55f160b9968b66013c3a3ef39dd7e5798?s=96&d=mm&r=g\",\"url\":\"https:\\\/\\\/secure.gravatar.com\\\/avatar\\\/3ea2118a5f7dad2b7138b1187a6b7ee55f160b9968b66013c3a3ef39dd7e5798?s=96&d=mm&r=g\",\"contentUrl\":\"https:\\\/\\\/secure.gravatar.com\\\/avatar\\\/3ea2118a5f7dad2b7138b1187a6b7ee55f160b9968b66013c3a3ef39dd7e5798?s=96&d=mm&r=g\",\"caption\":\"Jeanette\"},\"sameAs\":[\"https:\\\/\\\/www.eldiario.net\\\/portal\"],\"url\":\"https:\\\/\\\/www.eldiario.net\\\/portal\\\/author\\\/jeanette\\\/\"}]}<\/script>\n<!-- \/ Yoast SEO plugin. -->","yoast_head_json":{"title":"Por unanimidad, Concejo edil abroga Ordenanza Municipal 046 - El Diario - Bolivia","robots":{"index":"index","follow":"follow","max-snippet":"max-snippet:-1","max-image-preview":"max-image-preview:large","max-video-preview":"max-video-preview:-1"},"canonical":"https:\/\/www.eldiario.net\/portal\/2022\/12\/16\/por-unanimidad-concejo-edil-abroga-ordenanza-municipal-046\/","og_locale":"es_ES","og_type":"article","og_title":"Por unanimidad, Concejo edil abroga Ordenanza Municipal 046 - El Diario - Bolivia","og_description":"El Concejo Municipal de La Paz, en Sesi\u00f3n Extraordinaria, abrog\u00f3 por unanimidad la Ordenanza Municipal 046\/2022 de \u201cAjuste Normativo de Actualizaci\u00f3n por Crecimiento y Densificaci\u00f3n para la Administraci\u00f3n Territorial\u201d, relacionada a construcciones de hasta 40 pisos en 10 zonas de la ciudad de La Paz. \u201cQueda entonces aprobada la abrogaci\u00f3n de la Ordenanza 046 por [&hellip;]","og_url":"https:\/\/www.eldiario.net\/portal\/2022\/12\/16\/por-unanimidad-concejo-edil-abroga-ordenanza-municipal-046\/","og_site_name":"El Diario - Bolivia","article_publisher":"https:\/\/www.facebook.com\/eldiario.bolivia\/","article_published_time":"2022-12-16T08:46:50+00:00","author":"Jeanette","twitter_card":"summary_large_image","twitter_creator":"@eldiario_net","twitter_site":"@eldiario_net","twitter_misc":{"Escrito por":"Jeanette"},"schema":{"@context":"https:\/\/schema.org","@graph":[{"@type":"Article","@id":"https:\/\/www.eldiario.net\/portal\/2022\/12\/16\/por-unanimidad-concejo-edil-abroga-ordenanza-municipal-046\/#article","isPartOf":{"@id":"https:\/\/www.eldiario.net\/portal\/2022\/12\/16\/por-unanimidad-concejo-edil-abroga-ordenanza-municipal-046\/"},"author":{"name":"Jeanette","@id":"https:\/\/www.eldiario.net\/portal\/#\/schema\/person\/f46445640444750d7d753ccd04ae01b7"},"headline":"Por unanimidad, Concejo edil abroga Ordenanza Municipal 046","datePublished":"2022-12-16T08:46:50+00:00","mainEntityOfPage":{"@id":"https:\/\/www.eldiario.net\/portal\/2022\/12\/16\/por-unanimidad-concejo-edil-abroga-ordenanza-municipal-046\/"},"wordCount":381,"publisher":{"@id":"https:\/\/www.eldiario.net\/portal\/#organization"},"articleSection":["Nacional"],"inLanguage":"es"},{"@type":"WebPage","@id":"https:\/\/www.eldiario.net\/portal\/2022\/12\/16\/por-unanimidad-concejo-edil-abroga-ordenanza-municipal-046\/","url":"https:\/\/www.eldiario.net\/portal\/2022\/12\/16\/por-unanimidad-concejo-edil-abroga-ordenanza-municipal-046\/","name":"Por unanimidad, Concejo edil abroga Ordenanza Municipal 046 - El Diario - Bolivia","isPartOf":{"@id":"https:\/\/www.eldiario.net\/portal\/#website"},"datePublished":"2022-12-16T08:46:50+00:00","breadcrumb":{"@id":"https:\/\/www.eldiario.net\/portal\/2022\/12\/16\/por-unanimidad-concejo-edil-abroga-ordenanza-municipal-046\/#breadcrumb"},"inLanguage":"es","potentialAction":[{"@type":"ReadAction","target":["https:\/\/www.eldiario.net\/portal\/2022\/12\/16\/por-unanimidad-concejo-edil-abroga-ordenanza-municipal-046\/"]}]},{"@type":"BreadcrumbList","@id":"https:\/\/www.eldiario.net\/portal\/2022\/12\/16\/por-unanimidad-concejo-edil-abroga-ordenanza-municipal-046\/#breadcrumb","itemListElement":[{"@type":"ListItem","position":1,"name":"Portada","item":"https:\/\/www.eldiario.net\/portal\/"},{"@type":"ListItem","position":2,"name":"Por unanimidad, Concejo edil abroga Ordenanza Municipal 046"}]},{"@type":"WebSite","@id":"https:\/\/www.eldiario.net\/portal\/#website","url":"https:\/\/www.eldiario.net\/portal\/","name":"El Diario - Decano de la prensa nacional","description":"El Diario - Decano de la prensa nacional","publisher":{"@id":"https:\/\/www.eldiario.net\/portal\/#organization"},"potentialAction":[{"@type":"SearchAction","target":{"@type":"EntryPoint","urlTemplate":"https:\/\/www.eldiario.net\/portal\/?s={search_term_string}"},"query-input":{"@type":"PropertyValueSpecification","valueRequired":true,"valueName":"search_term_string"}}],"inLanguage":"es"},{"@type":"Organization","@id":"https:\/\/www.eldiario.net\/portal\/#organization","name":"El Diario - Decano de la prensa nacional","url":"https:\/\/www.eldiario.net\/portal\/","logo":{"@type":"ImageObject","inLanguage":"es","@id":"https:\/\/www.eldiario.net\/portal\/#\/schema\/logo\/image\/","url":"https:\/\/www.eldiario.net\/portal\/wp-content\/uploads\/2023\/07\/logo_ED.jpg","contentUrl":"https:\/\/www.eldiario.net\/portal\/wp-content\/uploads\/2023\/07\/logo_ED.jpg","width":272,"height":52,"caption":"El Diario - Decano de la prensa nacional"},"image":{"@id":"https:\/\/www.eldiario.net\/portal\/#\/schema\/logo\/image\/"},"sameAs":["https:\/\/www.facebook.com\/eldiario.bolivia\/","https:\/\/x.com\/eldiario_net"]},{"@type":"Person","@id":"https:\/\/www.eldiario.net\/portal\/#\/schema\/person\/f46445640444750d7d753ccd04ae01b7","name":"Jeanette","image":{"@type":"ImageObject","inLanguage":"es","@id":"https:\/\/secure.gravatar.com\/avatar\/3ea2118a5f7dad2b7138b1187a6b7ee55f160b9968b66013c3a3ef39dd7e5798?s=96&d=mm&r=g","url":"https:\/\/secure.gravatar.com\/avatar\/3ea2118a5f7dad2b7138b1187a6b7ee55f160b9968b66013c3a3ef39dd7e5798?s=96&d=mm&r=g","contentUrl":"https:\/\/secure.gravatar.com\/avatar\/3ea2118a5f7dad2b7138b1187a6b7ee55f160b9968b66013c3a3ef39dd7e5798?s=96&d=mm&r=g","caption":"Jeanette"},"sameAs":["https:\/\/www.eldiario.net\/portal"],"url":"https:\/\/www.eldiario.net\/portal\/author\/jeanette\/"}]}},"_links":{"self":[{"href":"https:\/\/www.eldiario.net\/portal\/wp-json\/wp\/v2\/posts\/127951","targetHints":{"allow":["GET"]}}],"collection":[{"href":"https:\/\/www.eldiario.net\/portal\/wp-json\/wp\/v2\/posts"}],"about":[{"href":"https:\/\/www.eldiario.net\/portal\/wp-json\/wp\/v2\/types\/post"}],"author":[{"embeddable":true,"href":"https:\/\/www.eldiario.net\/portal\/wp-json\/wp\/v2\/users\/1"}],"replies":[{"embeddable":true,"href":"https:\/\/www.eldiario.net\/portal\/wp-json\/wp\/v2\/comments?post=127951"}],"version-history":[{"count":0,"href":"https:\/\/www.eldiario.net\/portal\/wp-json\/wp\/v2\/posts\/127951\/revisions"}],"wp:attachment":[{"href":"https:\/\/www.eldiario.net\/portal\/wp-json\/wp\/v2\/media?parent=127951"}],"wp:term":[{"taxonomy":"category","embeddable":true,"href":"https:\/\/www.eldiario.net\/portal\/wp-json\/wp\/v2\/categories?post=127951"},{"taxonomy":"post_tag","embeddable":true,"href":"https:\/\/www.eldiario.net\/portal\/wp-json\/wp\/v2\/tags?post=127951"}],"curies":[{"name":"wp","href":"https:\/\/api.w.org\/{rel}","templated":true}]}}