{"id":127949,"date":"2022-12-16T04:46:30","date_gmt":"2022-12-16T08:46:30","guid":{"rendered":"https:\/\/www.eldiario.net\/portal\/?p=127949"},"modified":"2022-12-16T04:46:30","modified_gmt":"2022-12-16T08:46:30","slug":"21-trabajadoras-del-hogar-reciben-diploma-de-bachiller","status":"publish","type":"post","link":"https:\/\/www.eldiario.net\/portal\/2022\/12\/16\/21-trabajadoras-del-hogar-reciben-diploma-de-bachiller\/","title":{"rendered":"21 trabajadoras  del hogar reciben diploma de bachiller"},"content":{"rendered":"<p>Tras culminar sus estudios, 21 trabajadoras asalariadas del hogar recibieron su diploma de bachiller. Con ellas, ya son 183 personas, que desempe\u00f1an esa labor, quienes obtuvieron su t\u00edtulo del Ministerio de Educaci\u00f3n en el marco de un programa educativo.<br \/>\nDatos del Ministerio de Educaci\u00f3n, dan cuenta que a trav\u00e9s del Programa de Trabajadoras Asalariadas del Hogar, entre 2016 y 2022, se benefici\u00f3 con diplomas de bachiller a 183 personas. Adem\u00e1s, 33.000 hombres y mujeres que se formaron en Centros de Educaci\u00f3n Alternativa (CEA)t tambi\u00e9n recibieron ese documento.<br \/>\nLas participantes pertenec\u00edan al Centro de Educaci\u00f3n Alternativa \u201cGualberto Villarroel 4\u201d, ubicado en la ciudad de La Paz.<br \/>\n\u201cMe siento muy orgullosa por lograr uno de mis objetivos de vida, mi bachillerato. Mi meta ahora, es seguir estudiando Derecho, Psicolog\u00eda o para ser profesora\u201d, se\u00f1al\u00f3 Valeria Mita Guarachi, luego de recibir su diploma de bachiller y ser beneficiada con el bono de 1.000 bolivianos, por ser alumna destacada.<br \/>\nJunto con ella, se graduaron otras 17 trabajadoras del hogar, adem\u00e1s de cuatro varones que se desempe\u00f1an como chefs, cocineros y jardineros, por lo que tambi\u00e9n fueron beneficiados con el Programa de Formaci\u00f3n para Trabajadoras Asalariadas del Hogar del Ministerio de Educaci\u00f3n.<br \/>\nPor otro lado, de las 33.000 personas mayores de 15 a\u00f1os que concluyeron su formaci\u00f3n Primaria y Secundaria en Centros de Educci\u00f3n Alternativa del pa\u00eds, 52% son varones y 48%, mujeres.<br \/>\n\u201cEs importante resaltar que (\u2026) pese a tener un trabajo y estar al cuidado de la familia, estudian en nuestros Centros de Educaci\u00f3n Alternativa hasta lograr el bachillerato\u201d, resalt\u00f3 el director general de Educaci\u00f3n de Adultos del Ministerio de Educaci\u00f3n, Fernando Yujra.<br \/>\nEn el marco del Proceso de Transformaci\u00f3n de la Educaci\u00f3n Alternativa y la implementaci\u00f3n de la Ley 070, el Ministerio de Educaci\u00f3n emiti\u00f3 la Resoluci\u00f3n Ministerial 308\/2014, del 30 de abril de 2014, que autoriza al Centro de Educaci\u00f3n Alternativa \u201cGualberto Villarroel N\u00b0 4\u201d la implementaci\u00f3n de procesos educativos, en la Educaci\u00f3n de Personas J\u00f3venes y Adultas, nivel secundario para las Trabajadoras Asalariadas de Hogar, en la modalidad Semipresencial como respuesta a la solicitud de la Federaci\u00f3n Nacional de Trabajadoras Asalariadas del Hogar de Bolivia (Fenatrahob), bajo caracter\u00edsticas propias de formaci\u00f3n.<\/p>\n","protected":false},"excerpt":{"rendered":"<p>Tras culminar sus estudios, 21 trabajadoras asalariadas del hogar recibieron su diploma de bachiller. Con ellas, ya son 183 personas, que desempe\u00f1an esa labor, quienes obtuvieron su t\u00edtulo del Ministerio de Educaci\u00f3n en el marco de un programa educativo. Datos del Ministerio de Educaci\u00f3n, dan cuenta que a trav\u00e9s del Programa de Trabajadoras Asalariadas del [&hellip;]<\/p>\n","protected":false},"author":1,"featured_media":0,"comment_status":"closed","ping_status":"closed","sticky":false,"template":"","format":"standard","meta":{"_acf_changed":false,"footnotes":""},"categories":[12],"tags":[],"class_list":["post-127949","post","type-post","status-publish","format-standard","category-nacional"],"acf":{"antetitulo":""},"yoast_head":"<!-- This site is optimized with the Yoast SEO plugin v28.4 - https:\/\/yoast.com\/product\/yoast-seo-wordpress\/ -->\n<title>21 trabajadoras del hogar reciben diploma de bachiller - El Diario - Bolivia<\/title>\n<meta name=\"robots\" content=\"index, follow, max-snippet:-1, max-image-preview:large, max-video-preview:-1\" \/>\n<link rel=\"canonical\" href=\"https:\/\/www.eldiario.net\/portal\/2022\/12\/16\/21-trabajadoras-del-hogar-reciben-diploma-de-bachiller\/\" \/>\n<meta property=\"og:locale\" content=\"es_ES\" \/>\n<meta property=\"og:type\" content=\"article\" \/>\n<meta property=\"og:title\" content=\"21 trabajadoras del hogar reciben diploma de bachiller - El Diario - Bolivia\" \/>\n<meta property=\"og:description\" content=\"Tras culminar sus estudios, 21 trabajadoras asalariadas del hogar recibieron su diploma de bachiller. Con ellas, ya son 183 personas, que desempe\u00f1an esa labor, quienes obtuvieron su t\u00edtulo del Ministerio de Educaci\u00f3n en el marco de un programa educativo. Datos del Ministerio de Educaci\u00f3n, dan cuenta que a trav\u00e9s del Programa de Trabajadoras Asalariadas del [&hellip;]\" \/>\n<meta property=\"og:url\" content=\"https:\/\/www.eldiario.net\/portal\/2022\/12\/16\/21-trabajadoras-del-hogar-reciben-diploma-de-bachiller\/\" \/>\n<meta property=\"og:site_name\" content=\"El Diario - Bolivia\" \/>\n<meta property=\"article:publisher\" content=\"https:\/\/www.facebook.com\/eldiario.bolivia\/\" \/>\n<meta property=\"article:published_time\" content=\"2022-12-16T08:46:30+00:00\" \/>\n<meta name=\"author\" content=\"Jeanette\" \/>\n<meta name=\"twitter:card\" content=\"summary_large_image\" \/>\n<meta name=\"twitter:creator\" content=\"@eldiario_net\" \/>\n<meta name=\"twitter:site\" content=\"@eldiario_net\" \/>\n<meta name=\"twitter:label1\" content=\"Escrito por\" \/>\n\t<meta name=\"twitter:data1\" content=\"Jeanette\" \/>\n<script type=\"application\/ld+json\" class=\"yoast-schema-graph\">{\"@context\":\"https:\\\/\\\/schema.org\",\"@graph\":[{\"@type\":\"Article\",\"@id\":\"https:\\\/\\\/www.eldiario.net\\\/portal\\\/2022\\\/12\\\/16\\\/21-trabajadoras-del-hogar-reciben-diploma-de-bachiller\\\/#article\",\"isPartOf\":{\"@id\":\"https:\\\/\\\/www.eldiario.net\\\/portal\\\/2022\\\/12\\\/16\\\/21-trabajadoras-del-hogar-reciben-diploma-de-bachiller\\\/\"},\"author\":{\"name\":\"Jeanette\",\"@id\":\"https:\\\/\\\/www.eldiario.net\\\/portal\\\/#\\\/schema\\\/person\\\/f46445640444750d7d753ccd04ae01b7\"},\"headline\":\"21 trabajadoras del hogar reciben diploma de bachiller\",\"datePublished\":\"2022-12-16T08:46:30+00:00\",\"mainEntityOfPage\":{\"@id\":\"https:\\\/\\\/www.eldiario.net\\\/portal\\\/2022\\\/12\\\/16\\\/21-trabajadoras-del-hogar-reciben-diploma-de-bachiller\\\/\"},\"wordCount\":386,\"publisher\":{\"@id\":\"https:\\\/\\\/www.eldiario.net\\\/portal\\\/#organization\"},\"articleSection\":[\"Nacional\"],\"inLanguage\":\"es\"},{\"@type\":\"WebPage\",\"@id\":\"https:\\\/\\\/www.eldiario.net\\\/portal\\\/2022\\\/12\\\/16\\\/21-trabajadoras-del-hogar-reciben-diploma-de-bachiller\\\/\",\"url\":\"https:\\\/\\\/www.eldiario.net\\\/portal\\\/2022\\\/12\\\/16\\\/21-trabajadoras-del-hogar-reciben-diploma-de-bachiller\\\/\",\"name\":\"21 trabajadoras del hogar reciben diploma de bachiller - El Diario - Bolivia\",\"isPartOf\":{\"@id\":\"https:\\\/\\\/www.eldiario.net\\\/portal\\\/#website\"},\"datePublished\":\"2022-12-16T08:46:30+00:00\",\"breadcrumb\":{\"@id\":\"https:\\\/\\\/www.eldiario.net\\\/portal\\\/2022\\\/12\\\/16\\\/21-trabajadoras-del-hogar-reciben-diploma-de-bachiller\\\/#breadcrumb\"},\"inLanguage\":\"es\",\"potentialAction\":[{\"@type\":\"ReadAction\",\"target\":[\"https:\\\/\\\/www.eldiario.net\\\/portal\\\/2022\\\/12\\\/16\\\/21-trabajadoras-del-hogar-reciben-diploma-de-bachiller\\\/\"]}]},{\"@type\":\"BreadcrumbList\",\"@id\":\"https:\\\/\\\/www.eldiario.net\\\/portal\\\/2022\\\/12\\\/16\\\/21-trabajadoras-del-hogar-reciben-diploma-de-bachiller\\\/#breadcrumb\",\"itemListElement\":[{\"@type\":\"ListItem\",\"position\":1,\"name\":\"Portada\",\"item\":\"https:\\\/\\\/www.eldiario.net\\\/portal\\\/\"},{\"@type\":\"ListItem\",\"position\":2,\"name\":\"21 trabajadoras del hogar reciben diploma de bachiller\"}]},{\"@type\":\"WebSite\",\"@id\":\"https:\\\/\\\/www.eldiario.net\\\/portal\\\/#website\",\"url\":\"https:\\\/\\\/www.eldiario.net\\\/portal\\\/\",\"name\":\"El Diario - Decano de la prensa nacional\",\"description\":\"El Diario - Decano de la prensa nacional\",\"publisher\":{\"@id\":\"https:\\\/\\\/www.eldiario.net\\\/portal\\\/#organization\"},\"potentialAction\":[{\"@type\":\"SearchAction\",\"target\":{\"@type\":\"EntryPoint\",\"urlTemplate\":\"https:\\\/\\\/www.eldiario.net\\\/portal\\\/?s={search_term_string}\"},\"query-input\":{\"@type\":\"PropertyValueSpecification\",\"valueRequired\":true,\"valueName\":\"search_term_string\"}}],\"inLanguage\":\"es\"},{\"@type\":\"Organization\",\"@id\":\"https:\\\/\\\/www.eldiario.net\\\/portal\\\/#organization\",\"name\":\"El Diario - Decano de la prensa nacional\",\"url\":\"https:\\\/\\\/www.eldiario.net\\\/portal\\\/\",\"logo\":{\"@type\":\"ImageObject\",\"inLanguage\":\"es\",\"@id\":\"https:\\\/\\\/www.eldiario.net\\\/portal\\\/#\\\/schema\\\/logo\\\/image\\\/\",\"url\":\"https:\\\/\\\/www.eldiario.net\\\/portal\\\/wp-content\\\/uploads\\\/2023\\\/07\\\/logo_ED.jpg\",\"contentUrl\":\"https:\\\/\\\/www.eldiario.net\\\/portal\\\/wp-content\\\/uploads\\\/2023\\\/07\\\/logo_ED.jpg\",\"width\":272,\"height\":52,\"caption\":\"El Diario - Decano de la prensa nacional\"},\"image\":{\"@id\":\"https:\\\/\\\/www.eldiario.net\\\/portal\\\/#\\\/schema\\\/logo\\\/image\\\/\"},\"sameAs\":[\"https:\\\/\\\/www.facebook.com\\\/eldiario.bolivia\\\/\",\"https:\\\/\\\/x.com\\\/eldiario_net\"]},{\"@type\":\"Person\",\"@id\":\"https:\\\/\\\/www.eldiario.net\\\/portal\\\/#\\\/schema\\\/person\\\/f46445640444750d7d753ccd04ae01b7\",\"name\":\"Jeanette\",\"image\":{\"@type\":\"ImageObject\",\"inLanguage\":\"es\",\"@id\":\"https:\\\/\\\/secure.gravatar.com\\\/avatar\\\/3ea2118a5f7dad2b7138b1187a6b7ee55f160b9968b66013c3a3ef39dd7e5798?s=96&d=mm&r=g\",\"url\":\"https:\\\/\\\/secure.gravatar.com\\\/avatar\\\/3ea2118a5f7dad2b7138b1187a6b7ee55f160b9968b66013c3a3ef39dd7e5798?s=96&d=mm&r=g\",\"contentUrl\":\"https:\\\/\\\/secure.gravatar.com\\\/avatar\\\/3ea2118a5f7dad2b7138b1187a6b7ee55f160b9968b66013c3a3ef39dd7e5798?s=96&d=mm&r=g\",\"caption\":\"Jeanette\"},\"sameAs\":[\"https:\\\/\\\/www.eldiario.net\\\/portal\"],\"url\":\"https:\\\/\\\/www.eldiario.net\\\/portal\\\/author\\\/jeanette\\\/\"}]}<\/script>\n<!-- \/ Yoast SEO plugin. -->","yoast_head_json":{"title":"21 trabajadoras del hogar reciben diploma de bachiller - El Diario - Bolivia","robots":{"index":"index","follow":"follow","max-snippet":"max-snippet:-1","max-image-preview":"max-image-preview:large","max-video-preview":"max-video-preview:-1"},"canonical":"https:\/\/www.eldiario.net\/portal\/2022\/12\/16\/21-trabajadoras-del-hogar-reciben-diploma-de-bachiller\/","og_locale":"es_ES","og_type":"article","og_title":"21 trabajadoras del hogar reciben diploma de bachiller - El Diario - Bolivia","og_description":"Tras culminar sus estudios, 21 trabajadoras asalariadas del hogar recibieron su diploma de bachiller. Con ellas, ya son 183 personas, que desempe\u00f1an esa labor, quienes obtuvieron su t\u00edtulo del Ministerio de Educaci\u00f3n en el marco de un programa educativo. Datos del Ministerio de Educaci\u00f3n, dan cuenta que a trav\u00e9s del Programa de Trabajadoras Asalariadas del [&hellip;]","og_url":"https:\/\/www.eldiario.net\/portal\/2022\/12\/16\/21-trabajadoras-del-hogar-reciben-diploma-de-bachiller\/","og_site_name":"El Diario - Bolivia","article_publisher":"https:\/\/www.facebook.com\/eldiario.bolivia\/","article_published_time":"2022-12-16T08:46:30+00:00","author":"Jeanette","twitter_card":"summary_large_image","twitter_creator":"@eldiario_net","twitter_site":"@eldiario_net","twitter_misc":{"Escrito por":"Jeanette"},"schema":{"@context":"https:\/\/schema.org","@graph":[{"@type":"Article","@id":"https:\/\/www.eldiario.net\/portal\/2022\/12\/16\/21-trabajadoras-del-hogar-reciben-diploma-de-bachiller\/#article","isPartOf":{"@id":"https:\/\/www.eldiario.net\/portal\/2022\/12\/16\/21-trabajadoras-del-hogar-reciben-diploma-de-bachiller\/"},"author":{"name":"Jeanette","@id":"https:\/\/www.eldiario.net\/portal\/#\/schema\/person\/f46445640444750d7d753ccd04ae01b7"},"headline":"21 trabajadoras del hogar reciben diploma de bachiller","datePublished":"2022-12-16T08:46:30+00:00","mainEntityOfPage":{"@id":"https:\/\/www.eldiario.net\/portal\/2022\/12\/16\/21-trabajadoras-del-hogar-reciben-diploma-de-bachiller\/"},"wordCount":386,"publisher":{"@id":"https:\/\/www.eldiario.net\/portal\/#organization"},"articleSection":["Nacional"],"inLanguage":"es"},{"@type":"WebPage","@id":"https:\/\/www.eldiario.net\/portal\/2022\/12\/16\/21-trabajadoras-del-hogar-reciben-diploma-de-bachiller\/","url":"https:\/\/www.eldiario.net\/portal\/2022\/12\/16\/21-trabajadoras-del-hogar-reciben-diploma-de-bachiller\/","name":"21 trabajadoras del hogar reciben diploma de bachiller - El Diario - Bolivia","isPartOf":{"@id":"https:\/\/www.eldiario.net\/portal\/#website"},"datePublished":"2022-12-16T08:46:30+00:00","breadcrumb":{"@id":"https:\/\/www.eldiario.net\/portal\/2022\/12\/16\/21-trabajadoras-del-hogar-reciben-diploma-de-bachiller\/#breadcrumb"},"inLanguage":"es","potentialAction":[{"@type":"ReadAction","target":["https:\/\/www.eldiario.net\/portal\/2022\/12\/16\/21-trabajadoras-del-hogar-reciben-diploma-de-bachiller\/"]}]},{"@type":"BreadcrumbList","@id":"https:\/\/www.eldiario.net\/portal\/2022\/12\/16\/21-trabajadoras-del-hogar-reciben-diploma-de-bachiller\/#breadcrumb","itemListElement":[{"@type":"ListItem","position":1,"name":"Portada","item":"https:\/\/www.eldiario.net\/portal\/"},{"@type":"ListItem","position":2,"name":"21 trabajadoras del hogar reciben diploma de bachiller"}]},{"@type":"WebSite","@id":"https:\/\/www.eldiario.net\/portal\/#website","url":"https:\/\/www.eldiario.net\/portal\/","name":"El Diario - Decano de la prensa nacional","description":"El Diario - Decano de la prensa nacional","publisher":{"@id":"https:\/\/www.eldiario.net\/portal\/#organization"},"potentialAction":[{"@type":"SearchAction","target":{"@type":"EntryPoint","urlTemplate":"https:\/\/www.eldiario.net\/portal\/?s={search_term_string}"},"query-input":{"@type":"PropertyValueSpecification","valueRequired":true,"valueName":"search_term_string"}}],"inLanguage":"es"},{"@type":"Organization","@id":"https:\/\/www.eldiario.net\/portal\/#organization","name":"El Diario - Decano de la prensa nacional","url":"https:\/\/www.eldiario.net\/portal\/","logo":{"@type":"ImageObject","inLanguage":"es","@id":"https:\/\/www.eldiario.net\/portal\/#\/schema\/logo\/image\/","url":"https:\/\/www.eldiario.net\/portal\/wp-content\/uploads\/2023\/07\/logo_ED.jpg","contentUrl":"https:\/\/www.eldiario.net\/portal\/wp-content\/uploads\/2023\/07\/logo_ED.jpg","width":272,"height":52,"caption":"El Diario - Decano de la prensa nacional"},"image":{"@id":"https:\/\/www.eldiario.net\/portal\/#\/schema\/logo\/image\/"},"sameAs":["https:\/\/www.facebook.com\/eldiario.bolivia\/","https:\/\/x.com\/eldiario_net"]},{"@type":"Person","@id":"https:\/\/www.eldiario.net\/portal\/#\/schema\/person\/f46445640444750d7d753ccd04ae01b7","name":"Jeanette","image":{"@type":"ImageObject","inLanguage":"es","@id":"https:\/\/secure.gravatar.com\/avatar\/3ea2118a5f7dad2b7138b1187a6b7ee55f160b9968b66013c3a3ef39dd7e5798?s=96&d=mm&r=g","url":"https:\/\/secure.gravatar.com\/avatar\/3ea2118a5f7dad2b7138b1187a6b7ee55f160b9968b66013c3a3ef39dd7e5798?s=96&d=mm&r=g","contentUrl":"https:\/\/secure.gravatar.com\/avatar\/3ea2118a5f7dad2b7138b1187a6b7ee55f160b9968b66013c3a3ef39dd7e5798?s=96&d=mm&r=g","caption":"Jeanette"},"sameAs":["https:\/\/www.eldiario.net\/portal"],"url":"https:\/\/www.eldiario.net\/portal\/author\/jeanette\/"}]}},"_links":{"self":[{"href":"https:\/\/www.eldiario.net\/portal\/wp-json\/wp\/v2\/posts\/127949","targetHints":{"allow":["GET"]}}],"collection":[{"href":"https:\/\/www.eldiario.net\/portal\/wp-json\/wp\/v2\/posts"}],"about":[{"href":"https:\/\/www.eldiario.net\/portal\/wp-json\/wp\/v2\/types\/post"}],"author":[{"embeddable":true,"href":"https:\/\/www.eldiario.net\/portal\/wp-json\/wp\/v2\/users\/1"}],"replies":[{"embeddable":true,"href":"https:\/\/www.eldiario.net\/portal\/wp-json\/wp\/v2\/comments?post=127949"}],"version-history":[{"count":0,"href":"https:\/\/www.eldiario.net\/portal\/wp-json\/wp\/v2\/posts\/127949\/revisions"}],"wp:attachment":[{"href":"https:\/\/www.eldiario.net\/portal\/wp-json\/wp\/v2\/media?parent=127949"}],"wp:term":[{"taxonomy":"category","embeddable":true,"href":"https:\/\/www.eldiario.net\/portal\/wp-json\/wp\/v2\/categories?post=127949"},{"taxonomy":"post_tag","embeddable":true,"href":"https:\/\/www.eldiario.net\/portal\/wp-json\/wp\/v2\/tags?post=127949"}],"curies":[{"name":"wp","href":"https:\/\/api.w.org\/{rel}","templated":true}]}}