{"id":127947,"date":"2022-12-16T04:46:11","date_gmt":"2022-12-16T08:46:11","guid":{"rendered":"https:\/\/www.eldiario.net\/portal\/?p=127947"},"modified":"2022-12-16T04:46:11","modified_gmt":"2022-12-16T08:46:11","slug":"comuna-recibe-30-toneladas-de-insumos-de-limpieza","status":"publish","type":"post","link":"https:\/\/www.eldiario.net\/portal\/2022\/12\/16\/comuna-recibe-30-toneladas-de-insumos-de-limpieza\/","title":{"rendered":"Comuna recibe 30 toneladas  de insumos de limpieza"},"content":{"rendered":"<p>La comuna alte\u00f1a recibi\u00f3 un lote de 30 toneladas de insumos de limpieza y bioseguridad, donado por el Fondo de las Naciones Unidas para la Infancia (Unicef por sus siglas en ingl\u00e9s) y la Uni\u00f3n Europea. Los art\u00edculos ser\u00e1n distribuidos a 58 centros de salud y 145 consultorios vecinales, para afrontar la sexta ola del covid-19.<br \/>\n\u201cEs una donaci\u00f3n que va a colaborar much\u00edsimo en esta sexta ola. Son materiales de limpieza y de desinfecci\u00f3n, que est\u00e1n dentro de lo que utilizamos para hacer el trabajo de bioseguridad en nuestra poblaci\u00f3n y colegas profesionales (\u2026). Son 30 toneladas que asciende a 427 mil bolivianos\u201d, destac\u00f3 el secretario Municipal de Salud, Sa\u00fal Calder\u00f3n.<br \/>\nLavandina, jab\u00f3n l\u00edquido, alcohol en gel y detergente, entre otros, son algunos de los productos que recibir\u00e1n los centros de salud y los consultorios vecinales que atienden en la urbe alte\u00f1a.<br \/>\nEste aporte, es el segundo por parte de los organismos internacionales y, junto con la primera, ya suman en total 65 toneladas para la comuna alte\u00f1a.<br \/>\n\u201cCreo que el trabajo que hacemos en los centros de salud de El Alto es muy importante, porque se trabaja en la refacci\u00f3n la infraestructura, en trabajar el tema de saneamiento b\u00e1sico, del acceso al agua potable\u201d, expres\u00f3 el agregado oficial de Programas de la Delegaci\u00f3n de la Uni\u00f3n Europea para Bolivia, Emmanuel Hondrat.<br \/>\nAcot\u00f3 que los organismos internacionales tambi\u00e9n mejoran la infraestructura de agua, saneamiento e higiene en los centros de salud; y garantizan la cadena de fr\u00edo para las vacunas de covid-19.<br \/>\nAdem\u00e1s, realizaron campa\u00f1as de buenas pr\u00e1cticas de higiene, como el lavado de manos con jab\u00f3n en unidades educativas y puntos estrat\u00e9gicos de la ciudad.<br \/>\n\u201cCon esto se mejora la situaci\u00f3n de bioseguridad de los centros de salud que responden a distintas cosas, pero Unicef lo hace pensando m\u00e1s en los servicios en las (mujeres) embarazadas y en los ni\u00f1os que van a los chequeos\u201d, se\u00f1al\u00f3 el jefe de Alianzas de Unicef, Marcelo Ber.<br \/>\nEste apoyo es parte del proyecto \u201cRespuesta humanitaria en salud, agua, higiene y saneamiento para apoyar a la poblaci\u00f3n ind\u00edgena altamente afectada por el Covid-19\u201d, financiado por la Uni\u00f3n Europea- ECHO.<\/p>\n<p>&nbsp;<\/p>\n","protected":false},"excerpt":{"rendered":"<p>La comuna alte\u00f1a recibi\u00f3 un lote de 30 toneladas de insumos de limpieza y bioseguridad, donado por el Fondo de las Naciones Unidas para la Infancia (Unicef por sus siglas en ingl\u00e9s) y la Uni\u00f3n Europea. Los art\u00edculos ser\u00e1n distribuidos a 58 centros de salud y 145 consultorios vecinales, para afrontar la sexta ola del [&hellip;]<\/p>\n","protected":false},"author":1,"featured_media":0,"comment_status":"closed","ping_status":"closed","sticky":false,"template":"","format":"standard","meta":{"_acf_changed":false,"footnotes":""},"categories":[12],"tags":[],"class_list":["post-127947","post","type-post","status-publish","format-standard","category-nacional"],"acf":{"antetitulo":""},"yoast_head":"<!-- This site is optimized with the Yoast SEO plugin v28.4 - https:\/\/yoast.com\/product\/yoast-seo-wordpress\/ -->\n<title>Comuna recibe 30 toneladas de insumos de limpieza - El Diario - Bolivia<\/title>\n<meta name=\"robots\" content=\"index, follow, max-snippet:-1, max-image-preview:large, max-video-preview:-1\" \/>\n<link rel=\"canonical\" href=\"https:\/\/www.eldiario.net\/portal\/2022\/12\/16\/comuna-recibe-30-toneladas-de-insumos-de-limpieza\/\" \/>\n<meta property=\"og:locale\" content=\"es_ES\" \/>\n<meta property=\"og:type\" content=\"article\" \/>\n<meta property=\"og:title\" content=\"Comuna recibe 30 toneladas de insumos de limpieza - El Diario - Bolivia\" \/>\n<meta property=\"og:description\" content=\"La comuna alte\u00f1a recibi\u00f3 un lote de 30 toneladas de insumos de limpieza y bioseguridad, donado por el Fondo de las Naciones Unidas para la Infancia (Unicef por sus siglas en ingl\u00e9s) y la Uni\u00f3n Europea. Los art\u00edculos ser\u00e1n distribuidos a 58 centros de salud y 145 consultorios vecinales, para afrontar la sexta ola del [&hellip;]\" \/>\n<meta property=\"og:url\" content=\"https:\/\/www.eldiario.net\/portal\/2022\/12\/16\/comuna-recibe-30-toneladas-de-insumos-de-limpieza\/\" \/>\n<meta property=\"og:site_name\" content=\"El Diario - Bolivia\" \/>\n<meta property=\"article:publisher\" content=\"https:\/\/www.facebook.com\/eldiario.bolivia\/\" \/>\n<meta property=\"article:published_time\" content=\"2022-12-16T08:46:11+00:00\" \/>\n<meta name=\"author\" content=\"Jeanette\" \/>\n<meta name=\"twitter:card\" content=\"summary_large_image\" \/>\n<meta name=\"twitter:creator\" content=\"@eldiario_net\" \/>\n<meta name=\"twitter:site\" content=\"@eldiario_net\" \/>\n<meta name=\"twitter:label1\" content=\"Escrito por\" \/>\n\t<meta name=\"twitter:data1\" content=\"Jeanette\" \/>\n<script type=\"application\/ld+json\" class=\"yoast-schema-graph\">{\"@context\":\"https:\\\/\\\/schema.org\",\"@graph\":[{\"@type\":\"Article\",\"@id\":\"https:\\\/\\\/www.eldiario.net\\\/portal\\\/2022\\\/12\\\/16\\\/comuna-recibe-30-toneladas-de-insumos-de-limpieza\\\/#article\",\"isPartOf\":{\"@id\":\"https:\\\/\\\/www.eldiario.net\\\/portal\\\/2022\\\/12\\\/16\\\/comuna-recibe-30-toneladas-de-insumos-de-limpieza\\\/\"},\"author\":{\"name\":\"Jeanette\",\"@id\":\"https:\\\/\\\/www.eldiario.net\\\/portal\\\/#\\\/schema\\\/person\\\/f46445640444750d7d753ccd04ae01b7\"},\"headline\":\"Comuna recibe 30 toneladas de insumos de limpieza\",\"datePublished\":\"2022-12-16T08:46:11+00:00\",\"mainEntityOfPage\":{\"@id\":\"https:\\\/\\\/www.eldiario.net\\\/portal\\\/2022\\\/12\\\/16\\\/comuna-recibe-30-toneladas-de-insumos-de-limpieza\\\/\"},\"wordCount\":393,\"publisher\":{\"@id\":\"https:\\\/\\\/www.eldiario.net\\\/portal\\\/#organization\"},\"articleSection\":[\"Nacional\"],\"inLanguage\":\"es\"},{\"@type\":\"WebPage\",\"@id\":\"https:\\\/\\\/www.eldiario.net\\\/portal\\\/2022\\\/12\\\/16\\\/comuna-recibe-30-toneladas-de-insumos-de-limpieza\\\/\",\"url\":\"https:\\\/\\\/www.eldiario.net\\\/portal\\\/2022\\\/12\\\/16\\\/comuna-recibe-30-toneladas-de-insumos-de-limpieza\\\/\",\"name\":\"Comuna recibe 30 toneladas de insumos de limpieza - El Diario - Bolivia\",\"isPartOf\":{\"@id\":\"https:\\\/\\\/www.eldiario.net\\\/portal\\\/#website\"},\"datePublished\":\"2022-12-16T08:46:11+00:00\",\"breadcrumb\":{\"@id\":\"https:\\\/\\\/www.eldiario.net\\\/portal\\\/2022\\\/12\\\/16\\\/comuna-recibe-30-toneladas-de-insumos-de-limpieza\\\/#breadcrumb\"},\"inLanguage\":\"es\",\"potentialAction\":[{\"@type\":\"ReadAction\",\"target\":[\"https:\\\/\\\/www.eldiario.net\\\/portal\\\/2022\\\/12\\\/16\\\/comuna-recibe-30-toneladas-de-insumos-de-limpieza\\\/\"]}]},{\"@type\":\"BreadcrumbList\",\"@id\":\"https:\\\/\\\/www.eldiario.net\\\/portal\\\/2022\\\/12\\\/16\\\/comuna-recibe-30-toneladas-de-insumos-de-limpieza\\\/#breadcrumb\",\"itemListElement\":[{\"@type\":\"ListItem\",\"position\":1,\"name\":\"Portada\",\"item\":\"https:\\\/\\\/www.eldiario.net\\\/portal\\\/\"},{\"@type\":\"ListItem\",\"position\":2,\"name\":\"Comuna recibe 30 toneladas de insumos de limpieza\"}]},{\"@type\":\"WebSite\",\"@id\":\"https:\\\/\\\/www.eldiario.net\\\/portal\\\/#website\",\"url\":\"https:\\\/\\\/www.eldiario.net\\\/portal\\\/\",\"name\":\"El Diario - Decano de la prensa nacional\",\"description\":\"El Diario - Decano de la prensa nacional\",\"publisher\":{\"@id\":\"https:\\\/\\\/www.eldiario.net\\\/portal\\\/#organization\"},\"potentialAction\":[{\"@type\":\"SearchAction\",\"target\":{\"@type\":\"EntryPoint\",\"urlTemplate\":\"https:\\\/\\\/www.eldiario.net\\\/portal\\\/?s={search_term_string}\"},\"query-input\":{\"@type\":\"PropertyValueSpecification\",\"valueRequired\":true,\"valueName\":\"search_term_string\"}}],\"inLanguage\":\"es\"},{\"@type\":\"Organization\",\"@id\":\"https:\\\/\\\/www.eldiario.net\\\/portal\\\/#organization\",\"name\":\"El Diario - Decano de la prensa nacional\",\"url\":\"https:\\\/\\\/www.eldiario.net\\\/portal\\\/\",\"logo\":{\"@type\":\"ImageObject\",\"inLanguage\":\"es\",\"@id\":\"https:\\\/\\\/www.eldiario.net\\\/portal\\\/#\\\/schema\\\/logo\\\/image\\\/\",\"url\":\"https:\\\/\\\/www.eldiario.net\\\/portal\\\/wp-content\\\/uploads\\\/2023\\\/07\\\/logo_ED.jpg\",\"contentUrl\":\"https:\\\/\\\/www.eldiario.net\\\/portal\\\/wp-content\\\/uploads\\\/2023\\\/07\\\/logo_ED.jpg\",\"width\":272,\"height\":52,\"caption\":\"El Diario - Decano de la prensa nacional\"},\"image\":{\"@id\":\"https:\\\/\\\/www.eldiario.net\\\/portal\\\/#\\\/schema\\\/logo\\\/image\\\/\"},\"sameAs\":[\"https:\\\/\\\/www.facebook.com\\\/eldiario.bolivia\\\/\",\"https:\\\/\\\/x.com\\\/eldiario_net\"]},{\"@type\":\"Person\",\"@id\":\"https:\\\/\\\/www.eldiario.net\\\/portal\\\/#\\\/schema\\\/person\\\/f46445640444750d7d753ccd04ae01b7\",\"name\":\"Jeanette\",\"image\":{\"@type\":\"ImageObject\",\"inLanguage\":\"es\",\"@id\":\"https:\\\/\\\/secure.gravatar.com\\\/avatar\\\/3ea2118a5f7dad2b7138b1187a6b7ee55f160b9968b66013c3a3ef39dd7e5798?s=96&d=mm&r=g\",\"url\":\"https:\\\/\\\/secure.gravatar.com\\\/avatar\\\/3ea2118a5f7dad2b7138b1187a6b7ee55f160b9968b66013c3a3ef39dd7e5798?s=96&d=mm&r=g\",\"contentUrl\":\"https:\\\/\\\/secure.gravatar.com\\\/avatar\\\/3ea2118a5f7dad2b7138b1187a6b7ee55f160b9968b66013c3a3ef39dd7e5798?s=96&d=mm&r=g\",\"caption\":\"Jeanette\"},\"sameAs\":[\"https:\\\/\\\/www.eldiario.net\\\/portal\"],\"url\":\"https:\\\/\\\/www.eldiario.net\\\/portal\\\/author\\\/jeanette\\\/\"}]}<\/script>\n<!-- \/ Yoast SEO plugin. -->","yoast_head_json":{"title":"Comuna recibe 30 toneladas de insumos de limpieza - El Diario - Bolivia","robots":{"index":"index","follow":"follow","max-snippet":"max-snippet:-1","max-image-preview":"max-image-preview:large","max-video-preview":"max-video-preview:-1"},"canonical":"https:\/\/www.eldiario.net\/portal\/2022\/12\/16\/comuna-recibe-30-toneladas-de-insumos-de-limpieza\/","og_locale":"es_ES","og_type":"article","og_title":"Comuna recibe 30 toneladas de insumos de limpieza - El Diario - Bolivia","og_description":"La comuna alte\u00f1a recibi\u00f3 un lote de 30 toneladas de insumos de limpieza y bioseguridad, donado por el Fondo de las Naciones Unidas para la Infancia (Unicef por sus siglas en ingl\u00e9s) y la Uni\u00f3n Europea. Los art\u00edculos ser\u00e1n distribuidos a 58 centros de salud y 145 consultorios vecinales, para afrontar la sexta ola del [&hellip;]","og_url":"https:\/\/www.eldiario.net\/portal\/2022\/12\/16\/comuna-recibe-30-toneladas-de-insumos-de-limpieza\/","og_site_name":"El Diario - Bolivia","article_publisher":"https:\/\/www.facebook.com\/eldiario.bolivia\/","article_published_time":"2022-12-16T08:46:11+00:00","author":"Jeanette","twitter_card":"summary_large_image","twitter_creator":"@eldiario_net","twitter_site":"@eldiario_net","twitter_misc":{"Escrito por":"Jeanette"},"schema":{"@context":"https:\/\/schema.org","@graph":[{"@type":"Article","@id":"https:\/\/www.eldiario.net\/portal\/2022\/12\/16\/comuna-recibe-30-toneladas-de-insumos-de-limpieza\/#article","isPartOf":{"@id":"https:\/\/www.eldiario.net\/portal\/2022\/12\/16\/comuna-recibe-30-toneladas-de-insumos-de-limpieza\/"},"author":{"name":"Jeanette","@id":"https:\/\/www.eldiario.net\/portal\/#\/schema\/person\/f46445640444750d7d753ccd04ae01b7"},"headline":"Comuna recibe 30 toneladas de insumos de limpieza","datePublished":"2022-12-16T08:46:11+00:00","mainEntityOfPage":{"@id":"https:\/\/www.eldiario.net\/portal\/2022\/12\/16\/comuna-recibe-30-toneladas-de-insumos-de-limpieza\/"},"wordCount":393,"publisher":{"@id":"https:\/\/www.eldiario.net\/portal\/#organization"},"articleSection":["Nacional"],"inLanguage":"es"},{"@type":"WebPage","@id":"https:\/\/www.eldiario.net\/portal\/2022\/12\/16\/comuna-recibe-30-toneladas-de-insumos-de-limpieza\/","url":"https:\/\/www.eldiario.net\/portal\/2022\/12\/16\/comuna-recibe-30-toneladas-de-insumos-de-limpieza\/","name":"Comuna recibe 30 toneladas de insumos de limpieza - El Diario - Bolivia","isPartOf":{"@id":"https:\/\/www.eldiario.net\/portal\/#website"},"datePublished":"2022-12-16T08:46:11+00:00","breadcrumb":{"@id":"https:\/\/www.eldiario.net\/portal\/2022\/12\/16\/comuna-recibe-30-toneladas-de-insumos-de-limpieza\/#breadcrumb"},"inLanguage":"es","potentialAction":[{"@type":"ReadAction","target":["https:\/\/www.eldiario.net\/portal\/2022\/12\/16\/comuna-recibe-30-toneladas-de-insumos-de-limpieza\/"]}]},{"@type":"BreadcrumbList","@id":"https:\/\/www.eldiario.net\/portal\/2022\/12\/16\/comuna-recibe-30-toneladas-de-insumos-de-limpieza\/#breadcrumb","itemListElement":[{"@type":"ListItem","position":1,"name":"Portada","item":"https:\/\/www.eldiario.net\/portal\/"},{"@type":"ListItem","position":2,"name":"Comuna recibe 30 toneladas de insumos de limpieza"}]},{"@type":"WebSite","@id":"https:\/\/www.eldiario.net\/portal\/#website","url":"https:\/\/www.eldiario.net\/portal\/","name":"El Diario - Decano de la prensa nacional","description":"El Diario - Decano de la prensa nacional","publisher":{"@id":"https:\/\/www.eldiario.net\/portal\/#organization"},"potentialAction":[{"@type":"SearchAction","target":{"@type":"EntryPoint","urlTemplate":"https:\/\/www.eldiario.net\/portal\/?s={search_term_string}"},"query-input":{"@type":"PropertyValueSpecification","valueRequired":true,"valueName":"search_term_string"}}],"inLanguage":"es"},{"@type":"Organization","@id":"https:\/\/www.eldiario.net\/portal\/#organization","name":"El Diario - Decano de la prensa nacional","url":"https:\/\/www.eldiario.net\/portal\/","logo":{"@type":"ImageObject","inLanguage":"es","@id":"https:\/\/www.eldiario.net\/portal\/#\/schema\/logo\/image\/","url":"https:\/\/www.eldiario.net\/portal\/wp-content\/uploads\/2023\/07\/logo_ED.jpg","contentUrl":"https:\/\/www.eldiario.net\/portal\/wp-content\/uploads\/2023\/07\/logo_ED.jpg","width":272,"height":52,"caption":"El Diario - Decano de la prensa nacional"},"image":{"@id":"https:\/\/www.eldiario.net\/portal\/#\/schema\/logo\/image\/"},"sameAs":["https:\/\/www.facebook.com\/eldiario.bolivia\/","https:\/\/x.com\/eldiario_net"]},{"@type":"Person","@id":"https:\/\/www.eldiario.net\/portal\/#\/schema\/person\/f46445640444750d7d753ccd04ae01b7","name":"Jeanette","image":{"@type":"ImageObject","inLanguage":"es","@id":"https:\/\/secure.gravatar.com\/avatar\/3ea2118a5f7dad2b7138b1187a6b7ee55f160b9968b66013c3a3ef39dd7e5798?s=96&d=mm&r=g","url":"https:\/\/secure.gravatar.com\/avatar\/3ea2118a5f7dad2b7138b1187a6b7ee55f160b9968b66013c3a3ef39dd7e5798?s=96&d=mm&r=g","contentUrl":"https:\/\/secure.gravatar.com\/avatar\/3ea2118a5f7dad2b7138b1187a6b7ee55f160b9968b66013c3a3ef39dd7e5798?s=96&d=mm&r=g","caption":"Jeanette"},"sameAs":["https:\/\/www.eldiario.net\/portal"],"url":"https:\/\/www.eldiario.net\/portal\/author\/jeanette\/"}]}},"_links":{"self":[{"href":"https:\/\/www.eldiario.net\/portal\/wp-json\/wp\/v2\/posts\/127947","targetHints":{"allow":["GET"]}}],"collection":[{"href":"https:\/\/www.eldiario.net\/portal\/wp-json\/wp\/v2\/posts"}],"about":[{"href":"https:\/\/www.eldiario.net\/portal\/wp-json\/wp\/v2\/types\/post"}],"author":[{"embeddable":true,"href":"https:\/\/www.eldiario.net\/portal\/wp-json\/wp\/v2\/users\/1"}],"replies":[{"embeddable":true,"href":"https:\/\/www.eldiario.net\/portal\/wp-json\/wp\/v2\/comments?post=127947"}],"version-history":[{"count":0,"href":"https:\/\/www.eldiario.net\/portal\/wp-json\/wp\/v2\/posts\/127947\/revisions"}],"wp:attachment":[{"href":"https:\/\/www.eldiario.net\/portal\/wp-json\/wp\/v2\/media?parent=127947"}],"wp:term":[{"taxonomy":"category","embeddable":true,"href":"https:\/\/www.eldiario.net\/portal\/wp-json\/wp\/v2\/categories?post=127947"},{"taxonomy":"post_tag","embeddable":true,"href":"https:\/\/www.eldiario.net\/portal\/wp-json\/wp\/v2\/tags?post=127947"}],"curies":[{"name":"wp","href":"https:\/\/api.w.org\/{rel}","templated":true}]}}