{"id":127944,"date":"2022-12-16T04:45:48","date_gmt":"2022-12-16T08:45:48","guid":{"rendered":"https:\/\/www.eldiario.net\/portal\/?p=127944"},"modified":"2022-12-16T04:45:48","modified_gmt":"2022-12-16T08:45:48","slug":"organizaciones-de-america-latina-exigen-periodismo-libre-de-violencia","status":"publish","type":"post","link":"https:\/\/www.eldiario.net\/portal\/2022\/12\/16\/organizaciones-de-america-latina-exigen-periodismo-libre-de-violencia\/","title":{"rendered":"Organizaciones de Am\u00e9rica Latina  exigen periodismo libre de violencia"},"content":{"rendered":"<p>A lo largo de estos \u00faltimos once meses de 2022, se registraron por lo menos 37 homicidios de periodistas perpetrados en v\u00ednculo con la labor. Adem\u00e1s, decenas de exilios, encarcelamientos, medios que fueron forzados a cerrar, y hasta este a\u00f1o cientos de periodistas siguen desaparecidos.<br \/>\nSiete organizaciones que defienden las libertades de prensa y expresi\u00f3n, entre ellas la Sociedad Interamericana de Prensa (SIP), condenaron y denunciaron la violencia contra el periodismo y llamaron a los Estados a combatirla.<br \/>\nSeg\u00fan las organizaciones existen cuatro tendencias preocupantes en el agravamiento de las condiciones para ejercer el periodismo en Latinoam\u00e9rica.<\/p>\n<p>REG\u00cdMENES CAUDILLISTAS<br \/>\nPara las organizaciones una de las tendencias para el agravamiento de la situaci\u00f3n es el resurgimiento de reg\u00edmenes pol\u00edticos caudillistas.<br \/>\n\u201cA lo largo de la regi\u00f3n, vemos l\u00edderes que aplican una estrategia de convertir al mensajero en el mensaje. Constantemente acu\u00f1an una ret\u00f3rica anti-prensa como herramienta central en sus discursos oficiales. Esta ret\u00f3rica debilita el debate p\u00fablico, inhibe el flujo y la pluralidad de ideas, al mismo tiempo que contribuye a un ambiente permisivo para el uso de la violencia contra periodistas\u201d, se lee en un bolet\u00edn de prensa de la SIP.<br \/>\nAseguran que es especialmente cr\u00edtica la situaci\u00f3n en El Salvador, Venezuela, Nicaragua, Cuba y Guatemala, donde varios periodistas enfrentan acusaciones ama\u00f1adas y sin garant\u00edas de debido proceso, en muchos casos por poderes judiciales utilizados como brazos pol\u00edticos del poder ejecutivo.<br \/>\nDESINFORMACI\u00d3N<br \/>\nEN L\u00cdNEA<br \/>\nLa desinformaci\u00f3n en l\u00ednea, es otra preocupaci\u00f3n de las organizaciones. \u201cNos preocupan las estrategias de desinformaci\u00f3n que buscan desprestigiar, deslegitimar y hacer perder la confianza en el periodismo, principalmente las que provienen de autoridades que usan las redes sociales e incluso aplicaciones de mensajer\u00eda instant\u00e1nea\u201d, se\u00f1alan.<br \/>\nManifiestan que ej\u00e9rcitos de troles son utilizados por gobiernos para realizar campa\u00f1as de persecuci\u00f3n y descr\u00e9ditos contra medios y periodistas. \u201cEstas estrategias impactan el derecho de las personas a recibir informaci\u00f3n y distorsiona la que le llega a la poblaci\u00f3n\u201d.<br \/>\nExpresan su preocupaci\u00f3n por que las autoridades diseminen informaci\u00f3n falsa o medias verdades que, por ejemplo, en contextos delicados pueden llevar a la ciudadan\u00eda a no creer en la legitimidad de determinados procesos democr\u00e1ticos, como es el caso de los procesos electorales, no pocas veces esto significa obligar al periodismo a desmentir a las autoridades.<br \/>\n\u201cLas operaciones para desinformar y estigmatizar minan la confianza en el periodismo\u201d, dicen.<\/p>\n<p>PROTECCI\u00d3N<br \/>\nPara las organizaciones que defienden la libertad de prensa, los mecanismos de protecci\u00f3n, tambi\u00e9n son un agravamiento para la situaci\u00f3n. \u201cA pesar de significar un avance para la garant\u00eda de los derechos de las y los periodistas, los mecanismos de protecci\u00f3n sufren de problemas en su funcionamiento. Estos no son suficientes para enfrentar los problemas que motivaron su creaci\u00f3n. Por ello es necesario fortalecerlos en los pa\u00edses en donde existen e implementarlos en aquellos pa\u00edses que a\u00fan no cuentan con estos programas\u201d.<br \/>\nAseguran que los Estados deben dotar de recursos materiales y profesionales para que puedan funcionar con eficiencia y estos deben ser acompa\u00f1ados de pol\u00edticas p\u00fablicas integrales que contemplen la prevenci\u00f3n y la coordinaci\u00f3n con otras instancias. Paralelamente, debe enfrentarse la impunidad y fortalecer las instituciones de procuraci\u00f3n de justicia para avanzar en investigaciones robustas e independientes que enfrenten efectivamente el fen\u00f3meno de los cr\u00edmenes contra la libertad de expresi\u00f3n.<\/p>\n<p>ESPIONAJE<br \/>\nLa vigilancia y espionaje son otra de las preocupaciones. \u201cLas fuerzas de seguridad de los Estados contin\u00faan desplegando pr\u00e1cticas de vigilancia de las comunicaciones en contra de los y las periodistas de manera ilegal. El uso de tecnolog\u00edas invasivas para violar su privacidad y para acceder a sus comunicaciones privadas y a la informaci\u00f3n que est\u00e1 almacenada en sus dispositivos personales y laborales pone en riesgo a las fuentes period\u00edsticas, amenaza al periodismo investigativo como contrapeso al poder y ubica a las y los periodistas en una condici\u00f3n de vulnerabilidad en donde pueden ser v\u00edctimas de otros abusos\u201d.<br \/>\nLas organizaciones de la sociedad civil que defienden la libertad de expresi\u00f3n y de prensa ya han se\u00f1alado diversas rutas para que los Estados de la regi\u00f3n afronten estos retos, desde estrategias para combatir el acoso judicial y la impunidad; el fortalecimiento en la independencia y profesionalidad de quienes integran las instancias de procuraci\u00f3n de justicia; la creaci\u00f3n de mecanismos de protecci\u00f3n donde no existen, y fortalecimiento de los ya existentes; as\u00ed como detener las pr\u00e1cticas de vigilancia contra periodistas y actuar para proteger la conversaci\u00f3n p\u00fablica online y offline que incluye el cese a los discursos estigmatizantes que aumentan las hostilidad para el ejercicio period\u00edstico.<br \/>\nRecuerdan que un ataque contra la prensa es un ataque contra la democracia, particularmente en un contexto donde ejercer la labor de informar se encuentra en constante asedio.<br \/>\n\u201cHacemos un llamado a los Estados, a fin de que adopten \u00e9stas y otras acciones para que las lamentables cifras de agresiones registradas contra el periodismo en Am\u00e9rica Latina no se repitan y no aumenten, a\u00f1o tras a\u00f1o, y por el contrario se garanticen las condiciones para un ejercicio libre y seguro del periodismo\u201d, advierten.<\/p>\n<p>PIE DE FOTO<\/p>\n<p>FOTO: ANP<\/p>\n","protected":false},"excerpt":{"rendered":"<p>A lo largo de estos \u00faltimos once meses de 2022, se registraron por lo menos 37 homicidios de periodistas perpetrados en v\u00ednculo con la labor. Adem\u00e1s, decenas de exilios, encarcelamientos, medios que fueron forzados a cerrar, y hasta este a\u00f1o cientos de periodistas siguen desaparecidos. Siete organizaciones que defienden las libertades de prensa y expresi\u00f3n, [&hellip;]<\/p>\n","protected":false},"author":1,"featured_media":127945,"comment_status":"closed","ping_status":"closed","sticky":false,"template":"","format":"standard","meta":{"_acf_changed":false,"footnotes":""},"categories":[39],"tags":[],"class_list":["post-127944","post","type-post","status-publish","format-standard","has-post-thumbnail","category-sociedad"],"acf":{"antetitulo":""},"yoast_head":"<!-- This site is optimized with the Yoast SEO plugin v28.4 - https:\/\/yoast.com\/product\/yoast-seo-wordpress\/ -->\n<title>Organizaciones de Am\u00e9rica Latina exigen periodismo libre de violencia - El Diario - Bolivia<\/title>\n<meta name=\"robots\" content=\"index, follow, max-snippet:-1, max-image-preview:large, max-video-preview:-1\" \/>\n<link rel=\"canonical\" href=\"https:\/\/www.eldiario.net\/portal\/2022\/12\/16\/organizaciones-de-america-latina-exigen-periodismo-libre-de-violencia\/\" \/>\n<meta property=\"og:locale\" content=\"es_ES\" \/>\n<meta property=\"og:type\" content=\"article\" \/>\n<meta property=\"og:title\" content=\"Organizaciones de Am\u00e9rica Latina exigen periodismo libre de violencia - El Diario - Bolivia\" \/>\n<meta property=\"og:description\" content=\"A lo largo de estos \u00faltimos once meses de 2022, se registraron por lo menos 37 homicidios de periodistas perpetrados en v\u00ednculo con la labor. Adem\u00e1s, decenas de exilios, encarcelamientos, medios que fueron forzados a cerrar, y hasta este a\u00f1o cientos de periodistas siguen desaparecidos. Siete organizaciones que defienden las libertades de prensa y expresi\u00f3n, [&hellip;]\" \/>\n<meta property=\"og:url\" content=\"https:\/\/www.eldiario.net\/portal\/2022\/12\/16\/organizaciones-de-america-latina-exigen-periodismo-libre-de-violencia\/\" \/>\n<meta property=\"og:site_name\" content=\"El Diario - Bolivia\" \/>\n<meta property=\"article:publisher\" content=\"https:\/\/www.facebook.com\/eldiario.bolivia\/\" \/>\n<meta property=\"article:published_time\" content=\"2022-12-16T08:45:48+00:00\" \/>\n<meta name=\"author\" content=\"Jeanette\" \/>\n<meta name=\"twitter:card\" content=\"summary_large_image\" \/>\n<meta name=\"twitter:creator\" content=\"@eldiario_net\" \/>\n<meta name=\"twitter:site\" content=\"@eldiario_net\" \/>\n<meta name=\"twitter:label1\" content=\"Escrito por\" \/>\n\t<meta name=\"twitter:data1\" content=\"Jeanette\" \/>\n\t<meta name=\"twitter:label2\" content=\"Tiempo de lectura\" \/>\n\t<meta name=\"twitter:data2\" content=\"4 minutos\" \/>\n<script type=\"application\/ld+json\" class=\"yoast-schema-graph\">{\"@context\":\"https:\\\/\\\/schema.org\",\"@graph\":[{\"@type\":\"Article\",\"@id\":\"https:\\\/\\\/www.eldiario.net\\\/portal\\\/2022\\\/12\\\/16\\\/organizaciones-de-america-latina-exigen-periodismo-libre-de-violencia\\\/#article\",\"isPartOf\":{\"@id\":\"https:\\\/\\\/www.eldiario.net\\\/portal\\\/2022\\\/12\\\/16\\\/organizaciones-de-america-latina-exigen-periodismo-libre-de-violencia\\\/\"},\"author\":{\"name\":\"Jeanette\",\"@id\":\"https:\\\/\\\/www.eldiario.net\\\/portal\\\/#\\\/schema\\\/person\\\/f46445640444750d7d753ccd04ae01b7\"},\"headline\":\"Organizaciones de Am\u00e9rica Latina exigen periodismo libre de violencia\",\"datePublished\":\"2022-12-16T08:45:48+00:00\",\"mainEntityOfPage\":{\"@id\":\"https:\\\/\\\/www.eldiario.net\\\/portal\\\/2022\\\/12\\\/16\\\/organizaciones-de-america-latina-exigen-periodismo-libre-de-violencia\\\/\"},\"wordCount\":921,\"publisher\":{\"@id\":\"https:\\\/\\\/www.eldiario.net\\\/portal\\\/#organization\"},\"image\":{\"@id\":\"https:\\\/\\\/www.eldiario.net\\\/portal\\\/2022\\\/12\\\/16\\\/organizaciones-de-america-latina-exigen-periodismo-libre-de-violencia\\\/#primaryimage\"},\"thumbnailUrl\":\"\",\"articleSection\":[\"Sociedad - Seguridad\"],\"inLanguage\":\"es\"},{\"@type\":\"WebPage\",\"@id\":\"https:\\\/\\\/www.eldiario.net\\\/portal\\\/2022\\\/12\\\/16\\\/organizaciones-de-america-latina-exigen-periodismo-libre-de-violencia\\\/\",\"url\":\"https:\\\/\\\/www.eldiario.net\\\/portal\\\/2022\\\/12\\\/16\\\/organizaciones-de-america-latina-exigen-periodismo-libre-de-violencia\\\/\",\"name\":\"Organizaciones de Am\u00e9rica Latina exigen periodismo libre de violencia - El Diario - Bolivia\",\"isPartOf\":{\"@id\":\"https:\\\/\\\/www.eldiario.net\\\/portal\\\/#website\"},\"primaryImageOfPage\":{\"@id\":\"https:\\\/\\\/www.eldiario.net\\\/portal\\\/2022\\\/12\\\/16\\\/organizaciones-de-america-latina-exigen-periodismo-libre-de-violencia\\\/#primaryimage\"},\"image\":{\"@id\":\"https:\\\/\\\/www.eldiario.net\\\/portal\\\/2022\\\/12\\\/16\\\/organizaciones-de-america-latina-exigen-periodismo-libre-de-violencia\\\/#primaryimage\"},\"thumbnailUrl\":\"\",\"datePublished\":\"2022-12-16T08:45:48+00:00\",\"breadcrumb\":{\"@id\":\"https:\\\/\\\/www.eldiario.net\\\/portal\\\/2022\\\/12\\\/16\\\/organizaciones-de-america-latina-exigen-periodismo-libre-de-violencia\\\/#breadcrumb\"},\"inLanguage\":\"es\",\"potentialAction\":[{\"@type\":\"ReadAction\",\"target\":[\"https:\\\/\\\/www.eldiario.net\\\/portal\\\/2022\\\/12\\\/16\\\/organizaciones-de-america-latina-exigen-periodismo-libre-de-violencia\\\/\"]}]},{\"@type\":\"ImageObject\",\"inLanguage\":\"es\",\"@id\":\"https:\\\/\\\/www.eldiario.net\\\/portal\\\/2022\\\/12\\\/16\\\/organizaciones-de-america-latina-exigen-periodismo-libre-de-violencia\\\/#primaryimage\",\"url\":\"\",\"contentUrl\":\"\"},{\"@type\":\"BreadcrumbList\",\"@id\":\"https:\\\/\\\/www.eldiario.net\\\/portal\\\/2022\\\/12\\\/16\\\/organizaciones-de-america-latina-exigen-periodismo-libre-de-violencia\\\/#breadcrumb\",\"itemListElement\":[{\"@type\":\"ListItem\",\"position\":1,\"name\":\"Portada\",\"item\":\"https:\\\/\\\/www.eldiario.net\\\/portal\\\/\"},{\"@type\":\"ListItem\",\"position\":2,\"name\":\"Organizaciones de Am\u00e9rica Latina exigen periodismo libre de violencia\"}]},{\"@type\":\"WebSite\",\"@id\":\"https:\\\/\\\/www.eldiario.net\\\/portal\\\/#website\",\"url\":\"https:\\\/\\\/www.eldiario.net\\\/portal\\\/\",\"name\":\"El Diario - Decano de la prensa nacional\",\"description\":\"El Diario - Decano de la prensa nacional\",\"publisher\":{\"@id\":\"https:\\\/\\\/www.eldiario.net\\\/portal\\\/#organization\"},\"potentialAction\":[{\"@type\":\"SearchAction\",\"target\":{\"@type\":\"EntryPoint\",\"urlTemplate\":\"https:\\\/\\\/www.eldiario.net\\\/portal\\\/?s={search_term_string}\"},\"query-input\":{\"@type\":\"PropertyValueSpecification\",\"valueRequired\":true,\"valueName\":\"search_term_string\"}}],\"inLanguage\":\"es\"},{\"@type\":\"Organization\",\"@id\":\"https:\\\/\\\/www.eldiario.net\\\/portal\\\/#organization\",\"name\":\"El Diario - Decano de la prensa nacional\",\"url\":\"https:\\\/\\\/www.eldiario.net\\\/portal\\\/\",\"logo\":{\"@type\":\"ImageObject\",\"inLanguage\":\"es\",\"@id\":\"https:\\\/\\\/www.eldiario.net\\\/portal\\\/#\\\/schema\\\/logo\\\/image\\\/\",\"url\":\"https:\\\/\\\/www.eldiario.net\\\/portal\\\/wp-content\\\/uploads\\\/2023\\\/07\\\/logo_ED.jpg\",\"contentUrl\":\"https:\\\/\\\/www.eldiario.net\\\/portal\\\/wp-content\\\/uploads\\\/2023\\\/07\\\/logo_ED.jpg\",\"width\":272,\"height\":52,\"caption\":\"El Diario - Decano de la prensa nacional\"},\"image\":{\"@id\":\"https:\\\/\\\/www.eldiario.net\\\/portal\\\/#\\\/schema\\\/logo\\\/image\\\/\"},\"sameAs\":[\"https:\\\/\\\/www.facebook.com\\\/eldiario.bolivia\\\/\",\"https:\\\/\\\/x.com\\\/eldiario_net\"]},{\"@type\":\"Person\",\"@id\":\"https:\\\/\\\/www.eldiario.net\\\/portal\\\/#\\\/schema\\\/person\\\/f46445640444750d7d753ccd04ae01b7\",\"name\":\"Jeanette\",\"image\":{\"@type\":\"ImageObject\",\"inLanguage\":\"es\",\"@id\":\"https:\\\/\\\/secure.gravatar.com\\\/avatar\\\/3ea2118a5f7dad2b7138b1187a6b7ee55f160b9968b66013c3a3ef39dd7e5798?s=96&d=mm&r=g\",\"url\":\"https:\\\/\\\/secure.gravatar.com\\\/avatar\\\/3ea2118a5f7dad2b7138b1187a6b7ee55f160b9968b66013c3a3ef39dd7e5798?s=96&d=mm&r=g\",\"contentUrl\":\"https:\\\/\\\/secure.gravatar.com\\\/avatar\\\/3ea2118a5f7dad2b7138b1187a6b7ee55f160b9968b66013c3a3ef39dd7e5798?s=96&d=mm&r=g\",\"caption\":\"Jeanette\"},\"sameAs\":[\"https:\\\/\\\/www.eldiario.net\\\/portal\"],\"url\":\"https:\\\/\\\/www.eldiario.net\\\/portal\\\/author\\\/jeanette\\\/\"}]}<\/script>\n<!-- \/ Yoast SEO plugin. -->","yoast_head_json":{"title":"Organizaciones de Am\u00e9rica Latina exigen periodismo libre de violencia - El Diario - Bolivia","robots":{"index":"index","follow":"follow","max-snippet":"max-snippet:-1","max-image-preview":"max-image-preview:large","max-video-preview":"max-video-preview:-1"},"canonical":"https:\/\/www.eldiario.net\/portal\/2022\/12\/16\/organizaciones-de-america-latina-exigen-periodismo-libre-de-violencia\/","og_locale":"es_ES","og_type":"article","og_title":"Organizaciones de Am\u00e9rica Latina exigen periodismo libre de violencia - El Diario - Bolivia","og_description":"A lo largo de estos \u00faltimos once meses de 2022, se registraron por lo menos 37 homicidios de periodistas perpetrados en v\u00ednculo con la labor. Adem\u00e1s, decenas de exilios, encarcelamientos, medios que fueron forzados a cerrar, y hasta este a\u00f1o cientos de periodistas siguen desaparecidos. Siete organizaciones que defienden las libertades de prensa y expresi\u00f3n, [&hellip;]","og_url":"https:\/\/www.eldiario.net\/portal\/2022\/12\/16\/organizaciones-de-america-latina-exigen-periodismo-libre-de-violencia\/","og_site_name":"El Diario - Bolivia","article_publisher":"https:\/\/www.facebook.com\/eldiario.bolivia\/","article_published_time":"2022-12-16T08:45:48+00:00","author":"Jeanette","twitter_card":"summary_large_image","twitter_creator":"@eldiario_net","twitter_site":"@eldiario_net","twitter_misc":{"Escrito por":"Jeanette","Tiempo de lectura":"4 minutos"},"schema":{"@context":"https:\/\/schema.org","@graph":[{"@type":"Article","@id":"https:\/\/www.eldiario.net\/portal\/2022\/12\/16\/organizaciones-de-america-latina-exigen-periodismo-libre-de-violencia\/#article","isPartOf":{"@id":"https:\/\/www.eldiario.net\/portal\/2022\/12\/16\/organizaciones-de-america-latina-exigen-periodismo-libre-de-violencia\/"},"author":{"name":"Jeanette","@id":"https:\/\/www.eldiario.net\/portal\/#\/schema\/person\/f46445640444750d7d753ccd04ae01b7"},"headline":"Organizaciones de Am\u00e9rica Latina exigen periodismo libre de violencia","datePublished":"2022-12-16T08:45:48+00:00","mainEntityOfPage":{"@id":"https:\/\/www.eldiario.net\/portal\/2022\/12\/16\/organizaciones-de-america-latina-exigen-periodismo-libre-de-violencia\/"},"wordCount":921,"publisher":{"@id":"https:\/\/www.eldiario.net\/portal\/#organization"},"image":{"@id":"https:\/\/www.eldiario.net\/portal\/2022\/12\/16\/organizaciones-de-america-latina-exigen-periodismo-libre-de-violencia\/#primaryimage"},"thumbnailUrl":"","articleSection":["Sociedad - Seguridad"],"inLanguage":"es"},{"@type":"WebPage","@id":"https:\/\/www.eldiario.net\/portal\/2022\/12\/16\/organizaciones-de-america-latina-exigen-periodismo-libre-de-violencia\/","url":"https:\/\/www.eldiario.net\/portal\/2022\/12\/16\/organizaciones-de-america-latina-exigen-periodismo-libre-de-violencia\/","name":"Organizaciones de Am\u00e9rica Latina exigen periodismo libre de violencia - El Diario - Bolivia","isPartOf":{"@id":"https:\/\/www.eldiario.net\/portal\/#website"},"primaryImageOfPage":{"@id":"https:\/\/www.eldiario.net\/portal\/2022\/12\/16\/organizaciones-de-america-latina-exigen-periodismo-libre-de-violencia\/#primaryimage"},"image":{"@id":"https:\/\/www.eldiario.net\/portal\/2022\/12\/16\/organizaciones-de-america-latina-exigen-periodismo-libre-de-violencia\/#primaryimage"},"thumbnailUrl":"","datePublished":"2022-12-16T08:45:48+00:00","breadcrumb":{"@id":"https:\/\/www.eldiario.net\/portal\/2022\/12\/16\/organizaciones-de-america-latina-exigen-periodismo-libre-de-violencia\/#breadcrumb"},"inLanguage":"es","potentialAction":[{"@type":"ReadAction","target":["https:\/\/www.eldiario.net\/portal\/2022\/12\/16\/organizaciones-de-america-latina-exigen-periodismo-libre-de-violencia\/"]}]},{"@type":"ImageObject","inLanguage":"es","@id":"https:\/\/www.eldiario.net\/portal\/2022\/12\/16\/organizaciones-de-america-latina-exigen-periodismo-libre-de-violencia\/#primaryimage","url":"","contentUrl":""},{"@type":"BreadcrumbList","@id":"https:\/\/www.eldiario.net\/portal\/2022\/12\/16\/organizaciones-de-america-latina-exigen-periodismo-libre-de-violencia\/#breadcrumb","itemListElement":[{"@type":"ListItem","position":1,"name":"Portada","item":"https:\/\/www.eldiario.net\/portal\/"},{"@type":"ListItem","position":2,"name":"Organizaciones de Am\u00e9rica Latina exigen periodismo libre de violencia"}]},{"@type":"WebSite","@id":"https:\/\/www.eldiario.net\/portal\/#website","url":"https:\/\/www.eldiario.net\/portal\/","name":"El Diario - Decano de la prensa nacional","description":"El Diario - Decano de la prensa nacional","publisher":{"@id":"https:\/\/www.eldiario.net\/portal\/#organization"},"potentialAction":[{"@type":"SearchAction","target":{"@type":"EntryPoint","urlTemplate":"https:\/\/www.eldiario.net\/portal\/?s={search_term_string}"},"query-input":{"@type":"PropertyValueSpecification","valueRequired":true,"valueName":"search_term_string"}}],"inLanguage":"es"},{"@type":"Organization","@id":"https:\/\/www.eldiario.net\/portal\/#organization","name":"El Diario - Decano de la prensa nacional","url":"https:\/\/www.eldiario.net\/portal\/","logo":{"@type":"ImageObject","inLanguage":"es","@id":"https:\/\/www.eldiario.net\/portal\/#\/schema\/logo\/image\/","url":"https:\/\/www.eldiario.net\/portal\/wp-content\/uploads\/2023\/07\/logo_ED.jpg","contentUrl":"https:\/\/www.eldiario.net\/portal\/wp-content\/uploads\/2023\/07\/logo_ED.jpg","width":272,"height":52,"caption":"El Diario - Decano de la prensa nacional"},"image":{"@id":"https:\/\/www.eldiario.net\/portal\/#\/schema\/logo\/image\/"},"sameAs":["https:\/\/www.facebook.com\/eldiario.bolivia\/","https:\/\/x.com\/eldiario_net"]},{"@type":"Person","@id":"https:\/\/www.eldiario.net\/portal\/#\/schema\/person\/f46445640444750d7d753ccd04ae01b7","name":"Jeanette","image":{"@type":"ImageObject","inLanguage":"es","@id":"https:\/\/secure.gravatar.com\/avatar\/3ea2118a5f7dad2b7138b1187a6b7ee55f160b9968b66013c3a3ef39dd7e5798?s=96&d=mm&r=g","url":"https:\/\/secure.gravatar.com\/avatar\/3ea2118a5f7dad2b7138b1187a6b7ee55f160b9968b66013c3a3ef39dd7e5798?s=96&d=mm&r=g","contentUrl":"https:\/\/secure.gravatar.com\/avatar\/3ea2118a5f7dad2b7138b1187a6b7ee55f160b9968b66013c3a3ef39dd7e5798?s=96&d=mm&r=g","caption":"Jeanette"},"sameAs":["https:\/\/www.eldiario.net\/portal"],"url":"https:\/\/www.eldiario.net\/portal\/author\/jeanette\/"}]}},"_links":{"self":[{"href":"https:\/\/www.eldiario.net\/portal\/wp-json\/wp\/v2\/posts\/127944","targetHints":{"allow":["GET"]}}],"collection":[{"href":"https:\/\/www.eldiario.net\/portal\/wp-json\/wp\/v2\/posts"}],"about":[{"href":"https:\/\/www.eldiario.net\/portal\/wp-json\/wp\/v2\/types\/post"}],"author":[{"embeddable":true,"href":"https:\/\/www.eldiario.net\/portal\/wp-json\/wp\/v2\/users\/1"}],"replies":[{"embeddable":true,"href":"https:\/\/www.eldiario.net\/portal\/wp-json\/wp\/v2\/comments?post=127944"}],"version-history":[{"count":0,"href":"https:\/\/www.eldiario.net\/portal\/wp-json\/wp\/v2\/posts\/127944\/revisions"}],"wp:attachment":[{"href":"https:\/\/www.eldiario.net\/portal\/wp-json\/wp\/v2\/media?parent=127944"}],"wp:term":[{"taxonomy":"category","embeddable":true,"href":"https:\/\/www.eldiario.net\/portal\/wp-json\/wp\/v2\/categories?post=127944"},{"taxonomy":"post_tag","embeddable":true,"href":"https:\/\/www.eldiario.net\/portal\/wp-json\/wp\/v2\/tags?post=127944"}],"curies":[{"name":"wp","href":"https:\/\/api.w.org\/{rel}","templated":true}]}}