{"id":127939,"date":"2022-12-16T04:43:31","date_gmt":"2022-12-16T08:43:31","guid":{"rendered":"https:\/\/www.eldiario.net\/portal\/?p=127939"},"modified":"2022-12-16T04:43:31","modified_gmt":"2022-12-16T08:43:31","slug":"encarcelan-a-13-imputados-por-delitos-ambientales","status":"publish","type":"post","link":"https:\/\/www.eldiario.net\/portal\/2022\/12\/16\/encarcelan-a-13-imputados-por-delitos-ambientales\/","title":{"rendered":"Encarcelan a 13 imputados  por delitos ambientales"},"content":{"rendered":"<p>La justicia dispuso ayer la detenci\u00f3n preventiva de las 13 personas imputadas por delitos ambientales, tras ser aprehendidas en un operativo policial contra los avasallamientos en Lomas de Arena de Santa Cruz de la Sierra.<br \/>\nTras la audiencia, el fiscal del caso, Richard Almanza, precis\u00f3 que las 13 personas que avasallaron un predio ubicado en la zona acu\u00edfera ser\u00e1n trasladadas al penal de Palmasola por un periodo de 120 d\u00edas.<br \/>\nDesde el 1 de diciembre de 2022, se registraron m\u00e1s de tres denuncias de avasallamientos en los departamentos de Santa Cruz y Pando, acciones en las que una persona falleci\u00f3 y otras quedaron heridas.<br \/>\nA dos semanas de los hechos, el ministro de Gobierno, Eduardo del Castillo, anunci\u00f3 el lunes 12 de diciembre que realizar\u00e1n operativos en los sectores avasallados.<br \/>\nLa \u201cinacci\u00f3n\u201d de la Polic\u00eda, la justicia y de autoridades gubernamentales fue cuestionada por las personas afectadas, que fueron v\u00edctimas de tratos crueles e inhumanos, adem\u00e1s de autoridades subnacionales, representantes c\u00edvicos y empresariales.<br \/>\nLa ma\u00f1ana del jueves 8 de diciembre, se registr\u00f3 un enfrentamiento entre vecinos que se organizaron para echar a los avasalladores del predio privado Centro Tur\u00edstico Kim, localizado a 12 kil\u00f3metros al sureste de la ciudad de la ciudad de Santa Cruz de la Sierra.<br \/>\nLos avasalladores incendiaron la maleza, en un terreno muy pr\u00f3ximo a una refiner\u00eda de carburantes, y luego atacaron a los vecinos superando el cord\u00f3n policial que se improvis\u00f3 en el lugar.<br \/>\nEn la oportunidad, las cr\u00edticas a la Polic\u00eda fue mucho mayor ya que no detuvo a ninguna persona, pese a existir flagrancia en las agresiones.<br \/>\nEn la oportunidad, Del Castillo explic\u00f3 que efectivos policiales no pueden actuar por delitos en flagrancia en este tipo de casos, debido a que hay denuncias de avasallamientos falsas, incluso presentadas por los propios avasalladores.<br \/>\nTal como lo anunci\u00f3 Del Castillo, a las 6.00 horas del martes, la Polic\u00eda inici\u00f3 el desalojo de avasalladores en Las Lomas de Arena, en Santa Cruz, donde aprehendi\u00f3 a 13 personas.<br \/>\nPrecis\u00f3 que en el operativo participaron 565 efectivos policiales y se utilizaron 39 camionetas, 30 motocicletas, 30 microbuses y un dron para registrar el operativo y evitar denuncias de vulneraci\u00f3n a los derechos humanos.<\/p>\n","protected":false},"excerpt":{"rendered":"<p>La justicia dispuso ayer la detenci\u00f3n preventiva de las 13 personas imputadas por delitos ambientales, tras ser aprehendidas en un operativo policial contra los avasallamientos en Lomas de Arena de Santa Cruz de la Sierra. Tras la audiencia, el fiscal del caso, Richard Almanza, precis\u00f3 que las 13 personas que avasallaron un predio ubicado en [&hellip;]<\/p>\n","protected":false},"author":1,"featured_media":0,"comment_status":"closed","ping_status":"closed","sticky":false,"template":"","format":"standard","meta":{"_acf_changed":false,"footnotes":""},"categories":[39],"tags":[],"class_list":["post-127939","post","type-post","status-publish","format-standard","category-sociedad"],"acf":{"antetitulo":""},"yoast_head":"<!-- This site is optimized with the Yoast SEO plugin v28.4 - https:\/\/yoast.com\/product\/yoast-seo-wordpress\/ -->\n<title>Encarcelan a 13 imputados por delitos ambientales - El Diario - Bolivia<\/title>\n<meta name=\"robots\" content=\"index, follow, max-snippet:-1, max-image-preview:large, max-video-preview:-1\" \/>\n<link rel=\"canonical\" href=\"https:\/\/www.eldiario.net\/portal\/2022\/12\/16\/encarcelan-a-13-imputados-por-delitos-ambientales\/\" \/>\n<meta property=\"og:locale\" content=\"es_ES\" \/>\n<meta property=\"og:type\" content=\"article\" \/>\n<meta property=\"og:title\" content=\"Encarcelan a 13 imputados por delitos ambientales - El Diario - Bolivia\" \/>\n<meta property=\"og:description\" content=\"La justicia dispuso ayer la detenci\u00f3n preventiva de las 13 personas imputadas por delitos ambientales, tras ser aprehendidas en un operativo policial contra los avasallamientos en Lomas de Arena de Santa Cruz de la Sierra. Tras la audiencia, el fiscal del caso, Richard Almanza, precis\u00f3 que las 13 personas que avasallaron un predio ubicado en [&hellip;]\" \/>\n<meta property=\"og:url\" content=\"https:\/\/www.eldiario.net\/portal\/2022\/12\/16\/encarcelan-a-13-imputados-por-delitos-ambientales\/\" \/>\n<meta property=\"og:site_name\" content=\"El Diario - Bolivia\" \/>\n<meta property=\"article:publisher\" content=\"https:\/\/www.facebook.com\/eldiario.bolivia\/\" \/>\n<meta property=\"article:published_time\" content=\"2022-12-16T08:43:31+00:00\" \/>\n<meta name=\"author\" content=\"Jeanette\" \/>\n<meta name=\"twitter:card\" content=\"summary_large_image\" \/>\n<meta name=\"twitter:creator\" content=\"@eldiario_net\" \/>\n<meta name=\"twitter:site\" content=\"@eldiario_net\" \/>\n<meta name=\"twitter:label1\" content=\"Escrito por\" \/>\n\t<meta name=\"twitter:data1\" content=\"Jeanette\" \/>\n\t<meta name=\"twitter:label2\" content=\"Tiempo de lectura\" \/>\n\t<meta name=\"twitter:data2\" content=\"2 minutos\" \/>\n<script type=\"application\/ld+json\" class=\"yoast-schema-graph\">{\"@context\":\"https:\\\/\\\/schema.org\",\"@graph\":[{\"@type\":\"Article\",\"@id\":\"https:\\\/\\\/www.eldiario.net\\\/portal\\\/2022\\\/12\\\/16\\\/encarcelan-a-13-imputados-por-delitos-ambientales\\\/#article\",\"isPartOf\":{\"@id\":\"https:\\\/\\\/www.eldiario.net\\\/portal\\\/2022\\\/12\\\/16\\\/encarcelan-a-13-imputados-por-delitos-ambientales\\\/\"},\"author\":{\"name\":\"Jeanette\",\"@id\":\"https:\\\/\\\/www.eldiario.net\\\/portal\\\/#\\\/schema\\\/person\\\/f46445640444750d7d753ccd04ae01b7\"},\"headline\":\"Encarcelan a 13 imputados por delitos ambientales\",\"datePublished\":\"2022-12-16T08:43:31+00:00\",\"mainEntityOfPage\":{\"@id\":\"https:\\\/\\\/www.eldiario.net\\\/portal\\\/2022\\\/12\\\/16\\\/encarcelan-a-13-imputados-por-delitos-ambientales\\\/\"},\"wordCount\":378,\"publisher\":{\"@id\":\"https:\\\/\\\/www.eldiario.net\\\/portal\\\/#organization\"},\"articleSection\":[\"Sociedad - Seguridad\"],\"inLanguage\":\"es\"},{\"@type\":\"WebPage\",\"@id\":\"https:\\\/\\\/www.eldiario.net\\\/portal\\\/2022\\\/12\\\/16\\\/encarcelan-a-13-imputados-por-delitos-ambientales\\\/\",\"url\":\"https:\\\/\\\/www.eldiario.net\\\/portal\\\/2022\\\/12\\\/16\\\/encarcelan-a-13-imputados-por-delitos-ambientales\\\/\",\"name\":\"Encarcelan a 13 imputados por delitos ambientales - El Diario - Bolivia\",\"isPartOf\":{\"@id\":\"https:\\\/\\\/www.eldiario.net\\\/portal\\\/#website\"},\"datePublished\":\"2022-12-16T08:43:31+00:00\",\"breadcrumb\":{\"@id\":\"https:\\\/\\\/www.eldiario.net\\\/portal\\\/2022\\\/12\\\/16\\\/encarcelan-a-13-imputados-por-delitos-ambientales\\\/#breadcrumb\"},\"inLanguage\":\"es\",\"potentialAction\":[{\"@type\":\"ReadAction\",\"target\":[\"https:\\\/\\\/www.eldiario.net\\\/portal\\\/2022\\\/12\\\/16\\\/encarcelan-a-13-imputados-por-delitos-ambientales\\\/\"]}]},{\"@type\":\"BreadcrumbList\",\"@id\":\"https:\\\/\\\/www.eldiario.net\\\/portal\\\/2022\\\/12\\\/16\\\/encarcelan-a-13-imputados-por-delitos-ambientales\\\/#breadcrumb\",\"itemListElement\":[{\"@type\":\"ListItem\",\"position\":1,\"name\":\"Portada\",\"item\":\"https:\\\/\\\/www.eldiario.net\\\/portal\\\/\"},{\"@type\":\"ListItem\",\"position\":2,\"name\":\"Encarcelan a 13 imputados por delitos ambientales\"}]},{\"@type\":\"WebSite\",\"@id\":\"https:\\\/\\\/www.eldiario.net\\\/portal\\\/#website\",\"url\":\"https:\\\/\\\/www.eldiario.net\\\/portal\\\/\",\"name\":\"El Diario - Decano de la prensa nacional\",\"description\":\"El Diario - Decano de la prensa nacional\",\"publisher\":{\"@id\":\"https:\\\/\\\/www.eldiario.net\\\/portal\\\/#organization\"},\"potentialAction\":[{\"@type\":\"SearchAction\",\"target\":{\"@type\":\"EntryPoint\",\"urlTemplate\":\"https:\\\/\\\/www.eldiario.net\\\/portal\\\/?s={search_term_string}\"},\"query-input\":{\"@type\":\"PropertyValueSpecification\",\"valueRequired\":true,\"valueName\":\"search_term_string\"}}],\"inLanguage\":\"es\"},{\"@type\":\"Organization\",\"@id\":\"https:\\\/\\\/www.eldiario.net\\\/portal\\\/#organization\",\"name\":\"El Diario - Decano de la prensa nacional\",\"url\":\"https:\\\/\\\/www.eldiario.net\\\/portal\\\/\",\"logo\":{\"@type\":\"ImageObject\",\"inLanguage\":\"es\",\"@id\":\"https:\\\/\\\/www.eldiario.net\\\/portal\\\/#\\\/schema\\\/logo\\\/image\\\/\",\"url\":\"https:\\\/\\\/www.eldiario.net\\\/portal\\\/wp-content\\\/uploads\\\/2023\\\/07\\\/logo_ED.jpg\",\"contentUrl\":\"https:\\\/\\\/www.eldiario.net\\\/portal\\\/wp-content\\\/uploads\\\/2023\\\/07\\\/logo_ED.jpg\",\"width\":272,\"height\":52,\"caption\":\"El Diario - Decano de la prensa nacional\"},\"image\":{\"@id\":\"https:\\\/\\\/www.eldiario.net\\\/portal\\\/#\\\/schema\\\/logo\\\/image\\\/\"},\"sameAs\":[\"https:\\\/\\\/www.facebook.com\\\/eldiario.bolivia\\\/\",\"https:\\\/\\\/x.com\\\/eldiario_net\"]},{\"@type\":\"Person\",\"@id\":\"https:\\\/\\\/www.eldiario.net\\\/portal\\\/#\\\/schema\\\/person\\\/f46445640444750d7d753ccd04ae01b7\",\"name\":\"Jeanette\",\"image\":{\"@type\":\"ImageObject\",\"inLanguage\":\"es\",\"@id\":\"https:\\\/\\\/secure.gravatar.com\\\/avatar\\\/3ea2118a5f7dad2b7138b1187a6b7ee55f160b9968b66013c3a3ef39dd7e5798?s=96&d=mm&r=g\",\"url\":\"https:\\\/\\\/secure.gravatar.com\\\/avatar\\\/3ea2118a5f7dad2b7138b1187a6b7ee55f160b9968b66013c3a3ef39dd7e5798?s=96&d=mm&r=g\",\"contentUrl\":\"https:\\\/\\\/secure.gravatar.com\\\/avatar\\\/3ea2118a5f7dad2b7138b1187a6b7ee55f160b9968b66013c3a3ef39dd7e5798?s=96&d=mm&r=g\",\"caption\":\"Jeanette\"},\"sameAs\":[\"https:\\\/\\\/www.eldiario.net\\\/portal\"],\"url\":\"https:\\\/\\\/www.eldiario.net\\\/portal\\\/author\\\/jeanette\\\/\"}]}<\/script>\n<!-- \/ Yoast SEO plugin. -->","yoast_head_json":{"title":"Encarcelan a 13 imputados por delitos ambientales - El Diario - Bolivia","robots":{"index":"index","follow":"follow","max-snippet":"max-snippet:-1","max-image-preview":"max-image-preview:large","max-video-preview":"max-video-preview:-1"},"canonical":"https:\/\/www.eldiario.net\/portal\/2022\/12\/16\/encarcelan-a-13-imputados-por-delitos-ambientales\/","og_locale":"es_ES","og_type":"article","og_title":"Encarcelan a 13 imputados por delitos ambientales - El Diario - Bolivia","og_description":"La justicia dispuso ayer la detenci\u00f3n preventiva de las 13 personas imputadas por delitos ambientales, tras ser aprehendidas en un operativo policial contra los avasallamientos en Lomas de Arena de Santa Cruz de la Sierra. Tras la audiencia, el fiscal del caso, Richard Almanza, precis\u00f3 que las 13 personas que avasallaron un predio ubicado en [&hellip;]","og_url":"https:\/\/www.eldiario.net\/portal\/2022\/12\/16\/encarcelan-a-13-imputados-por-delitos-ambientales\/","og_site_name":"El Diario - Bolivia","article_publisher":"https:\/\/www.facebook.com\/eldiario.bolivia\/","article_published_time":"2022-12-16T08:43:31+00:00","author":"Jeanette","twitter_card":"summary_large_image","twitter_creator":"@eldiario_net","twitter_site":"@eldiario_net","twitter_misc":{"Escrito por":"Jeanette","Tiempo de lectura":"2 minutos"},"schema":{"@context":"https:\/\/schema.org","@graph":[{"@type":"Article","@id":"https:\/\/www.eldiario.net\/portal\/2022\/12\/16\/encarcelan-a-13-imputados-por-delitos-ambientales\/#article","isPartOf":{"@id":"https:\/\/www.eldiario.net\/portal\/2022\/12\/16\/encarcelan-a-13-imputados-por-delitos-ambientales\/"},"author":{"name":"Jeanette","@id":"https:\/\/www.eldiario.net\/portal\/#\/schema\/person\/f46445640444750d7d753ccd04ae01b7"},"headline":"Encarcelan a 13 imputados por delitos ambientales","datePublished":"2022-12-16T08:43:31+00:00","mainEntityOfPage":{"@id":"https:\/\/www.eldiario.net\/portal\/2022\/12\/16\/encarcelan-a-13-imputados-por-delitos-ambientales\/"},"wordCount":378,"publisher":{"@id":"https:\/\/www.eldiario.net\/portal\/#organization"},"articleSection":["Sociedad - Seguridad"],"inLanguage":"es"},{"@type":"WebPage","@id":"https:\/\/www.eldiario.net\/portal\/2022\/12\/16\/encarcelan-a-13-imputados-por-delitos-ambientales\/","url":"https:\/\/www.eldiario.net\/portal\/2022\/12\/16\/encarcelan-a-13-imputados-por-delitos-ambientales\/","name":"Encarcelan a 13 imputados por delitos ambientales - El Diario - Bolivia","isPartOf":{"@id":"https:\/\/www.eldiario.net\/portal\/#website"},"datePublished":"2022-12-16T08:43:31+00:00","breadcrumb":{"@id":"https:\/\/www.eldiario.net\/portal\/2022\/12\/16\/encarcelan-a-13-imputados-por-delitos-ambientales\/#breadcrumb"},"inLanguage":"es","potentialAction":[{"@type":"ReadAction","target":["https:\/\/www.eldiario.net\/portal\/2022\/12\/16\/encarcelan-a-13-imputados-por-delitos-ambientales\/"]}]},{"@type":"BreadcrumbList","@id":"https:\/\/www.eldiario.net\/portal\/2022\/12\/16\/encarcelan-a-13-imputados-por-delitos-ambientales\/#breadcrumb","itemListElement":[{"@type":"ListItem","position":1,"name":"Portada","item":"https:\/\/www.eldiario.net\/portal\/"},{"@type":"ListItem","position":2,"name":"Encarcelan a 13 imputados por delitos ambientales"}]},{"@type":"WebSite","@id":"https:\/\/www.eldiario.net\/portal\/#website","url":"https:\/\/www.eldiario.net\/portal\/","name":"El Diario - Decano de la prensa nacional","description":"El Diario - Decano de la prensa nacional","publisher":{"@id":"https:\/\/www.eldiario.net\/portal\/#organization"},"potentialAction":[{"@type":"SearchAction","target":{"@type":"EntryPoint","urlTemplate":"https:\/\/www.eldiario.net\/portal\/?s={search_term_string}"},"query-input":{"@type":"PropertyValueSpecification","valueRequired":true,"valueName":"search_term_string"}}],"inLanguage":"es"},{"@type":"Organization","@id":"https:\/\/www.eldiario.net\/portal\/#organization","name":"El Diario - Decano de la prensa nacional","url":"https:\/\/www.eldiario.net\/portal\/","logo":{"@type":"ImageObject","inLanguage":"es","@id":"https:\/\/www.eldiario.net\/portal\/#\/schema\/logo\/image\/","url":"https:\/\/www.eldiario.net\/portal\/wp-content\/uploads\/2023\/07\/logo_ED.jpg","contentUrl":"https:\/\/www.eldiario.net\/portal\/wp-content\/uploads\/2023\/07\/logo_ED.jpg","width":272,"height":52,"caption":"El Diario - Decano de la prensa nacional"},"image":{"@id":"https:\/\/www.eldiario.net\/portal\/#\/schema\/logo\/image\/"},"sameAs":["https:\/\/www.facebook.com\/eldiario.bolivia\/","https:\/\/x.com\/eldiario_net"]},{"@type":"Person","@id":"https:\/\/www.eldiario.net\/portal\/#\/schema\/person\/f46445640444750d7d753ccd04ae01b7","name":"Jeanette","image":{"@type":"ImageObject","inLanguage":"es","@id":"https:\/\/secure.gravatar.com\/avatar\/3ea2118a5f7dad2b7138b1187a6b7ee55f160b9968b66013c3a3ef39dd7e5798?s=96&d=mm&r=g","url":"https:\/\/secure.gravatar.com\/avatar\/3ea2118a5f7dad2b7138b1187a6b7ee55f160b9968b66013c3a3ef39dd7e5798?s=96&d=mm&r=g","contentUrl":"https:\/\/secure.gravatar.com\/avatar\/3ea2118a5f7dad2b7138b1187a6b7ee55f160b9968b66013c3a3ef39dd7e5798?s=96&d=mm&r=g","caption":"Jeanette"},"sameAs":["https:\/\/www.eldiario.net\/portal"],"url":"https:\/\/www.eldiario.net\/portal\/author\/jeanette\/"}]}},"_links":{"self":[{"href":"https:\/\/www.eldiario.net\/portal\/wp-json\/wp\/v2\/posts\/127939","targetHints":{"allow":["GET"]}}],"collection":[{"href":"https:\/\/www.eldiario.net\/portal\/wp-json\/wp\/v2\/posts"}],"about":[{"href":"https:\/\/www.eldiario.net\/portal\/wp-json\/wp\/v2\/types\/post"}],"author":[{"embeddable":true,"href":"https:\/\/www.eldiario.net\/portal\/wp-json\/wp\/v2\/users\/1"}],"replies":[{"embeddable":true,"href":"https:\/\/www.eldiario.net\/portal\/wp-json\/wp\/v2\/comments?post=127939"}],"version-history":[{"count":0,"href":"https:\/\/www.eldiario.net\/portal\/wp-json\/wp\/v2\/posts\/127939\/revisions"}],"wp:attachment":[{"href":"https:\/\/www.eldiario.net\/portal\/wp-json\/wp\/v2\/media?parent=127939"}],"wp:term":[{"taxonomy":"category","embeddable":true,"href":"https:\/\/www.eldiario.net\/portal\/wp-json\/wp\/v2\/categories?post=127939"},{"taxonomy":"post_tag","embeddable":true,"href":"https:\/\/www.eldiario.net\/portal\/wp-json\/wp\/v2\/tags?post=127939"}],"curies":[{"name":"wp","href":"https:\/\/api.w.org\/{rel}","templated":true}]}}