{"id":127936,"date":"2022-12-16T04:42:41","date_gmt":"2022-12-16T08:42:41","guid":{"rendered":"https:\/\/www.eldiario.net\/portal\/?p=127936"},"modified":"2022-12-16T04:42:41","modified_gmt":"2022-12-16T08:42:41","slug":"denuncian-que-fiscalia-protege-a-quienes-torturaron-a-aramayo","status":"publish","type":"post","link":"https:\/\/www.eldiario.net\/portal\/2022\/12\/16\/denuncian-que-fiscalia-protege-a-quienes-torturaron-a-aramayo\/","title":{"rendered":"Denuncian que Fiscal\u00eda protege  a quienes torturaron a Aramayo"},"content":{"rendered":"<p>La Fiscal\u00eda rechaz\u00f3 la denuncia por al menos 10 delitos por las torturas y muerte de Marco Antonio Aramayo y solo admiti\u00f3 de forma \u201cabsurda\u201d el de retardaci\u00f3n de justicia en contra del director de R\u00e9gimen Penitenciario, a quien no le corresponde esa funci\u00f3n, denunci\u00f3 el abogado Jorge Valda.<br \/>\nEl jurista precis\u00f3 que se deber\u00eda investigar a los jueces, quienes \u2013 dijo &#8211; de forma ilegal tuvieron detenido a Aramayo desde el 2017 y hasta la fecha en que falleci\u00f3 con m\u00e1s de 200 causas abiertas.<br \/>\nCon este \u201cabsurdo judicial\u201d lo que la Fiscal\u00eda busca decir es, agreg\u00f3 Valda, que \u201chay un caso abierto por lo sucedido con Aramayo\u201d cuando sabe que no va a prosperar y muestra de ello es que \u201cen ocho meses no hubo ning\u00fan acto investigativo\u201d.<br \/>\n\u201cNo se ha hecho un solo acto investigativo porque el Ministerio P\u00fablico encubre y protege a quienes perpetraron estos delitos\u201d en contra de Aramayo, dijo Valda a ANF.<br \/>\nEl Ministerio P\u00fablico es el menos interesado en esclarecer todos los abusos y la muerte de Aramayo porque la \u201cbarbarie jur\u00eddica\u201d vino justamente de esa entidad, asever\u00f3 el abogado H\u00e9ctor Castell\u00f3n.<\/p>\n","protected":false},"excerpt":{"rendered":"<p>La Fiscal\u00eda rechaz\u00f3 la denuncia por al menos 10 delitos por las torturas y muerte de Marco Antonio Aramayo y solo admiti\u00f3 de forma \u201cabsurda\u201d el de retardaci\u00f3n de justicia en contra del director de R\u00e9gimen Penitenciario, a quien no le corresponde esa funci\u00f3n, denunci\u00f3 el abogado Jorge Valda. El jurista precis\u00f3 que se deber\u00eda [&hellip;]<\/p>\n","protected":false},"author":1,"featured_media":127937,"comment_status":"closed","ping_status":"closed","sticky":false,"template":"","format":"standard","meta":{"_acf_changed":false,"footnotes":""},"categories":[39],"tags":[],"class_list":["post-127936","post","type-post","status-publish","format-standard","has-post-thumbnail","category-sociedad"],"acf":{"antetitulo":""},"yoast_head":"<!-- This site is optimized with the Yoast SEO plugin v28.4 - https:\/\/yoast.com\/product\/yoast-seo-wordpress\/ -->\n<title>Denuncian que Fiscal\u00eda protege a quienes torturaron a Aramayo - El Diario - Bolivia<\/title>\n<meta name=\"robots\" content=\"index, follow, max-snippet:-1, max-image-preview:large, max-video-preview:-1\" \/>\n<link rel=\"canonical\" href=\"https:\/\/www.eldiario.net\/portal\/2022\/12\/16\/denuncian-que-fiscalia-protege-a-quienes-torturaron-a-aramayo\/\" \/>\n<meta property=\"og:locale\" content=\"es_ES\" \/>\n<meta property=\"og:type\" content=\"article\" \/>\n<meta property=\"og:title\" content=\"Denuncian que Fiscal\u00eda protege a quienes torturaron a Aramayo - El Diario - Bolivia\" \/>\n<meta property=\"og:description\" content=\"La Fiscal\u00eda rechaz\u00f3 la denuncia por al menos 10 delitos por las torturas y muerte de Marco Antonio Aramayo y solo admiti\u00f3 de forma \u201cabsurda\u201d el de retardaci\u00f3n de justicia en contra del director de R\u00e9gimen Penitenciario, a quien no le corresponde esa funci\u00f3n, denunci\u00f3 el abogado Jorge Valda. El jurista precis\u00f3 que se deber\u00eda [&hellip;]\" \/>\n<meta property=\"og:url\" content=\"https:\/\/www.eldiario.net\/portal\/2022\/12\/16\/denuncian-que-fiscalia-protege-a-quienes-torturaron-a-aramayo\/\" \/>\n<meta property=\"og:site_name\" content=\"El Diario - Bolivia\" \/>\n<meta property=\"article:publisher\" content=\"https:\/\/www.facebook.com\/eldiario.bolivia\/\" \/>\n<meta property=\"article:published_time\" content=\"2022-12-16T08:42:41+00:00\" \/>\n<meta property=\"og:image\" content=\"https:\/\/www.eldiario.net\/portal\/wp-content\/uploads\/2022\/12\/ARAMAYO.png\" \/>\n\t<meta property=\"og:image:width\" content=\"840\" \/>\n\t<meta property=\"og:image:height\" content=\"469\" \/>\n\t<meta property=\"og:image:type\" content=\"image\/png\" \/>\n<meta name=\"author\" content=\"Jeanette\" \/>\n<meta name=\"twitter:card\" content=\"summary_large_image\" \/>\n<meta name=\"twitter:creator\" content=\"@eldiario_net\" \/>\n<meta name=\"twitter:site\" content=\"@eldiario_net\" \/>\n<meta name=\"twitter:label1\" content=\"Escrito por\" \/>\n\t<meta name=\"twitter:data1\" content=\"Jeanette\" \/>\n\t<meta name=\"twitter:label2\" content=\"Tiempo de lectura\" \/>\n\t<meta name=\"twitter:data2\" content=\"1 minuto\" \/>\n<script type=\"application\/ld+json\" class=\"yoast-schema-graph\">{\"@context\":\"https:\\\/\\\/schema.org\",\"@graph\":[{\"@type\":\"Article\",\"@id\":\"https:\\\/\\\/www.eldiario.net\\\/portal\\\/2022\\\/12\\\/16\\\/denuncian-que-fiscalia-protege-a-quienes-torturaron-a-aramayo\\\/#article\",\"isPartOf\":{\"@id\":\"https:\\\/\\\/www.eldiario.net\\\/portal\\\/2022\\\/12\\\/16\\\/denuncian-que-fiscalia-protege-a-quienes-torturaron-a-aramayo\\\/\"},\"author\":{\"name\":\"Jeanette\",\"@id\":\"https:\\\/\\\/www.eldiario.net\\\/portal\\\/#\\\/schema\\\/person\\\/f46445640444750d7d753ccd04ae01b7\"},\"headline\":\"Denuncian que Fiscal\u00eda protege a quienes torturaron a Aramayo\",\"datePublished\":\"2022-12-16T08:42:41+00:00\",\"mainEntityOfPage\":{\"@id\":\"https:\\\/\\\/www.eldiario.net\\\/portal\\\/2022\\\/12\\\/16\\\/denuncian-que-fiscalia-protege-a-quienes-torturaron-a-aramayo\\\/\"},\"wordCount\":208,\"publisher\":{\"@id\":\"https:\\\/\\\/www.eldiario.net\\\/portal\\\/#organization\"},\"image\":{\"@id\":\"https:\\\/\\\/www.eldiario.net\\\/portal\\\/2022\\\/12\\\/16\\\/denuncian-que-fiscalia-protege-a-quienes-torturaron-a-aramayo\\\/#primaryimage\"},\"thumbnailUrl\":\"https:\\\/\\\/www.eldiario.net\\\/portal\\\/wp-content\\\/uploads\\\/2022\\\/12\\\/ARAMAYO.png\",\"articleSection\":[\"Sociedad - Seguridad\"],\"inLanguage\":\"es\"},{\"@type\":\"WebPage\",\"@id\":\"https:\\\/\\\/www.eldiario.net\\\/portal\\\/2022\\\/12\\\/16\\\/denuncian-que-fiscalia-protege-a-quienes-torturaron-a-aramayo\\\/\",\"url\":\"https:\\\/\\\/www.eldiario.net\\\/portal\\\/2022\\\/12\\\/16\\\/denuncian-que-fiscalia-protege-a-quienes-torturaron-a-aramayo\\\/\",\"name\":\"Denuncian que Fiscal\u00eda protege a quienes torturaron a Aramayo - El Diario - Bolivia\",\"isPartOf\":{\"@id\":\"https:\\\/\\\/www.eldiario.net\\\/portal\\\/#website\"},\"primaryImageOfPage\":{\"@id\":\"https:\\\/\\\/www.eldiario.net\\\/portal\\\/2022\\\/12\\\/16\\\/denuncian-que-fiscalia-protege-a-quienes-torturaron-a-aramayo\\\/#primaryimage\"},\"image\":{\"@id\":\"https:\\\/\\\/www.eldiario.net\\\/portal\\\/2022\\\/12\\\/16\\\/denuncian-que-fiscalia-protege-a-quienes-torturaron-a-aramayo\\\/#primaryimage\"},\"thumbnailUrl\":\"https:\\\/\\\/www.eldiario.net\\\/portal\\\/wp-content\\\/uploads\\\/2022\\\/12\\\/ARAMAYO.png\",\"datePublished\":\"2022-12-16T08:42:41+00:00\",\"breadcrumb\":{\"@id\":\"https:\\\/\\\/www.eldiario.net\\\/portal\\\/2022\\\/12\\\/16\\\/denuncian-que-fiscalia-protege-a-quienes-torturaron-a-aramayo\\\/#breadcrumb\"},\"inLanguage\":\"es\",\"potentialAction\":[{\"@type\":\"ReadAction\",\"target\":[\"https:\\\/\\\/www.eldiario.net\\\/portal\\\/2022\\\/12\\\/16\\\/denuncian-que-fiscalia-protege-a-quienes-torturaron-a-aramayo\\\/\"]}]},{\"@type\":\"ImageObject\",\"inLanguage\":\"es\",\"@id\":\"https:\\\/\\\/www.eldiario.net\\\/portal\\\/2022\\\/12\\\/16\\\/denuncian-que-fiscalia-protege-a-quienes-torturaron-a-aramayo\\\/#primaryimage\",\"url\":\"https:\\\/\\\/www.eldiario.net\\\/portal\\\/wp-content\\\/uploads\\\/2022\\\/12\\\/ARAMAYO.png\",\"contentUrl\":\"https:\\\/\\\/www.eldiario.net\\\/portal\\\/wp-content\\\/uploads\\\/2022\\\/12\\\/ARAMAYO.png\",\"width\":840,\"height\":469,\"caption\":\"MARCO ANTONIO ARAMAYO, QUIEN FUE PROCESADO POR DENUNCIAR EL DESFALCO DEL FONDO IND\u00cdGENA.\"},{\"@type\":\"BreadcrumbList\",\"@id\":\"https:\\\/\\\/www.eldiario.net\\\/portal\\\/2022\\\/12\\\/16\\\/denuncian-que-fiscalia-protege-a-quienes-torturaron-a-aramayo\\\/#breadcrumb\",\"itemListElement\":[{\"@type\":\"ListItem\",\"position\":1,\"name\":\"Portada\",\"item\":\"https:\\\/\\\/www.eldiario.net\\\/portal\\\/\"},{\"@type\":\"ListItem\",\"position\":2,\"name\":\"Denuncian que Fiscal\u00eda protege a quienes torturaron a Aramayo\"}]},{\"@type\":\"WebSite\",\"@id\":\"https:\\\/\\\/www.eldiario.net\\\/portal\\\/#website\",\"url\":\"https:\\\/\\\/www.eldiario.net\\\/portal\\\/\",\"name\":\"El Diario - Decano de la prensa nacional\",\"description\":\"El Diario - Decano de la prensa nacional\",\"publisher\":{\"@id\":\"https:\\\/\\\/www.eldiario.net\\\/portal\\\/#organization\"},\"potentialAction\":[{\"@type\":\"SearchAction\",\"target\":{\"@type\":\"EntryPoint\",\"urlTemplate\":\"https:\\\/\\\/www.eldiario.net\\\/portal\\\/?s={search_term_string}\"},\"query-input\":{\"@type\":\"PropertyValueSpecification\",\"valueRequired\":true,\"valueName\":\"search_term_string\"}}],\"inLanguage\":\"es\"},{\"@type\":\"Organization\",\"@id\":\"https:\\\/\\\/www.eldiario.net\\\/portal\\\/#organization\",\"name\":\"El Diario - Decano de la prensa nacional\",\"url\":\"https:\\\/\\\/www.eldiario.net\\\/portal\\\/\",\"logo\":{\"@type\":\"ImageObject\",\"inLanguage\":\"es\",\"@id\":\"https:\\\/\\\/www.eldiario.net\\\/portal\\\/#\\\/schema\\\/logo\\\/image\\\/\",\"url\":\"https:\\\/\\\/www.eldiario.net\\\/portal\\\/wp-content\\\/uploads\\\/2023\\\/07\\\/logo_ED.jpg\",\"contentUrl\":\"https:\\\/\\\/www.eldiario.net\\\/portal\\\/wp-content\\\/uploads\\\/2023\\\/07\\\/logo_ED.jpg\",\"width\":272,\"height\":52,\"caption\":\"El Diario - Decano de la prensa nacional\"},\"image\":{\"@id\":\"https:\\\/\\\/www.eldiario.net\\\/portal\\\/#\\\/schema\\\/logo\\\/image\\\/\"},\"sameAs\":[\"https:\\\/\\\/www.facebook.com\\\/eldiario.bolivia\\\/\",\"https:\\\/\\\/x.com\\\/eldiario_net\"]},{\"@type\":\"Person\",\"@id\":\"https:\\\/\\\/www.eldiario.net\\\/portal\\\/#\\\/schema\\\/person\\\/f46445640444750d7d753ccd04ae01b7\",\"name\":\"Jeanette\",\"image\":{\"@type\":\"ImageObject\",\"inLanguage\":\"es\",\"@id\":\"https:\\\/\\\/secure.gravatar.com\\\/avatar\\\/3ea2118a5f7dad2b7138b1187a6b7ee55f160b9968b66013c3a3ef39dd7e5798?s=96&d=mm&r=g\",\"url\":\"https:\\\/\\\/secure.gravatar.com\\\/avatar\\\/3ea2118a5f7dad2b7138b1187a6b7ee55f160b9968b66013c3a3ef39dd7e5798?s=96&d=mm&r=g\",\"contentUrl\":\"https:\\\/\\\/secure.gravatar.com\\\/avatar\\\/3ea2118a5f7dad2b7138b1187a6b7ee55f160b9968b66013c3a3ef39dd7e5798?s=96&d=mm&r=g\",\"caption\":\"Jeanette\"},\"sameAs\":[\"https:\\\/\\\/www.eldiario.net\\\/portal\"],\"url\":\"https:\\\/\\\/www.eldiario.net\\\/portal\\\/author\\\/jeanette\\\/\"}]}<\/script>\n<!-- \/ Yoast SEO plugin. -->","yoast_head_json":{"title":"Denuncian que Fiscal\u00eda protege a quienes torturaron a Aramayo - El Diario - Bolivia","robots":{"index":"index","follow":"follow","max-snippet":"max-snippet:-1","max-image-preview":"max-image-preview:large","max-video-preview":"max-video-preview:-1"},"canonical":"https:\/\/www.eldiario.net\/portal\/2022\/12\/16\/denuncian-que-fiscalia-protege-a-quienes-torturaron-a-aramayo\/","og_locale":"es_ES","og_type":"article","og_title":"Denuncian que Fiscal\u00eda protege a quienes torturaron a Aramayo - El Diario - Bolivia","og_description":"La Fiscal\u00eda rechaz\u00f3 la denuncia por al menos 10 delitos por las torturas y muerte de Marco Antonio Aramayo y solo admiti\u00f3 de forma \u201cabsurda\u201d el de retardaci\u00f3n de justicia en contra del director de R\u00e9gimen Penitenciario, a quien no le corresponde esa funci\u00f3n, denunci\u00f3 el abogado Jorge Valda. El jurista precis\u00f3 que se deber\u00eda [&hellip;]","og_url":"https:\/\/www.eldiario.net\/portal\/2022\/12\/16\/denuncian-que-fiscalia-protege-a-quienes-torturaron-a-aramayo\/","og_site_name":"El Diario - Bolivia","article_publisher":"https:\/\/www.facebook.com\/eldiario.bolivia\/","article_published_time":"2022-12-16T08:42:41+00:00","og_image":[{"width":840,"height":469,"url":"https:\/\/www.eldiario.net\/portal\/wp-content\/uploads\/2022\/12\/ARAMAYO.png","type":"image\/png"}],"author":"Jeanette","twitter_card":"summary_large_image","twitter_creator":"@eldiario_net","twitter_site":"@eldiario_net","twitter_misc":{"Escrito por":"Jeanette","Tiempo de lectura":"1 minuto"},"schema":{"@context":"https:\/\/schema.org","@graph":[{"@type":"Article","@id":"https:\/\/www.eldiario.net\/portal\/2022\/12\/16\/denuncian-que-fiscalia-protege-a-quienes-torturaron-a-aramayo\/#article","isPartOf":{"@id":"https:\/\/www.eldiario.net\/portal\/2022\/12\/16\/denuncian-que-fiscalia-protege-a-quienes-torturaron-a-aramayo\/"},"author":{"name":"Jeanette","@id":"https:\/\/www.eldiario.net\/portal\/#\/schema\/person\/f46445640444750d7d753ccd04ae01b7"},"headline":"Denuncian que Fiscal\u00eda protege a quienes torturaron a Aramayo","datePublished":"2022-12-16T08:42:41+00:00","mainEntityOfPage":{"@id":"https:\/\/www.eldiario.net\/portal\/2022\/12\/16\/denuncian-que-fiscalia-protege-a-quienes-torturaron-a-aramayo\/"},"wordCount":208,"publisher":{"@id":"https:\/\/www.eldiario.net\/portal\/#organization"},"image":{"@id":"https:\/\/www.eldiario.net\/portal\/2022\/12\/16\/denuncian-que-fiscalia-protege-a-quienes-torturaron-a-aramayo\/#primaryimage"},"thumbnailUrl":"https:\/\/www.eldiario.net\/portal\/wp-content\/uploads\/2022\/12\/ARAMAYO.png","articleSection":["Sociedad - Seguridad"],"inLanguage":"es"},{"@type":"WebPage","@id":"https:\/\/www.eldiario.net\/portal\/2022\/12\/16\/denuncian-que-fiscalia-protege-a-quienes-torturaron-a-aramayo\/","url":"https:\/\/www.eldiario.net\/portal\/2022\/12\/16\/denuncian-que-fiscalia-protege-a-quienes-torturaron-a-aramayo\/","name":"Denuncian que Fiscal\u00eda protege a quienes torturaron a Aramayo - El Diario - Bolivia","isPartOf":{"@id":"https:\/\/www.eldiario.net\/portal\/#website"},"primaryImageOfPage":{"@id":"https:\/\/www.eldiario.net\/portal\/2022\/12\/16\/denuncian-que-fiscalia-protege-a-quienes-torturaron-a-aramayo\/#primaryimage"},"image":{"@id":"https:\/\/www.eldiario.net\/portal\/2022\/12\/16\/denuncian-que-fiscalia-protege-a-quienes-torturaron-a-aramayo\/#primaryimage"},"thumbnailUrl":"https:\/\/www.eldiario.net\/portal\/wp-content\/uploads\/2022\/12\/ARAMAYO.png","datePublished":"2022-12-16T08:42:41+00:00","breadcrumb":{"@id":"https:\/\/www.eldiario.net\/portal\/2022\/12\/16\/denuncian-que-fiscalia-protege-a-quienes-torturaron-a-aramayo\/#breadcrumb"},"inLanguage":"es","potentialAction":[{"@type":"ReadAction","target":["https:\/\/www.eldiario.net\/portal\/2022\/12\/16\/denuncian-que-fiscalia-protege-a-quienes-torturaron-a-aramayo\/"]}]},{"@type":"ImageObject","inLanguage":"es","@id":"https:\/\/www.eldiario.net\/portal\/2022\/12\/16\/denuncian-que-fiscalia-protege-a-quienes-torturaron-a-aramayo\/#primaryimage","url":"https:\/\/www.eldiario.net\/portal\/wp-content\/uploads\/2022\/12\/ARAMAYO.png","contentUrl":"https:\/\/www.eldiario.net\/portal\/wp-content\/uploads\/2022\/12\/ARAMAYO.png","width":840,"height":469,"caption":"MARCO ANTONIO ARAMAYO, QUIEN FUE PROCESADO POR DENUNCIAR EL DESFALCO DEL FONDO IND\u00cdGENA."},{"@type":"BreadcrumbList","@id":"https:\/\/www.eldiario.net\/portal\/2022\/12\/16\/denuncian-que-fiscalia-protege-a-quienes-torturaron-a-aramayo\/#breadcrumb","itemListElement":[{"@type":"ListItem","position":1,"name":"Portada","item":"https:\/\/www.eldiario.net\/portal\/"},{"@type":"ListItem","position":2,"name":"Denuncian que Fiscal\u00eda protege a quienes torturaron a Aramayo"}]},{"@type":"WebSite","@id":"https:\/\/www.eldiario.net\/portal\/#website","url":"https:\/\/www.eldiario.net\/portal\/","name":"El Diario - Decano de la prensa nacional","description":"El Diario - Decano de la prensa nacional","publisher":{"@id":"https:\/\/www.eldiario.net\/portal\/#organization"},"potentialAction":[{"@type":"SearchAction","target":{"@type":"EntryPoint","urlTemplate":"https:\/\/www.eldiario.net\/portal\/?s={search_term_string}"},"query-input":{"@type":"PropertyValueSpecification","valueRequired":true,"valueName":"search_term_string"}}],"inLanguage":"es"},{"@type":"Organization","@id":"https:\/\/www.eldiario.net\/portal\/#organization","name":"El Diario - Decano de la prensa nacional","url":"https:\/\/www.eldiario.net\/portal\/","logo":{"@type":"ImageObject","inLanguage":"es","@id":"https:\/\/www.eldiario.net\/portal\/#\/schema\/logo\/image\/","url":"https:\/\/www.eldiario.net\/portal\/wp-content\/uploads\/2023\/07\/logo_ED.jpg","contentUrl":"https:\/\/www.eldiario.net\/portal\/wp-content\/uploads\/2023\/07\/logo_ED.jpg","width":272,"height":52,"caption":"El Diario - Decano de la prensa nacional"},"image":{"@id":"https:\/\/www.eldiario.net\/portal\/#\/schema\/logo\/image\/"},"sameAs":["https:\/\/www.facebook.com\/eldiario.bolivia\/","https:\/\/x.com\/eldiario_net"]},{"@type":"Person","@id":"https:\/\/www.eldiario.net\/portal\/#\/schema\/person\/f46445640444750d7d753ccd04ae01b7","name":"Jeanette","image":{"@type":"ImageObject","inLanguage":"es","@id":"https:\/\/secure.gravatar.com\/avatar\/3ea2118a5f7dad2b7138b1187a6b7ee55f160b9968b66013c3a3ef39dd7e5798?s=96&d=mm&r=g","url":"https:\/\/secure.gravatar.com\/avatar\/3ea2118a5f7dad2b7138b1187a6b7ee55f160b9968b66013c3a3ef39dd7e5798?s=96&d=mm&r=g","contentUrl":"https:\/\/secure.gravatar.com\/avatar\/3ea2118a5f7dad2b7138b1187a6b7ee55f160b9968b66013c3a3ef39dd7e5798?s=96&d=mm&r=g","caption":"Jeanette"},"sameAs":["https:\/\/www.eldiario.net\/portal"],"url":"https:\/\/www.eldiario.net\/portal\/author\/jeanette\/"}]}},"_links":{"self":[{"href":"https:\/\/www.eldiario.net\/portal\/wp-json\/wp\/v2\/posts\/127936","targetHints":{"allow":["GET"]}}],"collection":[{"href":"https:\/\/www.eldiario.net\/portal\/wp-json\/wp\/v2\/posts"}],"about":[{"href":"https:\/\/www.eldiario.net\/portal\/wp-json\/wp\/v2\/types\/post"}],"author":[{"embeddable":true,"href":"https:\/\/www.eldiario.net\/portal\/wp-json\/wp\/v2\/users\/1"}],"replies":[{"embeddable":true,"href":"https:\/\/www.eldiario.net\/portal\/wp-json\/wp\/v2\/comments?post=127936"}],"version-history":[{"count":0,"href":"https:\/\/www.eldiario.net\/portal\/wp-json\/wp\/v2\/posts\/127936\/revisions"}],"wp:featuredmedia":[{"embeddable":true,"href":"https:\/\/www.eldiario.net\/portal\/wp-json\/wp\/v2\/media\/127937"}],"wp:attachment":[{"href":"https:\/\/www.eldiario.net\/portal\/wp-json\/wp\/v2\/media?parent=127936"}],"wp:term":[{"taxonomy":"category","embeddable":true,"href":"https:\/\/www.eldiario.net\/portal\/wp-json\/wp\/v2\/categories?post=127936"},{"taxonomy":"post_tag","embeddable":true,"href":"https:\/\/www.eldiario.net\/portal\/wp-json\/wp\/v2\/tags?post=127936"}],"curies":[{"name":"wp","href":"https:\/\/api.w.org\/{rel}","templated":true}]}}