{"id":127933,"date":"2022-12-16T04:41:43","date_gmt":"2022-12-16T08:41:43","guid":{"rendered":"https:\/\/www.eldiario.net\/portal\/?p=127933"},"modified":"2022-12-16T04:41:43","modified_gmt":"2022-12-16T08:41:43","slug":"disputas-entre-facciones-del-mas-buscan-control-del-poder-politico","status":"publish","type":"post","link":"https:\/\/www.eldiario.net\/portal\/2022\/12\/16\/disputas-entre-facciones-del-mas-buscan-control-del-poder-politico\/","title":{"rendered":"Disputas entre facciones del MAS  buscan control del poder pol\u00edtico"},"content":{"rendered":"<p>Tras las negociaciones y acuerdos anunciados por el oficialismo para viabilizar la aprobaci\u00f3n del Presupuesto General del Estado (PGE), el diputado por la alianza Creemos, Erwin Baz\u00e1n, asegur\u00f3 que las disputas al interior del oficialismo no tienen que ver con lo ideol\u00f3gico sino por el control del poder pol\u00edtico y econ\u00f3mico.<br \/>\nEn conferencia de prensa, el parlamentario cruce\u00f1o descart\u00f3 que las pugnas al interior del oficialismo sean de car\u00e1cter ideol\u00f3gico, como se se\u00f1al\u00f3 de forma reiterada por legisladores del ala \u201cevista\u201d en los \u00faltimos d\u00edas.<br \/>\nA criterio de Baz\u00e1n, ambos bloques del oficialismo comparten caracter\u00edsticas que los unen, a pesar de sus supuestas diferencias en aspectos ideol\u00f3gicos. \u201cEn el Movimiento al Socialismo no hay una disputa ideol\u00f3gica, las dos alas del masismo son la misma cosa y tienen signos que los caracterizan, el autoritarismo, la autocracia, el abuso de poder, el estatismo y el centralismo, las dos alas son la misma cosa\u201d, manifest\u00f3 el legislador.<br \/>\nEn este sentido, afirm\u00f3 que las diferencias coyunturales en el oficialismo deben entenderse \u00fanicamente como disputas por la administraci\u00f3n de mayor poder para cumplir con pactos y otro tipo de compromisos que nada tienen que ver con lo ideol\u00f3gico.<br \/>\n\u201cHoy est\u00e1n peleados en una pelea que parece ser irreversible, pero es b\u00e1sicamente una diputa por el control del poder pol\u00edtico y otras actividades que les genera poder econ\u00f3mico y pol\u00edtico a su vez\u201d, dijo.<br \/>\nPor ello, insisti\u00f3 en que las disputas entre las facciones del oficialismo son exclusivamente de ese tipo, \u201cde poder\u201d, hecho que impide avanzar en la profundizaci\u00f3n de un proceso democr\u00e1tico en el pa\u00eds o la implementaci\u00f3n de pol\u00edticas para reconducir la econom\u00eda nacional de cara al futuro. \u201cSolo les interesa seguir reproduciendo el poder en favor de una elite que maneja el partido azul\u201d, indic\u00f3.<br \/>\nBaz\u00e1n finaliz\u00f3 se\u00f1alando que una muestra clara de sus cuestionamientos es la pol\u00e9mica desatada en un bloque del oficialismo por causa del corte al financiamiento partidario mediante los aportes de funcionarios p\u00fablicos, hecho que fue denunciado con indignaci\u00f3n por parte de parlamentarios del ala \u201cevista\u201d.<br \/>\n\u201cAhora es una disputa por dinero, una especie de presi\u00f3n y chantaje pol\u00edtico\u201d asever\u00f3 el asamble\u00edsta cuestionando que el origen de los recursos en cuesti\u00f3n salga del bolsillo de funcionarios p\u00fablicos que trabajan para el Estado.<br \/>\nEl mi\u00e9rcoles, tras una reuni\u00f3n con el titular de Econom\u00eda, asamble\u00edstas del MAS denominados \u201cradicales\u201d anunciaron que se apoyar\u00e1 la aprobaci\u00f3n de la Ley Financial que, la semana pasada fue rechazada por opositores y oficialistas del ala \u201cevista\u201d.<br \/>\n\u201cNos hemos reunido m\u00e1s de seis horas y con esa aclaraci\u00f3n, departamento por departamento, ahora tenemos conocimiento del PGE y sabemos que otros proyectos se van a incorporar pr\u00f3ximamente\u201d, manifest\u00f3 el diputado Gualberto Arispe, negando un supuesto bloqueo a la norma.<br \/>\n\u201cSe\u00f1alan que los diputados radicales est\u00e1n obstaculizando el PGE. Decir que estamos perjudicando es totalmente falso\u201d, dijo.<br \/>\nPor su parte, el diputado H\u00e9ctor Arce, denunci\u00f3 que desde el Gobierno se instruy\u00f3 cortar los aportes de funcionarios p\u00fablicos a la direcci\u00f3n nacional del MAS. \u201cHay una instrucci\u00f3n de parte de autoridades del Ejecutivo\u201d, afirm\u00f3.<br \/>\nAnteriormente, el diputado Andr\u00e9s Romero, de Creemos, hab\u00eda adelantado que el Gobierno del presidente, Luis Arce Catacora, enfrentar\u00e1 un constante chantaje de sus propios parlamentarios hasta el final de su gesti\u00f3n, muestra de ello es el conflicto generado entre las facciones del MAS por la aprobaci\u00f3n del Presupuesto General del Estado.<\/p>\n","protected":false},"excerpt":{"rendered":"<p>Tras las negociaciones y acuerdos anunciados por el oficialismo para viabilizar la aprobaci\u00f3n del Presupuesto General del Estado (PGE), el diputado por la alianza Creemos, Erwin Baz\u00e1n, asegur\u00f3 que las disputas al interior del oficialismo no tienen que ver con lo ideol\u00f3gico sino por el control del poder pol\u00edtico y econ\u00f3mico. En conferencia de prensa, [&hellip;]<\/p>\n","protected":false},"author":1,"featured_media":127934,"comment_status":"closed","ping_status":"closed","sticky":false,"template":"","format":"standard","meta":{"_acf_changed":false,"footnotes":""},"categories":[14],"tags":[],"class_list":["post-127933","post","type-post","status-publish","format-standard","has-post-thumbnail","category-politica"],"acf":{"antetitulo":""},"yoast_head":"<!-- This site is optimized with the Yoast SEO plugin v28.4 - https:\/\/yoast.com\/product\/yoast-seo-wordpress\/ -->\n<title>Disputas entre facciones del MAS buscan control del poder pol\u00edtico - El Diario - Bolivia<\/title>\n<meta name=\"robots\" content=\"index, follow, max-snippet:-1, max-image-preview:large, max-video-preview:-1\" \/>\n<link rel=\"canonical\" href=\"https:\/\/www.eldiario.net\/portal\/2022\/12\/16\/disputas-entre-facciones-del-mas-buscan-control-del-poder-politico\/\" \/>\n<meta property=\"og:locale\" content=\"es_ES\" \/>\n<meta property=\"og:type\" content=\"article\" \/>\n<meta property=\"og:title\" content=\"Disputas entre facciones del MAS buscan control del poder pol\u00edtico - El Diario - Bolivia\" \/>\n<meta property=\"og:description\" content=\"Tras las negociaciones y acuerdos anunciados por el oficialismo para viabilizar la aprobaci\u00f3n del Presupuesto General del Estado (PGE), el diputado por la alianza Creemos, Erwin Baz\u00e1n, asegur\u00f3 que las disputas al interior del oficialismo no tienen que ver con lo ideol\u00f3gico sino por el control del poder pol\u00edtico y econ\u00f3mico. En conferencia de prensa, [&hellip;]\" \/>\n<meta property=\"og:url\" content=\"https:\/\/www.eldiario.net\/portal\/2022\/12\/16\/disputas-entre-facciones-del-mas-buscan-control-del-poder-politico\/\" \/>\n<meta property=\"og:site_name\" content=\"El Diario - Bolivia\" \/>\n<meta property=\"article:publisher\" content=\"https:\/\/www.facebook.com\/eldiario.bolivia\/\" \/>\n<meta property=\"article:published_time\" content=\"2022-12-16T08:41:43+00:00\" \/>\n<meta name=\"author\" content=\"Jeanette\" \/>\n<meta name=\"twitter:card\" content=\"summary_large_image\" \/>\n<meta name=\"twitter:creator\" content=\"@eldiario_net\" \/>\n<meta name=\"twitter:site\" content=\"@eldiario_net\" \/>\n<meta name=\"twitter:label1\" content=\"Escrito por\" \/>\n\t<meta name=\"twitter:data1\" content=\"Jeanette\" \/>\n\t<meta name=\"twitter:label2\" content=\"Tiempo de lectura\" \/>\n\t<meta name=\"twitter:data2\" content=\"3 minutos\" \/>\n<script type=\"application\/ld+json\" class=\"yoast-schema-graph\">{\"@context\":\"https:\\\/\\\/schema.org\",\"@graph\":[{\"@type\":\"Article\",\"@id\":\"https:\\\/\\\/www.eldiario.net\\\/portal\\\/2022\\\/12\\\/16\\\/disputas-entre-facciones-del-mas-buscan-control-del-poder-politico\\\/#article\",\"isPartOf\":{\"@id\":\"https:\\\/\\\/www.eldiario.net\\\/portal\\\/2022\\\/12\\\/16\\\/disputas-entre-facciones-del-mas-buscan-control-del-poder-politico\\\/\"},\"author\":{\"name\":\"Jeanette\",\"@id\":\"https:\\\/\\\/www.eldiario.net\\\/portal\\\/#\\\/schema\\\/person\\\/f46445640444750d7d753ccd04ae01b7\"},\"headline\":\"Disputas entre facciones del MAS buscan control del poder pol\u00edtico\",\"datePublished\":\"2022-12-16T08:41:43+00:00\",\"mainEntityOfPage\":{\"@id\":\"https:\\\/\\\/www.eldiario.net\\\/portal\\\/2022\\\/12\\\/16\\\/disputas-entre-facciones-del-mas-buscan-control-del-poder-politico\\\/\"},\"wordCount\":624,\"publisher\":{\"@id\":\"https:\\\/\\\/www.eldiario.net\\\/portal\\\/#organization\"},\"image\":{\"@id\":\"https:\\\/\\\/www.eldiario.net\\\/portal\\\/2022\\\/12\\\/16\\\/disputas-entre-facciones-del-mas-buscan-control-del-poder-politico\\\/#primaryimage\"},\"thumbnailUrl\":\"\",\"articleSection\":[\"Pol\u00edtica\"],\"inLanguage\":\"es\"},{\"@type\":\"WebPage\",\"@id\":\"https:\\\/\\\/www.eldiario.net\\\/portal\\\/2022\\\/12\\\/16\\\/disputas-entre-facciones-del-mas-buscan-control-del-poder-politico\\\/\",\"url\":\"https:\\\/\\\/www.eldiario.net\\\/portal\\\/2022\\\/12\\\/16\\\/disputas-entre-facciones-del-mas-buscan-control-del-poder-politico\\\/\",\"name\":\"Disputas entre facciones del MAS buscan control del poder pol\u00edtico - El Diario - Bolivia\",\"isPartOf\":{\"@id\":\"https:\\\/\\\/www.eldiario.net\\\/portal\\\/#website\"},\"primaryImageOfPage\":{\"@id\":\"https:\\\/\\\/www.eldiario.net\\\/portal\\\/2022\\\/12\\\/16\\\/disputas-entre-facciones-del-mas-buscan-control-del-poder-politico\\\/#primaryimage\"},\"image\":{\"@id\":\"https:\\\/\\\/www.eldiario.net\\\/portal\\\/2022\\\/12\\\/16\\\/disputas-entre-facciones-del-mas-buscan-control-del-poder-politico\\\/#primaryimage\"},\"thumbnailUrl\":\"\",\"datePublished\":\"2022-12-16T08:41:43+00:00\",\"breadcrumb\":{\"@id\":\"https:\\\/\\\/www.eldiario.net\\\/portal\\\/2022\\\/12\\\/16\\\/disputas-entre-facciones-del-mas-buscan-control-del-poder-politico\\\/#breadcrumb\"},\"inLanguage\":\"es\",\"potentialAction\":[{\"@type\":\"ReadAction\",\"target\":[\"https:\\\/\\\/www.eldiario.net\\\/portal\\\/2022\\\/12\\\/16\\\/disputas-entre-facciones-del-mas-buscan-control-del-poder-politico\\\/\"]}]},{\"@type\":\"ImageObject\",\"inLanguage\":\"es\",\"@id\":\"https:\\\/\\\/www.eldiario.net\\\/portal\\\/2022\\\/12\\\/16\\\/disputas-entre-facciones-del-mas-buscan-control-del-poder-politico\\\/#primaryimage\",\"url\":\"\",\"contentUrl\":\"\"},{\"@type\":\"BreadcrumbList\",\"@id\":\"https:\\\/\\\/www.eldiario.net\\\/portal\\\/2022\\\/12\\\/16\\\/disputas-entre-facciones-del-mas-buscan-control-del-poder-politico\\\/#breadcrumb\",\"itemListElement\":[{\"@type\":\"ListItem\",\"position\":1,\"name\":\"Portada\",\"item\":\"https:\\\/\\\/www.eldiario.net\\\/portal\\\/\"},{\"@type\":\"ListItem\",\"position\":2,\"name\":\"Disputas entre facciones del MAS buscan control del poder pol\u00edtico\"}]},{\"@type\":\"WebSite\",\"@id\":\"https:\\\/\\\/www.eldiario.net\\\/portal\\\/#website\",\"url\":\"https:\\\/\\\/www.eldiario.net\\\/portal\\\/\",\"name\":\"El Diario - Decano de la prensa nacional\",\"description\":\"El Diario - Decano de la prensa nacional\",\"publisher\":{\"@id\":\"https:\\\/\\\/www.eldiario.net\\\/portal\\\/#organization\"},\"potentialAction\":[{\"@type\":\"SearchAction\",\"target\":{\"@type\":\"EntryPoint\",\"urlTemplate\":\"https:\\\/\\\/www.eldiario.net\\\/portal\\\/?s={search_term_string}\"},\"query-input\":{\"@type\":\"PropertyValueSpecification\",\"valueRequired\":true,\"valueName\":\"search_term_string\"}}],\"inLanguage\":\"es\"},{\"@type\":\"Organization\",\"@id\":\"https:\\\/\\\/www.eldiario.net\\\/portal\\\/#organization\",\"name\":\"El Diario - Decano de la prensa nacional\",\"url\":\"https:\\\/\\\/www.eldiario.net\\\/portal\\\/\",\"logo\":{\"@type\":\"ImageObject\",\"inLanguage\":\"es\",\"@id\":\"https:\\\/\\\/www.eldiario.net\\\/portal\\\/#\\\/schema\\\/logo\\\/image\\\/\",\"url\":\"https:\\\/\\\/www.eldiario.net\\\/portal\\\/wp-content\\\/uploads\\\/2023\\\/07\\\/logo_ED.jpg\",\"contentUrl\":\"https:\\\/\\\/www.eldiario.net\\\/portal\\\/wp-content\\\/uploads\\\/2023\\\/07\\\/logo_ED.jpg\",\"width\":272,\"height\":52,\"caption\":\"El Diario - Decano de la prensa nacional\"},\"image\":{\"@id\":\"https:\\\/\\\/www.eldiario.net\\\/portal\\\/#\\\/schema\\\/logo\\\/image\\\/\"},\"sameAs\":[\"https:\\\/\\\/www.facebook.com\\\/eldiario.bolivia\\\/\",\"https:\\\/\\\/x.com\\\/eldiario_net\"]},{\"@type\":\"Person\",\"@id\":\"https:\\\/\\\/www.eldiario.net\\\/portal\\\/#\\\/schema\\\/person\\\/f46445640444750d7d753ccd04ae01b7\",\"name\":\"Jeanette\",\"image\":{\"@type\":\"ImageObject\",\"inLanguage\":\"es\",\"@id\":\"https:\\\/\\\/secure.gravatar.com\\\/avatar\\\/3ea2118a5f7dad2b7138b1187a6b7ee55f160b9968b66013c3a3ef39dd7e5798?s=96&d=mm&r=g\",\"url\":\"https:\\\/\\\/secure.gravatar.com\\\/avatar\\\/3ea2118a5f7dad2b7138b1187a6b7ee55f160b9968b66013c3a3ef39dd7e5798?s=96&d=mm&r=g\",\"contentUrl\":\"https:\\\/\\\/secure.gravatar.com\\\/avatar\\\/3ea2118a5f7dad2b7138b1187a6b7ee55f160b9968b66013c3a3ef39dd7e5798?s=96&d=mm&r=g\",\"caption\":\"Jeanette\"},\"sameAs\":[\"https:\\\/\\\/www.eldiario.net\\\/portal\"],\"url\":\"https:\\\/\\\/www.eldiario.net\\\/portal\\\/author\\\/jeanette\\\/\"}]}<\/script>\n<!-- \/ Yoast SEO plugin. -->","yoast_head_json":{"title":"Disputas entre facciones del MAS buscan control del poder pol\u00edtico - El Diario - Bolivia","robots":{"index":"index","follow":"follow","max-snippet":"max-snippet:-1","max-image-preview":"max-image-preview:large","max-video-preview":"max-video-preview:-1"},"canonical":"https:\/\/www.eldiario.net\/portal\/2022\/12\/16\/disputas-entre-facciones-del-mas-buscan-control-del-poder-politico\/","og_locale":"es_ES","og_type":"article","og_title":"Disputas entre facciones del MAS buscan control del poder pol\u00edtico - El Diario - Bolivia","og_description":"Tras las negociaciones y acuerdos anunciados por el oficialismo para viabilizar la aprobaci\u00f3n del Presupuesto General del Estado (PGE), el diputado por la alianza Creemos, Erwin Baz\u00e1n, asegur\u00f3 que las disputas al interior del oficialismo no tienen que ver con lo ideol\u00f3gico sino por el control del poder pol\u00edtico y econ\u00f3mico. En conferencia de prensa, [&hellip;]","og_url":"https:\/\/www.eldiario.net\/portal\/2022\/12\/16\/disputas-entre-facciones-del-mas-buscan-control-del-poder-politico\/","og_site_name":"El Diario - Bolivia","article_publisher":"https:\/\/www.facebook.com\/eldiario.bolivia\/","article_published_time":"2022-12-16T08:41:43+00:00","author":"Jeanette","twitter_card":"summary_large_image","twitter_creator":"@eldiario_net","twitter_site":"@eldiario_net","twitter_misc":{"Escrito por":"Jeanette","Tiempo de lectura":"3 minutos"},"schema":{"@context":"https:\/\/schema.org","@graph":[{"@type":"Article","@id":"https:\/\/www.eldiario.net\/portal\/2022\/12\/16\/disputas-entre-facciones-del-mas-buscan-control-del-poder-politico\/#article","isPartOf":{"@id":"https:\/\/www.eldiario.net\/portal\/2022\/12\/16\/disputas-entre-facciones-del-mas-buscan-control-del-poder-politico\/"},"author":{"name":"Jeanette","@id":"https:\/\/www.eldiario.net\/portal\/#\/schema\/person\/f46445640444750d7d753ccd04ae01b7"},"headline":"Disputas entre facciones del MAS buscan control del poder pol\u00edtico","datePublished":"2022-12-16T08:41:43+00:00","mainEntityOfPage":{"@id":"https:\/\/www.eldiario.net\/portal\/2022\/12\/16\/disputas-entre-facciones-del-mas-buscan-control-del-poder-politico\/"},"wordCount":624,"publisher":{"@id":"https:\/\/www.eldiario.net\/portal\/#organization"},"image":{"@id":"https:\/\/www.eldiario.net\/portal\/2022\/12\/16\/disputas-entre-facciones-del-mas-buscan-control-del-poder-politico\/#primaryimage"},"thumbnailUrl":"","articleSection":["Pol\u00edtica"],"inLanguage":"es"},{"@type":"WebPage","@id":"https:\/\/www.eldiario.net\/portal\/2022\/12\/16\/disputas-entre-facciones-del-mas-buscan-control-del-poder-politico\/","url":"https:\/\/www.eldiario.net\/portal\/2022\/12\/16\/disputas-entre-facciones-del-mas-buscan-control-del-poder-politico\/","name":"Disputas entre facciones del MAS buscan control del poder pol\u00edtico - El Diario - Bolivia","isPartOf":{"@id":"https:\/\/www.eldiario.net\/portal\/#website"},"primaryImageOfPage":{"@id":"https:\/\/www.eldiario.net\/portal\/2022\/12\/16\/disputas-entre-facciones-del-mas-buscan-control-del-poder-politico\/#primaryimage"},"image":{"@id":"https:\/\/www.eldiario.net\/portal\/2022\/12\/16\/disputas-entre-facciones-del-mas-buscan-control-del-poder-politico\/#primaryimage"},"thumbnailUrl":"","datePublished":"2022-12-16T08:41:43+00:00","breadcrumb":{"@id":"https:\/\/www.eldiario.net\/portal\/2022\/12\/16\/disputas-entre-facciones-del-mas-buscan-control-del-poder-politico\/#breadcrumb"},"inLanguage":"es","potentialAction":[{"@type":"ReadAction","target":["https:\/\/www.eldiario.net\/portal\/2022\/12\/16\/disputas-entre-facciones-del-mas-buscan-control-del-poder-politico\/"]}]},{"@type":"ImageObject","inLanguage":"es","@id":"https:\/\/www.eldiario.net\/portal\/2022\/12\/16\/disputas-entre-facciones-del-mas-buscan-control-del-poder-politico\/#primaryimage","url":"","contentUrl":""},{"@type":"BreadcrumbList","@id":"https:\/\/www.eldiario.net\/portal\/2022\/12\/16\/disputas-entre-facciones-del-mas-buscan-control-del-poder-politico\/#breadcrumb","itemListElement":[{"@type":"ListItem","position":1,"name":"Portada","item":"https:\/\/www.eldiario.net\/portal\/"},{"@type":"ListItem","position":2,"name":"Disputas entre facciones del MAS buscan control del poder pol\u00edtico"}]},{"@type":"WebSite","@id":"https:\/\/www.eldiario.net\/portal\/#website","url":"https:\/\/www.eldiario.net\/portal\/","name":"El Diario - Decano de la prensa nacional","description":"El Diario - Decano de la prensa nacional","publisher":{"@id":"https:\/\/www.eldiario.net\/portal\/#organization"},"potentialAction":[{"@type":"SearchAction","target":{"@type":"EntryPoint","urlTemplate":"https:\/\/www.eldiario.net\/portal\/?s={search_term_string}"},"query-input":{"@type":"PropertyValueSpecification","valueRequired":true,"valueName":"search_term_string"}}],"inLanguage":"es"},{"@type":"Organization","@id":"https:\/\/www.eldiario.net\/portal\/#organization","name":"El Diario - Decano de la prensa nacional","url":"https:\/\/www.eldiario.net\/portal\/","logo":{"@type":"ImageObject","inLanguage":"es","@id":"https:\/\/www.eldiario.net\/portal\/#\/schema\/logo\/image\/","url":"https:\/\/www.eldiario.net\/portal\/wp-content\/uploads\/2023\/07\/logo_ED.jpg","contentUrl":"https:\/\/www.eldiario.net\/portal\/wp-content\/uploads\/2023\/07\/logo_ED.jpg","width":272,"height":52,"caption":"El Diario - Decano de la prensa nacional"},"image":{"@id":"https:\/\/www.eldiario.net\/portal\/#\/schema\/logo\/image\/"},"sameAs":["https:\/\/www.facebook.com\/eldiario.bolivia\/","https:\/\/x.com\/eldiario_net"]},{"@type":"Person","@id":"https:\/\/www.eldiario.net\/portal\/#\/schema\/person\/f46445640444750d7d753ccd04ae01b7","name":"Jeanette","image":{"@type":"ImageObject","inLanguage":"es","@id":"https:\/\/secure.gravatar.com\/avatar\/3ea2118a5f7dad2b7138b1187a6b7ee55f160b9968b66013c3a3ef39dd7e5798?s=96&d=mm&r=g","url":"https:\/\/secure.gravatar.com\/avatar\/3ea2118a5f7dad2b7138b1187a6b7ee55f160b9968b66013c3a3ef39dd7e5798?s=96&d=mm&r=g","contentUrl":"https:\/\/secure.gravatar.com\/avatar\/3ea2118a5f7dad2b7138b1187a6b7ee55f160b9968b66013c3a3ef39dd7e5798?s=96&d=mm&r=g","caption":"Jeanette"},"sameAs":["https:\/\/www.eldiario.net\/portal"],"url":"https:\/\/www.eldiario.net\/portal\/author\/jeanette\/"}]}},"_links":{"self":[{"href":"https:\/\/www.eldiario.net\/portal\/wp-json\/wp\/v2\/posts\/127933","targetHints":{"allow":["GET"]}}],"collection":[{"href":"https:\/\/www.eldiario.net\/portal\/wp-json\/wp\/v2\/posts"}],"about":[{"href":"https:\/\/www.eldiario.net\/portal\/wp-json\/wp\/v2\/types\/post"}],"author":[{"embeddable":true,"href":"https:\/\/www.eldiario.net\/portal\/wp-json\/wp\/v2\/users\/1"}],"replies":[{"embeddable":true,"href":"https:\/\/www.eldiario.net\/portal\/wp-json\/wp\/v2\/comments?post=127933"}],"version-history":[{"count":0,"href":"https:\/\/www.eldiario.net\/portal\/wp-json\/wp\/v2\/posts\/127933\/revisions"}],"wp:attachment":[{"href":"https:\/\/www.eldiario.net\/portal\/wp-json\/wp\/v2\/media?parent=127933"}],"wp:term":[{"taxonomy":"category","embeddable":true,"href":"https:\/\/www.eldiario.net\/portal\/wp-json\/wp\/v2\/categories?post=127933"},{"taxonomy":"post_tag","embeddable":true,"href":"https:\/\/www.eldiario.net\/portal\/wp-json\/wp\/v2\/tags?post=127933"}],"curies":[{"name":"wp","href":"https:\/\/api.w.org\/{rel}","templated":true}]}}