{"id":127927,"date":"2022-12-16T04:39:56","date_gmt":"2022-12-16T08:39:56","guid":{"rendered":"https:\/\/www.eldiario.net\/portal\/?p=127927"},"modified":"2022-12-16T04:39:56","modified_gmt":"2022-12-16T08:39:56","slug":"condenan-violencia-politica-en-sesion-de-camara-de-diputados","status":"publish","type":"post","link":"https:\/\/www.eldiario.net\/portal\/2022\/12\/16\/condenan-violencia-politica-en-sesion-de-camara-de-diputados\/","title":{"rendered":"Condenan violencia pol\u00edtica en  sesi\u00f3n de C\u00e1mara de Diputados"},"content":{"rendered":"<p>La diputada por Comunidad Ciudadana (CC), Samantha Nogales, denunci\u00f3 haber sido v\u00edctima de \u201cviolencia pol\u00edtica\u201d durante la sesi\u00f3n de C\u00e1mara Baja en la que su colega oficialista, Juan Jos\u00e9 Huanca, (MAS) la mencion\u00f3 emitiendo comentarios discriminatorios en su contra.<br \/>\nDurante el debate por el tratamiento del Presupuesto General del Estado, Nogales tuvo que interrumpir su intervenci\u00f3n al advertir adjetivos calificativos peyorativos emitidos por el diputado Huanca contra su persona, motivo que gener\u00f3 un intercambio de reclamos entre los presentes.<br \/>\n\u201cEl masismo no tiene ninguna lucha contra la violencia hacia la mujer y utiliza este tipo de insultos que tiene que ver con ofender a la mujer de pollera\u201d, expres\u00f3 la legisladora en conferencia de prensa.<br \/>\nAnte este hecho, Nogales anunci\u00f3 presentar denuncias en la Comisi\u00f3n de \u00c9tica, sin embargo, adelant\u00f3 la posibilidad de que esta acci\u00f3n no prospere debido al control del oficialismo en esta instancia. \u201cLastimosamente mis colegas masistas mujeres le han defendido\u201d, dijo.<br \/>\nPor ello, precis\u00f3 que tambi\u00e9n se asumir\u00e1n acciones legales bajo la figura de \u201cviolencia pol\u00edtica al amparo de las leyes 348 y 243\u201d, seg\u00fan refiri\u00f3 la parlamentaria, recordando que el Gobierno promueve el a\u00f1o de la despatriarcalizaci\u00f3n.<br \/>\nDesde las redes sociales, diferentes parlamentarias al reproche del acto discriminatorio sufrido por Nogales exigiendo a la presidencia de Diputados tomar acciones para que legisladores respeten a sus colegas mujeres.<br \/>\n\u201cLe exigimos a Jerges Mercado que su bancada respete a nuestras colegas diputadas. Mi solidaridad y respaldo a Samantha Nogales y a todas las pol\u00edticas que d\u00eda a d\u00eda nos vemos vulneradas en el ejercicio de nuestros derechos pol\u00edticos\u201d, sostuvo la senadora Andrea Barrientos.<br \/>\nPor su parte, el diputado Huanca trat\u00f3 de justificar sus palabras se\u00f1alando que durante la sesi\u00f3n hubo agresiones permanentes entre opositores y oficialistas. \u201cNo dejan hablar. Quiero pedir que se valore la agresi\u00f3n permanente, no solo nos han dicho corruptos ha habido una agresi\u00f3n permanente\u201d, sostuvo.<\/p>\n","protected":false},"excerpt":{"rendered":"<p>La diputada por Comunidad Ciudadana (CC), Samantha Nogales, denunci\u00f3 haber sido v\u00edctima de \u201cviolencia pol\u00edtica\u201d durante la sesi\u00f3n de C\u00e1mara Baja en la que su colega oficialista, Juan Jos\u00e9 Huanca, (MAS) la mencion\u00f3 emitiendo comentarios discriminatorios en su contra. Durante el debate por el tratamiento del Presupuesto General del Estado, Nogales tuvo que interrumpir su [&hellip;]<\/p>\n","protected":false},"author":1,"featured_media":127928,"comment_status":"closed","ping_status":"closed","sticky":false,"template":"","format":"standard","meta":{"_acf_changed":false,"footnotes":""},"categories":[14],"tags":[],"class_list":["post-127927","post","type-post","status-publish","format-standard","has-post-thumbnail","category-politica"],"acf":{"antetitulo":""},"yoast_head":"<!-- This site is optimized with the Yoast SEO plugin v28.4 - https:\/\/yoast.com\/product\/yoast-seo-wordpress\/ -->\n<title>Condenan violencia pol\u00edtica en sesi\u00f3n de C\u00e1mara de Diputados - El Diario - Bolivia<\/title>\n<meta name=\"robots\" content=\"index, follow, max-snippet:-1, max-image-preview:large, max-video-preview:-1\" \/>\n<link rel=\"canonical\" href=\"https:\/\/www.eldiario.net\/portal\/2022\/12\/16\/condenan-violencia-politica-en-sesion-de-camara-de-diputados\/\" \/>\n<meta property=\"og:locale\" content=\"es_ES\" \/>\n<meta property=\"og:type\" content=\"article\" \/>\n<meta property=\"og:title\" content=\"Condenan violencia pol\u00edtica en sesi\u00f3n de C\u00e1mara de Diputados - El Diario - Bolivia\" \/>\n<meta property=\"og:description\" content=\"La diputada por Comunidad Ciudadana (CC), Samantha Nogales, denunci\u00f3 haber sido v\u00edctima de \u201cviolencia pol\u00edtica\u201d durante la sesi\u00f3n de C\u00e1mara Baja en la que su colega oficialista, Juan Jos\u00e9 Huanca, (MAS) la mencion\u00f3 emitiendo comentarios discriminatorios en su contra. Durante el debate por el tratamiento del Presupuesto General del Estado, Nogales tuvo que interrumpir su [&hellip;]\" \/>\n<meta property=\"og:url\" content=\"https:\/\/www.eldiario.net\/portal\/2022\/12\/16\/condenan-violencia-politica-en-sesion-de-camara-de-diputados\/\" \/>\n<meta property=\"og:site_name\" content=\"El Diario - Bolivia\" \/>\n<meta property=\"article:publisher\" content=\"https:\/\/www.facebook.com\/eldiario.bolivia\/\" \/>\n<meta property=\"article:published_time\" content=\"2022-12-16T08:39:56+00:00\" \/>\n<meta property=\"og:image\" content=\"https:\/\/www.eldiario.net\/portal\/wp-content\/uploads\/2022\/12\/41-POL-6.jpg\" \/>\n\t<meta property=\"og:image:width\" content=\"931\" \/>\n\t<meta property=\"og:image:height\" content=\"427\" \/>\n\t<meta property=\"og:image:type\" content=\"image\/jpeg\" \/>\n<meta name=\"author\" content=\"Jeanette\" \/>\n<meta name=\"twitter:card\" content=\"summary_large_image\" \/>\n<meta name=\"twitter:creator\" content=\"@eldiario_net\" \/>\n<meta name=\"twitter:site\" content=\"@eldiario_net\" \/>\n<meta name=\"twitter:label1\" content=\"Escrito por\" \/>\n\t<meta name=\"twitter:data1\" content=\"Jeanette\" \/>\n\t<meta name=\"twitter:label2\" content=\"Tiempo de lectura\" \/>\n\t<meta name=\"twitter:data2\" content=\"2 minutos\" \/>\n<script type=\"application\/ld+json\" class=\"yoast-schema-graph\">{\"@context\":\"https:\\\/\\\/schema.org\",\"@graph\":[{\"@type\":\"Article\",\"@id\":\"https:\\\/\\\/www.eldiario.net\\\/portal\\\/2022\\\/12\\\/16\\\/condenan-violencia-politica-en-sesion-de-camara-de-diputados\\\/#article\",\"isPartOf\":{\"@id\":\"https:\\\/\\\/www.eldiario.net\\\/portal\\\/2022\\\/12\\\/16\\\/condenan-violencia-politica-en-sesion-de-camara-de-diputados\\\/\"},\"author\":{\"name\":\"Jeanette\",\"@id\":\"https:\\\/\\\/www.eldiario.net\\\/portal\\\/#\\\/schema\\\/person\\\/f46445640444750d7d753ccd04ae01b7\"},\"headline\":\"Condenan violencia pol\u00edtica en sesi\u00f3n de C\u00e1mara de Diputados\",\"datePublished\":\"2022-12-16T08:39:56+00:00\",\"mainEntityOfPage\":{\"@id\":\"https:\\\/\\\/www.eldiario.net\\\/portal\\\/2022\\\/12\\\/16\\\/condenan-violencia-politica-en-sesion-de-camara-de-diputados\\\/\"},\"wordCount\":343,\"publisher\":{\"@id\":\"https:\\\/\\\/www.eldiario.net\\\/portal\\\/#organization\"},\"image\":{\"@id\":\"https:\\\/\\\/www.eldiario.net\\\/portal\\\/2022\\\/12\\\/16\\\/condenan-violencia-politica-en-sesion-de-camara-de-diputados\\\/#primaryimage\"},\"thumbnailUrl\":\"https:\\\/\\\/www.eldiario.net\\\/portal\\\/wp-content\\\/uploads\\\/2022\\\/12\\\/41-POL-6.jpg\",\"articleSection\":[\"Pol\u00edtica\"],\"inLanguage\":\"es\"},{\"@type\":\"WebPage\",\"@id\":\"https:\\\/\\\/www.eldiario.net\\\/portal\\\/2022\\\/12\\\/16\\\/condenan-violencia-politica-en-sesion-de-camara-de-diputados\\\/\",\"url\":\"https:\\\/\\\/www.eldiario.net\\\/portal\\\/2022\\\/12\\\/16\\\/condenan-violencia-politica-en-sesion-de-camara-de-diputados\\\/\",\"name\":\"Condenan violencia pol\u00edtica en sesi\u00f3n de C\u00e1mara de Diputados - El Diario - Bolivia\",\"isPartOf\":{\"@id\":\"https:\\\/\\\/www.eldiario.net\\\/portal\\\/#website\"},\"primaryImageOfPage\":{\"@id\":\"https:\\\/\\\/www.eldiario.net\\\/portal\\\/2022\\\/12\\\/16\\\/condenan-violencia-politica-en-sesion-de-camara-de-diputados\\\/#primaryimage\"},\"image\":{\"@id\":\"https:\\\/\\\/www.eldiario.net\\\/portal\\\/2022\\\/12\\\/16\\\/condenan-violencia-politica-en-sesion-de-camara-de-diputados\\\/#primaryimage\"},\"thumbnailUrl\":\"https:\\\/\\\/www.eldiario.net\\\/portal\\\/wp-content\\\/uploads\\\/2022\\\/12\\\/41-POL-6.jpg\",\"datePublished\":\"2022-12-16T08:39:56+00:00\",\"breadcrumb\":{\"@id\":\"https:\\\/\\\/www.eldiario.net\\\/portal\\\/2022\\\/12\\\/16\\\/condenan-violencia-politica-en-sesion-de-camara-de-diputados\\\/#breadcrumb\"},\"inLanguage\":\"es\",\"potentialAction\":[{\"@type\":\"ReadAction\",\"target\":[\"https:\\\/\\\/www.eldiario.net\\\/portal\\\/2022\\\/12\\\/16\\\/condenan-violencia-politica-en-sesion-de-camara-de-diputados\\\/\"]}]},{\"@type\":\"ImageObject\",\"inLanguage\":\"es\",\"@id\":\"https:\\\/\\\/www.eldiario.net\\\/portal\\\/2022\\\/12\\\/16\\\/condenan-violencia-politica-en-sesion-de-camara-de-diputados\\\/#primaryimage\",\"url\":\"https:\\\/\\\/www.eldiario.net\\\/portal\\\/wp-content\\\/uploads\\\/2022\\\/12\\\/41-POL-6.jpg\",\"contentUrl\":\"https:\\\/\\\/www.eldiario.net\\\/portal\\\/wp-content\\\/uploads\\\/2022\\\/12\\\/41-POL-6.jpg\",\"width\":931,\"height\":427,\"caption\":\"Diputada Samantha Nogales (CC).\"},{\"@type\":\"BreadcrumbList\",\"@id\":\"https:\\\/\\\/www.eldiario.net\\\/portal\\\/2022\\\/12\\\/16\\\/condenan-violencia-politica-en-sesion-de-camara-de-diputados\\\/#breadcrumb\",\"itemListElement\":[{\"@type\":\"ListItem\",\"position\":1,\"name\":\"Portada\",\"item\":\"https:\\\/\\\/www.eldiario.net\\\/portal\\\/\"},{\"@type\":\"ListItem\",\"position\":2,\"name\":\"Condenan violencia pol\u00edtica en sesi\u00f3n de C\u00e1mara de Diputados\"}]},{\"@type\":\"WebSite\",\"@id\":\"https:\\\/\\\/www.eldiario.net\\\/portal\\\/#website\",\"url\":\"https:\\\/\\\/www.eldiario.net\\\/portal\\\/\",\"name\":\"El Diario - Decano de la prensa nacional\",\"description\":\"El Diario - Decano de la prensa nacional\",\"publisher\":{\"@id\":\"https:\\\/\\\/www.eldiario.net\\\/portal\\\/#organization\"},\"potentialAction\":[{\"@type\":\"SearchAction\",\"target\":{\"@type\":\"EntryPoint\",\"urlTemplate\":\"https:\\\/\\\/www.eldiario.net\\\/portal\\\/?s={search_term_string}\"},\"query-input\":{\"@type\":\"PropertyValueSpecification\",\"valueRequired\":true,\"valueName\":\"search_term_string\"}}],\"inLanguage\":\"es\"},{\"@type\":\"Organization\",\"@id\":\"https:\\\/\\\/www.eldiario.net\\\/portal\\\/#organization\",\"name\":\"El Diario - Decano de la prensa nacional\",\"url\":\"https:\\\/\\\/www.eldiario.net\\\/portal\\\/\",\"logo\":{\"@type\":\"ImageObject\",\"inLanguage\":\"es\",\"@id\":\"https:\\\/\\\/www.eldiario.net\\\/portal\\\/#\\\/schema\\\/logo\\\/image\\\/\",\"url\":\"https:\\\/\\\/www.eldiario.net\\\/portal\\\/wp-content\\\/uploads\\\/2023\\\/07\\\/logo_ED.jpg\",\"contentUrl\":\"https:\\\/\\\/www.eldiario.net\\\/portal\\\/wp-content\\\/uploads\\\/2023\\\/07\\\/logo_ED.jpg\",\"width\":272,\"height\":52,\"caption\":\"El Diario - Decano de la prensa nacional\"},\"image\":{\"@id\":\"https:\\\/\\\/www.eldiario.net\\\/portal\\\/#\\\/schema\\\/logo\\\/image\\\/\"},\"sameAs\":[\"https:\\\/\\\/www.facebook.com\\\/eldiario.bolivia\\\/\",\"https:\\\/\\\/x.com\\\/eldiario_net\"]},{\"@type\":\"Person\",\"@id\":\"https:\\\/\\\/www.eldiario.net\\\/portal\\\/#\\\/schema\\\/person\\\/f46445640444750d7d753ccd04ae01b7\",\"name\":\"Jeanette\",\"image\":{\"@type\":\"ImageObject\",\"inLanguage\":\"es\",\"@id\":\"https:\\\/\\\/secure.gravatar.com\\\/avatar\\\/3ea2118a5f7dad2b7138b1187a6b7ee55f160b9968b66013c3a3ef39dd7e5798?s=96&d=mm&r=g\",\"url\":\"https:\\\/\\\/secure.gravatar.com\\\/avatar\\\/3ea2118a5f7dad2b7138b1187a6b7ee55f160b9968b66013c3a3ef39dd7e5798?s=96&d=mm&r=g\",\"contentUrl\":\"https:\\\/\\\/secure.gravatar.com\\\/avatar\\\/3ea2118a5f7dad2b7138b1187a6b7ee55f160b9968b66013c3a3ef39dd7e5798?s=96&d=mm&r=g\",\"caption\":\"Jeanette\"},\"sameAs\":[\"https:\\\/\\\/www.eldiario.net\\\/portal\"],\"url\":\"https:\\\/\\\/www.eldiario.net\\\/portal\\\/author\\\/jeanette\\\/\"}]}<\/script>\n<!-- \/ Yoast SEO plugin. -->","yoast_head_json":{"title":"Condenan violencia pol\u00edtica en sesi\u00f3n de C\u00e1mara de Diputados - El Diario - Bolivia","robots":{"index":"index","follow":"follow","max-snippet":"max-snippet:-1","max-image-preview":"max-image-preview:large","max-video-preview":"max-video-preview:-1"},"canonical":"https:\/\/www.eldiario.net\/portal\/2022\/12\/16\/condenan-violencia-politica-en-sesion-de-camara-de-diputados\/","og_locale":"es_ES","og_type":"article","og_title":"Condenan violencia pol\u00edtica en sesi\u00f3n de C\u00e1mara de Diputados - El Diario - Bolivia","og_description":"La diputada por Comunidad Ciudadana (CC), Samantha Nogales, denunci\u00f3 haber sido v\u00edctima de \u201cviolencia pol\u00edtica\u201d durante la sesi\u00f3n de C\u00e1mara Baja en la que su colega oficialista, Juan Jos\u00e9 Huanca, (MAS) la mencion\u00f3 emitiendo comentarios discriminatorios en su contra. Durante el debate por el tratamiento del Presupuesto General del Estado, Nogales tuvo que interrumpir su [&hellip;]","og_url":"https:\/\/www.eldiario.net\/portal\/2022\/12\/16\/condenan-violencia-politica-en-sesion-de-camara-de-diputados\/","og_site_name":"El Diario - Bolivia","article_publisher":"https:\/\/www.facebook.com\/eldiario.bolivia\/","article_published_time":"2022-12-16T08:39:56+00:00","og_image":[{"width":931,"height":427,"url":"https:\/\/www.eldiario.net\/portal\/wp-content\/uploads\/2022\/12\/41-POL-6.jpg","type":"image\/jpeg"}],"author":"Jeanette","twitter_card":"summary_large_image","twitter_creator":"@eldiario_net","twitter_site":"@eldiario_net","twitter_misc":{"Escrito por":"Jeanette","Tiempo de lectura":"2 minutos"},"schema":{"@context":"https:\/\/schema.org","@graph":[{"@type":"Article","@id":"https:\/\/www.eldiario.net\/portal\/2022\/12\/16\/condenan-violencia-politica-en-sesion-de-camara-de-diputados\/#article","isPartOf":{"@id":"https:\/\/www.eldiario.net\/portal\/2022\/12\/16\/condenan-violencia-politica-en-sesion-de-camara-de-diputados\/"},"author":{"name":"Jeanette","@id":"https:\/\/www.eldiario.net\/portal\/#\/schema\/person\/f46445640444750d7d753ccd04ae01b7"},"headline":"Condenan violencia pol\u00edtica en sesi\u00f3n de C\u00e1mara de Diputados","datePublished":"2022-12-16T08:39:56+00:00","mainEntityOfPage":{"@id":"https:\/\/www.eldiario.net\/portal\/2022\/12\/16\/condenan-violencia-politica-en-sesion-de-camara-de-diputados\/"},"wordCount":343,"publisher":{"@id":"https:\/\/www.eldiario.net\/portal\/#organization"},"image":{"@id":"https:\/\/www.eldiario.net\/portal\/2022\/12\/16\/condenan-violencia-politica-en-sesion-de-camara-de-diputados\/#primaryimage"},"thumbnailUrl":"https:\/\/www.eldiario.net\/portal\/wp-content\/uploads\/2022\/12\/41-POL-6.jpg","articleSection":["Pol\u00edtica"],"inLanguage":"es"},{"@type":"WebPage","@id":"https:\/\/www.eldiario.net\/portal\/2022\/12\/16\/condenan-violencia-politica-en-sesion-de-camara-de-diputados\/","url":"https:\/\/www.eldiario.net\/portal\/2022\/12\/16\/condenan-violencia-politica-en-sesion-de-camara-de-diputados\/","name":"Condenan violencia pol\u00edtica en sesi\u00f3n de C\u00e1mara de Diputados - El Diario - Bolivia","isPartOf":{"@id":"https:\/\/www.eldiario.net\/portal\/#website"},"primaryImageOfPage":{"@id":"https:\/\/www.eldiario.net\/portal\/2022\/12\/16\/condenan-violencia-politica-en-sesion-de-camara-de-diputados\/#primaryimage"},"image":{"@id":"https:\/\/www.eldiario.net\/portal\/2022\/12\/16\/condenan-violencia-politica-en-sesion-de-camara-de-diputados\/#primaryimage"},"thumbnailUrl":"https:\/\/www.eldiario.net\/portal\/wp-content\/uploads\/2022\/12\/41-POL-6.jpg","datePublished":"2022-12-16T08:39:56+00:00","breadcrumb":{"@id":"https:\/\/www.eldiario.net\/portal\/2022\/12\/16\/condenan-violencia-politica-en-sesion-de-camara-de-diputados\/#breadcrumb"},"inLanguage":"es","potentialAction":[{"@type":"ReadAction","target":["https:\/\/www.eldiario.net\/portal\/2022\/12\/16\/condenan-violencia-politica-en-sesion-de-camara-de-diputados\/"]}]},{"@type":"ImageObject","inLanguage":"es","@id":"https:\/\/www.eldiario.net\/portal\/2022\/12\/16\/condenan-violencia-politica-en-sesion-de-camara-de-diputados\/#primaryimage","url":"https:\/\/www.eldiario.net\/portal\/wp-content\/uploads\/2022\/12\/41-POL-6.jpg","contentUrl":"https:\/\/www.eldiario.net\/portal\/wp-content\/uploads\/2022\/12\/41-POL-6.jpg","width":931,"height":427,"caption":"Diputada Samantha Nogales (CC)."},{"@type":"BreadcrumbList","@id":"https:\/\/www.eldiario.net\/portal\/2022\/12\/16\/condenan-violencia-politica-en-sesion-de-camara-de-diputados\/#breadcrumb","itemListElement":[{"@type":"ListItem","position":1,"name":"Portada","item":"https:\/\/www.eldiario.net\/portal\/"},{"@type":"ListItem","position":2,"name":"Condenan violencia pol\u00edtica en sesi\u00f3n de C\u00e1mara de Diputados"}]},{"@type":"WebSite","@id":"https:\/\/www.eldiario.net\/portal\/#website","url":"https:\/\/www.eldiario.net\/portal\/","name":"El Diario - Decano de la prensa nacional","description":"El Diario - Decano de la prensa nacional","publisher":{"@id":"https:\/\/www.eldiario.net\/portal\/#organization"},"potentialAction":[{"@type":"SearchAction","target":{"@type":"EntryPoint","urlTemplate":"https:\/\/www.eldiario.net\/portal\/?s={search_term_string}"},"query-input":{"@type":"PropertyValueSpecification","valueRequired":true,"valueName":"search_term_string"}}],"inLanguage":"es"},{"@type":"Organization","@id":"https:\/\/www.eldiario.net\/portal\/#organization","name":"El Diario - Decano de la prensa nacional","url":"https:\/\/www.eldiario.net\/portal\/","logo":{"@type":"ImageObject","inLanguage":"es","@id":"https:\/\/www.eldiario.net\/portal\/#\/schema\/logo\/image\/","url":"https:\/\/www.eldiario.net\/portal\/wp-content\/uploads\/2023\/07\/logo_ED.jpg","contentUrl":"https:\/\/www.eldiario.net\/portal\/wp-content\/uploads\/2023\/07\/logo_ED.jpg","width":272,"height":52,"caption":"El Diario - Decano de la prensa nacional"},"image":{"@id":"https:\/\/www.eldiario.net\/portal\/#\/schema\/logo\/image\/"},"sameAs":["https:\/\/www.facebook.com\/eldiario.bolivia\/","https:\/\/x.com\/eldiario_net"]},{"@type":"Person","@id":"https:\/\/www.eldiario.net\/portal\/#\/schema\/person\/f46445640444750d7d753ccd04ae01b7","name":"Jeanette","image":{"@type":"ImageObject","inLanguage":"es","@id":"https:\/\/secure.gravatar.com\/avatar\/3ea2118a5f7dad2b7138b1187a6b7ee55f160b9968b66013c3a3ef39dd7e5798?s=96&d=mm&r=g","url":"https:\/\/secure.gravatar.com\/avatar\/3ea2118a5f7dad2b7138b1187a6b7ee55f160b9968b66013c3a3ef39dd7e5798?s=96&d=mm&r=g","contentUrl":"https:\/\/secure.gravatar.com\/avatar\/3ea2118a5f7dad2b7138b1187a6b7ee55f160b9968b66013c3a3ef39dd7e5798?s=96&d=mm&r=g","caption":"Jeanette"},"sameAs":["https:\/\/www.eldiario.net\/portal"],"url":"https:\/\/www.eldiario.net\/portal\/author\/jeanette\/"}]}},"_links":{"self":[{"href":"https:\/\/www.eldiario.net\/portal\/wp-json\/wp\/v2\/posts\/127927","targetHints":{"allow":["GET"]}}],"collection":[{"href":"https:\/\/www.eldiario.net\/portal\/wp-json\/wp\/v2\/posts"}],"about":[{"href":"https:\/\/www.eldiario.net\/portal\/wp-json\/wp\/v2\/types\/post"}],"author":[{"embeddable":true,"href":"https:\/\/www.eldiario.net\/portal\/wp-json\/wp\/v2\/users\/1"}],"replies":[{"embeddable":true,"href":"https:\/\/www.eldiario.net\/portal\/wp-json\/wp\/v2\/comments?post=127927"}],"version-history":[{"count":0,"href":"https:\/\/www.eldiario.net\/portal\/wp-json\/wp\/v2\/posts\/127927\/revisions"}],"wp:featuredmedia":[{"embeddable":true,"href":"https:\/\/www.eldiario.net\/portal\/wp-json\/wp\/v2\/media\/127928"}],"wp:attachment":[{"href":"https:\/\/www.eldiario.net\/portal\/wp-json\/wp\/v2\/media?parent=127927"}],"wp:term":[{"taxonomy":"category","embeddable":true,"href":"https:\/\/www.eldiario.net\/portal\/wp-json\/wp\/v2\/categories?post=127927"},{"taxonomy":"post_tag","embeddable":true,"href":"https:\/\/www.eldiario.net\/portal\/wp-json\/wp\/v2\/tags?post=127927"}],"curies":[{"name":"wp","href":"https:\/\/api.w.org\/{rel}","templated":true}]}}