{"id":127923,"date":"2022-12-16T04:38:23","date_gmt":"2022-12-16T08:38:23","guid":{"rendered":"https:\/\/www.eldiario.net\/portal\/?p=127923"},"modified":"2022-12-16T04:38:23","modified_gmt":"2022-12-16T08:38:23","slug":"decadencia-y-final-del-populismo","status":"publish","type":"post","link":"https:\/\/www.eldiario.net\/portal\/2022\/12\/16\/decadencia-y-final-del-populismo\/","title":{"rendered":"Decadencia y final del populismo"},"content":{"rendered":"<p><em><span class=\"dropcap \" style=\"background-color: #ffffff; color: #000000; border-color: #ffffff;\">E<\/span>l populismo es una ideolog\u00eda pol\u00edtica de te\u00f3ricos venidos a menos, pero tambi\u00e9n es un insulto aplicado por algunas personas a oportunistas acostumbrados al juego de palabras y a vendedores de ilusiones a ingenuos y descre\u00eddos que pasan por la calle.<\/em><br \/>\n<em>El populismo como ideolog\u00eda consiste en que primero la sociedad debe retroceder a la era primitiva, como a las comunidades reci\u00e9n nacidas de los tiempos de las tribus n\u00f3madas, y pasar al socialismo estalinista, saltando la etapa capitalista, es decir, como si a un ni\u00f1o de tres a\u00f1os que no sabe manejar el monopat\u00edn, se le entregase el mando de un avi\u00f3n de cuatro turbinas con 400 pasajeros.<\/em><br \/>\n<em>Este populismo existi\u00f3 alguna vez en la vida pol\u00edtica boliviana y produjo resultados catastr\u00f3ficos, poni\u00e9ndose al servicio del coloniaje y el feudalismo m\u00e1s atrasados. Sin embargo, pese a sus fracasos volvi\u00f3 a sus andadas y se repiti\u00f3 hace poco.<\/em><br \/>\n<em>En d\u00e9cadas recientes, este mal adquiri\u00f3 car\u00e1cter epid\u00e9mico y se extendi\u00f3 a algunos pa\u00edses que fueron sorprendidos en su buena fe por campa\u00f1as de propaganda enga\u00f1osa que ofrec\u00edan con palabras el cielo y las estrellas a los ciudadanos, pero, finalmente, termin\u00f3 conduci\u00e9ndolos al infierno del hambre, pobreza y corrupci\u00f3n y a t\u00edtulo de \u201cSocialismo del Siglo XXI\u201d y otras lindezas.<\/em><br \/>\n<em>Los casos en Latinoam\u00e9rica son f\u00e1ciles de recordar y su presencia fue creciente, al extremo de que la epidemia se convirti\u00f3 en pandemia, sin que se pueda aplicar medidas de defensa para frenar el contagio. Sin embargo, la sociedad ya encontr\u00f3 los mecanismos propios para evitar mayor contaminaci\u00f3n, as\u00ed como las medicinas apropiadas para eliminarlo. La infecci\u00f3n virulenta atac\u00f3 al pa\u00eds del Libertador Bol\u00edvar, pero fue un fracaso absoluto, pues condujo al pueblo a la miseria y hambruna. Luego contagi\u00f3 el virus a otros pa\u00edses en desarrollo que sufrieron los mismos efectos o estaban en camino del abismo populista.<\/em><br \/>\n<em>\u00daltimamente, varias naciones se sacudieron de esa plaga, pero el caso m\u00e1s reciente es el de un pa\u00eds vecino que estaba marchando en forma desbocada al precipicio. Sin embargo, tomando conciencia de lo que podr\u00eda ocurrir al dejarse llevar por la alineaci\u00f3n ideol\u00f3gica populista, reaccion\u00f3 sin demora y puso las cosas en orden, demostrando que no iba a ser enga\u00f1ado en un momento de descuido que nunca se perdona.<\/em><br \/>\n<em>La econom\u00eda y el orden pol\u00edtico de un pa\u00eds pueden ser destruidos en dos o tres a\u00f1os. Pero el problema est\u00e1 en que su reconstrucci\u00f3n no es inmediata ni f\u00e1cil. Generalmente dura decenios. Se debe destacar que la ideolog\u00eda populista a\u00fan respira por la llaga, pero puede reaccionar con m\u00e1s fuerza. En todo caso, se encuentra en decadencia y su final ya est\u00e1 a la vista.<\/em><\/p>\n","protected":false},"excerpt":{"rendered":"<p>El populismo es una ideolog\u00eda pol\u00edtica de te\u00f3ricos venidos a menos, pero tambi\u00e9n es un insulto aplicado por algunas personas a oportunistas acostumbrados al juego de palabras y a vendedores de ilusiones a ingenuos y descre\u00eddos que pasan por la calle. El populismo como ideolog\u00eda consiste en que primero la sociedad debe retroceder a la [&hellip;]<\/p>\n","protected":false},"author":1,"featured_media":0,"comment_status":"closed","ping_status":"closed","sticky":false,"template":"","format":"standard","meta":{"_acf_changed":false,"footnotes":""},"categories":[4],"tags":[],"class_list":["post-127923","post","type-post","status-publish","format-standard","category-editorial"],"acf":{"antetitulo":""},"yoast_head":"<!-- This site is optimized with the Yoast SEO plugin v28.4 - https:\/\/yoast.com\/product\/yoast-seo-wordpress\/ -->\n<title>Decadencia y final del populismo - El Diario - Bolivia<\/title>\n<meta name=\"robots\" content=\"index, follow, max-snippet:-1, max-image-preview:large, max-video-preview:-1\" \/>\n<link rel=\"canonical\" href=\"https:\/\/www.eldiario.net\/portal\/2022\/12\/16\/decadencia-y-final-del-populismo\/\" \/>\n<meta property=\"og:locale\" content=\"es_ES\" \/>\n<meta property=\"og:type\" content=\"article\" \/>\n<meta property=\"og:title\" content=\"Decadencia y final del populismo - El Diario - Bolivia\" \/>\n<meta property=\"og:description\" content=\"El populismo es una ideolog\u00eda pol\u00edtica de te\u00f3ricos venidos a menos, pero tambi\u00e9n es un insulto aplicado por algunas personas a oportunistas acostumbrados al juego de palabras y a vendedores de ilusiones a ingenuos y descre\u00eddos que pasan por la calle. El populismo como ideolog\u00eda consiste en que primero la sociedad debe retroceder a la [&hellip;]\" \/>\n<meta property=\"og:url\" content=\"https:\/\/www.eldiario.net\/portal\/2022\/12\/16\/decadencia-y-final-del-populismo\/\" \/>\n<meta property=\"og:site_name\" content=\"El Diario - Bolivia\" \/>\n<meta property=\"article:publisher\" content=\"https:\/\/www.facebook.com\/eldiario.bolivia\/\" \/>\n<meta property=\"article:published_time\" content=\"2022-12-16T08:38:23+00:00\" \/>\n<meta name=\"author\" content=\"Jeanette\" \/>\n<meta name=\"twitter:card\" content=\"summary_large_image\" \/>\n<meta name=\"twitter:creator\" content=\"@eldiario_net\" \/>\n<meta name=\"twitter:site\" content=\"@eldiario_net\" \/>\n<meta name=\"twitter:label1\" content=\"Escrito por\" \/>\n\t<meta name=\"twitter:data1\" content=\"Jeanette\" \/>\n\t<meta name=\"twitter:label2\" content=\"Tiempo de lectura\" \/>\n\t<meta name=\"twitter:data2\" content=\"3 minutos\" \/>\n<script type=\"application\/ld+json\" class=\"yoast-schema-graph\">{\"@context\":\"https:\\\/\\\/schema.org\",\"@graph\":[{\"@type\":\"Article\",\"@id\":\"https:\\\/\\\/www.eldiario.net\\\/portal\\\/2022\\\/12\\\/16\\\/decadencia-y-final-del-populismo\\\/#article\",\"isPartOf\":{\"@id\":\"https:\\\/\\\/www.eldiario.net\\\/portal\\\/2022\\\/12\\\/16\\\/decadencia-y-final-del-populismo\\\/\"},\"author\":{\"name\":\"Jeanette\",\"@id\":\"https:\\\/\\\/www.eldiario.net\\\/portal\\\/#\\\/schema\\\/person\\\/f46445640444750d7d753ccd04ae01b7\"},\"headline\":\"Decadencia y final del populismo\",\"datePublished\":\"2022-12-16T08:38:23+00:00\",\"mainEntityOfPage\":{\"@id\":\"https:\\\/\\\/www.eldiario.net\\\/portal\\\/2022\\\/12\\\/16\\\/decadencia-y-final-del-populismo\\\/\"},\"wordCount\":494,\"publisher\":{\"@id\":\"https:\\\/\\\/www.eldiario.net\\\/portal\\\/#organization\"},\"articleSection\":[\"Editorial\"],\"inLanguage\":\"es\"},{\"@type\":\"WebPage\",\"@id\":\"https:\\\/\\\/www.eldiario.net\\\/portal\\\/2022\\\/12\\\/16\\\/decadencia-y-final-del-populismo\\\/\",\"url\":\"https:\\\/\\\/www.eldiario.net\\\/portal\\\/2022\\\/12\\\/16\\\/decadencia-y-final-del-populismo\\\/\",\"name\":\"Decadencia y final del populismo - El Diario - Bolivia\",\"isPartOf\":{\"@id\":\"https:\\\/\\\/www.eldiario.net\\\/portal\\\/#website\"},\"datePublished\":\"2022-12-16T08:38:23+00:00\",\"breadcrumb\":{\"@id\":\"https:\\\/\\\/www.eldiario.net\\\/portal\\\/2022\\\/12\\\/16\\\/decadencia-y-final-del-populismo\\\/#breadcrumb\"},\"inLanguage\":\"es\",\"potentialAction\":[{\"@type\":\"ReadAction\",\"target\":[\"https:\\\/\\\/www.eldiario.net\\\/portal\\\/2022\\\/12\\\/16\\\/decadencia-y-final-del-populismo\\\/\"]}]},{\"@type\":\"BreadcrumbList\",\"@id\":\"https:\\\/\\\/www.eldiario.net\\\/portal\\\/2022\\\/12\\\/16\\\/decadencia-y-final-del-populismo\\\/#breadcrumb\",\"itemListElement\":[{\"@type\":\"ListItem\",\"position\":1,\"name\":\"Portada\",\"item\":\"https:\\\/\\\/www.eldiario.net\\\/portal\\\/\"},{\"@type\":\"ListItem\",\"position\":2,\"name\":\"Decadencia y final del populismo\"}]},{\"@type\":\"WebSite\",\"@id\":\"https:\\\/\\\/www.eldiario.net\\\/portal\\\/#website\",\"url\":\"https:\\\/\\\/www.eldiario.net\\\/portal\\\/\",\"name\":\"El Diario - Decano de la prensa nacional\",\"description\":\"El Diario - Decano de la prensa nacional\",\"publisher\":{\"@id\":\"https:\\\/\\\/www.eldiario.net\\\/portal\\\/#organization\"},\"potentialAction\":[{\"@type\":\"SearchAction\",\"target\":{\"@type\":\"EntryPoint\",\"urlTemplate\":\"https:\\\/\\\/www.eldiario.net\\\/portal\\\/?s={search_term_string}\"},\"query-input\":{\"@type\":\"PropertyValueSpecification\",\"valueRequired\":true,\"valueName\":\"search_term_string\"}}],\"inLanguage\":\"es\"},{\"@type\":\"Organization\",\"@id\":\"https:\\\/\\\/www.eldiario.net\\\/portal\\\/#organization\",\"name\":\"El Diario - Decano de la prensa nacional\",\"url\":\"https:\\\/\\\/www.eldiario.net\\\/portal\\\/\",\"logo\":{\"@type\":\"ImageObject\",\"inLanguage\":\"es\",\"@id\":\"https:\\\/\\\/www.eldiario.net\\\/portal\\\/#\\\/schema\\\/logo\\\/image\\\/\",\"url\":\"https:\\\/\\\/www.eldiario.net\\\/portal\\\/wp-content\\\/uploads\\\/2023\\\/07\\\/logo_ED.jpg\",\"contentUrl\":\"https:\\\/\\\/www.eldiario.net\\\/portal\\\/wp-content\\\/uploads\\\/2023\\\/07\\\/logo_ED.jpg\",\"width\":272,\"height\":52,\"caption\":\"El Diario - Decano de la prensa nacional\"},\"image\":{\"@id\":\"https:\\\/\\\/www.eldiario.net\\\/portal\\\/#\\\/schema\\\/logo\\\/image\\\/\"},\"sameAs\":[\"https:\\\/\\\/www.facebook.com\\\/eldiario.bolivia\\\/\",\"https:\\\/\\\/x.com\\\/eldiario_net\"]},{\"@type\":\"Person\",\"@id\":\"https:\\\/\\\/www.eldiario.net\\\/portal\\\/#\\\/schema\\\/person\\\/f46445640444750d7d753ccd04ae01b7\",\"name\":\"Jeanette\",\"image\":{\"@type\":\"ImageObject\",\"inLanguage\":\"es\",\"@id\":\"https:\\\/\\\/secure.gravatar.com\\\/avatar\\\/3ea2118a5f7dad2b7138b1187a6b7ee55f160b9968b66013c3a3ef39dd7e5798?s=96&d=mm&r=g\",\"url\":\"https:\\\/\\\/secure.gravatar.com\\\/avatar\\\/3ea2118a5f7dad2b7138b1187a6b7ee55f160b9968b66013c3a3ef39dd7e5798?s=96&d=mm&r=g\",\"contentUrl\":\"https:\\\/\\\/secure.gravatar.com\\\/avatar\\\/3ea2118a5f7dad2b7138b1187a6b7ee55f160b9968b66013c3a3ef39dd7e5798?s=96&d=mm&r=g\",\"caption\":\"Jeanette\"},\"sameAs\":[\"https:\\\/\\\/www.eldiario.net\\\/portal\"],\"url\":\"https:\\\/\\\/www.eldiario.net\\\/portal\\\/author\\\/jeanette\\\/\"}]}<\/script>\n<!-- \/ Yoast SEO plugin. -->","yoast_head_json":{"title":"Decadencia y final del populismo - El Diario - Bolivia","robots":{"index":"index","follow":"follow","max-snippet":"max-snippet:-1","max-image-preview":"max-image-preview:large","max-video-preview":"max-video-preview:-1"},"canonical":"https:\/\/www.eldiario.net\/portal\/2022\/12\/16\/decadencia-y-final-del-populismo\/","og_locale":"es_ES","og_type":"article","og_title":"Decadencia y final del populismo - El Diario - Bolivia","og_description":"El populismo es una ideolog\u00eda pol\u00edtica de te\u00f3ricos venidos a menos, pero tambi\u00e9n es un insulto aplicado por algunas personas a oportunistas acostumbrados al juego de palabras y a vendedores de ilusiones a ingenuos y descre\u00eddos que pasan por la calle. El populismo como ideolog\u00eda consiste en que primero la sociedad debe retroceder a la [&hellip;]","og_url":"https:\/\/www.eldiario.net\/portal\/2022\/12\/16\/decadencia-y-final-del-populismo\/","og_site_name":"El Diario - Bolivia","article_publisher":"https:\/\/www.facebook.com\/eldiario.bolivia\/","article_published_time":"2022-12-16T08:38:23+00:00","author":"Jeanette","twitter_card":"summary_large_image","twitter_creator":"@eldiario_net","twitter_site":"@eldiario_net","twitter_misc":{"Escrito por":"Jeanette","Tiempo de lectura":"3 minutos"},"schema":{"@context":"https:\/\/schema.org","@graph":[{"@type":"Article","@id":"https:\/\/www.eldiario.net\/portal\/2022\/12\/16\/decadencia-y-final-del-populismo\/#article","isPartOf":{"@id":"https:\/\/www.eldiario.net\/portal\/2022\/12\/16\/decadencia-y-final-del-populismo\/"},"author":{"name":"Jeanette","@id":"https:\/\/www.eldiario.net\/portal\/#\/schema\/person\/f46445640444750d7d753ccd04ae01b7"},"headline":"Decadencia y final del populismo","datePublished":"2022-12-16T08:38:23+00:00","mainEntityOfPage":{"@id":"https:\/\/www.eldiario.net\/portal\/2022\/12\/16\/decadencia-y-final-del-populismo\/"},"wordCount":494,"publisher":{"@id":"https:\/\/www.eldiario.net\/portal\/#organization"},"articleSection":["Editorial"],"inLanguage":"es"},{"@type":"WebPage","@id":"https:\/\/www.eldiario.net\/portal\/2022\/12\/16\/decadencia-y-final-del-populismo\/","url":"https:\/\/www.eldiario.net\/portal\/2022\/12\/16\/decadencia-y-final-del-populismo\/","name":"Decadencia y final del populismo - El Diario - Bolivia","isPartOf":{"@id":"https:\/\/www.eldiario.net\/portal\/#website"},"datePublished":"2022-12-16T08:38:23+00:00","breadcrumb":{"@id":"https:\/\/www.eldiario.net\/portal\/2022\/12\/16\/decadencia-y-final-del-populismo\/#breadcrumb"},"inLanguage":"es","potentialAction":[{"@type":"ReadAction","target":["https:\/\/www.eldiario.net\/portal\/2022\/12\/16\/decadencia-y-final-del-populismo\/"]}]},{"@type":"BreadcrumbList","@id":"https:\/\/www.eldiario.net\/portal\/2022\/12\/16\/decadencia-y-final-del-populismo\/#breadcrumb","itemListElement":[{"@type":"ListItem","position":1,"name":"Portada","item":"https:\/\/www.eldiario.net\/portal\/"},{"@type":"ListItem","position":2,"name":"Decadencia y final del populismo"}]},{"@type":"WebSite","@id":"https:\/\/www.eldiario.net\/portal\/#website","url":"https:\/\/www.eldiario.net\/portal\/","name":"El Diario - Decano de la prensa nacional","description":"El Diario - Decano de la prensa nacional","publisher":{"@id":"https:\/\/www.eldiario.net\/portal\/#organization"},"potentialAction":[{"@type":"SearchAction","target":{"@type":"EntryPoint","urlTemplate":"https:\/\/www.eldiario.net\/portal\/?s={search_term_string}"},"query-input":{"@type":"PropertyValueSpecification","valueRequired":true,"valueName":"search_term_string"}}],"inLanguage":"es"},{"@type":"Organization","@id":"https:\/\/www.eldiario.net\/portal\/#organization","name":"El Diario - Decano de la prensa nacional","url":"https:\/\/www.eldiario.net\/portal\/","logo":{"@type":"ImageObject","inLanguage":"es","@id":"https:\/\/www.eldiario.net\/portal\/#\/schema\/logo\/image\/","url":"https:\/\/www.eldiario.net\/portal\/wp-content\/uploads\/2023\/07\/logo_ED.jpg","contentUrl":"https:\/\/www.eldiario.net\/portal\/wp-content\/uploads\/2023\/07\/logo_ED.jpg","width":272,"height":52,"caption":"El Diario - Decano de la prensa nacional"},"image":{"@id":"https:\/\/www.eldiario.net\/portal\/#\/schema\/logo\/image\/"},"sameAs":["https:\/\/www.facebook.com\/eldiario.bolivia\/","https:\/\/x.com\/eldiario_net"]},{"@type":"Person","@id":"https:\/\/www.eldiario.net\/portal\/#\/schema\/person\/f46445640444750d7d753ccd04ae01b7","name":"Jeanette","image":{"@type":"ImageObject","inLanguage":"es","@id":"https:\/\/secure.gravatar.com\/avatar\/3ea2118a5f7dad2b7138b1187a6b7ee55f160b9968b66013c3a3ef39dd7e5798?s=96&d=mm&r=g","url":"https:\/\/secure.gravatar.com\/avatar\/3ea2118a5f7dad2b7138b1187a6b7ee55f160b9968b66013c3a3ef39dd7e5798?s=96&d=mm&r=g","contentUrl":"https:\/\/secure.gravatar.com\/avatar\/3ea2118a5f7dad2b7138b1187a6b7ee55f160b9968b66013c3a3ef39dd7e5798?s=96&d=mm&r=g","caption":"Jeanette"},"sameAs":["https:\/\/www.eldiario.net\/portal"],"url":"https:\/\/www.eldiario.net\/portal\/author\/jeanette\/"}]}},"_links":{"self":[{"href":"https:\/\/www.eldiario.net\/portal\/wp-json\/wp\/v2\/posts\/127923","targetHints":{"allow":["GET"]}}],"collection":[{"href":"https:\/\/www.eldiario.net\/portal\/wp-json\/wp\/v2\/posts"}],"about":[{"href":"https:\/\/www.eldiario.net\/portal\/wp-json\/wp\/v2\/types\/post"}],"author":[{"embeddable":true,"href":"https:\/\/www.eldiario.net\/portal\/wp-json\/wp\/v2\/users\/1"}],"replies":[{"embeddable":true,"href":"https:\/\/www.eldiario.net\/portal\/wp-json\/wp\/v2\/comments?post=127923"}],"version-history":[{"count":0,"href":"https:\/\/www.eldiario.net\/portal\/wp-json\/wp\/v2\/posts\/127923\/revisions"}],"wp:attachment":[{"href":"https:\/\/www.eldiario.net\/portal\/wp-json\/wp\/v2\/media?parent=127923"}],"wp:term":[{"taxonomy":"category","embeddable":true,"href":"https:\/\/www.eldiario.net\/portal\/wp-json\/wp\/v2\/categories?post=127923"},{"taxonomy":"post_tag","embeddable":true,"href":"https:\/\/www.eldiario.net\/portal\/wp-json\/wp\/v2\/tags?post=127923"}],"curies":[{"name":"wp","href":"https:\/\/api.w.org\/{rel}","templated":true}]}}