{"id":127921,"date":"2022-12-16T04:37:51","date_gmt":"2022-12-16T08:37:51","guid":{"rendered":"https:\/\/www.eldiario.net\/portal\/?p=127921"},"modified":"2022-12-16T04:37:51","modified_gmt":"2022-12-16T08:37:51","slug":"sin-personajes-a-no-ser-que","status":"publish","type":"post","link":"https:\/\/www.eldiario.net\/portal\/2022\/12\/16\/sin-personajes-a-no-ser-que\/","title":{"rendered":"Sin personajes, a no ser que\u2026"},"content":{"rendered":"<p>A estas alturas del a\u00f1o, revistas famosas, instituciones reconocidas u otro tipo de organizaciones en el mundo hacen evaluaciones sobre qui\u00e9nes se han destacado en la gesti\u00f3n \u2014algunas de ellas sin hacer distinciones entre el aporte altruista, cient\u00edfico, art\u00edstico, literario, del pensamiento o cualquier otra categor\u00eda\u2014, a veces con criterios no muy inteligentes que contemplan la resonancia no siempre positiva en el marco de una sociedad. Y m\u00e1s a\u00fan, que pueden considerar que ciertos grupos, colectividades y hasta pa\u00edses enteros hayan tenido una actuaci\u00f3n tan (negativamente) sobresaliente que merezcan el t\u00edtulo siempre honroso de \u201cpersonaje del a\u00f1o\u201d.<br \/>\nEn la ya larga tradici\u00f3n de escoger al personaje del a\u00f1o, en diversas latitudes del mundo, o del elegido por ciertas revistas \u2014eso s\u00ed, muy influyentes en todo el orbe, pero que no pueden representar la opini\u00f3n de los 8.000.000.000 de habitantes\u2014, no ha faltado que una m\u00e1quina (concretamente un ordenador) haya sido distinguida con el t\u00edtulo que la puso por delante de sus creadores.<br \/>\nLa verdad, desde mi punto de vista, es que, en un mundo en que el propio internet (ya muy pr\u00f3ximo a ser considerado un derecho humano) ha influido en tal grado en la percepci\u00f3n no siempre correcta de sus usuarios, las opiniones de los l\u00edderes de opini\u00f3n \u2014marcadas unas veces por un excesivo nacionalismo, otras por intereses ideol\u00f3gicos, por factores culturales, y en los \u00faltimos a\u00f1os por las tendencias esnobistas de un feminismo que ha contaminado los aut\u00e9nticos derechos de las mujeres\u2014 resultar\u00edan insuficientes para complacer a todos. Pero si algo claro tengo en todo este invento de Time es que el t\u00e9rmino \u201cpersonaje\u201d, cuyo significado tiene que ver con una \u201cpersona\u201d (en singular), debe recaer siempre en una persona f\u00edsica, o, como en derecho tambi\u00e9n se la denomina, en una persona natural como oposici\u00f3n a las personas colectivas o jur\u00eddicas, bien porque solo en aquellas recae la posibilidad de alcanzar la celebridad que tendr\u00eda que ser la estipulaci\u00f3n del aspirante, bien porque en una colectividad (por ejemplo un contingente de soldados heroicos, un conglomerado de activistas por la reivindicaci\u00f3n de alg\u00fan derecho o un equipo de cient\u00edficos que ha logrado alg\u00fan avance evidente para la ciencia) no existe individualmente nadie destacado. Por tanto, individualizar a quien ha liderado esa o esas acciones es tarea muy subjetiva.<br \/>\nY si respecto a esas controversias sobre si las entidades, los hechos o la pluralidad de personas deban ser sujetos de elecci\u00f3n, creo que en este tiempo en que la informaci\u00f3n y, ante todo, la opini\u00f3n mayoritaria, no de los promotores, sino del universo que a trav\u00e9s de organizaciones period\u00edsticas son finalmente los que eligen al personaje del a\u00f1o, pocos, si no nadie, sugerir\u00edan el nombre de alguien que emule a Adolf Hitler, Benito Mussolini o Joseph Stalin, que en algunos pa\u00edses del Caribe los hay, no obstante ser sobresalientes respecto de sus colegas de mentalidad estacionada de otros pa\u00edses.<br \/>\nPero bien, la declaraci\u00f3n de \u201cpersonaje del a\u00f1o\u201d tampoco debe tratarse de un acto sexista, que feministas proponen menoscabando el valor de las mujeres, como si tal hecho fuera un m\u00e9rito per se y ensanchando la brecha que han logrado entre hombre y mujer, cuando por natura, por ley y por justicia, deben tener igualdad de oportunidades, de modo que pensar en personajes hombre y mujer es un sinsentido. Y no es que en Bolivia escaseen los hombres o mujeres capaces, pero lo que abunda es la falta de \u00e9tica y de valores morales, hablando sobre todo de los pol\u00edticos, a quienes con preferencia en el pasado se ha honrado con la designaci\u00f3n. Tampoco los grupos pueden merecidamente ser acreedores de la distinci\u00f3n, porque se cae en un subjetivismo que relativiza el privilegio de su reconocimiento.<br \/>\nTampoco se trata de una canonizaci\u00f3n, porque entonces existen m\u00e1rtires del sistema como Jeanine A\u00f1ez o Marco Pumari, cuya injusticia contra ellos har\u00eda bien merecido su reconocimiento, ni de una demonizaci\u00f3n del nombrado, porque de lo contrario la empresa BoA podr\u00eda con justicia ganar por ser una de las peores l\u00edneas a\u00e9reas del mundo no solamente por el extrav\u00edo del gatito Tito, sino por el mal servicio que prest\u00f3 en todo el a\u00f1o por encima de muchas empresas del Estado.<br \/>\nEn consecuencia, teniendo todo el mundo errores, son las virtudes de las personas f\u00edsicas las que deben imponerse sobre cualquier otra consideraci\u00f3n, y en ese contexto de haber alguien sobresaliente en nuestro medio, me inclino por Conrrado Moscoso Ortiz, campe\u00f3n mundial de r\u00e1quet por sus propios m\u00e9ritos y su disciplina.<\/p>\n<p>Augusto Vera Riveros es jurista y escritor.<\/p>\n","protected":false},"excerpt":{"rendered":"<p>A estas alturas del a\u00f1o, revistas famosas, instituciones reconocidas u otro tipo de organizaciones en el mundo hacen evaluaciones sobre qui\u00e9nes se han destacado en la gesti\u00f3n \u2014algunas de ellas sin hacer distinciones entre el aporte altruista, cient\u00edfico, art\u00edstico, literario, del pensamiento o cualquier otra categor\u00eda\u2014, a veces con criterios no muy inteligentes que contemplan [&hellip;]<\/p>\n","protected":false},"author":1,"featured_media":7684,"comment_status":"closed","ping_status":"closed","sticky":false,"template":"","format":"standard","meta":{"_acf_changed":false,"footnotes":""},"categories":[9],"tags":[],"class_list":["post-127921","post","type-post","status-publish","format-standard","has-post-thumbnail","category-opinion"],"acf":{"antetitulo":""},"yoast_head":"<!-- This site is optimized with the Yoast SEO plugin v28.4 - https:\/\/yoast.com\/product\/yoast-seo-wordpress\/ -->\n<title>Sin personajes, a no ser que\u2026 - El Diario - Bolivia<\/title>\n<meta name=\"robots\" content=\"index, follow, max-snippet:-1, max-image-preview:large, max-video-preview:-1\" \/>\n<link rel=\"canonical\" href=\"https:\/\/www.eldiario.net\/portal\/2022\/12\/16\/sin-personajes-a-no-ser-que\/\" \/>\n<meta property=\"og:locale\" content=\"es_ES\" \/>\n<meta property=\"og:type\" content=\"article\" \/>\n<meta property=\"og:title\" content=\"Sin personajes, a no ser que\u2026 - El Diario - Bolivia\" \/>\n<meta property=\"og:description\" content=\"A estas alturas del a\u00f1o, revistas famosas, instituciones reconocidas u otro tipo de organizaciones en el mundo hacen evaluaciones sobre qui\u00e9nes se han destacado en la gesti\u00f3n \u2014algunas de ellas sin hacer distinciones entre el aporte altruista, cient\u00edfico, art\u00edstico, literario, del pensamiento o cualquier otra categor\u00eda\u2014, a veces con criterios no muy inteligentes que contemplan [&hellip;]\" \/>\n<meta property=\"og:url\" content=\"https:\/\/www.eldiario.net\/portal\/2022\/12\/16\/sin-personajes-a-no-ser-que\/\" \/>\n<meta property=\"og:site_name\" content=\"El Diario - Bolivia\" \/>\n<meta property=\"article:publisher\" content=\"https:\/\/www.facebook.com\/eldiario.bolivia\/\" \/>\n<meta property=\"article:published_time\" content=\"2022-12-16T08:37:51+00:00\" \/>\n<meta property=\"og:image\" content=\"https:\/\/www.eldiario.net\/portal\/wp-content\/uploads\/2021\/06\/Augusto-Vera-Riveros.jpg\" \/>\n\t<meta property=\"og:image:width\" content=\"1\" \/>\n\t<meta property=\"og:image:height\" content=\"1\" \/>\n\t<meta property=\"og:image:type\" content=\"image\/jpeg\" \/>\n<meta name=\"author\" content=\"Jeanette\" \/>\n<meta name=\"twitter:card\" content=\"summary_large_image\" \/>\n<meta name=\"twitter:creator\" content=\"@eldiario_net\" \/>\n<meta name=\"twitter:site\" content=\"@eldiario_net\" \/>\n<meta name=\"twitter:label1\" content=\"Escrito por\" \/>\n\t<meta name=\"twitter:data1\" content=\"Jeanette\" \/>\n\t<meta name=\"twitter:label2\" content=\"Tiempo de lectura\" \/>\n\t<meta name=\"twitter:data2\" content=\"4 minutos\" \/>\n<script type=\"application\/ld+json\" class=\"yoast-schema-graph\">{\"@context\":\"https:\\\/\\\/schema.org\",\"@graph\":[{\"@type\":\"Article\",\"@id\":\"https:\\\/\\\/www.eldiario.net\\\/portal\\\/2022\\\/12\\\/16\\\/sin-personajes-a-no-ser-que\\\/#article\",\"isPartOf\":{\"@id\":\"https:\\\/\\\/www.eldiario.net\\\/portal\\\/2022\\\/12\\\/16\\\/sin-personajes-a-no-ser-que\\\/\"},\"author\":{\"name\":\"Jeanette\",\"@id\":\"https:\\\/\\\/www.eldiario.net\\\/portal\\\/#\\\/schema\\\/person\\\/f46445640444750d7d753ccd04ae01b7\"},\"headline\":\"Sin personajes, a no ser que\u2026\",\"datePublished\":\"2022-12-16T08:37:51+00:00\",\"mainEntityOfPage\":{\"@id\":\"https:\\\/\\\/www.eldiario.net\\\/portal\\\/2022\\\/12\\\/16\\\/sin-personajes-a-no-ser-que\\\/\"},\"wordCount\":823,\"publisher\":{\"@id\":\"https:\\\/\\\/www.eldiario.net\\\/portal\\\/#organization\"},\"image\":{\"@id\":\"https:\\\/\\\/www.eldiario.net\\\/portal\\\/2022\\\/12\\\/16\\\/sin-personajes-a-no-ser-que\\\/#primaryimage\"},\"thumbnailUrl\":\"https:\\\/\\\/www.eldiario.net\\\/portal\\\/wp-content\\\/uploads\\\/2021\\\/06\\\/Augusto-Vera-Riveros.jpg\",\"articleSection\":[\"Opini\u00f3n\"],\"inLanguage\":\"es\"},{\"@type\":\"WebPage\",\"@id\":\"https:\\\/\\\/www.eldiario.net\\\/portal\\\/2022\\\/12\\\/16\\\/sin-personajes-a-no-ser-que\\\/\",\"url\":\"https:\\\/\\\/www.eldiario.net\\\/portal\\\/2022\\\/12\\\/16\\\/sin-personajes-a-no-ser-que\\\/\",\"name\":\"Sin personajes, a no ser que\u2026 - El Diario - Bolivia\",\"isPartOf\":{\"@id\":\"https:\\\/\\\/www.eldiario.net\\\/portal\\\/#website\"},\"primaryImageOfPage\":{\"@id\":\"https:\\\/\\\/www.eldiario.net\\\/portal\\\/2022\\\/12\\\/16\\\/sin-personajes-a-no-ser-que\\\/#primaryimage\"},\"image\":{\"@id\":\"https:\\\/\\\/www.eldiario.net\\\/portal\\\/2022\\\/12\\\/16\\\/sin-personajes-a-no-ser-que\\\/#primaryimage\"},\"thumbnailUrl\":\"https:\\\/\\\/www.eldiario.net\\\/portal\\\/wp-content\\\/uploads\\\/2021\\\/06\\\/Augusto-Vera-Riveros.jpg\",\"datePublished\":\"2022-12-16T08:37:51+00:00\",\"breadcrumb\":{\"@id\":\"https:\\\/\\\/www.eldiario.net\\\/portal\\\/2022\\\/12\\\/16\\\/sin-personajes-a-no-ser-que\\\/#breadcrumb\"},\"inLanguage\":\"es\",\"potentialAction\":[{\"@type\":\"ReadAction\",\"target\":[\"https:\\\/\\\/www.eldiario.net\\\/portal\\\/2022\\\/12\\\/16\\\/sin-personajes-a-no-ser-que\\\/\"]}]},{\"@type\":\"ImageObject\",\"inLanguage\":\"es\",\"@id\":\"https:\\\/\\\/www.eldiario.net\\\/portal\\\/2022\\\/12\\\/16\\\/sin-personajes-a-no-ser-que\\\/#primaryimage\",\"url\":\"https:\\\/\\\/www.eldiario.net\\\/portal\\\/wp-content\\\/uploads\\\/2021\\\/06\\\/Augusto-Vera-Riveros.jpg\",\"contentUrl\":\"https:\\\/\\\/www.eldiario.net\\\/portal\\\/wp-content\\\/uploads\\\/2021\\\/06\\\/Augusto-Vera-Riveros.jpg\"},{\"@type\":\"BreadcrumbList\",\"@id\":\"https:\\\/\\\/www.eldiario.net\\\/portal\\\/2022\\\/12\\\/16\\\/sin-personajes-a-no-ser-que\\\/#breadcrumb\",\"itemListElement\":[{\"@type\":\"ListItem\",\"position\":1,\"name\":\"Portada\",\"item\":\"https:\\\/\\\/www.eldiario.net\\\/portal\\\/\"},{\"@type\":\"ListItem\",\"position\":2,\"name\":\"Sin personajes, a no ser que\u2026\"}]},{\"@type\":\"WebSite\",\"@id\":\"https:\\\/\\\/www.eldiario.net\\\/portal\\\/#website\",\"url\":\"https:\\\/\\\/www.eldiario.net\\\/portal\\\/\",\"name\":\"El Diario - Decano de la prensa nacional\",\"description\":\"El Diario - Decano de la prensa nacional\",\"publisher\":{\"@id\":\"https:\\\/\\\/www.eldiario.net\\\/portal\\\/#organization\"},\"potentialAction\":[{\"@type\":\"SearchAction\",\"target\":{\"@type\":\"EntryPoint\",\"urlTemplate\":\"https:\\\/\\\/www.eldiario.net\\\/portal\\\/?s={search_term_string}\"},\"query-input\":{\"@type\":\"PropertyValueSpecification\",\"valueRequired\":true,\"valueName\":\"search_term_string\"}}],\"inLanguage\":\"es\"},{\"@type\":\"Organization\",\"@id\":\"https:\\\/\\\/www.eldiario.net\\\/portal\\\/#organization\",\"name\":\"El Diario - Decano de la prensa nacional\",\"url\":\"https:\\\/\\\/www.eldiario.net\\\/portal\\\/\",\"logo\":{\"@type\":\"ImageObject\",\"inLanguage\":\"es\",\"@id\":\"https:\\\/\\\/www.eldiario.net\\\/portal\\\/#\\\/schema\\\/logo\\\/image\\\/\",\"url\":\"https:\\\/\\\/www.eldiario.net\\\/portal\\\/wp-content\\\/uploads\\\/2023\\\/07\\\/logo_ED.jpg\",\"contentUrl\":\"https:\\\/\\\/www.eldiario.net\\\/portal\\\/wp-content\\\/uploads\\\/2023\\\/07\\\/logo_ED.jpg\",\"width\":272,\"height\":52,\"caption\":\"El Diario - Decano de la prensa nacional\"},\"image\":{\"@id\":\"https:\\\/\\\/www.eldiario.net\\\/portal\\\/#\\\/schema\\\/logo\\\/image\\\/\"},\"sameAs\":[\"https:\\\/\\\/www.facebook.com\\\/eldiario.bolivia\\\/\",\"https:\\\/\\\/x.com\\\/eldiario_net\"]},{\"@type\":\"Person\",\"@id\":\"https:\\\/\\\/www.eldiario.net\\\/portal\\\/#\\\/schema\\\/person\\\/f46445640444750d7d753ccd04ae01b7\",\"name\":\"Jeanette\",\"image\":{\"@type\":\"ImageObject\",\"inLanguage\":\"es\",\"@id\":\"https:\\\/\\\/secure.gravatar.com\\\/avatar\\\/3ea2118a5f7dad2b7138b1187a6b7ee55f160b9968b66013c3a3ef39dd7e5798?s=96&d=mm&r=g\",\"url\":\"https:\\\/\\\/secure.gravatar.com\\\/avatar\\\/3ea2118a5f7dad2b7138b1187a6b7ee55f160b9968b66013c3a3ef39dd7e5798?s=96&d=mm&r=g\",\"contentUrl\":\"https:\\\/\\\/secure.gravatar.com\\\/avatar\\\/3ea2118a5f7dad2b7138b1187a6b7ee55f160b9968b66013c3a3ef39dd7e5798?s=96&d=mm&r=g\",\"caption\":\"Jeanette\"},\"sameAs\":[\"https:\\\/\\\/www.eldiario.net\\\/portal\"],\"url\":\"https:\\\/\\\/www.eldiario.net\\\/portal\\\/author\\\/jeanette\\\/\"}]}<\/script>\n<!-- \/ Yoast SEO plugin. -->","yoast_head_json":{"title":"Sin personajes, a no ser que\u2026 - El Diario - Bolivia","robots":{"index":"index","follow":"follow","max-snippet":"max-snippet:-1","max-image-preview":"max-image-preview:large","max-video-preview":"max-video-preview:-1"},"canonical":"https:\/\/www.eldiario.net\/portal\/2022\/12\/16\/sin-personajes-a-no-ser-que\/","og_locale":"es_ES","og_type":"article","og_title":"Sin personajes, a no ser que\u2026 - El Diario - Bolivia","og_description":"A estas alturas del a\u00f1o, revistas famosas, instituciones reconocidas u otro tipo de organizaciones en el mundo hacen evaluaciones sobre qui\u00e9nes se han destacado en la gesti\u00f3n \u2014algunas de ellas sin hacer distinciones entre el aporte altruista, cient\u00edfico, art\u00edstico, literario, del pensamiento o cualquier otra categor\u00eda\u2014, a veces con criterios no muy inteligentes que contemplan [&hellip;]","og_url":"https:\/\/www.eldiario.net\/portal\/2022\/12\/16\/sin-personajes-a-no-ser-que\/","og_site_name":"El Diario - Bolivia","article_publisher":"https:\/\/www.facebook.com\/eldiario.bolivia\/","article_published_time":"2022-12-16T08:37:51+00:00","og_image":[{"url":"https:\/\/www.eldiario.net\/portal\/wp-content\/uploads\/2021\/06\/Augusto-Vera-Riveros.jpg","width":1,"height":1,"type":"image\/jpeg"}],"author":"Jeanette","twitter_card":"summary_large_image","twitter_creator":"@eldiario_net","twitter_site":"@eldiario_net","twitter_misc":{"Escrito por":"Jeanette","Tiempo de lectura":"4 minutos"},"schema":{"@context":"https:\/\/schema.org","@graph":[{"@type":"Article","@id":"https:\/\/www.eldiario.net\/portal\/2022\/12\/16\/sin-personajes-a-no-ser-que\/#article","isPartOf":{"@id":"https:\/\/www.eldiario.net\/portal\/2022\/12\/16\/sin-personajes-a-no-ser-que\/"},"author":{"name":"Jeanette","@id":"https:\/\/www.eldiario.net\/portal\/#\/schema\/person\/f46445640444750d7d753ccd04ae01b7"},"headline":"Sin personajes, a no ser que\u2026","datePublished":"2022-12-16T08:37:51+00:00","mainEntityOfPage":{"@id":"https:\/\/www.eldiario.net\/portal\/2022\/12\/16\/sin-personajes-a-no-ser-que\/"},"wordCount":823,"publisher":{"@id":"https:\/\/www.eldiario.net\/portal\/#organization"},"image":{"@id":"https:\/\/www.eldiario.net\/portal\/2022\/12\/16\/sin-personajes-a-no-ser-que\/#primaryimage"},"thumbnailUrl":"https:\/\/www.eldiario.net\/portal\/wp-content\/uploads\/2021\/06\/Augusto-Vera-Riveros.jpg","articleSection":["Opini\u00f3n"],"inLanguage":"es"},{"@type":"WebPage","@id":"https:\/\/www.eldiario.net\/portal\/2022\/12\/16\/sin-personajes-a-no-ser-que\/","url":"https:\/\/www.eldiario.net\/portal\/2022\/12\/16\/sin-personajes-a-no-ser-que\/","name":"Sin personajes, a no ser que\u2026 - El Diario - Bolivia","isPartOf":{"@id":"https:\/\/www.eldiario.net\/portal\/#website"},"primaryImageOfPage":{"@id":"https:\/\/www.eldiario.net\/portal\/2022\/12\/16\/sin-personajes-a-no-ser-que\/#primaryimage"},"image":{"@id":"https:\/\/www.eldiario.net\/portal\/2022\/12\/16\/sin-personajes-a-no-ser-que\/#primaryimage"},"thumbnailUrl":"https:\/\/www.eldiario.net\/portal\/wp-content\/uploads\/2021\/06\/Augusto-Vera-Riveros.jpg","datePublished":"2022-12-16T08:37:51+00:00","breadcrumb":{"@id":"https:\/\/www.eldiario.net\/portal\/2022\/12\/16\/sin-personajes-a-no-ser-que\/#breadcrumb"},"inLanguage":"es","potentialAction":[{"@type":"ReadAction","target":["https:\/\/www.eldiario.net\/portal\/2022\/12\/16\/sin-personajes-a-no-ser-que\/"]}]},{"@type":"ImageObject","inLanguage":"es","@id":"https:\/\/www.eldiario.net\/portal\/2022\/12\/16\/sin-personajes-a-no-ser-que\/#primaryimage","url":"https:\/\/www.eldiario.net\/portal\/wp-content\/uploads\/2021\/06\/Augusto-Vera-Riveros.jpg","contentUrl":"https:\/\/www.eldiario.net\/portal\/wp-content\/uploads\/2021\/06\/Augusto-Vera-Riveros.jpg"},{"@type":"BreadcrumbList","@id":"https:\/\/www.eldiario.net\/portal\/2022\/12\/16\/sin-personajes-a-no-ser-que\/#breadcrumb","itemListElement":[{"@type":"ListItem","position":1,"name":"Portada","item":"https:\/\/www.eldiario.net\/portal\/"},{"@type":"ListItem","position":2,"name":"Sin personajes, a no ser que\u2026"}]},{"@type":"WebSite","@id":"https:\/\/www.eldiario.net\/portal\/#website","url":"https:\/\/www.eldiario.net\/portal\/","name":"El Diario - Decano de la prensa nacional","description":"El Diario - Decano de la prensa nacional","publisher":{"@id":"https:\/\/www.eldiario.net\/portal\/#organization"},"potentialAction":[{"@type":"SearchAction","target":{"@type":"EntryPoint","urlTemplate":"https:\/\/www.eldiario.net\/portal\/?s={search_term_string}"},"query-input":{"@type":"PropertyValueSpecification","valueRequired":true,"valueName":"search_term_string"}}],"inLanguage":"es"},{"@type":"Organization","@id":"https:\/\/www.eldiario.net\/portal\/#organization","name":"El Diario - Decano de la prensa nacional","url":"https:\/\/www.eldiario.net\/portal\/","logo":{"@type":"ImageObject","inLanguage":"es","@id":"https:\/\/www.eldiario.net\/portal\/#\/schema\/logo\/image\/","url":"https:\/\/www.eldiario.net\/portal\/wp-content\/uploads\/2023\/07\/logo_ED.jpg","contentUrl":"https:\/\/www.eldiario.net\/portal\/wp-content\/uploads\/2023\/07\/logo_ED.jpg","width":272,"height":52,"caption":"El Diario - Decano de la prensa nacional"},"image":{"@id":"https:\/\/www.eldiario.net\/portal\/#\/schema\/logo\/image\/"},"sameAs":["https:\/\/www.facebook.com\/eldiario.bolivia\/","https:\/\/x.com\/eldiario_net"]},{"@type":"Person","@id":"https:\/\/www.eldiario.net\/portal\/#\/schema\/person\/f46445640444750d7d753ccd04ae01b7","name":"Jeanette","image":{"@type":"ImageObject","inLanguage":"es","@id":"https:\/\/secure.gravatar.com\/avatar\/3ea2118a5f7dad2b7138b1187a6b7ee55f160b9968b66013c3a3ef39dd7e5798?s=96&d=mm&r=g","url":"https:\/\/secure.gravatar.com\/avatar\/3ea2118a5f7dad2b7138b1187a6b7ee55f160b9968b66013c3a3ef39dd7e5798?s=96&d=mm&r=g","contentUrl":"https:\/\/secure.gravatar.com\/avatar\/3ea2118a5f7dad2b7138b1187a6b7ee55f160b9968b66013c3a3ef39dd7e5798?s=96&d=mm&r=g","caption":"Jeanette"},"sameAs":["https:\/\/www.eldiario.net\/portal"],"url":"https:\/\/www.eldiario.net\/portal\/author\/jeanette\/"}]}},"_links":{"self":[{"href":"https:\/\/www.eldiario.net\/portal\/wp-json\/wp\/v2\/posts\/127921","targetHints":{"allow":["GET"]}}],"collection":[{"href":"https:\/\/www.eldiario.net\/portal\/wp-json\/wp\/v2\/posts"}],"about":[{"href":"https:\/\/www.eldiario.net\/portal\/wp-json\/wp\/v2\/types\/post"}],"author":[{"embeddable":true,"href":"https:\/\/www.eldiario.net\/portal\/wp-json\/wp\/v2\/users\/1"}],"replies":[{"embeddable":true,"href":"https:\/\/www.eldiario.net\/portal\/wp-json\/wp\/v2\/comments?post=127921"}],"version-history":[{"count":0,"href":"https:\/\/www.eldiario.net\/portal\/wp-json\/wp\/v2\/posts\/127921\/revisions"}],"wp:featuredmedia":[{"embeddable":true,"href":"https:\/\/www.eldiario.net\/portal\/wp-json\/wp\/v2\/media\/7684"}],"wp:attachment":[{"href":"https:\/\/www.eldiario.net\/portal\/wp-json\/wp\/v2\/media?parent=127921"}],"wp:term":[{"taxonomy":"category","embeddable":true,"href":"https:\/\/www.eldiario.net\/portal\/wp-json\/wp\/v2\/categories?post=127921"},{"taxonomy":"post_tag","embeddable":true,"href":"https:\/\/www.eldiario.net\/portal\/wp-json\/wp\/v2\/tags?post=127921"}],"curies":[{"name":"wp","href":"https:\/\/api.w.org\/{rel}","templated":true}]}}