{"id":127919,"date":"2022-12-16T04:37:00","date_gmt":"2022-12-16T08:37:00","guid":{"rendered":"https:\/\/www.eldiario.net\/portal\/?p=127919"},"modified":"2022-12-16T04:37:00","modified_gmt":"2022-12-16T08:37:00","slug":"nada-menos-que-en-dictadura","status":"publish","type":"post","link":"https:\/\/www.eldiario.net\/portal\/2022\/12\/16\/nada-menos-que-en-dictadura\/","title":{"rendered":"Nada menos que en dictadura"},"content":{"rendered":"<p>Algunos gobernantes, en dictadura, nada menos, alentaron una probada e indeclinable inquietud patri\u00f3tica. Ellos, los m\u00e1s execrados en la historia, ratificaron su decidido respaldo a la reivindicaci\u00f3n mar\u00edtima. Lo hicieron de cara a la comunidad nacional e internacional. Sin subterfugios ni tratos oscuros. Sin incurrir en millonarios gastos, sino con base en la austeridad, la transparencia y la solidaridad. Menos en traici\u00f3n a la Patria. \u00c9sta que los destruir\u00eda.<br \/>\nMucho antes de 1982, el a\u00f1o que marca el restablecimiento del sistema democr\u00e1tico, Bolivia logr\u00f3 un hist\u00f3rico pronunciamiento de pa\u00edses vecinos, a favor de la causa mar\u00edtima, en Lima (Per\u00fa). Este surgi\u00f3 con el denominativo de \u201cDeclaraci\u00f3n de Ayacucho\u201d y fue firmado y rubricado por el presidente de la Rep\u00fablica del Per\u00fa, Juan Velasco Alvarado; presidente de la Rep\u00fablica de Bolivia, Hugo Banzer Su\u00e1rez; jefe de Gobierno de Panam\u00e1, Omar Torrijos Herrera; presidente de la Rep\u00fablica de Venezuela, Carlos Andr\u00e9s P\u00e9rez; representante del presidente de la Rep\u00fablica de Colombia, Julio C\u00e9sar Turbay Ayala; representante de la presidente de la Naci\u00f3n Argentina, Alberto J. Vignes; representante del presidente de la Rep\u00fablica de Ecuador, Carlos An\u00edbal Jaramillo; representante del Jefe de Estado de Chile, Patricio Carvajal Prado. El documento data de fecha 9 de diciembre de 1974.<br \/>\n\u201cAl reafirmar el compromiso hist\u00f3rico de fortalecer cada vez m\u00e1s la unidad y solidaridad entre nuestros pueblos \u2013sostiene el ac\u00e1pite respectivo\u2013, prestamos la m\u00e1s amplia comprensi\u00f3n a la situaci\u00f3n de mediterraneidad que afecta a Bolivia, situaci\u00f3n que debe demandar la consideraci\u00f3n m\u00e1s atenta hacia entendimientos constructivos\u201d (1).<br \/>\nEn consecuencia: jam\u00e1s, quienes detentaron el gobierno coyunturalmente, hubieran permitido que aquellos que provocaron el m\u00e1s que centenario enclaustramiento, consoliden sus nefastos prop\u00f3sitos. Jam\u00e1s, ni por c\u00e1lculo pol\u00edtico, hubieran permitido que justicia alguna se involucre en temas de pol\u00edtica internacional, tan sensibles. Posiblemente porque ten\u00edan formaci\u00f3n c\u00edvica.<br \/>\nCon ello no pretendemos liberarlos, de ninguna manera, de la condena que recae sobre ellos, por las atrocidades que cometieron, en su paso por el Poder. Este tema no tiene relaci\u00f3n alguna con la presente nota. Posiblemente haya gente que cuestione nuestra actitud. Les asiste todo el derecho del mundo. El equivocarse es de humanos. Solo los \u201cdioses\u201d no se equivocan.<br \/>\nBolivia tuvo, en 197 a\u00f1os aproximadamente, gobernantes dignos e indignos. Entreguistas y defensores del patrimonio boliviano. Leales o traidores de la Patria. Incluyendo, obviamente, a los \u201cmalos gobernantes de la primera \u00e9poca republicana\u201d (2). La memoria hist\u00f3rica est\u00e1 salpicada con la presencia de estos personajes. Quienes, en diferentes \u00e9pocas de la vida nacional, se propusieron conducir la nave del Estado. Pero siempre caminaron de tumbo en tumbo. Siempre erigieron hitos de la verg\u00fcenza. Que empa\u00f1aron, el destino de la Patria.<br \/>\nComo resultado ahora estamos inmersos en la frustraci\u00f3n m\u00e1s inconcebible.<br \/>\nEn suma: debemos retomar el patriotismo, para defender los supremos intereses nacionales.<\/p>\n<p>NOTAS<br \/>\n(1) SPI Presidencia de la Rep\u00fablica: \u201cLa segunda victoria de Ayacucho\u201d. Litograf\u00edas e Imprentas \u201cUNIDAS\u201d S. A., La Paz \u2013 Bolivia, sin fecha. P\u00e1g. 10.<br \/>\n(2) Juan Lech\u00edn Su\u00e1rez: \u201cHistoria tr\u00e1gica de un camino inexistente\u201d. Plural Editores, La Paz \u2013 Bolivia, 2001. P\u00e1g. 66.<\/p>\n","protected":false},"excerpt":{"rendered":"<p>Algunos gobernantes, en dictadura, nada menos, alentaron una probada e indeclinable inquietud patri\u00f3tica. Ellos, los m\u00e1s execrados en la historia, ratificaron su decidido respaldo a la reivindicaci\u00f3n mar\u00edtima. Lo hicieron de cara a la comunidad nacional e internacional. Sin subterfugios ni tratos oscuros. Sin incurrir en millonarios gastos, sino con base en la austeridad, la [&hellip;]<\/p>\n","protected":false},"author":1,"featured_media":3790,"comment_status":"closed","ping_status":"closed","sticky":false,"template":"","format":"standard","meta":{"_acf_changed":false,"footnotes":""},"categories":[9],"tags":[],"class_list":["post-127919","post","type-post","status-publish","format-standard","has-post-thumbnail","category-opinion"],"acf":{"antetitulo":""},"yoast_head":"<!-- This site is optimized with the Yoast SEO plugin v28.4 - https:\/\/yoast.com\/product\/yoast-seo-wordpress\/ -->\n<title>Nada menos que en dictadura - El Diario - Bolivia<\/title>\n<meta name=\"robots\" content=\"index, follow, max-snippet:-1, max-image-preview:large, max-video-preview:-1\" \/>\n<link rel=\"canonical\" href=\"https:\/\/www.eldiario.net\/portal\/2022\/12\/16\/nada-menos-que-en-dictadura\/\" \/>\n<meta property=\"og:locale\" content=\"es_ES\" \/>\n<meta property=\"og:type\" content=\"article\" \/>\n<meta property=\"og:title\" content=\"Nada menos que en dictadura - El Diario - Bolivia\" \/>\n<meta property=\"og:description\" content=\"Algunos gobernantes, en dictadura, nada menos, alentaron una probada e indeclinable inquietud patri\u00f3tica. Ellos, los m\u00e1s execrados en la historia, ratificaron su decidido respaldo a la reivindicaci\u00f3n mar\u00edtima. Lo hicieron de cara a la comunidad nacional e internacional. Sin subterfugios ni tratos oscuros. Sin incurrir en millonarios gastos, sino con base en la austeridad, la [&hellip;]\" \/>\n<meta property=\"og:url\" content=\"https:\/\/www.eldiario.net\/portal\/2022\/12\/16\/nada-menos-que-en-dictadura\/\" \/>\n<meta property=\"og:site_name\" content=\"El Diario - Bolivia\" \/>\n<meta property=\"article:publisher\" content=\"https:\/\/www.facebook.com\/eldiario.bolivia\/\" \/>\n<meta property=\"article:published_time\" content=\"2022-12-16T08:37:00+00:00\" \/>\n<meta name=\"author\" content=\"Jeanette\" \/>\n<meta name=\"twitter:card\" content=\"summary_large_image\" \/>\n<meta name=\"twitter:creator\" content=\"@eldiario_net\" \/>\n<meta name=\"twitter:site\" content=\"@eldiario_net\" \/>\n<meta name=\"twitter:label1\" content=\"Escrito por\" \/>\n\t<meta name=\"twitter:data1\" content=\"Jeanette\" \/>\n\t<meta name=\"twitter:label2\" content=\"Tiempo de lectura\" \/>\n\t<meta name=\"twitter:data2\" content=\"3 minutos\" \/>\n<script type=\"application\/ld+json\" class=\"yoast-schema-graph\">{\"@context\":\"https:\\\/\\\/schema.org\",\"@graph\":[{\"@type\":\"Article\",\"@id\":\"https:\\\/\\\/www.eldiario.net\\\/portal\\\/2022\\\/12\\\/16\\\/nada-menos-que-en-dictadura\\\/#article\",\"isPartOf\":{\"@id\":\"https:\\\/\\\/www.eldiario.net\\\/portal\\\/2022\\\/12\\\/16\\\/nada-menos-que-en-dictadura\\\/\"},\"author\":{\"name\":\"Jeanette\",\"@id\":\"https:\\\/\\\/www.eldiario.net\\\/portal\\\/#\\\/schema\\\/person\\\/f46445640444750d7d753ccd04ae01b7\"},\"headline\":\"Nada menos que en dictadura\",\"datePublished\":\"2022-12-16T08:37:00+00:00\",\"mainEntityOfPage\":{\"@id\":\"https:\\\/\\\/www.eldiario.net\\\/portal\\\/2022\\\/12\\\/16\\\/nada-menos-que-en-dictadura\\\/\"},\"wordCount\":554,\"publisher\":{\"@id\":\"https:\\\/\\\/www.eldiario.net\\\/portal\\\/#organization\"},\"image\":{\"@id\":\"https:\\\/\\\/www.eldiario.net\\\/portal\\\/2022\\\/12\\\/16\\\/nada-menos-que-en-dictadura\\\/#primaryimage\"},\"thumbnailUrl\":\"\",\"articleSection\":[\"Opini\u00f3n\"],\"inLanguage\":\"es\"},{\"@type\":\"WebPage\",\"@id\":\"https:\\\/\\\/www.eldiario.net\\\/portal\\\/2022\\\/12\\\/16\\\/nada-menos-que-en-dictadura\\\/\",\"url\":\"https:\\\/\\\/www.eldiario.net\\\/portal\\\/2022\\\/12\\\/16\\\/nada-menos-que-en-dictadura\\\/\",\"name\":\"Nada menos que en dictadura - El Diario - Bolivia\",\"isPartOf\":{\"@id\":\"https:\\\/\\\/www.eldiario.net\\\/portal\\\/#website\"},\"primaryImageOfPage\":{\"@id\":\"https:\\\/\\\/www.eldiario.net\\\/portal\\\/2022\\\/12\\\/16\\\/nada-menos-que-en-dictadura\\\/#primaryimage\"},\"image\":{\"@id\":\"https:\\\/\\\/www.eldiario.net\\\/portal\\\/2022\\\/12\\\/16\\\/nada-menos-que-en-dictadura\\\/#primaryimage\"},\"thumbnailUrl\":\"\",\"datePublished\":\"2022-12-16T08:37:00+00:00\",\"breadcrumb\":{\"@id\":\"https:\\\/\\\/www.eldiario.net\\\/portal\\\/2022\\\/12\\\/16\\\/nada-menos-que-en-dictadura\\\/#breadcrumb\"},\"inLanguage\":\"es\",\"potentialAction\":[{\"@type\":\"ReadAction\",\"target\":[\"https:\\\/\\\/www.eldiario.net\\\/portal\\\/2022\\\/12\\\/16\\\/nada-menos-que-en-dictadura\\\/\"]}]},{\"@type\":\"ImageObject\",\"inLanguage\":\"es\",\"@id\":\"https:\\\/\\\/www.eldiario.net\\\/portal\\\/2022\\\/12\\\/16\\\/nada-menos-que-en-dictadura\\\/#primaryimage\",\"url\":\"\",\"contentUrl\":\"\"},{\"@type\":\"BreadcrumbList\",\"@id\":\"https:\\\/\\\/www.eldiario.net\\\/portal\\\/2022\\\/12\\\/16\\\/nada-menos-que-en-dictadura\\\/#breadcrumb\",\"itemListElement\":[{\"@type\":\"ListItem\",\"position\":1,\"name\":\"Portada\",\"item\":\"https:\\\/\\\/www.eldiario.net\\\/portal\\\/\"},{\"@type\":\"ListItem\",\"position\":2,\"name\":\"Nada menos que en dictadura\"}]},{\"@type\":\"WebSite\",\"@id\":\"https:\\\/\\\/www.eldiario.net\\\/portal\\\/#website\",\"url\":\"https:\\\/\\\/www.eldiario.net\\\/portal\\\/\",\"name\":\"El Diario - Decano de la prensa nacional\",\"description\":\"El Diario - Decano de la prensa nacional\",\"publisher\":{\"@id\":\"https:\\\/\\\/www.eldiario.net\\\/portal\\\/#organization\"},\"potentialAction\":[{\"@type\":\"SearchAction\",\"target\":{\"@type\":\"EntryPoint\",\"urlTemplate\":\"https:\\\/\\\/www.eldiario.net\\\/portal\\\/?s={search_term_string}\"},\"query-input\":{\"@type\":\"PropertyValueSpecification\",\"valueRequired\":true,\"valueName\":\"search_term_string\"}}],\"inLanguage\":\"es\"},{\"@type\":\"Organization\",\"@id\":\"https:\\\/\\\/www.eldiario.net\\\/portal\\\/#organization\",\"name\":\"El Diario - Decano de la prensa nacional\",\"url\":\"https:\\\/\\\/www.eldiario.net\\\/portal\\\/\",\"logo\":{\"@type\":\"ImageObject\",\"inLanguage\":\"es\",\"@id\":\"https:\\\/\\\/www.eldiario.net\\\/portal\\\/#\\\/schema\\\/logo\\\/image\\\/\",\"url\":\"https:\\\/\\\/www.eldiario.net\\\/portal\\\/wp-content\\\/uploads\\\/2023\\\/07\\\/logo_ED.jpg\",\"contentUrl\":\"https:\\\/\\\/www.eldiario.net\\\/portal\\\/wp-content\\\/uploads\\\/2023\\\/07\\\/logo_ED.jpg\",\"width\":272,\"height\":52,\"caption\":\"El Diario - Decano de la prensa nacional\"},\"image\":{\"@id\":\"https:\\\/\\\/www.eldiario.net\\\/portal\\\/#\\\/schema\\\/logo\\\/image\\\/\"},\"sameAs\":[\"https:\\\/\\\/www.facebook.com\\\/eldiario.bolivia\\\/\",\"https:\\\/\\\/x.com\\\/eldiario_net\"]},{\"@type\":\"Person\",\"@id\":\"https:\\\/\\\/www.eldiario.net\\\/portal\\\/#\\\/schema\\\/person\\\/f46445640444750d7d753ccd04ae01b7\",\"name\":\"Jeanette\",\"image\":{\"@type\":\"ImageObject\",\"inLanguage\":\"es\",\"@id\":\"https:\\\/\\\/secure.gravatar.com\\\/avatar\\\/3ea2118a5f7dad2b7138b1187a6b7ee55f160b9968b66013c3a3ef39dd7e5798?s=96&d=mm&r=g\",\"url\":\"https:\\\/\\\/secure.gravatar.com\\\/avatar\\\/3ea2118a5f7dad2b7138b1187a6b7ee55f160b9968b66013c3a3ef39dd7e5798?s=96&d=mm&r=g\",\"contentUrl\":\"https:\\\/\\\/secure.gravatar.com\\\/avatar\\\/3ea2118a5f7dad2b7138b1187a6b7ee55f160b9968b66013c3a3ef39dd7e5798?s=96&d=mm&r=g\",\"caption\":\"Jeanette\"},\"sameAs\":[\"https:\\\/\\\/www.eldiario.net\\\/portal\"],\"url\":\"https:\\\/\\\/www.eldiario.net\\\/portal\\\/author\\\/jeanette\\\/\"}]}<\/script>\n<!-- \/ Yoast SEO plugin. -->","yoast_head_json":{"title":"Nada menos que en dictadura - El Diario - Bolivia","robots":{"index":"index","follow":"follow","max-snippet":"max-snippet:-1","max-image-preview":"max-image-preview:large","max-video-preview":"max-video-preview:-1"},"canonical":"https:\/\/www.eldiario.net\/portal\/2022\/12\/16\/nada-menos-que-en-dictadura\/","og_locale":"es_ES","og_type":"article","og_title":"Nada menos que en dictadura - El Diario - Bolivia","og_description":"Algunos gobernantes, en dictadura, nada menos, alentaron una probada e indeclinable inquietud patri\u00f3tica. Ellos, los m\u00e1s execrados en la historia, ratificaron su decidido respaldo a la reivindicaci\u00f3n mar\u00edtima. Lo hicieron de cara a la comunidad nacional e internacional. Sin subterfugios ni tratos oscuros. Sin incurrir en millonarios gastos, sino con base en la austeridad, la [&hellip;]","og_url":"https:\/\/www.eldiario.net\/portal\/2022\/12\/16\/nada-menos-que-en-dictadura\/","og_site_name":"El Diario - Bolivia","article_publisher":"https:\/\/www.facebook.com\/eldiario.bolivia\/","article_published_time":"2022-12-16T08:37:00+00:00","author":"Jeanette","twitter_card":"summary_large_image","twitter_creator":"@eldiario_net","twitter_site":"@eldiario_net","twitter_misc":{"Escrito por":"Jeanette","Tiempo de lectura":"3 minutos"},"schema":{"@context":"https:\/\/schema.org","@graph":[{"@type":"Article","@id":"https:\/\/www.eldiario.net\/portal\/2022\/12\/16\/nada-menos-que-en-dictadura\/#article","isPartOf":{"@id":"https:\/\/www.eldiario.net\/portal\/2022\/12\/16\/nada-menos-que-en-dictadura\/"},"author":{"name":"Jeanette","@id":"https:\/\/www.eldiario.net\/portal\/#\/schema\/person\/f46445640444750d7d753ccd04ae01b7"},"headline":"Nada menos que en dictadura","datePublished":"2022-12-16T08:37:00+00:00","mainEntityOfPage":{"@id":"https:\/\/www.eldiario.net\/portal\/2022\/12\/16\/nada-menos-que-en-dictadura\/"},"wordCount":554,"publisher":{"@id":"https:\/\/www.eldiario.net\/portal\/#organization"},"image":{"@id":"https:\/\/www.eldiario.net\/portal\/2022\/12\/16\/nada-menos-que-en-dictadura\/#primaryimage"},"thumbnailUrl":"","articleSection":["Opini\u00f3n"],"inLanguage":"es"},{"@type":"WebPage","@id":"https:\/\/www.eldiario.net\/portal\/2022\/12\/16\/nada-menos-que-en-dictadura\/","url":"https:\/\/www.eldiario.net\/portal\/2022\/12\/16\/nada-menos-que-en-dictadura\/","name":"Nada menos que en dictadura - El Diario - Bolivia","isPartOf":{"@id":"https:\/\/www.eldiario.net\/portal\/#website"},"primaryImageOfPage":{"@id":"https:\/\/www.eldiario.net\/portal\/2022\/12\/16\/nada-menos-que-en-dictadura\/#primaryimage"},"image":{"@id":"https:\/\/www.eldiario.net\/portal\/2022\/12\/16\/nada-menos-que-en-dictadura\/#primaryimage"},"thumbnailUrl":"","datePublished":"2022-12-16T08:37:00+00:00","breadcrumb":{"@id":"https:\/\/www.eldiario.net\/portal\/2022\/12\/16\/nada-menos-que-en-dictadura\/#breadcrumb"},"inLanguage":"es","potentialAction":[{"@type":"ReadAction","target":["https:\/\/www.eldiario.net\/portal\/2022\/12\/16\/nada-menos-que-en-dictadura\/"]}]},{"@type":"ImageObject","inLanguage":"es","@id":"https:\/\/www.eldiario.net\/portal\/2022\/12\/16\/nada-menos-que-en-dictadura\/#primaryimage","url":"","contentUrl":""},{"@type":"BreadcrumbList","@id":"https:\/\/www.eldiario.net\/portal\/2022\/12\/16\/nada-menos-que-en-dictadura\/#breadcrumb","itemListElement":[{"@type":"ListItem","position":1,"name":"Portada","item":"https:\/\/www.eldiario.net\/portal\/"},{"@type":"ListItem","position":2,"name":"Nada menos que en dictadura"}]},{"@type":"WebSite","@id":"https:\/\/www.eldiario.net\/portal\/#website","url":"https:\/\/www.eldiario.net\/portal\/","name":"El Diario - Decano de la prensa nacional","description":"El Diario - Decano de la prensa nacional","publisher":{"@id":"https:\/\/www.eldiario.net\/portal\/#organization"},"potentialAction":[{"@type":"SearchAction","target":{"@type":"EntryPoint","urlTemplate":"https:\/\/www.eldiario.net\/portal\/?s={search_term_string}"},"query-input":{"@type":"PropertyValueSpecification","valueRequired":true,"valueName":"search_term_string"}}],"inLanguage":"es"},{"@type":"Organization","@id":"https:\/\/www.eldiario.net\/portal\/#organization","name":"El Diario - Decano de la prensa nacional","url":"https:\/\/www.eldiario.net\/portal\/","logo":{"@type":"ImageObject","inLanguage":"es","@id":"https:\/\/www.eldiario.net\/portal\/#\/schema\/logo\/image\/","url":"https:\/\/www.eldiario.net\/portal\/wp-content\/uploads\/2023\/07\/logo_ED.jpg","contentUrl":"https:\/\/www.eldiario.net\/portal\/wp-content\/uploads\/2023\/07\/logo_ED.jpg","width":272,"height":52,"caption":"El Diario - Decano de la prensa nacional"},"image":{"@id":"https:\/\/www.eldiario.net\/portal\/#\/schema\/logo\/image\/"},"sameAs":["https:\/\/www.facebook.com\/eldiario.bolivia\/","https:\/\/x.com\/eldiario_net"]},{"@type":"Person","@id":"https:\/\/www.eldiario.net\/portal\/#\/schema\/person\/f46445640444750d7d753ccd04ae01b7","name":"Jeanette","image":{"@type":"ImageObject","inLanguage":"es","@id":"https:\/\/secure.gravatar.com\/avatar\/3ea2118a5f7dad2b7138b1187a6b7ee55f160b9968b66013c3a3ef39dd7e5798?s=96&d=mm&r=g","url":"https:\/\/secure.gravatar.com\/avatar\/3ea2118a5f7dad2b7138b1187a6b7ee55f160b9968b66013c3a3ef39dd7e5798?s=96&d=mm&r=g","contentUrl":"https:\/\/secure.gravatar.com\/avatar\/3ea2118a5f7dad2b7138b1187a6b7ee55f160b9968b66013c3a3ef39dd7e5798?s=96&d=mm&r=g","caption":"Jeanette"},"sameAs":["https:\/\/www.eldiario.net\/portal"],"url":"https:\/\/www.eldiario.net\/portal\/author\/jeanette\/"}]}},"_links":{"self":[{"href":"https:\/\/www.eldiario.net\/portal\/wp-json\/wp\/v2\/posts\/127919","targetHints":{"allow":["GET"]}}],"collection":[{"href":"https:\/\/www.eldiario.net\/portal\/wp-json\/wp\/v2\/posts"}],"about":[{"href":"https:\/\/www.eldiario.net\/portal\/wp-json\/wp\/v2\/types\/post"}],"author":[{"embeddable":true,"href":"https:\/\/www.eldiario.net\/portal\/wp-json\/wp\/v2\/users\/1"}],"replies":[{"embeddable":true,"href":"https:\/\/www.eldiario.net\/portal\/wp-json\/wp\/v2\/comments?post=127919"}],"version-history":[{"count":0,"href":"https:\/\/www.eldiario.net\/portal\/wp-json\/wp\/v2\/posts\/127919\/revisions"}],"wp:attachment":[{"href":"https:\/\/www.eldiario.net\/portal\/wp-json\/wp\/v2\/media?parent=127919"}],"wp:term":[{"taxonomy":"category","embeddable":true,"href":"https:\/\/www.eldiario.net\/portal\/wp-json\/wp\/v2\/categories?post=127919"},{"taxonomy":"post_tag","embeddable":true,"href":"https:\/\/www.eldiario.net\/portal\/wp-json\/wp\/v2\/tags?post=127919"}],"curies":[{"name":"wp","href":"https:\/\/api.w.org\/{rel}","templated":true}]}}