{"id":127914,"date":"2022-12-16T04:35:24","date_gmt":"2022-12-16T08:35:24","guid":{"rendered":"https:\/\/www.eldiario.net\/portal\/?p=127914"},"modified":"2022-12-16T04:35:24","modified_gmt":"2022-12-16T08:35:24","slug":"el-estalinismo-nativo-y-el-gobernador-2","status":"publish","type":"post","link":"https:\/\/www.eldiario.net\/portal\/2022\/12\/16\/el-estalinismo-nativo-y-el-gobernador-2\/","title":{"rendered":"El Estalinismo Nativo y el Gobernador"},"content":{"rendered":"<p>Es indudable que Evo Morales y el MAS intentaron establecer un sistema estalinista en Bolivia, que ahora quiere proseguir Arce. Eso impusieron cubanos y venezolanos. Claro, un estalinismo criollo, pervertido, sucio, sin rumbo, sin posibilidades de triunfar por su mediocridad. Su ejemplo a seguir, el estalinismo sovi\u00e9tico, con Stalin como \u00fanico patriarca, due\u00f1o de vidas y haciendas, ten\u00eda un sentido hist\u00f3rico, real, aunque fuera extraviado, y no tan chapucero como el nuestro. Lo de la URSS se pari\u00f3 en base al marxismo-leninismo, que buscaba una Rusia poderosa e imperial, aspirando a llegar a la etapa comunista y extenderla por toda Europa con su dogmatismo, centralismo absoluto, planificaci\u00f3n y control de la econom\u00eda, y, el culto al personaje que manejaba toda la armaz\u00f3n elitista, el zorro y cruel Stalin.<br \/>\nEl estalinismo se consolid\u00f3 luego de una sangrienta guerra civil que dur\u00f3 a\u00f1os, pero, adem\u00e1s, mantuvo una lucha heroica, venciendo a la Alemania nazi y ocupando bajo su f\u00e9rula, como fruto de su victoria, a casi toda la Europa del Este. 20, 30, o m\u00e1s millones de rusos murieron peleando, pero sobre todo de hambre y fr\u00edo (Stalin, con el colectivismo, ya hab\u00eda dejado antes sin comida al campesinado). Pero, canalla como era, se convirti\u00f3 en el hombre m\u00e1s importante del planeta. M\u00e1s importante que el presidente de los Estados Unidos, porque mientras los mandatarios norteamericanos duraban los a\u00f1os que les permit\u00eda su constituci\u00f3n, Stalin fue inamovible.<br \/>\nLos criollos estalinistas de Bolivia, trataron de imitar a la Uni\u00f3n Sovi\u00e9tica a destiempo, cuando \u00e9sta ya estaba sepultada como resultado de su fracaso. Hasta en eso el talento glorificado de Morales y de Garc\u00eda Linera fue conmovedoramente tr\u00e1gico. Hab\u00eda que ser muy est\u00fapidos para hacerlo, pero la estupidez es lo que tenemos reinando en el pa\u00eds y nos indigna. Ahora el se\u00f1or Arce anuncia que hay que aspirar a ser como Cuba y Venezuela, lo que es una indecencia por decir lo menos; o una total falta de visi\u00f3n del planeta. En vez de echar una mirada a naciones que, pobres como nosotros, hoy son parte del primer mundo luego de integrarse plenamente al capitalismo, los estalinistas nativos han decidido buscar su ejemplo en lo m\u00e1s ruinoso del tercer mundo, y si es posible, marchar hacia antes de lo que para ellos es la odiada Conquista, al incanato<br \/>\nNuestros estalinistas, al contrario del tirano Stalin, expansivo y temible, no han podido armar un concepto de patria, como la \u201cgran patria rusa\u201d. Con su Estado Plurinacional lo han separado todo en vez de unirlo: etnias, lenguas, costumbres, \u00a1todo! En su frente internacional, sin perder a un solo soldado, pero s\u00ed muchos millones de d\u00f3lares, se dejaron dar dos sendas palizas en los arbitrajes de La Haya. Primero le echaron guano al largo trajinar del mar que significaron m\u00e1s de un siglo de arduas negociaciones, y luego tuvieron que agachar la cerviz ante los argumentos de Chile en el Silala. Se ha producido un silencio de cementerio en una Canciller\u00eda que desde el 2006, nadie sabe para qu\u00e9 sirve.<br \/>\nPero el estalinismo fue cruel con sus adversarios y no hay que ser demasiado lector para haber sabido lo que significaron las purgas, contra quienes Stalin consideraba que eran sus enemigos. Sus ministros del interior o jefes de la polic\u00eda fueron terribles, desde Yadoga y Yezhov, hasta Beria. Y todos terminaron mal, asesinados a tiros. Obedec\u00edan al jefe supremo y ejecutaban, es decir fusilaban, a quienes eran indeseables al r\u00e9gimen. La denuncia y la calumnia era suficiente para armar un proceso y sentenciar al acusado a pasar el resto de sus d\u00edas en Siberia, cuando no a recibir un tiro en la nuca.<br \/>\nEl estalinismo nativo es igualmente perverso, y para eliminar adversarios soborna a quienes est\u00e1n dispuestos a mentir a cambio de un cargo en la administraci\u00f3n p\u00fablica o simplemente de dinero. El chisme y la intriga son el arma preferida contra una oposici\u00f3n que trata de defenderse democr\u00e1ticamente en la Asamblea y en los medios. De ah\u00ed que la dirigencia opositora, desde que gobierna el MAS, ha sido objeto de las mayores calumnias y, como sucedi\u00f3 con la ex presidente Jeanine A\u00f1ez, han recibido penas corporales absolutamente injustas.<br \/>\nEs el caso de la infamia que, en su af\u00e1n de destruir la institucionalidad cruce\u00f1a, ha cometido este Gobierno, al acusar de violaci\u00f3n y pedofilia al gobernador de Santa Cruz, Luis Fernando Camacho. Los \u201cneoestalinistas\u201d no han encontrado mejor venganza contra Camacho que someterlo al desprestigio y pretender darle una muerte civil con esa vil acusaci\u00f3n, que se derrumba ante el menor an\u00e1lisis. Aparentemente, el Gobierno ha pagado para que viaje a declarar a La Paz, a un joven que est\u00e1 francamente trastornado (lo dice su propio hermano) y es quien afirma que fue abusado sexualmente por Camacho. Dice que ten\u00eda cinco a\u00f1os cuando sucedi\u00f3 la presunta violaci\u00f3n. Pero resulta que el acusado ten\u00eda, por entonces, once a\u00f1os seg\u00fan el Gobierno, y solo 8 a\u00f1os, seg\u00fan su fecha de nacimiento. El hecho denunciado habr\u00eda sucedido hace m\u00e1s de treinta a\u00f1os. Eso no tiene pies ni cabeza, ni merece mayor comentario. \u00bfPuede considerarse ped\u00f3filo a un p\u00e1rvulo de ocho a\u00f1os? Ped\u00f3filo es un sesent\u00f3n que se anda acostando con jovencitas de 12, 13, y 14 a\u00f1os. \u00a1Eso es pedofilia! \u00a1Eso merece c\u00e1rcel! Ese es el estalinismo rid\u00edculo en que vivimos, grotesco al extremo, con el que el Ministerio de Gobierno quiere intentar destruir psicol\u00f3gicamente al gobernador cruce\u00f1o o enviarlo a un \u201cgulag\u201d pace\u00f1o.<br \/>\nCamacho est\u00e1 inerme y acusado con perversidad. Curiosamente, est\u00e1 cuid\u00e1ndose de una Polic\u00eda que lo vigila en vez obedecerle como la m\u00e1xima autoridad departamental elegida por el voto. Volvemos a repetir que, si antes los prefectos eran designados a dedo, y la Polic\u00eda acataba su investidura, no es posible que en esta mentirosa autonom\u00eda que vivimos, la Polic\u00eda solo obedezca al Ministro de Gobierno y por tanto act\u00fae en apoyo a los estalinistas \u201cllokallas\u201d, a los salvajes avasalladores de tierras, invasores de nuestro territorio. El Gobierno no est\u00e1 dejando otra opci\u00f3n, a la gente acosada, que buscar su propia defensa.<\/p>\n","protected":false},"excerpt":{"rendered":"<p>Es indudable que Evo Morales y el MAS intentaron establecer un sistema estalinista en Bolivia, que ahora quiere proseguir Arce. Eso impusieron cubanos y venezolanos. Claro, un estalinismo criollo, pervertido, sucio, sin rumbo, sin posibilidades de triunfar por su mediocridad. Su ejemplo a seguir, el estalinismo sovi\u00e9tico, con Stalin como \u00fanico patriarca, due\u00f1o de vidas [&hellip;]<\/p>\n","protected":false},"author":1,"featured_media":3793,"comment_status":"closed","ping_status":"closed","sticky":false,"template":"","format":"standard","meta":{"_acf_changed":false,"footnotes":""},"categories":[9],"tags":[],"class_list":["post-127914","post","type-post","status-publish","format-standard","has-post-thumbnail","category-opinion"],"acf":{"antetitulo":""},"yoast_head":"<!-- This site is optimized with the Yoast SEO plugin v28.4 - https:\/\/yoast.com\/product\/yoast-seo-wordpress\/ -->\n<title>El Estalinismo Nativo y el Gobernador - El Diario - Bolivia<\/title>\n<meta name=\"robots\" content=\"index, follow, max-snippet:-1, max-image-preview:large, max-video-preview:-1\" \/>\n<link rel=\"canonical\" href=\"https:\/\/www.eldiario.net\/portal\/2022\/12\/16\/el-estalinismo-nativo-y-el-gobernador-2\/\" \/>\n<meta property=\"og:locale\" content=\"es_ES\" \/>\n<meta property=\"og:type\" content=\"article\" \/>\n<meta property=\"og:title\" content=\"El Estalinismo Nativo y el Gobernador - El Diario - Bolivia\" \/>\n<meta property=\"og:description\" content=\"Es indudable que Evo Morales y el MAS intentaron establecer un sistema estalinista en Bolivia, que ahora quiere proseguir Arce. Eso impusieron cubanos y venezolanos. Claro, un estalinismo criollo, pervertido, sucio, sin rumbo, sin posibilidades de triunfar por su mediocridad. Su ejemplo a seguir, el estalinismo sovi\u00e9tico, con Stalin como \u00fanico patriarca, due\u00f1o de vidas [&hellip;]\" \/>\n<meta property=\"og:url\" content=\"https:\/\/www.eldiario.net\/portal\/2022\/12\/16\/el-estalinismo-nativo-y-el-gobernador-2\/\" \/>\n<meta property=\"og:site_name\" content=\"El Diario - Bolivia\" \/>\n<meta property=\"article:publisher\" content=\"https:\/\/www.facebook.com\/eldiario.bolivia\/\" \/>\n<meta property=\"article:published_time\" content=\"2022-12-16T08:35:24+00:00\" \/>\n<meta property=\"og:image\" content=\"https:\/\/www.eldiario.net\/portal\/wp-content\/uploads\/2021\/05\/Manfredo-Kempff-Suarez-1.jpg\" \/>\n\t<meta property=\"og:image:width\" content=\"1200\" \/>\n\t<meta property=\"og:image:height\" content=\"628\" \/>\n\t<meta property=\"og:image:type\" content=\"image\/jpeg\" \/>\n<meta name=\"author\" content=\"Jeanette\" \/>\n<meta name=\"twitter:card\" content=\"summary_large_image\" \/>\n<meta name=\"twitter:creator\" content=\"@eldiario_net\" \/>\n<meta name=\"twitter:site\" content=\"@eldiario_net\" \/>\n<meta name=\"twitter:label1\" content=\"Escrito por\" \/>\n\t<meta name=\"twitter:data1\" content=\"Jeanette\" \/>\n\t<meta name=\"twitter:label2\" content=\"Tiempo de lectura\" \/>\n\t<meta name=\"twitter:data2\" content=\"5 minutos\" \/>\n<script type=\"application\/ld+json\" class=\"yoast-schema-graph\">{\"@context\":\"https:\\\/\\\/schema.org\",\"@graph\":[{\"@type\":\"Article\",\"@id\":\"https:\\\/\\\/www.eldiario.net\\\/portal\\\/2022\\\/12\\\/16\\\/el-estalinismo-nativo-y-el-gobernador-2\\\/#article\",\"isPartOf\":{\"@id\":\"https:\\\/\\\/www.eldiario.net\\\/portal\\\/2022\\\/12\\\/16\\\/el-estalinismo-nativo-y-el-gobernador-2\\\/\"},\"author\":{\"name\":\"Jeanette\",\"@id\":\"https:\\\/\\\/www.eldiario.net\\\/portal\\\/#\\\/schema\\\/person\\\/f46445640444750d7d753ccd04ae01b7\"},\"headline\":\"El Estalinismo Nativo y el Gobernador\",\"datePublished\":\"2022-12-16T08:35:24+00:00\",\"mainEntityOfPage\":{\"@id\":\"https:\\\/\\\/www.eldiario.net\\\/portal\\\/2022\\\/12\\\/16\\\/el-estalinismo-nativo-y-el-gobernador-2\\\/\"},\"wordCount\":1080,\"publisher\":{\"@id\":\"https:\\\/\\\/www.eldiario.net\\\/portal\\\/#organization\"},\"image\":{\"@id\":\"https:\\\/\\\/www.eldiario.net\\\/portal\\\/2022\\\/12\\\/16\\\/el-estalinismo-nativo-y-el-gobernador-2\\\/#primaryimage\"},\"thumbnailUrl\":\"https:\\\/\\\/www.eldiario.net\\\/portal\\\/wp-content\\\/uploads\\\/2021\\\/05\\\/Manfredo-Kempff-Suarez-1.jpg\",\"articleSection\":[\"Opini\u00f3n\"],\"inLanguage\":\"es\"},{\"@type\":\"WebPage\",\"@id\":\"https:\\\/\\\/www.eldiario.net\\\/portal\\\/2022\\\/12\\\/16\\\/el-estalinismo-nativo-y-el-gobernador-2\\\/\",\"url\":\"https:\\\/\\\/www.eldiario.net\\\/portal\\\/2022\\\/12\\\/16\\\/el-estalinismo-nativo-y-el-gobernador-2\\\/\",\"name\":\"El Estalinismo Nativo y el Gobernador - El Diario - Bolivia\",\"isPartOf\":{\"@id\":\"https:\\\/\\\/www.eldiario.net\\\/portal\\\/#website\"},\"primaryImageOfPage\":{\"@id\":\"https:\\\/\\\/www.eldiario.net\\\/portal\\\/2022\\\/12\\\/16\\\/el-estalinismo-nativo-y-el-gobernador-2\\\/#primaryimage\"},\"image\":{\"@id\":\"https:\\\/\\\/www.eldiario.net\\\/portal\\\/2022\\\/12\\\/16\\\/el-estalinismo-nativo-y-el-gobernador-2\\\/#primaryimage\"},\"thumbnailUrl\":\"https:\\\/\\\/www.eldiario.net\\\/portal\\\/wp-content\\\/uploads\\\/2021\\\/05\\\/Manfredo-Kempff-Suarez-1.jpg\",\"datePublished\":\"2022-12-16T08:35:24+00:00\",\"breadcrumb\":{\"@id\":\"https:\\\/\\\/www.eldiario.net\\\/portal\\\/2022\\\/12\\\/16\\\/el-estalinismo-nativo-y-el-gobernador-2\\\/#breadcrumb\"},\"inLanguage\":\"es\",\"potentialAction\":[{\"@type\":\"ReadAction\",\"target\":[\"https:\\\/\\\/www.eldiario.net\\\/portal\\\/2022\\\/12\\\/16\\\/el-estalinismo-nativo-y-el-gobernador-2\\\/\"]}]},{\"@type\":\"ImageObject\",\"inLanguage\":\"es\",\"@id\":\"https:\\\/\\\/www.eldiario.net\\\/portal\\\/2022\\\/12\\\/16\\\/el-estalinismo-nativo-y-el-gobernador-2\\\/#primaryimage\",\"url\":\"https:\\\/\\\/www.eldiario.net\\\/portal\\\/wp-content\\\/uploads\\\/2021\\\/05\\\/Manfredo-Kempff-Suarez-1.jpg\",\"contentUrl\":\"https:\\\/\\\/www.eldiario.net\\\/portal\\\/wp-content\\\/uploads\\\/2021\\\/05\\\/Manfredo-Kempff-Suarez-1.jpg\",\"width\":1200,\"height\":628},{\"@type\":\"BreadcrumbList\",\"@id\":\"https:\\\/\\\/www.eldiario.net\\\/portal\\\/2022\\\/12\\\/16\\\/el-estalinismo-nativo-y-el-gobernador-2\\\/#breadcrumb\",\"itemListElement\":[{\"@type\":\"ListItem\",\"position\":1,\"name\":\"Portada\",\"item\":\"https:\\\/\\\/www.eldiario.net\\\/portal\\\/\"},{\"@type\":\"ListItem\",\"position\":2,\"name\":\"El Estalinismo Nativo y el Gobernador\"}]},{\"@type\":\"WebSite\",\"@id\":\"https:\\\/\\\/www.eldiario.net\\\/portal\\\/#website\",\"url\":\"https:\\\/\\\/www.eldiario.net\\\/portal\\\/\",\"name\":\"El Diario - Decano de la prensa nacional\",\"description\":\"El Diario - Decano de la prensa nacional\",\"publisher\":{\"@id\":\"https:\\\/\\\/www.eldiario.net\\\/portal\\\/#organization\"},\"potentialAction\":[{\"@type\":\"SearchAction\",\"target\":{\"@type\":\"EntryPoint\",\"urlTemplate\":\"https:\\\/\\\/www.eldiario.net\\\/portal\\\/?s={search_term_string}\"},\"query-input\":{\"@type\":\"PropertyValueSpecification\",\"valueRequired\":true,\"valueName\":\"search_term_string\"}}],\"inLanguage\":\"es\"},{\"@type\":\"Organization\",\"@id\":\"https:\\\/\\\/www.eldiario.net\\\/portal\\\/#organization\",\"name\":\"El Diario - Decano de la prensa nacional\",\"url\":\"https:\\\/\\\/www.eldiario.net\\\/portal\\\/\",\"logo\":{\"@type\":\"ImageObject\",\"inLanguage\":\"es\",\"@id\":\"https:\\\/\\\/www.eldiario.net\\\/portal\\\/#\\\/schema\\\/logo\\\/image\\\/\",\"url\":\"https:\\\/\\\/www.eldiario.net\\\/portal\\\/wp-content\\\/uploads\\\/2023\\\/07\\\/logo_ED.jpg\",\"contentUrl\":\"https:\\\/\\\/www.eldiario.net\\\/portal\\\/wp-content\\\/uploads\\\/2023\\\/07\\\/logo_ED.jpg\",\"width\":272,\"height\":52,\"caption\":\"El Diario - Decano de la prensa nacional\"},\"image\":{\"@id\":\"https:\\\/\\\/www.eldiario.net\\\/portal\\\/#\\\/schema\\\/logo\\\/image\\\/\"},\"sameAs\":[\"https:\\\/\\\/www.facebook.com\\\/eldiario.bolivia\\\/\",\"https:\\\/\\\/x.com\\\/eldiario_net\"]},{\"@type\":\"Person\",\"@id\":\"https:\\\/\\\/www.eldiario.net\\\/portal\\\/#\\\/schema\\\/person\\\/f46445640444750d7d753ccd04ae01b7\",\"name\":\"Jeanette\",\"image\":{\"@type\":\"ImageObject\",\"inLanguage\":\"es\",\"@id\":\"https:\\\/\\\/secure.gravatar.com\\\/avatar\\\/3ea2118a5f7dad2b7138b1187a6b7ee55f160b9968b66013c3a3ef39dd7e5798?s=96&d=mm&r=g\",\"url\":\"https:\\\/\\\/secure.gravatar.com\\\/avatar\\\/3ea2118a5f7dad2b7138b1187a6b7ee55f160b9968b66013c3a3ef39dd7e5798?s=96&d=mm&r=g\",\"contentUrl\":\"https:\\\/\\\/secure.gravatar.com\\\/avatar\\\/3ea2118a5f7dad2b7138b1187a6b7ee55f160b9968b66013c3a3ef39dd7e5798?s=96&d=mm&r=g\",\"caption\":\"Jeanette\"},\"sameAs\":[\"https:\\\/\\\/www.eldiario.net\\\/portal\"],\"url\":\"https:\\\/\\\/www.eldiario.net\\\/portal\\\/author\\\/jeanette\\\/\"}]}<\/script>\n<!-- \/ Yoast SEO plugin. -->","yoast_head_json":{"title":"El Estalinismo Nativo y el Gobernador - El Diario - Bolivia","robots":{"index":"index","follow":"follow","max-snippet":"max-snippet:-1","max-image-preview":"max-image-preview:large","max-video-preview":"max-video-preview:-1"},"canonical":"https:\/\/www.eldiario.net\/portal\/2022\/12\/16\/el-estalinismo-nativo-y-el-gobernador-2\/","og_locale":"es_ES","og_type":"article","og_title":"El Estalinismo Nativo y el Gobernador - El Diario - Bolivia","og_description":"Es indudable que Evo Morales y el MAS intentaron establecer un sistema estalinista en Bolivia, que ahora quiere proseguir Arce. Eso impusieron cubanos y venezolanos. Claro, un estalinismo criollo, pervertido, sucio, sin rumbo, sin posibilidades de triunfar por su mediocridad. Su ejemplo a seguir, el estalinismo sovi\u00e9tico, con Stalin como \u00fanico patriarca, due\u00f1o de vidas [&hellip;]","og_url":"https:\/\/www.eldiario.net\/portal\/2022\/12\/16\/el-estalinismo-nativo-y-el-gobernador-2\/","og_site_name":"El Diario - Bolivia","article_publisher":"https:\/\/www.facebook.com\/eldiario.bolivia\/","article_published_time":"2022-12-16T08:35:24+00:00","og_image":[{"width":1200,"height":628,"url":"https:\/\/www.eldiario.net\/portal\/wp-content\/uploads\/2021\/05\/Manfredo-Kempff-Suarez-1.jpg","type":"image\/jpeg"}],"author":"Jeanette","twitter_card":"summary_large_image","twitter_creator":"@eldiario_net","twitter_site":"@eldiario_net","twitter_misc":{"Escrito por":"Jeanette","Tiempo de lectura":"5 minutos"},"schema":{"@context":"https:\/\/schema.org","@graph":[{"@type":"Article","@id":"https:\/\/www.eldiario.net\/portal\/2022\/12\/16\/el-estalinismo-nativo-y-el-gobernador-2\/#article","isPartOf":{"@id":"https:\/\/www.eldiario.net\/portal\/2022\/12\/16\/el-estalinismo-nativo-y-el-gobernador-2\/"},"author":{"name":"Jeanette","@id":"https:\/\/www.eldiario.net\/portal\/#\/schema\/person\/f46445640444750d7d753ccd04ae01b7"},"headline":"El Estalinismo Nativo y el Gobernador","datePublished":"2022-12-16T08:35:24+00:00","mainEntityOfPage":{"@id":"https:\/\/www.eldiario.net\/portal\/2022\/12\/16\/el-estalinismo-nativo-y-el-gobernador-2\/"},"wordCount":1080,"publisher":{"@id":"https:\/\/www.eldiario.net\/portal\/#organization"},"image":{"@id":"https:\/\/www.eldiario.net\/portal\/2022\/12\/16\/el-estalinismo-nativo-y-el-gobernador-2\/#primaryimage"},"thumbnailUrl":"https:\/\/www.eldiario.net\/portal\/wp-content\/uploads\/2021\/05\/Manfredo-Kempff-Suarez-1.jpg","articleSection":["Opini\u00f3n"],"inLanguage":"es"},{"@type":"WebPage","@id":"https:\/\/www.eldiario.net\/portal\/2022\/12\/16\/el-estalinismo-nativo-y-el-gobernador-2\/","url":"https:\/\/www.eldiario.net\/portal\/2022\/12\/16\/el-estalinismo-nativo-y-el-gobernador-2\/","name":"El Estalinismo Nativo y el Gobernador - El Diario - Bolivia","isPartOf":{"@id":"https:\/\/www.eldiario.net\/portal\/#website"},"primaryImageOfPage":{"@id":"https:\/\/www.eldiario.net\/portal\/2022\/12\/16\/el-estalinismo-nativo-y-el-gobernador-2\/#primaryimage"},"image":{"@id":"https:\/\/www.eldiario.net\/portal\/2022\/12\/16\/el-estalinismo-nativo-y-el-gobernador-2\/#primaryimage"},"thumbnailUrl":"https:\/\/www.eldiario.net\/portal\/wp-content\/uploads\/2021\/05\/Manfredo-Kempff-Suarez-1.jpg","datePublished":"2022-12-16T08:35:24+00:00","breadcrumb":{"@id":"https:\/\/www.eldiario.net\/portal\/2022\/12\/16\/el-estalinismo-nativo-y-el-gobernador-2\/#breadcrumb"},"inLanguage":"es","potentialAction":[{"@type":"ReadAction","target":["https:\/\/www.eldiario.net\/portal\/2022\/12\/16\/el-estalinismo-nativo-y-el-gobernador-2\/"]}]},{"@type":"ImageObject","inLanguage":"es","@id":"https:\/\/www.eldiario.net\/portal\/2022\/12\/16\/el-estalinismo-nativo-y-el-gobernador-2\/#primaryimage","url":"https:\/\/www.eldiario.net\/portal\/wp-content\/uploads\/2021\/05\/Manfredo-Kempff-Suarez-1.jpg","contentUrl":"https:\/\/www.eldiario.net\/portal\/wp-content\/uploads\/2021\/05\/Manfredo-Kempff-Suarez-1.jpg","width":1200,"height":628},{"@type":"BreadcrumbList","@id":"https:\/\/www.eldiario.net\/portal\/2022\/12\/16\/el-estalinismo-nativo-y-el-gobernador-2\/#breadcrumb","itemListElement":[{"@type":"ListItem","position":1,"name":"Portada","item":"https:\/\/www.eldiario.net\/portal\/"},{"@type":"ListItem","position":2,"name":"El Estalinismo Nativo y el Gobernador"}]},{"@type":"WebSite","@id":"https:\/\/www.eldiario.net\/portal\/#website","url":"https:\/\/www.eldiario.net\/portal\/","name":"El Diario - Decano de la prensa nacional","description":"El Diario - Decano de la prensa nacional","publisher":{"@id":"https:\/\/www.eldiario.net\/portal\/#organization"},"potentialAction":[{"@type":"SearchAction","target":{"@type":"EntryPoint","urlTemplate":"https:\/\/www.eldiario.net\/portal\/?s={search_term_string}"},"query-input":{"@type":"PropertyValueSpecification","valueRequired":true,"valueName":"search_term_string"}}],"inLanguage":"es"},{"@type":"Organization","@id":"https:\/\/www.eldiario.net\/portal\/#organization","name":"El Diario - Decano de la prensa nacional","url":"https:\/\/www.eldiario.net\/portal\/","logo":{"@type":"ImageObject","inLanguage":"es","@id":"https:\/\/www.eldiario.net\/portal\/#\/schema\/logo\/image\/","url":"https:\/\/www.eldiario.net\/portal\/wp-content\/uploads\/2023\/07\/logo_ED.jpg","contentUrl":"https:\/\/www.eldiario.net\/portal\/wp-content\/uploads\/2023\/07\/logo_ED.jpg","width":272,"height":52,"caption":"El Diario - Decano de la prensa nacional"},"image":{"@id":"https:\/\/www.eldiario.net\/portal\/#\/schema\/logo\/image\/"},"sameAs":["https:\/\/www.facebook.com\/eldiario.bolivia\/","https:\/\/x.com\/eldiario_net"]},{"@type":"Person","@id":"https:\/\/www.eldiario.net\/portal\/#\/schema\/person\/f46445640444750d7d753ccd04ae01b7","name":"Jeanette","image":{"@type":"ImageObject","inLanguage":"es","@id":"https:\/\/secure.gravatar.com\/avatar\/3ea2118a5f7dad2b7138b1187a6b7ee55f160b9968b66013c3a3ef39dd7e5798?s=96&d=mm&r=g","url":"https:\/\/secure.gravatar.com\/avatar\/3ea2118a5f7dad2b7138b1187a6b7ee55f160b9968b66013c3a3ef39dd7e5798?s=96&d=mm&r=g","contentUrl":"https:\/\/secure.gravatar.com\/avatar\/3ea2118a5f7dad2b7138b1187a6b7ee55f160b9968b66013c3a3ef39dd7e5798?s=96&d=mm&r=g","caption":"Jeanette"},"sameAs":["https:\/\/www.eldiario.net\/portal"],"url":"https:\/\/www.eldiario.net\/portal\/author\/jeanette\/"}]}},"_links":{"self":[{"href":"https:\/\/www.eldiario.net\/portal\/wp-json\/wp\/v2\/posts\/127914","targetHints":{"allow":["GET"]}}],"collection":[{"href":"https:\/\/www.eldiario.net\/portal\/wp-json\/wp\/v2\/posts"}],"about":[{"href":"https:\/\/www.eldiario.net\/portal\/wp-json\/wp\/v2\/types\/post"}],"author":[{"embeddable":true,"href":"https:\/\/www.eldiario.net\/portal\/wp-json\/wp\/v2\/users\/1"}],"replies":[{"embeddable":true,"href":"https:\/\/www.eldiario.net\/portal\/wp-json\/wp\/v2\/comments?post=127914"}],"version-history":[{"count":0,"href":"https:\/\/www.eldiario.net\/portal\/wp-json\/wp\/v2\/posts\/127914\/revisions"}],"wp:featuredmedia":[{"embeddable":true,"href":"https:\/\/www.eldiario.net\/portal\/wp-json\/wp\/v2\/media\/3793"}],"wp:attachment":[{"href":"https:\/\/www.eldiario.net\/portal\/wp-json\/wp\/v2\/media?parent=127914"}],"wp:term":[{"taxonomy":"category","embeddable":true,"href":"https:\/\/www.eldiario.net\/portal\/wp-json\/wp\/v2\/categories?post=127914"},{"taxonomy":"post_tag","embeddable":true,"href":"https:\/\/www.eldiario.net\/portal\/wp-json\/wp\/v2\/tags?post=127914"}],"curies":[{"name":"wp","href":"https:\/\/api.w.org\/{rel}","templated":true}]}}