{"id":127908,"date":"2022-12-16T04:33:58","date_gmt":"2022-12-16T08:33:58","guid":{"rendered":"https:\/\/www.eldiario.net\/portal\/?p=127908"},"modified":"2022-12-16T04:33:58","modified_gmt":"2022-12-16T08:33:58","slug":"bolivia-requiere-normas-y-politicas-para-encarar-crisis-mundial-en-2023","status":"publish","type":"post","link":"https:\/\/www.eldiario.net\/portal\/2022\/12\/16\/bolivia-requiere-normas-y-politicas-para-encarar-crisis-mundial-en-2023\/","title":{"rendered":"Bolivia requiere normas y pol\u00edticas para encarar crisis mundial en 2023"},"content":{"rendered":"<p>Ante proyecciones negativas de la econom\u00eda mundial en 2023, Bolivia requiere unidad para encarar la crisis que se avecina con normas y pol\u00edticas de fomento para atraer inversi\u00f3n privada, as\u00ed como para aumentar las exportaciones no tradicionales y brindar seguridad jur\u00eddica a los inversores de capital, de acuerdo a declaraciones del gerente General del Instituto Boliviano de Comercio Exterior (IBCE), Gary Rodr\u00edguez.<br \/>\nRodr\u00edguez dijo que hasta hace unos meses, Bolivia deslumbraba por su crecimiento con estabilidad; el comercio exterior registraba un super\u00e1vit de 825 millones de d\u00f3lares hasta octubre con visos de nuevos r\u00e9cords hasta fin de a\u00f1o, el Producto Interno Bruto (PIB) crec\u00eda un 4,1% y la inflaci\u00f3n era del 1,2% al primer semestre, pero la situaci\u00f3n cambi\u00f3.<br \/>\n\u201cLla falta de una sinergia p\u00fablico-privada, los bloqueos, paros, cercos y las tomas de tierras que contin\u00faan en el pa\u00eds, van en contra de un mejor desempe\u00f1o de la econom\u00eda\u201d, se\u00f1al.<br \/>\nPesar del potencial econ\u00f3mico y agr\u00edcola que tiene el pa\u00eds, no se aprovecha para aumentar la oferta de alimentos para el mercado nacional e internacional, la falta de un trabajo conjunto p\u00fablico privado, no permite avanzar.<br \/>\nA eso hay que sumar los avasallamientos a la propiedad privada, que se intensificaron en las \u00faltimas semanas y a la fecha los predios siguen ocupadas, y el desalojo se hace lento por las autoridades competentes.<br \/>\nAl respecto, Rodr\u00edguez inform\u00f3 que al momento, m\u00e1s de 200 predios productivos est\u00e1n avasallados, principalmente en el agro cruce\u00f1o.<br \/>\n\u201cPreocupa que m\u00e1s de 200 avasallamientos a predios productivos, principalmente en Santa Cruz -pero tambi\u00e9n en Cochabamba y Pando- pongan en zozobra a la poblaci\u00f3n y a los productores del agro, habida cuenta de la violencia de los \u201ctoma tierras\u201d contra un sector estrat\u00e9gico que aporta a la seguridad y soberan\u00eda alimentaria del pa\u00eds, al cual m\u00e1s bien el Estado deber\u00eda dar garant\u00edas para que desarrolle su gran potencial agr\u00edcola y ganadero, con seguridad jur\u00eddica para la tierra y la inversi\u00f3n; libertad de exportaci\u00f3n de excedentes, y el uso de biotecnolog\u00eda para una mayor productividad y competitividad (\u2026)\u201d, apunt\u00f3 Rodr\u00edguez.<br \/>\nEl uso de biotecnolog\u00eda incrementar\u00eda la producci\u00f3n y reducir\u00eda los efectos del cambio clim\u00e1tico, cuya situaci\u00f3n aumentar\u00eda la oferta alimentaria para el mercado interno y externo, y las ventas traer\u00edan divisas para el Estado y generar\u00eda empleos para los ciudadanos.<br \/>\n\u201cLa forma ideal de garantizar el abastecimiento del mercado interno a precios accesibles es alentando una sobreproducci\u00f3n, para la exportaci\u00f3n\u201d, se\u00f1al\u00f3.<\/p>\n<p>2023<br \/>\nPor otra parte, el Gerente del IBCE dijo que para el 2023, las perspectivas no son auspiciosas, debido a que organismos internacionales auguran bajas de los precios de las materias primas y los alimentos, adem\u00e1s de problemas de inflaci\u00f3n, subida de tasas de inter\u00e9s y recesi\u00f3n en gran parte del planeta.<br \/>\n\u201c(\u2026) urge que los bolivianos nos unamos para que el pa\u00eds crezca m\u00e1s, para garantizar la estabilidad -patrimonio de los bolivianos- y crear m\u00e1s empleos formales, dignos y sostenibles\u201d, dijo Rodr\u00edguez e hizo votos por un trabajo p\u00fablico-privado en pro del pa\u00eds.<br \/>\nSe\u00f1al\u00f3 que el Economista Senior del FMI dijo que \u201clo peor est\u00e1 por venir\u201d, para la econom\u00eda mundial, en el 2023, por ello dijo que el comercio exterior jugar\u00e1 un rol preponderante para el pa\u00eds y se traducir\u00eda en un mayor crecimiento y generaci\u00f3n de empleo formal, para que las RIN del BCB se fortalezcan y el tipo de cambio no suba, y, para que la inflaci\u00f3n est\u00e9 controlada.<br \/>\n\u201cEs de esperar que, en vez de restricciones, haya un aliento a la exportaci\u00f3n y que se profundice la sustituci\u00f3n competitiva de importaciones -p. ej.- con una mayor producci\u00f3n y consumo de bioetanol, y que se conceda incentivos para que sea el propio empresario privado quien produzca biodi\u00e9sel; de una manera general, dar el espacio y las condiciones para que los agentes privados arriesguen e inviertan en el pa\u00eds, y una condici\u00f3n indispensable es la unidad, ya que un divorcio entre el sector p\u00fablico y privado lo \u00fanico que har\u00e1 es complicar a\u00fan m\u00e1s las cosas en un escenario complejo del 2023 a nivel mundial\u201d, indic\u00f3 Rodr\u00edguez.<br \/>\nLas exportaciones bolivianas hasta octubre crecieron 29% en valor y 3% en volumen, sumando 11.632 millones de d\u00f3lares, aguard\u00e1ndose que logren un hito superando los casi 13.000 millones de d\u00f3lares del 2014. Las Exportaciones No Tradicionales, un 30% del valor total, suman ya casi 3.500 millones de d\u00f3lares, un r\u00e9cord hist\u00f3rico comparadas a gestiones completas del pasado. Las importaciones experimentaron hasta octubre una suba del 44% en valor y 11% en volumen y, tambi\u00e9n, van camino a marcar un r\u00e9cord hist\u00f3rico. Hasta octubre, el super\u00e1vit comercial en bienes totaliza 825 millones de d\u00f3lares.<\/p>\n<div id='gallery-1' class='gallery galleryid-127908 gallery-columns-3 gallery-size-medium'><figure class='gallery-item'>\n\t\t\t<div class='gallery-icon landscape'>\n\t\t\t\t<a href='https:\/\/www.eldiario.net\/portal\/2022\/12\/16\/bolivia-requiere-normas-y-politicas-para-encarar-crisis-mundial-en-2023\/riesgo-1\/'><img loading=\"lazy\" decoding=\"async\" width=\"300\" height=\"252\" src=\"https:\/\/www.eldiario.net\/portal\/wp-content\/uploads\/2022\/12\/riesgo-1-300x252.jpg\" class=\"attachment-medium size-medium\" alt=\"\" aria-describedby=\"gallery-1-127909\" srcset=\"https:\/\/www.eldiario.net\/portal\/wp-content\/uploads\/2022\/12\/riesgo-1-300x252.jpg 300w, https:\/\/www.eldiario.net\/portal\/wp-content\/uploads\/2022\/12\/riesgo-1-1024x862.jpg 1024w, https:\/\/www.eldiario.net\/portal\/wp-content\/uploads\/2022\/12\/riesgo-1-768x646.jpg 768w, https:\/\/www.eldiario.net\/portal\/wp-content\/uploads\/2022\/12\/riesgo-1-696x586.jpg 696w, https:\/\/www.eldiario.net\/portal\/wp-content\/uploads\/2022\/12\/riesgo-1-1068x899.jpg 1068w, https:\/\/www.eldiario.net\/portal\/wp-content\/uploads\/2022\/12\/riesgo-1.jpg 1280w\" sizes=\"auto, (max-width: 300px) 100vw, 300px\" \/><\/a>\n\t\t\t<\/div>\n\t\t\t\t<figcaption class='wp-caption-text gallery-caption' id='gallery-1-127909'>\n\t\t\t\tGerente General del IBCE, Gary Rodr\u00edguez. \n\t\t\t\t<\/figcaption><\/figure>\n\t\t<\/div>\n\n","protected":false},"excerpt":{"rendered":"<p>Ante proyecciones negativas de la econom\u00eda mundial en 2023, Bolivia requiere unidad para encarar la crisis que se avecina con normas y pol\u00edticas de fomento para atraer inversi\u00f3n privada, as\u00ed como para aumentar las exportaciones no tradicionales y brindar seguridad jur\u00eddica a los inversores de capital, de acuerdo a declaraciones del gerente General del Instituto [&hellip;]<\/p>\n","protected":false},"author":1,"featured_media":127910,"comment_status":"closed","ping_status":"closed","sticky":false,"template":"","format":"standard","meta":{"_acf_changed":false,"footnotes":""},"categories":[7],"tags":[],"class_list":["post-127908","post","type-post","status-publish","format-standard","has-post-thumbnail","category-economia"],"acf":{"antetitulo":""},"yoast_head":"<!-- This site is optimized with the Yoast SEO plugin v28.3 - https:\/\/yoast.com\/product\/yoast-seo-wordpress\/ -->\n<title>Bolivia requiere normas y pol\u00edticas para encarar crisis mundial en 2023 - El Diario - Bolivia<\/title>\n<meta name=\"robots\" content=\"index, follow, max-snippet:-1, max-image-preview:large, max-video-preview:-1\" \/>\n<link rel=\"canonical\" href=\"https:\/\/www.eldiario.net\/portal\/2022\/12\/16\/bolivia-requiere-normas-y-politicas-para-encarar-crisis-mundial-en-2023\/\" \/>\n<meta property=\"og:locale\" content=\"es_ES\" \/>\n<meta property=\"og:type\" content=\"article\" \/>\n<meta property=\"og:title\" content=\"Bolivia requiere normas y pol\u00edticas para encarar crisis mundial en 2023 - El Diario - Bolivia\" \/>\n<meta property=\"og:description\" content=\"Ante proyecciones negativas de la econom\u00eda mundial en 2023, Bolivia requiere unidad para encarar la crisis que se avecina con normas y pol\u00edticas de fomento para atraer inversi\u00f3n privada, as\u00ed como para aumentar las exportaciones no tradicionales y brindar seguridad jur\u00eddica a los inversores de capital, de acuerdo a declaraciones del gerente General del Instituto [&hellip;]\" \/>\n<meta property=\"og:url\" content=\"https:\/\/www.eldiario.net\/portal\/2022\/12\/16\/bolivia-requiere-normas-y-politicas-para-encarar-crisis-mundial-en-2023\/\" \/>\n<meta property=\"og:site_name\" content=\"El Diario - Bolivia\" \/>\n<meta property=\"article:publisher\" content=\"https:\/\/www.facebook.com\/eldiario.bolivia\/\" \/>\n<meta property=\"article:published_time\" content=\"2022-12-16T08:33:58+00:00\" \/>\n<meta name=\"author\" content=\"Jeanette\" \/>\n<meta name=\"twitter:card\" content=\"summary_large_image\" \/>\n<meta name=\"twitter:creator\" content=\"@eldiario_net\" \/>\n<meta name=\"twitter:site\" content=\"@eldiario_net\" \/>\n<meta name=\"twitter:label1\" content=\"Escrito por\" \/>\n\t<meta name=\"twitter:data1\" content=\"Jeanette\" \/>\n\t<meta name=\"twitter:label2\" content=\"Tiempo de lectura\" \/>\n\t<meta name=\"twitter:data2\" content=\"4 minutos\" \/>\n<script type=\"application\/ld+json\" class=\"yoast-schema-graph\">{\"@context\":\"https:\\\/\\\/schema.org\",\"@graph\":[{\"@type\":\"Article\",\"@id\":\"https:\\\/\\\/www.eldiario.net\\\/portal\\\/2022\\\/12\\\/16\\\/bolivia-requiere-normas-y-politicas-para-encarar-crisis-mundial-en-2023\\\/#article\",\"isPartOf\":{\"@id\":\"https:\\\/\\\/www.eldiario.net\\\/portal\\\/2022\\\/12\\\/16\\\/bolivia-requiere-normas-y-politicas-para-encarar-crisis-mundial-en-2023\\\/\"},\"author\":{\"name\":\"Jeanette\",\"@id\":\"https:\\\/\\\/www.eldiario.net\\\/portal\\\/#\\\/schema\\\/person\\\/f46445640444750d7d753ccd04ae01b7\"},\"headline\":\"Bolivia requiere normas y pol\u00edticas para encarar crisis mundial en 2023\",\"datePublished\":\"2022-12-16T08:33:58+00:00\",\"mainEntityOfPage\":{\"@id\":\"https:\\\/\\\/www.eldiario.net\\\/portal\\\/2022\\\/12\\\/16\\\/bolivia-requiere-normas-y-politicas-para-encarar-crisis-mundial-en-2023\\\/\"},\"wordCount\":850,\"publisher\":{\"@id\":\"https:\\\/\\\/www.eldiario.net\\\/portal\\\/#organization\"},\"image\":{\"@id\":\"https:\\\/\\\/www.eldiario.net\\\/portal\\\/2022\\\/12\\\/16\\\/bolivia-requiere-normas-y-politicas-para-encarar-crisis-mundial-en-2023\\\/#primaryimage\"},\"thumbnailUrl\":\"\",\"articleSection\":[\"Econom\u00eda\"],\"inLanguage\":\"es\"},{\"@type\":\"WebPage\",\"@id\":\"https:\\\/\\\/www.eldiario.net\\\/portal\\\/2022\\\/12\\\/16\\\/bolivia-requiere-normas-y-politicas-para-encarar-crisis-mundial-en-2023\\\/\",\"url\":\"https:\\\/\\\/www.eldiario.net\\\/portal\\\/2022\\\/12\\\/16\\\/bolivia-requiere-normas-y-politicas-para-encarar-crisis-mundial-en-2023\\\/\",\"name\":\"Bolivia requiere normas y pol\u00edticas para encarar crisis mundial en 2023 - El Diario - Bolivia\",\"isPartOf\":{\"@id\":\"https:\\\/\\\/www.eldiario.net\\\/portal\\\/#website\"},\"primaryImageOfPage\":{\"@id\":\"https:\\\/\\\/www.eldiario.net\\\/portal\\\/2022\\\/12\\\/16\\\/bolivia-requiere-normas-y-politicas-para-encarar-crisis-mundial-en-2023\\\/#primaryimage\"},\"image\":{\"@id\":\"https:\\\/\\\/www.eldiario.net\\\/portal\\\/2022\\\/12\\\/16\\\/bolivia-requiere-normas-y-politicas-para-encarar-crisis-mundial-en-2023\\\/#primaryimage\"},\"thumbnailUrl\":\"\",\"datePublished\":\"2022-12-16T08:33:58+00:00\",\"breadcrumb\":{\"@id\":\"https:\\\/\\\/www.eldiario.net\\\/portal\\\/2022\\\/12\\\/16\\\/bolivia-requiere-normas-y-politicas-para-encarar-crisis-mundial-en-2023\\\/#breadcrumb\"},\"inLanguage\":\"es\",\"potentialAction\":[{\"@type\":\"ReadAction\",\"target\":[\"https:\\\/\\\/www.eldiario.net\\\/portal\\\/2022\\\/12\\\/16\\\/bolivia-requiere-normas-y-politicas-para-encarar-crisis-mundial-en-2023\\\/\"]}]},{\"@type\":\"ImageObject\",\"inLanguage\":\"es\",\"@id\":\"https:\\\/\\\/www.eldiario.net\\\/portal\\\/2022\\\/12\\\/16\\\/bolivia-requiere-normas-y-politicas-para-encarar-crisis-mundial-en-2023\\\/#primaryimage\",\"url\":\"\",\"contentUrl\":\"\"},{\"@type\":\"BreadcrumbList\",\"@id\":\"https:\\\/\\\/www.eldiario.net\\\/portal\\\/2022\\\/12\\\/16\\\/bolivia-requiere-normas-y-politicas-para-encarar-crisis-mundial-en-2023\\\/#breadcrumb\",\"itemListElement\":[{\"@type\":\"ListItem\",\"position\":1,\"name\":\"Portada\",\"item\":\"https:\\\/\\\/www.eldiario.net\\\/portal\\\/\"},{\"@type\":\"ListItem\",\"position\":2,\"name\":\"Bolivia requiere normas y pol\u00edticas para encarar crisis mundial en 2023\"}]},{\"@type\":\"WebSite\",\"@id\":\"https:\\\/\\\/www.eldiario.net\\\/portal\\\/#website\",\"url\":\"https:\\\/\\\/www.eldiario.net\\\/portal\\\/\",\"name\":\"El Diario - Decano de la prensa nacional\",\"description\":\"El Diario - Decano de la prensa nacional\",\"publisher\":{\"@id\":\"https:\\\/\\\/www.eldiario.net\\\/portal\\\/#organization\"},\"potentialAction\":[{\"@type\":\"SearchAction\",\"target\":{\"@type\":\"EntryPoint\",\"urlTemplate\":\"https:\\\/\\\/www.eldiario.net\\\/portal\\\/?s={search_term_string}\"},\"query-input\":{\"@type\":\"PropertyValueSpecification\",\"valueRequired\":true,\"valueName\":\"search_term_string\"}}],\"inLanguage\":\"es\"},{\"@type\":\"Organization\",\"@id\":\"https:\\\/\\\/www.eldiario.net\\\/portal\\\/#organization\",\"name\":\"El Diario - Decano de la prensa nacional\",\"url\":\"https:\\\/\\\/www.eldiario.net\\\/portal\\\/\",\"logo\":{\"@type\":\"ImageObject\",\"inLanguage\":\"es\",\"@id\":\"https:\\\/\\\/www.eldiario.net\\\/portal\\\/#\\\/schema\\\/logo\\\/image\\\/\",\"url\":\"https:\\\/\\\/www.eldiario.net\\\/portal\\\/wp-content\\\/uploads\\\/2023\\\/07\\\/logo_ED.jpg\",\"contentUrl\":\"https:\\\/\\\/www.eldiario.net\\\/portal\\\/wp-content\\\/uploads\\\/2023\\\/07\\\/logo_ED.jpg\",\"width\":272,\"height\":52,\"caption\":\"El Diario - Decano de la prensa nacional\"},\"image\":{\"@id\":\"https:\\\/\\\/www.eldiario.net\\\/portal\\\/#\\\/schema\\\/logo\\\/image\\\/\"},\"sameAs\":[\"https:\\\/\\\/www.facebook.com\\\/eldiario.bolivia\\\/\",\"https:\\\/\\\/x.com\\\/eldiario_net\"]},{\"@type\":\"Person\",\"@id\":\"https:\\\/\\\/www.eldiario.net\\\/portal\\\/#\\\/schema\\\/person\\\/f46445640444750d7d753ccd04ae01b7\",\"name\":\"Jeanette\",\"image\":{\"@type\":\"ImageObject\",\"inLanguage\":\"es\",\"@id\":\"https:\\\/\\\/secure.gravatar.com\\\/avatar\\\/3ea2118a5f7dad2b7138b1187a6b7ee55f160b9968b66013c3a3ef39dd7e5798?s=96&d=mm&r=g\",\"url\":\"https:\\\/\\\/secure.gravatar.com\\\/avatar\\\/3ea2118a5f7dad2b7138b1187a6b7ee55f160b9968b66013c3a3ef39dd7e5798?s=96&d=mm&r=g\",\"contentUrl\":\"https:\\\/\\\/secure.gravatar.com\\\/avatar\\\/3ea2118a5f7dad2b7138b1187a6b7ee55f160b9968b66013c3a3ef39dd7e5798?s=96&d=mm&r=g\",\"caption\":\"Jeanette\"},\"sameAs\":[\"https:\\\/\\\/www.eldiario.net\\\/portal\"],\"url\":\"https:\\\/\\\/www.eldiario.net\\\/portal\\\/author\\\/jeanette\\\/\"}]}<\/script>\n<!-- \/ Yoast SEO plugin. -->","yoast_head_json":{"title":"Bolivia requiere normas y pol\u00edticas para encarar crisis mundial en 2023 - El Diario - Bolivia","robots":{"index":"index","follow":"follow","max-snippet":"max-snippet:-1","max-image-preview":"max-image-preview:large","max-video-preview":"max-video-preview:-1"},"canonical":"https:\/\/www.eldiario.net\/portal\/2022\/12\/16\/bolivia-requiere-normas-y-politicas-para-encarar-crisis-mundial-en-2023\/","og_locale":"es_ES","og_type":"article","og_title":"Bolivia requiere normas y pol\u00edticas para encarar crisis mundial en 2023 - El Diario - Bolivia","og_description":"Ante proyecciones negativas de la econom\u00eda mundial en 2023, Bolivia requiere unidad para encarar la crisis que se avecina con normas y pol\u00edticas de fomento para atraer inversi\u00f3n privada, as\u00ed como para aumentar las exportaciones no tradicionales y brindar seguridad jur\u00eddica a los inversores de capital, de acuerdo a declaraciones del gerente General del Instituto [&hellip;]","og_url":"https:\/\/www.eldiario.net\/portal\/2022\/12\/16\/bolivia-requiere-normas-y-politicas-para-encarar-crisis-mundial-en-2023\/","og_site_name":"El Diario - Bolivia","article_publisher":"https:\/\/www.facebook.com\/eldiario.bolivia\/","article_published_time":"2022-12-16T08:33:58+00:00","author":"Jeanette","twitter_card":"summary_large_image","twitter_creator":"@eldiario_net","twitter_site":"@eldiario_net","twitter_misc":{"Escrito por":"Jeanette","Tiempo de lectura":"4 minutos"},"schema":{"@context":"https:\/\/schema.org","@graph":[{"@type":"Article","@id":"https:\/\/www.eldiario.net\/portal\/2022\/12\/16\/bolivia-requiere-normas-y-politicas-para-encarar-crisis-mundial-en-2023\/#article","isPartOf":{"@id":"https:\/\/www.eldiario.net\/portal\/2022\/12\/16\/bolivia-requiere-normas-y-politicas-para-encarar-crisis-mundial-en-2023\/"},"author":{"name":"Jeanette","@id":"https:\/\/www.eldiario.net\/portal\/#\/schema\/person\/f46445640444750d7d753ccd04ae01b7"},"headline":"Bolivia requiere normas y pol\u00edticas para encarar crisis mundial en 2023","datePublished":"2022-12-16T08:33:58+00:00","mainEntityOfPage":{"@id":"https:\/\/www.eldiario.net\/portal\/2022\/12\/16\/bolivia-requiere-normas-y-politicas-para-encarar-crisis-mundial-en-2023\/"},"wordCount":850,"publisher":{"@id":"https:\/\/www.eldiario.net\/portal\/#organization"},"image":{"@id":"https:\/\/www.eldiario.net\/portal\/2022\/12\/16\/bolivia-requiere-normas-y-politicas-para-encarar-crisis-mundial-en-2023\/#primaryimage"},"thumbnailUrl":"","articleSection":["Econom\u00eda"],"inLanguage":"es"},{"@type":"WebPage","@id":"https:\/\/www.eldiario.net\/portal\/2022\/12\/16\/bolivia-requiere-normas-y-politicas-para-encarar-crisis-mundial-en-2023\/","url":"https:\/\/www.eldiario.net\/portal\/2022\/12\/16\/bolivia-requiere-normas-y-politicas-para-encarar-crisis-mundial-en-2023\/","name":"Bolivia requiere normas y pol\u00edticas para encarar crisis mundial en 2023 - El Diario - Bolivia","isPartOf":{"@id":"https:\/\/www.eldiario.net\/portal\/#website"},"primaryImageOfPage":{"@id":"https:\/\/www.eldiario.net\/portal\/2022\/12\/16\/bolivia-requiere-normas-y-politicas-para-encarar-crisis-mundial-en-2023\/#primaryimage"},"image":{"@id":"https:\/\/www.eldiario.net\/portal\/2022\/12\/16\/bolivia-requiere-normas-y-politicas-para-encarar-crisis-mundial-en-2023\/#primaryimage"},"thumbnailUrl":"","datePublished":"2022-12-16T08:33:58+00:00","breadcrumb":{"@id":"https:\/\/www.eldiario.net\/portal\/2022\/12\/16\/bolivia-requiere-normas-y-politicas-para-encarar-crisis-mundial-en-2023\/#breadcrumb"},"inLanguage":"es","potentialAction":[{"@type":"ReadAction","target":["https:\/\/www.eldiario.net\/portal\/2022\/12\/16\/bolivia-requiere-normas-y-politicas-para-encarar-crisis-mundial-en-2023\/"]}]},{"@type":"ImageObject","inLanguage":"es","@id":"https:\/\/www.eldiario.net\/portal\/2022\/12\/16\/bolivia-requiere-normas-y-politicas-para-encarar-crisis-mundial-en-2023\/#primaryimage","url":"","contentUrl":""},{"@type":"BreadcrumbList","@id":"https:\/\/www.eldiario.net\/portal\/2022\/12\/16\/bolivia-requiere-normas-y-politicas-para-encarar-crisis-mundial-en-2023\/#breadcrumb","itemListElement":[{"@type":"ListItem","position":1,"name":"Portada","item":"https:\/\/www.eldiario.net\/portal\/"},{"@type":"ListItem","position":2,"name":"Bolivia requiere normas y pol\u00edticas para encarar crisis mundial en 2023"}]},{"@type":"WebSite","@id":"https:\/\/www.eldiario.net\/portal\/#website","url":"https:\/\/www.eldiario.net\/portal\/","name":"El Diario - Decano de la prensa nacional","description":"El Diario - Decano de la prensa nacional","publisher":{"@id":"https:\/\/www.eldiario.net\/portal\/#organization"},"potentialAction":[{"@type":"SearchAction","target":{"@type":"EntryPoint","urlTemplate":"https:\/\/www.eldiario.net\/portal\/?s={search_term_string}"},"query-input":{"@type":"PropertyValueSpecification","valueRequired":true,"valueName":"search_term_string"}}],"inLanguage":"es"},{"@type":"Organization","@id":"https:\/\/www.eldiario.net\/portal\/#organization","name":"El Diario - Decano de la prensa nacional","url":"https:\/\/www.eldiario.net\/portal\/","logo":{"@type":"ImageObject","inLanguage":"es","@id":"https:\/\/www.eldiario.net\/portal\/#\/schema\/logo\/image\/","url":"https:\/\/www.eldiario.net\/portal\/wp-content\/uploads\/2023\/07\/logo_ED.jpg","contentUrl":"https:\/\/www.eldiario.net\/portal\/wp-content\/uploads\/2023\/07\/logo_ED.jpg","width":272,"height":52,"caption":"El Diario - Decano de la prensa nacional"},"image":{"@id":"https:\/\/www.eldiario.net\/portal\/#\/schema\/logo\/image\/"},"sameAs":["https:\/\/www.facebook.com\/eldiario.bolivia\/","https:\/\/x.com\/eldiario_net"]},{"@type":"Person","@id":"https:\/\/www.eldiario.net\/portal\/#\/schema\/person\/f46445640444750d7d753ccd04ae01b7","name":"Jeanette","image":{"@type":"ImageObject","inLanguage":"es","@id":"https:\/\/secure.gravatar.com\/avatar\/3ea2118a5f7dad2b7138b1187a6b7ee55f160b9968b66013c3a3ef39dd7e5798?s=96&d=mm&r=g","url":"https:\/\/secure.gravatar.com\/avatar\/3ea2118a5f7dad2b7138b1187a6b7ee55f160b9968b66013c3a3ef39dd7e5798?s=96&d=mm&r=g","contentUrl":"https:\/\/secure.gravatar.com\/avatar\/3ea2118a5f7dad2b7138b1187a6b7ee55f160b9968b66013c3a3ef39dd7e5798?s=96&d=mm&r=g","caption":"Jeanette"},"sameAs":["https:\/\/www.eldiario.net\/portal"],"url":"https:\/\/www.eldiario.net\/portal\/author\/jeanette\/"}]}},"_links":{"self":[{"href":"https:\/\/www.eldiario.net\/portal\/wp-json\/wp\/v2\/posts\/127908","targetHints":{"allow":["GET"]}}],"collection":[{"href":"https:\/\/www.eldiario.net\/portal\/wp-json\/wp\/v2\/posts"}],"about":[{"href":"https:\/\/www.eldiario.net\/portal\/wp-json\/wp\/v2\/types\/post"}],"author":[{"embeddable":true,"href":"https:\/\/www.eldiario.net\/portal\/wp-json\/wp\/v2\/users\/1"}],"replies":[{"embeddable":true,"href":"https:\/\/www.eldiario.net\/portal\/wp-json\/wp\/v2\/comments?post=127908"}],"version-history":[{"count":0,"href":"https:\/\/www.eldiario.net\/portal\/wp-json\/wp\/v2\/posts\/127908\/revisions"}],"wp:attachment":[{"href":"https:\/\/www.eldiario.net\/portal\/wp-json\/wp\/v2\/media?parent=127908"}],"wp:term":[{"taxonomy":"category","embeddable":true,"href":"https:\/\/www.eldiario.net\/portal\/wp-json\/wp\/v2\/categories?post=127908"},{"taxonomy":"post_tag","embeddable":true,"href":"https:\/\/www.eldiario.net\/portal\/wp-json\/wp\/v2\/tags?post=127908"}],"curies":[{"name":"wp","href":"https:\/\/api.w.org\/{rel}","templated":true}]}}