{"id":127905,"date":"2022-12-16T04:32:30","date_gmt":"2022-12-16T08:32:30","guid":{"rendered":"https:\/\/www.eldiario.net\/portal\/?p=127905"},"modified":"2022-12-16T04:32:30","modified_gmt":"2022-12-16T08:32:30","slug":"sector-agricola-enfrentara-riesgos-el-proximo-ano","status":"publish","type":"post","link":"https:\/\/www.eldiario.net\/portal\/2022\/12\/16\/sector-agricola-enfrentara-riesgos-el-proximo-ano\/","title":{"rendered":"Sector agr\u00edcola enfrentar\u00e1 riesgos el pr\u00f3ximo a\u00f1o"},"content":{"rendered":"<p>En la gesti\u00f3n 2022, hasta octubre, el valor de las exportaciones de origen agropecuario lleg\u00f3 a 2.015 millones de d\u00f3lares con un crecimiento de 38% respecto a 2021, mientras que la cantidad exportada fue de 2,9 millones de toneladas con un incremento de 22% respecto a la pasada gesti\u00f3n.<br \/>\nEl presidente de la C\u00e1mara Agropecuaria del Oriente (CAO), Oscar Mario Justiniano, dijo que el valor de las ventas fue por razones internacionales, y no tanto por lo cuantitativo.<br \/>\nEn su informe de gesti\u00f3n, dijo que al primer semestre de 2022, el sector agropecuario lidera el aporte al PIB con un 18%, siendo el sector que genera mayor cantidad de empleos, brinda seguridad alimentaria, genera divisas, dinamiza diversos sectores y crea bienestar para las familias bolivianas.<br \/>\nJustiniano argumenta que la cadena productiva abarca a todos, desde que sale el producto hasta llegar al consumidor, pues involucra comercializadores, transporte, entre otros.<br \/>\nSin embargo, el informe de la CAO se\u00f1ala que la producci\u00f3n agr\u00edcola ha mostrado una reducci\u00f3n significativa pasando de 16,04 millones de toneladas en 2021 a 15,63 millones de toneladas en el a\u00f1o 2022, equivalente a 2,53%, debido a la sequ\u00eda en dos campa\u00f1as consecutivas, a\u00fan con un leve incremento de la superficie cultivada en el \u00faltimo a\u00f1o.<br \/>\nMientras tanto, la actividad pecuaria recibi\u00f3 mayor impulso del rubro porcinocultura, cuyo crecimiento fue 15%, la avicultura de carne creci\u00f3 9%, bovino de carne 3,8%, mientras que el rubro bovino de leche registr\u00f3 el menor crecimiento de 0,4%.<br \/>\nProyecciones<br \/>\nEn cuanto a las proyecciones para la campa\u00f1a de verano 2022\/2023, inicialmente el sector agr\u00edcola proyecta sembrar 1,6 millones de hect\u00e1reas con cultivos industriales, lo que significa un crecimiento de 5,44% con relaci\u00f3n a 2021\/2022, motivado por el incremento de los precios internacionales, lo que genera cierta expectativa en los productores de granos.<br \/>\nSin embargo, tambi\u00e9n proyectan mayor precio de los principales insumos, el ma\u00edz, torta de soya y otros que vienen de pa\u00edses vecinos, que afectar\u00eda al sector pecuario, principalmente.<br \/>\nEn cuanto a perspectivas internacionales, es importante considerar el informe de la FAO, donde prev\u00e9 que, para este decenio, las mejoras del rendimiento representar\u00e1n 80% del crecimiento previsto de la producci\u00f3n, destac\u00f3.<br \/>\nEl crecimiento en Cercano Oriente y \u00c1frica del Norte, en China y en la regi\u00f3n de Asia y el Pac\u00edfico (excluidas India y China) se basa por completo en el aumento del rendimiento, motivado por la disminuci\u00f3n prevista de la superficie cosechada de cereales, semillas oleaginosas, cultivos de az\u00facar, legumbres, algod\u00f3n, ra\u00edces y tub\u00e9rculos.<br \/>\nPor ello indic\u00f3 que es importante el uso de tecnolog\u00eda, en especial la biotecnolog\u00eda para incorporar a la producci\u00f3n de alimentos y mejorar su rendimiento, como una herramienta contra el cambio clim\u00e1tico.<br \/>\nJustiniano dijo que se requiere de normativas adecuadas a la realidad del pa\u00eds, y m\u00e1s modernas. Para ello espera que se trabaje con todos los niveles de gobierno, para elaborar un conjunto de pol\u00edticas de Estado, independiente de los gobiernos.<br \/>\nLos agropecuarios proyectan un crecimiento de 5,4% para el 2023, pero depender\u00e1 del contexto nacional e internacional.<br \/>\n\u201cEl mundo nos est\u00e1 mostrando claramente cu\u00e1l es el camino a seguir, intensificar el uso de tecnolog\u00eda para asegurar e incrementar la producci\u00f3n de alimentos, abastecer el mercado interno y generar excedentes para mercados internacionales\u00bb, se\u00f1al\u00f3.<br \/>\nDijo que es imperioso trabajar de forma conjunta con los diferentes niveles de gobierno, establecer cronogramas de acciones para fortalecer el acceso a tecnolog\u00eda en maquinaria, equipamientos, semillas, insumos y gen\u00e9tica, y as\u00ed propiciar la mejora en nuestros rendimientos.<br \/>\nPero tambi\u00e9n esperan que se brinde seguridad jur\u00eddica, y se resuelva el tema de avasallamientos; as\u00ed como mayor interdicci\u00f3n en el tema el contrabando.<\/p>\n","protected":false},"excerpt":{"rendered":"<p>En la gesti\u00f3n 2022, hasta octubre, el valor de las exportaciones de origen agropecuario lleg\u00f3 a 2.015 millones de d\u00f3lares con un crecimiento de 38% respecto a 2021, mientras que la cantidad exportada fue de 2,9 millones de toneladas con un incremento de 22% respecto a la pasada gesti\u00f3n. El presidente de la C\u00e1mara Agropecuaria [&hellip;]<\/p>\n","protected":false},"author":1,"featured_media":127906,"comment_status":"closed","ping_status":"closed","sticky":false,"template":"","format":"standard","meta":{"_acf_changed":false,"footnotes":""},"categories":[7],"tags":[],"class_list":["post-127905","post","type-post","status-publish","format-standard","has-post-thumbnail","category-economia"],"acf":{"antetitulo":""},"yoast_head":"<!-- This site is optimized with the Yoast SEO plugin v28.3 - https:\/\/yoast.com\/product\/yoast-seo-wordpress\/ -->\n<title>Sector agr\u00edcola enfrentar\u00e1 riesgos el pr\u00f3ximo a\u00f1o - El Diario - Bolivia<\/title>\n<meta name=\"robots\" content=\"index, follow, max-snippet:-1, max-image-preview:large, max-video-preview:-1\" \/>\n<link rel=\"canonical\" href=\"https:\/\/www.eldiario.net\/portal\/2022\/12\/16\/sector-agricola-enfrentara-riesgos-el-proximo-ano\/\" \/>\n<meta property=\"og:locale\" content=\"es_ES\" \/>\n<meta property=\"og:type\" content=\"article\" \/>\n<meta property=\"og:title\" content=\"Sector agr\u00edcola enfrentar\u00e1 riesgos el pr\u00f3ximo a\u00f1o - El Diario - Bolivia\" \/>\n<meta property=\"og:description\" content=\"En la gesti\u00f3n 2022, hasta octubre, el valor de las exportaciones de origen agropecuario lleg\u00f3 a 2.015 millones de d\u00f3lares con un crecimiento de 38% respecto a 2021, mientras que la cantidad exportada fue de 2,9 millones de toneladas con un incremento de 22% respecto a la pasada gesti\u00f3n. El presidente de la C\u00e1mara Agropecuaria [&hellip;]\" \/>\n<meta property=\"og:url\" content=\"https:\/\/www.eldiario.net\/portal\/2022\/12\/16\/sector-agricola-enfrentara-riesgos-el-proximo-ano\/\" \/>\n<meta property=\"og:site_name\" content=\"El Diario - Bolivia\" \/>\n<meta property=\"article:publisher\" content=\"https:\/\/www.facebook.com\/eldiario.bolivia\/\" \/>\n<meta property=\"article:published_time\" content=\"2022-12-16T08:32:30+00:00\" \/>\n<meta name=\"author\" content=\"Jeanette\" \/>\n<meta name=\"twitter:card\" content=\"summary_large_image\" \/>\n<meta name=\"twitter:creator\" content=\"@eldiario_net\" \/>\n<meta name=\"twitter:site\" content=\"@eldiario_net\" \/>\n<meta name=\"twitter:label1\" content=\"Escrito por\" \/>\n\t<meta name=\"twitter:data1\" content=\"Jeanette\" \/>\n\t<meta name=\"twitter:label2\" content=\"Tiempo de lectura\" \/>\n\t<meta name=\"twitter:data2\" content=\"3 minutos\" \/>\n<script type=\"application\/ld+json\" class=\"yoast-schema-graph\">{\"@context\":\"https:\\\/\\\/schema.org\",\"@graph\":[{\"@type\":\"Article\",\"@id\":\"https:\\\/\\\/www.eldiario.net\\\/portal\\\/2022\\\/12\\\/16\\\/sector-agricola-enfrentara-riesgos-el-proximo-ano\\\/#article\",\"isPartOf\":{\"@id\":\"https:\\\/\\\/www.eldiario.net\\\/portal\\\/2022\\\/12\\\/16\\\/sector-agricola-enfrentara-riesgos-el-proximo-ano\\\/\"},\"author\":{\"name\":\"Jeanette\",\"@id\":\"https:\\\/\\\/www.eldiario.net\\\/portal\\\/#\\\/schema\\\/person\\\/f46445640444750d7d753ccd04ae01b7\"},\"headline\":\"Sector agr\u00edcola enfrentar\u00e1 riesgos el pr\u00f3ximo a\u00f1o\",\"datePublished\":\"2022-12-16T08:32:30+00:00\",\"mainEntityOfPage\":{\"@id\":\"https:\\\/\\\/www.eldiario.net\\\/portal\\\/2022\\\/12\\\/16\\\/sector-agricola-enfrentara-riesgos-el-proximo-ano\\\/\"},\"wordCount\":634,\"publisher\":{\"@id\":\"https:\\\/\\\/www.eldiario.net\\\/portal\\\/#organization\"},\"image\":{\"@id\":\"https:\\\/\\\/www.eldiario.net\\\/portal\\\/2022\\\/12\\\/16\\\/sector-agricola-enfrentara-riesgos-el-proximo-ano\\\/#primaryimage\"},\"thumbnailUrl\":\"\",\"articleSection\":[\"Econom\u00eda\"],\"inLanguage\":\"es\"},{\"@type\":\"WebPage\",\"@id\":\"https:\\\/\\\/www.eldiario.net\\\/portal\\\/2022\\\/12\\\/16\\\/sector-agricola-enfrentara-riesgos-el-proximo-ano\\\/\",\"url\":\"https:\\\/\\\/www.eldiario.net\\\/portal\\\/2022\\\/12\\\/16\\\/sector-agricola-enfrentara-riesgos-el-proximo-ano\\\/\",\"name\":\"Sector agr\u00edcola enfrentar\u00e1 riesgos el pr\u00f3ximo a\u00f1o - El Diario - Bolivia\",\"isPartOf\":{\"@id\":\"https:\\\/\\\/www.eldiario.net\\\/portal\\\/#website\"},\"primaryImageOfPage\":{\"@id\":\"https:\\\/\\\/www.eldiario.net\\\/portal\\\/2022\\\/12\\\/16\\\/sector-agricola-enfrentara-riesgos-el-proximo-ano\\\/#primaryimage\"},\"image\":{\"@id\":\"https:\\\/\\\/www.eldiario.net\\\/portal\\\/2022\\\/12\\\/16\\\/sector-agricola-enfrentara-riesgos-el-proximo-ano\\\/#primaryimage\"},\"thumbnailUrl\":\"\",\"datePublished\":\"2022-12-16T08:32:30+00:00\",\"breadcrumb\":{\"@id\":\"https:\\\/\\\/www.eldiario.net\\\/portal\\\/2022\\\/12\\\/16\\\/sector-agricola-enfrentara-riesgos-el-proximo-ano\\\/#breadcrumb\"},\"inLanguage\":\"es\",\"potentialAction\":[{\"@type\":\"ReadAction\",\"target\":[\"https:\\\/\\\/www.eldiario.net\\\/portal\\\/2022\\\/12\\\/16\\\/sector-agricola-enfrentara-riesgos-el-proximo-ano\\\/\"]}]},{\"@type\":\"ImageObject\",\"inLanguage\":\"es\",\"@id\":\"https:\\\/\\\/www.eldiario.net\\\/portal\\\/2022\\\/12\\\/16\\\/sector-agricola-enfrentara-riesgos-el-proximo-ano\\\/#primaryimage\",\"url\":\"\",\"contentUrl\":\"\"},{\"@type\":\"BreadcrumbList\",\"@id\":\"https:\\\/\\\/www.eldiario.net\\\/portal\\\/2022\\\/12\\\/16\\\/sector-agricola-enfrentara-riesgos-el-proximo-ano\\\/#breadcrumb\",\"itemListElement\":[{\"@type\":\"ListItem\",\"position\":1,\"name\":\"Portada\",\"item\":\"https:\\\/\\\/www.eldiario.net\\\/portal\\\/\"},{\"@type\":\"ListItem\",\"position\":2,\"name\":\"Sector agr\u00edcola enfrentar\u00e1 riesgos el pr\u00f3ximo a\u00f1o\"}]},{\"@type\":\"WebSite\",\"@id\":\"https:\\\/\\\/www.eldiario.net\\\/portal\\\/#website\",\"url\":\"https:\\\/\\\/www.eldiario.net\\\/portal\\\/\",\"name\":\"El Diario - Decano de la prensa nacional\",\"description\":\"El Diario - Decano de la prensa nacional\",\"publisher\":{\"@id\":\"https:\\\/\\\/www.eldiario.net\\\/portal\\\/#organization\"},\"potentialAction\":[{\"@type\":\"SearchAction\",\"target\":{\"@type\":\"EntryPoint\",\"urlTemplate\":\"https:\\\/\\\/www.eldiario.net\\\/portal\\\/?s={search_term_string}\"},\"query-input\":{\"@type\":\"PropertyValueSpecification\",\"valueRequired\":true,\"valueName\":\"search_term_string\"}}],\"inLanguage\":\"es\"},{\"@type\":\"Organization\",\"@id\":\"https:\\\/\\\/www.eldiario.net\\\/portal\\\/#organization\",\"name\":\"El Diario - Decano de la prensa nacional\",\"url\":\"https:\\\/\\\/www.eldiario.net\\\/portal\\\/\",\"logo\":{\"@type\":\"ImageObject\",\"inLanguage\":\"es\",\"@id\":\"https:\\\/\\\/www.eldiario.net\\\/portal\\\/#\\\/schema\\\/logo\\\/image\\\/\",\"url\":\"https:\\\/\\\/www.eldiario.net\\\/portal\\\/wp-content\\\/uploads\\\/2023\\\/07\\\/logo_ED.jpg\",\"contentUrl\":\"https:\\\/\\\/www.eldiario.net\\\/portal\\\/wp-content\\\/uploads\\\/2023\\\/07\\\/logo_ED.jpg\",\"width\":272,\"height\":52,\"caption\":\"El Diario - Decano de la prensa nacional\"},\"image\":{\"@id\":\"https:\\\/\\\/www.eldiario.net\\\/portal\\\/#\\\/schema\\\/logo\\\/image\\\/\"},\"sameAs\":[\"https:\\\/\\\/www.facebook.com\\\/eldiario.bolivia\\\/\",\"https:\\\/\\\/x.com\\\/eldiario_net\"]},{\"@type\":\"Person\",\"@id\":\"https:\\\/\\\/www.eldiario.net\\\/portal\\\/#\\\/schema\\\/person\\\/f46445640444750d7d753ccd04ae01b7\",\"name\":\"Jeanette\",\"image\":{\"@type\":\"ImageObject\",\"inLanguage\":\"es\",\"@id\":\"https:\\\/\\\/secure.gravatar.com\\\/avatar\\\/3ea2118a5f7dad2b7138b1187a6b7ee55f160b9968b66013c3a3ef39dd7e5798?s=96&d=mm&r=g\",\"url\":\"https:\\\/\\\/secure.gravatar.com\\\/avatar\\\/3ea2118a5f7dad2b7138b1187a6b7ee55f160b9968b66013c3a3ef39dd7e5798?s=96&d=mm&r=g\",\"contentUrl\":\"https:\\\/\\\/secure.gravatar.com\\\/avatar\\\/3ea2118a5f7dad2b7138b1187a6b7ee55f160b9968b66013c3a3ef39dd7e5798?s=96&d=mm&r=g\",\"caption\":\"Jeanette\"},\"sameAs\":[\"https:\\\/\\\/www.eldiario.net\\\/portal\"],\"url\":\"https:\\\/\\\/www.eldiario.net\\\/portal\\\/author\\\/jeanette\\\/\"}]}<\/script>\n<!-- \/ Yoast SEO plugin. -->","yoast_head_json":{"title":"Sector agr\u00edcola enfrentar\u00e1 riesgos el pr\u00f3ximo a\u00f1o - El Diario - Bolivia","robots":{"index":"index","follow":"follow","max-snippet":"max-snippet:-1","max-image-preview":"max-image-preview:large","max-video-preview":"max-video-preview:-1"},"canonical":"https:\/\/www.eldiario.net\/portal\/2022\/12\/16\/sector-agricola-enfrentara-riesgos-el-proximo-ano\/","og_locale":"es_ES","og_type":"article","og_title":"Sector agr\u00edcola enfrentar\u00e1 riesgos el pr\u00f3ximo a\u00f1o - El Diario - Bolivia","og_description":"En la gesti\u00f3n 2022, hasta octubre, el valor de las exportaciones de origen agropecuario lleg\u00f3 a 2.015 millones de d\u00f3lares con un crecimiento de 38% respecto a 2021, mientras que la cantidad exportada fue de 2,9 millones de toneladas con un incremento de 22% respecto a la pasada gesti\u00f3n. El presidente de la C\u00e1mara Agropecuaria [&hellip;]","og_url":"https:\/\/www.eldiario.net\/portal\/2022\/12\/16\/sector-agricola-enfrentara-riesgos-el-proximo-ano\/","og_site_name":"El Diario - Bolivia","article_publisher":"https:\/\/www.facebook.com\/eldiario.bolivia\/","article_published_time":"2022-12-16T08:32:30+00:00","author":"Jeanette","twitter_card":"summary_large_image","twitter_creator":"@eldiario_net","twitter_site":"@eldiario_net","twitter_misc":{"Escrito por":"Jeanette","Tiempo de lectura":"3 minutos"},"schema":{"@context":"https:\/\/schema.org","@graph":[{"@type":"Article","@id":"https:\/\/www.eldiario.net\/portal\/2022\/12\/16\/sector-agricola-enfrentara-riesgos-el-proximo-ano\/#article","isPartOf":{"@id":"https:\/\/www.eldiario.net\/portal\/2022\/12\/16\/sector-agricola-enfrentara-riesgos-el-proximo-ano\/"},"author":{"name":"Jeanette","@id":"https:\/\/www.eldiario.net\/portal\/#\/schema\/person\/f46445640444750d7d753ccd04ae01b7"},"headline":"Sector agr\u00edcola enfrentar\u00e1 riesgos el pr\u00f3ximo a\u00f1o","datePublished":"2022-12-16T08:32:30+00:00","mainEntityOfPage":{"@id":"https:\/\/www.eldiario.net\/portal\/2022\/12\/16\/sector-agricola-enfrentara-riesgos-el-proximo-ano\/"},"wordCount":634,"publisher":{"@id":"https:\/\/www.eldiario.net\/portal\/#organization"},"image":{"@id":"https:\/\/www.eldiario.net\/portal\/2022\/12\/16\/sector-agricola-enfrentara-riesgos-el-proximo-ano\/#primaryimage"},"thumbnailUrl":"","articleSection":["Econom\u00eda"],"inLanguage":"es"},{"@type":"WebPage","@id":"https:\/\/www.eldiario.net\/portal\/2022\/12\/16\/sector-agricola-enfrentara-riesgos-el-proximo-ano\/","url":"https:\/\/www.eldiario.net\/portal\/2022\/12\/16\/sector-agricola-enfrentara-riesgos-el-proximo-ano\/","name":"Sector agr\u00edcola enfrentar\u00e1 riesgos el pr\u00f3ximo a\u00f1o - El Diario - Bolivia","isPartOf":{"@id":"https:\/\/www.eldiario.net\/portal\/#website"},"primaryImageOfPage":{"@id":"https:\/\/www.eldiario.net\/portal\/2022\/12\/16\/sector-agricola-enfrentara-riesgos-el-proximo-ano\/#primaryimage"},"image":{"@id":"https:\/\/www.eldiario.net\/portal\/2022\/12\/16\/sector-agricola-enfrentara-riesgos-el-proximo-ano\/#primaryimage"},"thumbnailUrl":"","datePublished":"2022-12-16T08:32:30+00:00","breadcrumb":{"@id":"https:\/\/www.eldiario.net\/portal\/2022\/12\/16\/sector-agricola-enfrentara-riesgos-el-proximo-ano\/#breadcrumb"},"inLanguage":"es","potentialAction":[{"@type":"ReadAction","target":["https:\/\/www.eldiario.net\/portal\/2022\/12\/16\/sector-agricola-enfrentara-riesgos-el-proximo-ano\/"]}]},{"@type":"ImageObject","inLanguage":"es","@id":"https:\/\/www.eldiario.net\/portal\/2022\/12\/16\/sector-agricola-enfrentara-riesgos-el-proximo-ano\/#primaryimage","url":"","contentUrl":""},{"@type":"BreadcrumbList","@id":"https:\/\/www.eldiario.net\/portal\/2022\/12\/16\/sector-agricola-enfrentara-riesgos-el-proximo-ano\/#breadcrumb","itemListElement":[{"@type":"ListItem","position":1,"name":"Portada","item":"https:\/\/www.eldiario.net\/portal\/"},{"@type":"ListItem","position":2,"name":"Sector agr\u00edcola enfrentar\u00e1 riesgos el pr\u00f3ximo a\u00f1o"}]},{"@type":"WebSite","@id":"https:\/\/www.eldiario.net\/portal\/#website","url":"https:\/\/www.eldiario.net\/portal\/","name":"El Diario - Decano de la prensa nacional","description":"El Diario - Decano de la prensa nacional","publisher":{"@id":"https:\/\/www.eldiario.net\/portal\/#organization"},"potentialAction":[{"@type":"SearchAction","target":{"@type":"EntryPoint","urlTemplate":"https:\/\/www.eldiario.net\/portal\/?s={search_term_string}"},"query-input":{"@type":"PropertyValueSpecification","valueRequired":true,"valueName":"search_term_string"}}],"inLanguage":"es"},{"@type":"Organization","@id":"https:\/\/www.eldiario.net\/portal\/#organization","name":"El Diario - Decano de la prensa nacional","url":"https:\/\/www.eldiario.net\/portal\/","logo":{"@type":"ImageObject","inLanguage":"es","@id":"https:\/\/www.eldiario.net\/portal\/#\/schema\/logo\/image\/","url":"https:\/\/www.eldiario.net\/portal\/wp-content\/uploads\/2023\/07\/logo_ED.jpg","contentUrl":"https:\/\/www.eldiario.net\/portal\/wp-content\/uploads\/2023\/07\/logo_ED.jpg","width":272,"height":52,"caption":"El Diario - Decano de la prensa nacional"},"image":{"@id":"https:\/\/www.eldiario.net\/portal\/#\/schema\/logo\/image\/"},"sameAs":["https:\/\/www.facebook.com\/eldiario.bolivia\/","https:\/\/x.com\/eldiario_net"]},{"@type":"Person","@id":"https:\/\/www.eldiario.net\/portal\/#\/schema\/person\/f46445640444750d7d753ccd04ae01b7","name":"Jeanette","image":{"@type":"ImageObject","inLanguage":"es","@id":"https:\/\/secure.gravatar.com\/avatar\/3ea2118a5f7dad2b7138b1187a6b7ee55f160b9968b66013c3a3ef39dd7e5798?s=96&d=mm&r=g","url":"https:\/\/secure.gravatar.com\/avatar\/3ea2118a5f7dad2b7138b1187a6b7ee55f160b9968b66013c3a3ef39dd7e5798?s=96&d=mm&r=g","contentUrl":"https:\/\/secure.gravatar.com\/avatar\/3ea2118a5f7dad2b7138b1187a6b7ee55f160b9968b66013c3a3ef39dd7e5798?s=96&d=mm&r=g","caption":"Jeanette"},"sameAs":["https:\/\/www.eldiario.net\/portal"],"url":"https:\/\/www.eldiario.net\/portal\/author\/jeanette\/"}]}},"_links":{"self":[{"href":"https:\/\/www.eldiario.net\/portal\/wp-json\/wp\/v2\/posts\/127905","targetHints":{"allow":["GET"]}}],"collection":[{"href":"https:\/\/www.eldiario.net\/portal\/wp-json\/wp\/v2\/posts"}],"about":[{"href":"https:\/\/www.eldiario.net\/portal\/wp-json\/wp\/v2\/types\/post"}],"author":[{"embeddable":true,"href":"https:\/\/www.eldiario.net\/portal\/wp-json\/wp\/v2\/users\/1"}],"replies":[{"embeddable":true,"href":"https:\/\/www.eldiario.net\/portal\/wp-json\/wp\/v2\/comments?post=127905"}],"version-history":[{"count":0,"href":"https:\/\/www.eldiario.net\/portal\/wp-json\/wp\/v2\/posts\/127905\/revisions"}],"wp:attachment":[{"href":"https:\/\/www.eldiario.net\/portal\/wp-json\/wp\/v2\/media?parent=127905"}],"wp:term":[{"taxonomy":"category","embeddable":true,"href":"https:\/\/www.eldiario.net\/portal\/wp-json\/wp\/v2\/categories?post=127905"},{"taxonomy":"post_tag","embeddable":true,"href":"https:\/\/www.eldiario.net\/portal\/wp-json\/wp\/v2\/tags?post=127905"}],"curies":[{"name":"wp","href":"https:\/\/api.w.org\/{rel}","templated":true}]}}