{"id":127901,"date":"2022-12-16T04:31:12","date_gmt":"2022-12-16T08:31:12","guid":{"rendered":"https:\/\/www.eldiario.net\/portal\/?p=127901"},"modified":"2022-12-16T04:31:12","modified_gmt":"2022-12-16T08:31:12","slug":"las-divisas-de-las-reservas-internacionales-en-descenso","status":"publish","type":"post","link":"https:\/\/www.eldiario.net\/portal\/2022\/12\/16\/las-divisas-de-las-reservas-internacionales-en-descenso\/","title":{"rendered":"Las divisas de las Reservas   Internacionales en descenso"},"content":{"rendered":"<p>Al 30 de noviembre de 2021 se ten\u00edan 4.762 millones de d\u00f3lares de las Reservas Internacionales Netas (RIN), de los cuales 1.704 millones eran divisas, pero al 30 de noviembre de 2022 las RIN llegan a 3.808 millones (20% menos) y s\u00f3lo 823 millones son divisas (52% menos). El ritmo de p\u00e9rdida es preocupante.<br \/>\nLa informaci\u00f3n corresponde al twitter de Gabriel Espinoza, economista y ex director del Banco Central de Bolivia, quien expresa su preocupaci\u00f3n ante el panorama que muestras las reservas del BCB.<br \/>\nLas Reservas Internacionales Netas (RIN) a octubre de 2022 alcanzaron a un valor de 3.687 millones de d\u00f3lares, inferior en 157 millones respecto de septiembre de 2022. El menor saldo comercial en balanza de pagos, el incremento de las importaciones y el pago de la deuda externa son algunos de los factores que explican el descenso de las RIN, se\u00f1ala el monitor macroecon\u00f3mico de la C\u00e1mara Nacional de Industria (CNI).<br \/>\nLas divisas de las RIN a octubre de 2022 se encuentran en 863 millones de d\u00f3lares, cuando en septiembre de 2022 estaban en 1.005 millones, ca\u00edda de 14,1% en un mes. \u00abEl valor de las divisas del RIN equivale a 1 mes de importaciones\u00bb, seg\u00fan el monitor macroecon\u00f3mico de la CNI.<br \/>\nSe puede observar que las divisas siguen en franca ca\u00edda, a pesar del aumento de las exportaciones, que este a\u00f1o podr\u00eda llegar a m\u00e1s de 13.000 millones de d\u00f3lares, debido a los altos precios de las materias primas, pero tambi\u00e9n de los alimentos en el mercado internacional.<br \/>\nBalanza comercial<br \/>\nLa balanza comercial a septiembre de 2022 alcanz\u00f3 a un super\u00e1vit de 960 millones de d\u00f3lares, cuando a septiembre de 2021 el super\u00e1vit lleg\u00f3 a 1.484 millones, es decir, 35,3% menos respecto de similar periodo del a\u00f1o pasado. \u00bfLa raz\u00f3n? El valor de las exportaciones a septiembre de 2022 aument\u00f3 32,7% y en volumen subi\u00f3 4,37%.<br \/>\nMientras el valor de las importaciones subi\u00f3 48% y en volumen 15%. El descenso relativo en la cotizaci\u00f3n de los principales commodities de exportaci\u00f3n bolivianos y el incremento de las importaciones incide en un menor super\u00e1vit comercial.<br \/>\nDe acuerdo a informaci\u00f3n del Instituto Boliviano de Comercio Exterior (IBCE), el super\u00e1vit comercial baj\u00f3 a octubre a 825 millones de d\u00f3lares, pero con visos de nuevos r\u00e9cords hasta fin de a\u00f1o.<\/p>\n","protected":false},"excerpt":{"rendered":"<p>Al 30 de noviembre de 2021 se ten\u00edan 4.762 millones de d\u00f3lares de las Reservas Internacionales Netas (RIN), de los cuales 1.704 millones eran divisas, pero al 30 de noviembre de 2022 las RIN llegan a 3.808 millones (20% menos) y s\u00f3lo 823 millones son divisas (52% menos). El ritmo de p\u00e9rdida es preocupante. La [&hellip;]<\/p>\n","protected":false},"author":1,"featured_media":127902,"comment_status":"closed","ping_status":"closed","sticky":false,"template":"","format":"standard","meta":{"_acf_changed":false,"footnotes":""},"categories":[7],"tags":[],"class_list":["post-127901","post","type-post","status-publish","format-standard","has-post-thumbnail","category-economia"],"acf":{"antetitulo":""},"yoast_head":"<!-- This site is optimized with the Yoast SEO plugin v28.3 - https:\/\/yoast.com\/product\/yoast-seo-wordpress\/ -->\n<title>Las divisas de las Reservas  Internacionales en descenso - El Diario - Bolivia<\/title>\n<meta name=\"robots\" content=\"index, follow, max-snippet:-1, max-image-preview:large, max-video-preview:-1\" \/>\n<link rel=\"canonical\" href=\"https:\/\/www.eldiario.net\/portal\/2022\/12\/16\/las-divisas-de-las-reservas-internacionales-en-descenso\/\" \/>\n<meta property=\"og:locale\" content=\"es_ES\" \/>\n<meta property=\"og:type\" content=\"article\" \/>\n<meta property=\"og:title\" content=\"Las divisas de las Reservas  Internacionales en descenso - El Diario - Bolivia\" \/>\n<meta property=\"og:description\" content=\"Al 30 de noviembre de 2021 se ten\u00edan 4.762 millones de d\u00f3lares de las Reservas Internacionales Netas (RIN), de los cuales 1.704 millones eran divisas, pero al 30 de noviembre de 2022 las RIN llegan a 3.808 millones (20% menos) y s\u00f3lo 823 millones son divisas (52% menos). El ritmo de p\u00e9rdida es preocupante. La [&hellip;]\" \/>\n<meta property=\"og:url\" content=\"https:\/\/www.eldiario.net\/portal\/2022\/12\/16\/las-divisas-de-las-reservas-internacionales-en-descenso\/\" \/>\n<meta property=\"og:site_name\" content=\"El Diario - Bolivia\" \/>\n<meta property=\"article:publisher\" content=\"https:\/\/www.facebook.com\/eldiario.bolivia\/\" \/>\n<meta property=\"article:published_time\" content=\"2022-12-16T08:31:12+00:00\" \/>\n<meta name=\"author\" content=\"Jeanette\" \/>\n<meta name=\"twitter:card\" content=\"summary_large_image\" \/>\n<meta name=\"twitter:creator\" content=\"@eldiario_net\" \/>\n<meta name=\"twitter:site\" content=\"@eldiario_net\" \/>\n<meta name=\"twitter:label1\" content=\"Escrito por\" \/>\n\t<meta name=\"twitter:data1\" content=\"Jeanette\" \/>\n\t<meta name=\"twitter:label2\" content=\"Tiempo de lectura\" \/>\n\t<meta name=\"twitter:data2\" content=\"2 minutos\" \/>\n<script type=\"application\/ld+json\" class=\"yoast-schema-graph\">{\"@context\":\"https:\\\/\\\/schema.org\",\"@graph\":[{\"@type\":\"Article\",\"@id\":\"https:\\\/\\\/www.eldiario.net\\\/portal\\\/2022\\\/12\\\/16\\\/las-divisas-de-las-reservas-internacionales-en-descenso\\\/#article\",\"isPartOf\":{\"@id\":\"https:\\\/\\\/www.eldiario.net\\\/portal\\\/2022\\\/12\\\/16\\\/las-divisas-de-las-reservas-internacionales-en-descenso\\\/\"},\"author\":{\"name\":\"Jeanette\",\"@id\":\"https:\\\/\\\/www.eldiario.net\\\/portal\\\/#\\\/schema\\\/person\\\/f46445640444750d7d753ccd04ae01b7\"},\"headline\":\"Las divisas de las Reservas Internacionales en descenso\",\"datePublished\":\"2022-12-16T08:31:12+00:00\",\"mainEntityOfPage\":{\"@id\":\"https:\\\/\\\/www.eldiario.net\\\/portal\\\/2022\\\/12\\\/16\\\/las-divisas-de-las-reservas-internacionales-en-descenso\\\/\"},\"wordCount\":388,\"publisher\":{\"@id\":\"https:\\\/\\\/www.eldiario.net\\\/portal\\\/#organization\"},\"image\":{\"@id\":\"https:\\\/\\\/www.eldiario.net\\\/portal\\\/2022\\\/12\\\/16\\\/las-divisas-de-las-reservas-internacionales-en-descenso\\\/#primaryimage\"},\"thumbnailUrl\":\"\",\"articleSection\":[\"Econom\u00eda\"],\"inLanguage\":\"es\"},{\"@type\":\"WebPage\",\"@id\":\"https:\\\/\\\/www.eldiario.net\\\/portal\\\/2022\\\/12\\\/16\\\/las-divisas-de-las-reservas-internacionales-en-descenso\\\/\",\"url\":\"https:\\\/\\\/www.eldiario.net\\\/portal\\\/2022\\\/12\\\/16\\\/las-divisas-de-las-reservas-internacionales-en-descenso\\\/\",\"name\":\"Las divisas de las Reservas Internacionales en descenso - El Diario - Bolivia\",\"isPartOf\":{\"@id\":\"https:\\\/\\\/www.eldiario.net\\\/portal\\\/#website\"},\"primaryImageOfPage\":{\"@id\":\"https:\\\/\\\/www.eldiario.net\\\/portal\\\/2022\\\/12\\\/16\\\/las-divisas-de-las-reservas-internacionales-en-descenso\\\/#primaryimage\"},\"image\":{\"@id\":\"https:\\\/\\\/www.eldiario.net\\\/portal\\\/2022\\\/12\\\/16\\\/las-divisas-de-las-reservas-internacionales-en-descenso\\\/#primaryimage\"},\"thumbnailUrl\":\"\",\"datePublished\":\"2022-12-16T08:31:12+00:00\",\"breadcrumb\":{\"@id\":\"https:\\\/\\\/www.eldiario.net\\\/portal\\\/2022\\\/12\\\/16\\\/las-divisas-de-las-reservas-internacionales-en-descenso\\\/#breadcrumb\"},\"inLanguage\":\"es\",\"potentialAction\":[{\"@type\":\"ReadAction\",\"target\":[\"https:\\\/\\\/www.eldiario.net\\\/portal\\\/2022\\\/12\\\/16\\\/las-divisas-de-las-reservas-internacionales-en-descenso\\\/\"]}]},{\"@type\":\"ImageObject\",\"inLanguage\":\"es\",\"@id\":\"https:\\\/\\\/www.eldiario.net\\\/portal\\\/2022\\\/12\\\/16\\\/las-divisas-de-las-reservas-internacionales-en-descenso\\\/#primaryimage\",\"url\":\"\",\"contentUrl\":\"\"},{\"@type\":\"BreadcrumbList\",\"@id\":\"https:\\\/\\\/www.eldiario.net\\\/portal\\\/2022\\\/12\\\/16\\\/las-divisas-de-las-reservas-internacionales-en-descenso\\\/#breadcrumb\",\"itemListElement\":[{\"@type\":\"ListItem\",\"position\":1,\"name\":\"Portada\",\"item\":\"https:\\\/\\\/www.eldiario.net\\\/portal\\\/\"},{\"@type\":\"ListItem\",\"position\":2,\"name\":\"Las divisas de las Reservas Internacionales en descenso\"}]},{\"@type\":\"WebSite\",\"@id\":\"https:\\\/\\\/www.eldiario.net\\\/portal\\\/#website\",\"url\":\"https:\\\/\\\/www.eldiario.net\\\/portal\\\/\",\"name\":\"El Diario - Decano de la prensa nacional\",\"description\":\"El Diario - Decano de la prensa nacional\",\"publisher\":{\"@id\":\"https:\\\/\\\/www.eldiario.net\\\/portal\\\/#organization\"},\"potentialAction\":[{\"@type\":\"SearchAction\",\"target\":{\"@type\":\"EntryPoint\",\"urlTemplate\":\"https:\\\/\\\/www.eldiario.net\\\/portal\\\/?s={search_term_string}\"},\"query-input\":{\"@type\":\"PropertyValueSpecification\",\"valueRequired\":true,\"valueName\":\"search_term_string\"}}],\"inLanguage\":\"es\"},{\"@type\":\"Organization\",\"@id\":\"https:\\\/\\\/www.eldiario.net\\\/portal\\\/#organization\",\"name\":\"El Diario - Decano de la prensa nacional\",\"url\":\"https:\\\/\\\/www.eldiario.net\\\/portal\\\/\",\"logo\":{\"@type\":\"ImageObject\",\"inLanguage\":\"es\",\"@id\":\"https:\\\/\\\/www.eldiario.net\\\/portal\\\/#\\\/schema\\\/logo\\\/image\\\/\",\"url\":\"https:\\\/\\\/www.eldiario.net\\\/portal\\\/wp-content\\\/uploads\\\/2023\\\/07\\\/logo_ED.jpg\",\"contentUrl\":\"https:\\\/\\\/www.eldiario.net\\\/portal\\\/wp-content\\\/uploads\\\/2023\\\/07\\\/logo_ED.jpg\",\"width\":272,\"height\":52,\"caption\":\"El Diario - Decano de la prensa nacional\"},\"image\":{\"@id\":\"https:\\\/\\\/www.eldiario.net\\\/portal\\\/#\\\/schema\\\/logo\\\/image\\\/\"},\"sameAs\":[\"https:\\\/\\\/www.facebook.com\\\/eldiario.bolivia\\\/\",\"https:\\\/\\\/x.com\\\/eldiario_net\"]},{\"@type\":\"Person\",\"@id\":\"https:\\\/\\\/www.eldiario.net\\\/portal\\\/#\\\/schema\\\/person\\\/f46445640444750d7d753ccd04ae01b7\",\"name\":\"Jeanette\",\"image\":{\"@type\":\"ImageObject\",\"inLanguage\":\"es\",\"@id\":\"https:\\\/\\\/secure.gravatar.com\\\/avatar\\\/3ea2118a5f7dad2b7138b1187a6b7ee55f160b9968b66013c3a3ef39dd7e5798?s=96&d=mm&r=g\",\"url\":\"https:\\\/\\\/secure.gravatar.com\\\/avatar\\\/3ea2118a5f7dad2b7138b1187a6b7ee55f160b9968b66013c3a3ef39dd7e5798?s=96&d=mm&r=g\",\"contentUrl\":\"https:\\\/\\\/secure.gravatar.com\\\/avatar\\\/3ea2118a5f7dad2b7138b1187a6b7ee55f160b9968b66013c3a3ef39dd7e5798?s=96&d=mm&r=g\",\"caption\":\"Jeanette\"},\"sameAs\":[\"https:\\\/\\\/www.eldiario.net\\\/portal\"],\"url\":\"https:\\\/\\\/www.eldiario.net\\\/portal\\\/author\\\/jeanette\\\/\"}]}<\/script>\n<!-- \/ Yoast SEO plugin. -->","yoast_head_json":{"title":"Las divisas de las Reservas  Internacionales en descenso - El Diario - Bolivia","robots":{"index":"index","follow":"follow","max-snippet":"max-snippet:-1","max-image-preview":"max-image-preview:large","max-video-preview":"max-video-preview:-1"},"canonical":"https:\/\/www.eldiario.net\/portal\/2022\/12\/16\/las-divisas-de-las-reservas-internacionales-en-descenso\/","og_locale":"es_ES","og_type":"article","og_title":"Las divisas de las Reservas  Internacionales en descenso - El Diario - Bolivia","og_description":"Al 30 de noviembre de 2021 se ten\u00edan 4.762 millones de d\u00f3lares de las Reservas Internacionales Netas (RIN), de los cuales 1.704 millones eran divisas, pero al 30 de noviembre de 2022 las RIN llegan a 3.808 millones (20% menos) y s\u00f3lo 823 millones son divisas (52% menos). El ritmo de p\u00e9rdida es preocupante. La [&hellip;]","og_url":"https:\/\/www.eldiario.net\/portal\/2022\/12\/16\/las-divisas-de-las-reservas-internacionales-en-descenso\/","og_site_name":"El Diario - Bolivia","article_publisher":"https:\/\/www.facebook.com\/eldiario.bolivia\/","article_published_time":"2022-12-16T08:31:12+00:00","author":"Jeanette","twitter_card":"summary_large_image","twitter_creator":"@eldiario_net","twitter_site":"@eldiario_net","twitter_misc":{"Escrito por":"Jeanette","Tiempo de lectura":"2 minutos"},"schema":{"@context":"https:\/\/schema.org","@graph":[{"@type":"Article","@id":"https:\/\/www.eldiario.net\/portal\/2022\/12\/16\/las-divisas-de-las-reservas-internacionales-en-descenso\/#article","isPartOf":{"@id":"https:\/\/www.eldiario.net\/portal\/2022\/12\/16\/las-divisas-de-las-reservas-internacionales-en-descenso\/"},"author":{"name":"Jeanette","@id":"https:\/\/www.eldiario.net\/portal\/#\/schema\/person\/f46445640444750d7d753ccd04ae01b7"},"headline":"Las divisas de las Reservas Internacionales en descenso","datePublished":"2022-12-16T08:31:12+00:00","mainEntityOfPage":{"@id":"https:\/\/www.eldiario.net\/portal\/2022\/12\/16\/las-divisas-de-las-reservas-internacionales-en-descenso\/"},"wordCount":388,"publisher":{"@id":"https:\/\/www.eldiario.net\/portal\/#organization"},"image":{"@id":"https:\/\/www.eldiario.net\/portal\/2022\/12\/16\/las-divisas-de-las-reservas-internacionales-en-descenso\/#primaryimage"},"thumbnailUrl":"","articleSection":["Econom\u00eda"],"inLanguage":"es"},{"@type":"WebPage","@id":"https:\/\/www.eldiario.net\/portal\/2022\/12\/16\/las-divisas-de-las-reservas-internacionales-en-descenso\/","url":"https:\/\/www.eldiario.net\/portal\/2022\/12\/16\/las-divisas-de-las-reservas-internacionales-en-descenso\/","name":"Las divisas de las Reservas Internacionales en descenso - El Diario - Bolivia","isPartOf":{"@id":"https:\/\/www.eldiario.net\/portal\/#website"},"primaryImageOfPage":{"@id":"https:\/\/www.eldiario.net\/portal\/2022\/12\/16\/las-divisas-de-las-reservas-internacionales-en-descenso\/#primaryimage"},"image":{"@id":"https:\/\/www.eldiario.net\/portal\/2022\/12\/16\/las-divisas-de-las-reservas-internacionales-en-descenso\/#primaryimage"},"thumbnailUrl":"","datePublished":"2022-12-16T08:31:12+00:00","breadcrumb":{"@id":"https:\/\/www.eldiario.net\/portal\/2022\/12\/16\/las-divisas-de-las-reservas-internacionales-en-descenso\/#breadcrumb"},"inLanguage":"es","potentialAction":[{"@type":"ReadAction","target":["https:\/\/www.eldiario.net\/portal\/2022\/12\/16\/las-divisas-de-las-reservas-internacionales-en-descenso\/"]}]},{"@type":"ImageObject","inLanguage":"es","@id":"https:\/\/www.eldiario.net\/portal\/2022\/12\/16\/las-divisas-de-las-reservas-internacionales-en-descenso\/#primaryimage","url":"","contentUrl":""},{"@type":"BreadcrumbList","@id":"https:\/\/www.eldiario.net\/portal\/2022\/12\/16\/las-divisas-de-las-reservas-internacionales-en-descenso\/#breadcrumb","itemListElement":[{"@type":"ListItem","position":1,"name":"Portada","item":"https:\/\/www.eldiario.net\/portal\/"},{"@type":"ListItem","position":2,"name":"Las divisas de las Reservas Internacionales en descenso"}]},{"@type":"WebSite","@id":"https:\/\/www.eldiario.net\/portal\/#website","url":"https:\/\/www.eldiario.net\/portal\/","name":"El Diario - Decano de la prensa nacional","description":"El Diario - Decano de la prensa nacional","publisher":{"@id":"https:\/\/www.eldiario.net\/portal\/#organization"},"potentialAction":[{"@type":"SearchAction","target":{"@type":"EntryPoint","urlTemplate":"https:\/\/www.eldiario.net\/portal\/?s={search_term_string}"},"query-input":{"@type":"PropertyValueSpecification","valueRequired":true,"valueName":"search_term_string"}}],"inLanguage":"es"},{"@type":"Organization","@id":"https:\/\/www.eldiario.net\/portal\/#organization","name":"El Diario - Decano de la prensa nacional","url":"https:\/\/www.eldiario.net\/portal\/","logo":{"@type":"ImageObject","inLanguage":"es","@id":"https:\/\/www.eldiario.net\/portal\/#\/schema\/logo\/image\/","url":"https:\/\/www.eldiario.net\/portal\/wp-content\/uploads\/2023\/07\/logo_ED.jpg","contentUrl":"https:\/\/www.eldiario.net\/portal\/wp-content\/uploads\/2023\/07\/logo_ED.jpg","width":272,"height":52,"caption":"El Diario - Decano de la prensa nacional"},"image":{"@id":"https:\/\/www.eldiario.net\/portal\/#\/schema\/logo\/image\/"},"sameAs":["https:\/\/www.facebook.com\/eldiario.bolivia\/","https:\/\/x.com\/eldiario_net"]},{"@type":"Person","@id":"https:\/\/www.eldiario.net\/portal\/#\/schema\/person\/f46445640444750d7d753ccd04ae01b7","name":"Jeanette","image":{"@type":"ImageObject","inLanguage":"es","@id":"https:\/\/secure.gravatar.com\/avatar\/3ea2118a5f7dad2b7138b1187a6b7ee55f160b9968b66013c3a3ef39dd7e5798?s=96&d=mm&r=g","url":"https:\/\/secure.gravatar.com\/avatar\/3ea2118a5f7dad2b7138b1187a6b7ee55f160b9968b66013c3a3ef39dd7e5798?s=96&d=mm&r=g","contentUrl":"https:\/\/secure.gravatar.com\/avatar\/3ea2118a5f7dad2b7138b1187a6b7ee55f160b9968b66013c3a3ef39dd7e5798?s=96&d=mm&r=g","caption":"Jeanette"},"sameAs":["https:\/\/www.eldiario.net\/portal"],"url":"https:\/\/www.eldiario.net\/portal\/author\/jeanette\/"}]}},"_links":{"self":[{"href":"https:\/\/www.eldiario.net\/portal\/wp-json\/wp\/v2\/posts\/127901","targetHints":{"allow":["GET"]}}],"collection":[{"href":"https:\/\/www.eldiario.net\/portal\/wp-json\/wp\/v2\/posts"}],"about":[{"href":"https:\/\/www.eldiario.net\/portal\/wp-json\/wp\/v2\/types\/post"}],"author":[{"embeddable":true,"href":"https:\/\/www.eldiario.net\/portal\/wp-json\/wp\/v2\/users\/1"}],"replies":[{"embeddable":true,"href":"https:\/\/www.eldiario.net\/portal\/wp-json\/wp\/v2\/comments?post=127901"}],"version-history":[{"count":0,"href":"https:\/\/www.eldiario.net\/portal\/wp-json\/wp\/v2\/posts\/127901\/revisions"}],"wp:attachment":[{"href":"https:\/\/www.eldiario.net\/portal\/wp-json\/wp\/v2\/media?parent=127901"}],"wp:term":[{"taxonomy":"category","embeddable":true,"href":"https:\/\/www.eldiario.net\/portal\/wp-json\/wp\/v2\/categories?post=127901"},{"taxonomy":"post_tag","embeddable":true,"href":"https:\/\/www.eldiario.net\/portal\/wp-json\/wp\/v2\/tags?post=127901"}],"curies":[{"name":"wp","href":"https:\/\/api.w.org\/{rel}","templated":true}]}}