{"id":127897,"date":"2022-12-16T04:29:29","date_gmt":"2022-12-16T08:29:29","guid":{"rendered":"https:\/\/www.eldiario.net\/portal\/?p=127897"},"modified":"2022-12-16T04:29:29","modified_gmt":"2022-12-16T08:29:29","slug":"ataques-a-medios-en-peru-buscan-ocasionar-panico","status":"publish","type":"post","link":"https:\/\/www.eldiario.net\/portal\/2022\/12\/16\/ataques-a-medios-en-peru-buscan-ocasionar-panico\/","title":{"rendered":"Ataques a medios en Per\u00fa  buscan ocasionar p\u00e1nico"},"content":{"rendered":"<p>Los ataques a medios de comunicaci\u00f3n en Per\u00fa esta semana fueron planeados contra la libertad de expresi\u00f3n y buscan generar el terror, en momentos en que el pa\u00eds sudamericano enfrenta una severa crisis pol\u00edtica, dijeron periodistas locales a la Voz de Am\u00e9rica.<br \/>\nFernando Lino, director de noticias de Canal N, cont\u00f3 que el lunes cerca de las 8 p.m. un grupo de 15 a 20 personas intent\u00f3 atentar contra el canal.<br \/>\nSeg\u00fan Lino, el acto fue muy bien planeado, porque atacaron a otros medios, y dej\u00f3 claro que los atacantes no se estaban manifestando en la calle sino que llegaron silenciosamente a cumplir una misi\u00f3n de generar el terror en el canal y a todas las personas que estaban en ese momento ah\u00ed.<br \/>\n\u201cEl objetivo de los ataques es atemorizar, crear esa zozobra en la ciudad. Es una acci\u00f3n concretamente contra la libertad de expresi\u00f3n\u201d, agreg\u00f3 Lino.<br \/>\nEl Consejo de la Prensa Peruana (CPP) detall\u00f3 en un informe para compilar los hechos que entre los medios atacados figuran Antena TV, ATV, Huaura Digital Noticias, Latina, La Rep\u00fablica, NTN 24, PBO, Radio M\u00e1xima, Radio Las Vegas, Radio Stereo y RPP.<br \/>\nEl CPP considera que los ataques violentos dirigidos a periodistas por manifestantes constituyen hechos criminales que muestran un patr\u00f3n.<br \/>\nA la sumatoria de condenas por impedir el libre ejercicio del periodismo se sumaron tambi\u00e9n el Instituto Prensa y Sociedad (IPYS) de Per\u00fa.<br \/>\nLa Asociaci\u00f3n Nacional de Periodistas del Per\u00fa conden\u00f3 los hechos en su cuenta de Twitter.<br \/>\n\u201cEl derecho a la protesta no soporta estos actos vand\u00e1licos que lo desvirt\u00faan. Instamos a la ciudadan\u00eda a ejercer su leg\u00edtimo derecho pac\u00edficamente. Desde la ANP ya hemos coordinado con la Fiscal\u00eda para que inicie las acciones correspondientes en estos casos\u201d, se\u00f1al\u00f3 la asociaci\u00f3n.<br \/>\nACCIONES PARA<br \/>\nPROTEGERSE<br \/>\nSeg\u00fan el presidente del IPYS Per\u00fa, la informaci\u00f3n sobre la dif\u00edcil situaci\u00f3n de los medios de comunicaci\u00f3n en Per\u00fa se entreg\u00f3 a la misi\u00f3n de la Organizaci\u00f3n de Estados Americanos (OEA), que visit\u00f3 el pa\u00eds del 20 al 23 de noviembre, pero que lamentablemente, el informe concluy\u00f3 que en el pa\u00eds existe un exceso de libertad de expresi\u00f3n.<br \/>\nNo obstante, el informe presentado por la misi\u00f3n de la OEA al Consejo Permanente del organismo en Washington radiografi\u00f3 la situaci\u00f3n de los medios de comunicaci\u00f3n que de alg\u00fan modo forman parte tambi\u00e9n de la polarizada situaci\u00f3n peruana.<br \/>\n\u201cSe tuvo conocimiento del Grupo de Alto Nivel (GAN) que los medios de comunicaci\u00f3n est\u00e1n concentrados en pocas manos, y fueron cuestionados por varios de los actores entrevistados por carecer de objetividad, llegando a sostener que no son veraces, y que en algunos casos hasta son desestabilizadores\u201d, rese\u00f1\u00f3 el apartado sobre cuestionamientos sobre el rol de la prensa y medios de comunicaci\u00f3n\u201d.<br \/>\nTambi\u00e9n el GAN consider\u00f3 que en Per\u00fa existe una sobre libertad de expresi\u00f3n, y que los medios tienen libertad para informar o desinformar sin ning\u00fan tipo de censura. De igual manera, ciertos actores comunicaron que se utilizan las noticias reportadas por los medios para abrir casos de investigaci\u00f3n legal contra actores pol\u00edticos, sin contar con los elementos jur\u00eddicos necesarios.<br \/>\nLa Comisi\u00f3n Interamericana de Derechos Humanos (CIDH) y su Relator\u00eda para la Libertad de Expresi\u00f3n (RELE) manifestaron su preocupaci\u00f3n sobre los ataques perpetrados contra los periodistas e instaron a las instituciones del estado a investigar los hechos de manera r\u00e1pida y oportuna. (VOA).<\/p>\n","protected":false},"excerpt":{"rendered":"<p>Los ataques a medios de comunicaci\u00f3n en Per\u00fa esta semana fueron planeados contra la libertad de expresi\u00f3n y buscan generar el terror, en momentos en que el pa\u00eds sudamericano enfrenta una severa crisis pol\u00edtica, dijeron periodistas locales a la Voz de Am\u00e9rica. Fernando Lino, director de noticias de Canal N, cont\u00f3 que el lunes cerca [&hellip;]<\/p>\n","protected":false},"author":1,"featured_media":127889,"comment_status":"closed","ping_status":"closed","sticky":false,"template":"","format":"standard","meta":{"_acf_changed":false,"footnotes":""},"categories":[3],"tags":[],"class_list":["post-127897","post","type-post","status-publish","format-standard","has-post-thumbnail","category-internacional"],"acf":{"antetitulo":""},"yoast_head":"<!-- This site is optimized with the Yoast SEO plugin v28.3 - https:\/\/yoast.com\/product\/yoast-seo-wordpress\/ -->\n<title>Ataques a medios en Per\u00fa buscan ocasionar p\u00e1nico - El Diario - Bolivia<\/title>\n<meta name=\"robots\" content=\"index, follow, max-snippet:-1, max-image-preview:large, max-video-preview:-1\" \/>\n<link rel=\"canonical\" href=\"https:\/\/www.eldiario.net\/portal\/2022\/12\/16\/ataques-a-medios-en-peru-buscan-ocasionar-panico\/\" \/>\n<meta property=\"og:locale\" content=\"es_ES\" \/>\n<meta property=\"og:type\" content=\"article\" \/>\n<meta property=\"og:title\" content=\"Ataques a medios en Per\u00fa buscan ocasionar p\u00e1nico - El Diario - Bolivia\" \/>\n<meta property=\"og:description\" content=\"Los ataques a medios de comunicaci\u00f3n en Per\u00fa esta semana fueron planeados contra la libertad de expresi\u00f3n y buscan generar el terror, en momentos en que el pa\u00eds sudamericano enfrenta una severa crisis pol\u00edtica, dijeron periodistas locales a la Voz de Am\u00e9rica. Fernando Lino, director de noticias de Canal N, cont\u00f3 que el lunes cerca [&hellip;]\" \/>\n<meta property=\"og:url\" content=\"https:\/\/www.eldiario.net\/portal\/2022\/12\/16\/ataques-a-medios-en-peru-buscan-ocasionar-panico\/\" \/>\n<meta property=\"og:site_name\" content=\"El Diario - Bolivia\" \/>\n<meta property=\"article:publisher\" content=\"https:\/\/www.facebook.com\/eldiario.bolivia\/\" \/>\n<meta property=\"article:published_time\" content=\"2022-12-16T08:29:29+00:00\" \/>\n<meta property=\"og:image\" content=\"https:\/\/www.eldiario.net\/portal\/wp-content\/uploads\/2022\/12\/MEDIOS.webp\" \/>\n\t<meta property=\"og:image:width\" content=\"1200\" \/>\n\t<meta property=\"og:image:height\" content=\"675\" \/>\n\t<meta property=\"og:image:type\" content=\"image\/webp\" \/>\n<meta name=\"author\" content=\"Jeanette\" \/>\n<meta name=\"twitter:card\" content=\"summary_large_image\" \/>\n<meta name=\"twitter:creator\" content=\"@eldiario_net\" \/>\n<meta name=\"twitter:site\" content=\"@eldiario_net\" \/>\n<meta name=\"twitter:label1\" content=\"Escrito por\" \/>\n\t<meta name=\"twitter:data1\" content=\"Jeanette\" \/>\n\t<meta name=\"twitter:label2\" content=\"Tiempo de lectura\" \/>\n\t<meta name=\"twitter:data2\" content=\"3 minutos\" \/>\n<script type=\"application\/ld+json\" class=\"yoast-schema-graph\">{\"@context\":\"https:\\\/\\\/schema.org\",\"@graph\":[{\"@type\":\"Article\",\"@id\":\"https:\\\/\\\/www.eldiario.net\\\/portal\\\/2022\\\/12\\\/16\\\/ataques-a-medios-en-peru-buscan-ocasionar-panico\\\/#article\",\"isPartOf\":{\"@id\":\"https:\\\/\\\/www.eldiario.net\\\/portal\\\/2022\\\/12\\\/16\\\/ataques-a-medios-en-peru-buscan-ocasionar-panico\\\/\"},\"author\":{\"name\":\"Jeanette\",\"@id\":\"https:\\\/\\\/www.eldiario.net\\\/portal\\\/#\\\/schema\\\/person\\\/f46445640444750d7d753ccd04ae01b7\"},\"headline\":\"Ataques a medios en Per\u00fa buscan ocasionar p\u00e1nico\",\"datePublished\":\"2022-12-16T08:29:29+00:00\",\"mainEntityOfPage\":{\"@id\":\"https:\\\/\\\/www.eldiario.net\\\/portal\\\/2022\\\/12\\\/16\\\/ataques-a-medios-en-peru-buscan-ocasionar-panico\\\/\"},\"wordCount\":609,\"publisher\":{\"@id\":\"https:\\\/\\\/www.eldiario.net\\\/portal\\\/#organization\"},\"image\":{\"@id\":\"https:\\\/\\\/www.eldiario.net\\\/portal\\\/2022\\\/12\\\/16\\\/ataques-a-medios-en-peru-buscan-ocasionar-panico\\\/#primaryimage\"},\"thumbnailUrl\":\"https:\\\/\\\/www.eldiario.net\\\/portal\\\/wp-content\\\/uploads\\\/2022\\\/12\\\/MEDIOS.webp\",\"articleSection\":[\"Internacional\"],\"inLanguage\":\"es\"},{\"@type\":\"WebPage\",\"@id\":\"https:\\\/\\\/www.eldiario.net\\\/portal\\\/2022\\\/12\\\/16\\\/ataques-a-medios-en-peru-buscan-ocasionar-panico\\\/\",\"url\":\"https:\\\/\\\/www.eldiario.net\\\/portal\\\/2022\\\/12\\\/16\\\/ataques-a-medios-en-peru-buscan-ocasionar-panico\\\/\",\"name\":\"Ataques a medios en Per\u00fa buscan ocasionar p\u00e1nico - El Diario - Bolivia\",\"isPartOf\":{\"@id\":\"https:\\\/\\\/www.eldiario.net\\\/portal\\\/#website\"},\"primaryImageOfPage\":{\"@id\":\"https:\\\/\\\/www.eldiario.net\\\/portal\\\/2022\\\/12\\\/16\\\/ataques-a-medios-en-peru-buscan-ocasionar-panico\\\/#primaryimage\"},\"image\":{\"@id\":\"https:\\\/\\\/www.eldiario.net\\\/portal\\\/2022\\\/12\\\/16\\\/ataques-a-medios-en-peru-buscan-ocasionar-panico\\\/#primaryimage\"},\"thumbnailUrl\":\"https:\\\/\\\/www.eldiario.net\\\/portal\\\/wp-content\\\/uploads\\\/2022\\\/12\\\/MEDIOS.webp\",\"datePublished\":\"2022-12-16T08:29:29+00:00\",\"breadcrumb\":{\"@id\":\"https:\\\/\\\/www.eldiario.net\\\/portal\\\/2022\\\/12\\\/16\\\/ataques-a-medios-en-peru-buscan-ocasionar-panico\\\/#breadcrumb\"},\"inLanguage\":\"es\",\"potentialAction\":[{\"@type\":\"ReadAction\",\"target\":[\"https:\\\/\\\/www.eldiario.net\\\/portal\\\/2022\\\/12\\\/16\\\/ataques-a-medios-en-peru-buscan-ocasionar-panico\\\/\"]}]},{\"@type\":\"ImageObject\",\"inLanguage\":\"es\",\"@id\":\"https:\\\/\\\/www.eldiario.net\\\/portal\\\/2022\\\/12\\\/16\\\/ataques-a-medios-en-peru-buscan-ocasionar-panico\\\/#primaryimage\",\"url\":\"https:\\\/\\\/www.eldiario.net\\\/portal\\\/wp-content\\\/uploads\\\/2022\\\/12\\\/MEDIOS.webp\",\"contentUrl\":\"https:\\\/\\\/www.eldiario.net\\\/portal\\\/wp-content\\\/uploads\\\/2022\\\/12\\\/MEDIOS.webp\",\"width\":1200,\"height\":675,\"caption\":\"debido a ataques permanentes, PERIODISTAS TRABAJAN con MIEDO Y ZOZOBRA.\"},{\"@type\":\"BreadcrumbList\",\"@id\":\"https:\\\/\\\/www.eldiario.net\\\/portal\\\/2022\\\/12\\\/16\\\/ataques-a-medios-en-peru-buscan-ocasionar-panico\\\/#breadcrumb\",\"itemListElement\":[{\"@type\":\"ListItem\",\"position\":1,\"name\":\"Portada\",\"item\":\"https:\\\/\\\/www.eldiario.net\\\/portal\\\/\"},{\"@type\":\"ListItem\",\"position\":2,\"name\":\"Ataques a medios en Per\u00fa buscan ocasionar p\u00e1nico\"}]},{\"@type\":\"WebSite\",\"@id\":\"https:\\\/\\\/www.eldiario.net\\\/portal\\\/#website\",\"url\":\"https:\\\/\\\/www.eldiario.net\\\/portal\\\/\",\"name\":\"El Diario - Decano de la prensa nacional\",\"description\":\"El Diario - Decano de la prensa nacional\",\"publisher\":{\"@id\":\"https:\\\/\\\/www.eldiario.net\\\/portal\\\/#organization\"},\"potentialAction\":[{\"@type\":\"SearchAction\",\"target\":{\"@type\":\"EntryPoint\",\"urlTemplate\":\"https:\\\/\\\/www.eldiario.net\\\/portal\\\/?s={search_term_string}\"},\"query-input\":{\"@type\":\"PropertyValueSpecification\",\"valueRequired\":true,\"valueName\":\"search_term_string\"}}],\"inLanguage\":\"es\"},{\"@type\":\"Organization\",\"@id\":\"https:\\\/\\\/www.eldiario.net\\\/portal\\\/#organization\",\"name\":\"El Diario - Decano de la prensa nacional\",\"url\":\"https:\\\/\\\/www.eldiario.net\\\/portal\\\/\",\"logo\":{\"@type\":\"ImageObject\",\"inLanguage\":\"es\",\"@id\":\"https:\\\/\\\/www.eldiario.net\\\/portal\\\/#\\\/schema\\\/logo\\\/image\\\/\",\"url\":\"https:\\\/\\\/www.eldiario.net\\\/portal\\\/wp-content\\\/uploads\\\/2023\\\/07\\\/logo_ED.jpg\",\"contentUrl\":\"https:\\\/\\\/www.eldiario.net\\\/portal\\\/wp-content\\\/uploads\\\/2023\\\/07\\\/logo_ED.jpg\",\"width\":272,\"height\":52,\"caption\":\"El Diario - Decano de la prensa nacional\"},\"image\":{\"@id\":\"https:\\\/\\\/www.eldiario.net\\\/portal\\\/#\\\/schema\\\/logo\\\/image\\\/\"},\"sameAs\":[\"https:\\\/\\\/www.facebook.com\\\/eldiario.bolivia\\\/\",\"https:\\\/\\\/x.com\\\/eldiario_net\"]},{\"@type\":\"Person\",\"@id\":\"https:\\\/\\\/www.eldiario.net\\\/portal\\\/#\\\/schema\\\/person\\\/f46445640444750d7d753ccd04ae01b7\",\"name\":\"Jeanette\",\"image\":{\"@type\":\"ImageObject\",\"inLanguage\":\"es\",\"@id\":\"https:\\\/\\\/secure.gravatar.com\\\/avatar\\\/3ea2118a5f7dad2b7138b1187a6b7ee55f160b9968b66013c3a3ef39dd7e5798?s=96&d=mm&r=g\",\"url\":\"https:\\\/\\\/secure.gravatar.com\\\/avatar\\\/3ea2118a5f7dad2b7138b1187a6b7ee55f160b9968b66013c3a3ef39dd7e5798?s=96&d=mm&r=g\",\"contentUrl\":\"https:\\\/\\\/secure.gravatar.com\\\/avatar\\\/3ea2118a5f7dad2b7138b1187a6b7ee55f160b9968b66013c3a3ef39dd7e5798?s=96&d=mm&r=g\",\"caption\":\"Jeanette\"},\"sameAs\":[\"https:\\\/\\\/www.eldiario.net\\\/portal\"],\"url\":\"https:\\\/\\\/www.eldiario.net\\\/portal\\\/author\\\/jeanette\\\/\"}]}<\/script>\n<!-- \/ Yoast SEO plugin. -->","yoast_head_json":{"title":"Ataques a medios en Per\u00fa buscan ocasionar p\u00e1nico - El Diario - Bolivia","robots":{"index":"index","follow":"follow","max-snippet":"max-snippet:-1","max-image-preview":"max-image-preview:large","max-video-preview":"max-video-preview:-1"},"canonical":"https:\/\/www.eldiario.net\/portal\/2022\/12\/16\/ataques-a-medios-en-peru-buscan-ocasionar-panico\/","og_locale":"es_ES","og_type":"article","og_title":"Ataques a medios en Per\u00fa buscan ocasionar p\u00e1nico - El Diario - Bolivia","og_description":"Los ataques a medios de comunicaci\u00f3n en Per\u00fa esta semana fueron planeados contra la libertad de expresi\u00f3n y buscan generar el terror, en momentos en que el pa\u00eds sudamericano enfrenta una severa crisis pol\u00edtica, dijeron periodistas locales a la Voz de Am\u00e9rica. Fernando Lino, director de noticias de Canal N, cont\u00f3 que el lunes cerca [&hellip;]","og_url":"https:\/\/www.eldiario.net\/portal\/2022\/12\/16\/ataques-a-medios-en-peru-buscan-ocasionar-panico\/","og_site_name":"El Diario - Bolivia","article_publisher":"https:\/\/www.facebook.com\/eldiario.bolivia\/","article_published_time":"2022-12-16T08:29:29+00:00","og_image":[{"width":1200,"height":675,"url":"https:\/\/www.eldiario.net\/portal\/wp-content\/uploads\/2022\/12\/MEDIOS.webp","type":"image\/webp"}],"author":"Jeanette","twitter_card":"summary_large_image","twitter_creator":"@eldiario_net","twitter_site":"@eldiario_net","twitter_misc":{"Escrito por":"Jeanette","Tiempo de lectura":"3 minutos"},"schema":{"@context":"https:\/\/schema.org","@graph":[{"@type":"Article","@id":"https:\/\/www.eldiario.net\/portal\/2022\/12\/16\/ataques-a-medios-en-peru-buscan-ocasionar-panico\/#article","isPartOf":{"@id":"https:\/\/www.eldiario.net\/portal\/2022\/12\/16\/ataques-a-medios-en-peru-buscan-ocasionar-panico\/"},"author":{"name":"Jeanette","@id":"https:\/\/www.eldiario.net\/portal\/#\/schema\/person\/f46445640444750d7d753ccd04ae01b7"},"headline":"Ataques a medios en Per\u00fa buscan ocasionar p\u00e1nico","datePublished":"2022-12-16T08:29:29+00:00","mainEntityOfPage":{"@id":"https:\/\/www.eldiario.net\/portal\/2022\/12\/16\/ataques-a-medios-en-peru-buscan-ocasionar-panico\/"},"wordCount":609,"publisher":{"@id":"https:\/\/www.eldiario.net\/portal\/#organization"},"image":{"@id":"https:\/\/www.eldiario.net\/portal\/2022\/12\/16\/ataques-a-medios-en-peru-buscan-ocasionar-panico\/#primaryimage"},"thumbnailUrl":"https:\/\/www.eldiario.net\/portal\/wp-content\/uploads\/2022\/12\/MEDIOS.webp","articleSection":["Internacional"],"inLanguage":"es"},{"@type":"WebPage","@id":"https:\/\/www.eldiario.net\/portal\/2022\/12\/16\/ataques-a-medios-en-peru-buscan-ocasionar-panico\/","url":"https:\/\/www.eldiario.net\/portal\/2022\/12\/16\/ataques-a-medios-en-peru-buscan-ocasionar-panico\/","name":"Ataques a medios en Per\u00fa buscan ocasionar p\u00e1nico - El Diario - Bolivia","isPartOf":{"@id":"https:\/\/www.eldiario.net\/portal\/#website"},"primaryImageOfPage":{"@id":"https:\/\/www.eldiario.net\/portal\/2022\/12\/16\/ataques-a-medios-en-peru-buscan-ocasionar-panico\/#primaryimage"},"image":{"@id":"https:\/\/www.eldiario.net\/portal\/2022\/12\/16\/ataques-a-medios-en-peru-buscan-ocasionar-panico\/#primaryimage"},"thumbnailUrl":"https:\/\/www.eldiario.net\/portal\/wp-content\/uploads\/2022\/12\/MEDIOS.webp","datePublished":"2022-12-16T08:29:29+00:00","breadcrumb":{"@id":"https:\/\/www.eldiario.net\/portal\/2022\/12\/16\/ataques-a-medios-en-peru-buscan-ocasionar-panico\/#breadcrumb"},"inLanguage":"es","potentialAction":[{"@type":"ReadAction","target":["https:\/\/www.eldiario.net\/portal\/2022\/12\/16\/ataques-a-medios-en-peru-buscan-ocasionar-panico\/"]}]},{"@type":"ImageObject","inLanguage":"es","@id":"https:\/\/www.eldiario.net\/portal\/2022\/12\/16\/ataques-a-medios-en-peru-buscan-ocasionar-panico\/#primaryimage","url":"https:\/\/www.eldiario.net\/portal\/wp-content\/uploads\/2022\/12\/MEDIOS.webp","contentUrl":"https:\/\/www.eldiario.net\/portal\/wp-content\/uploads\/2022\/12\/MEDIOS.webp","width":1200,"height":675,"caption":"debido a ataques permanentes, PERIODISTAS TRABAJAN con MIEDO Y ZOZOBRA."},{"@type":"BreadcrumbList","@id":"https:\/\/www.eldiario.net\/portal\/2022\/12\/16\/ataques-a-medios-en-peru-buscan-ocasionar-panico\/#breadcrumb","itemListElement":[{"@type":"ListItem","position":1,"name":"Portada","item":"https:\/\/www.eldiario.net\/portal\/"},{"@type":"ListItem","position":2,"name":"Ataques a medios en Per\u00fa buscan ocasionar p\u00e1nico"}]},{"@type":"WebSite","@id":"https:\/\/www.eldiario.net\/portal\/#website","url":"https:\/\/www.eldiario.net\/portal\/","name":"El Diario - Decano de la prensa nacional","description":"El Diario - Decano de la prensa nacional","publisher":{"@id":"https:\/\/www.eldiario.net\/portal\/#organization"},"potentialAction":[{"@type":"SearchAction","target":{"@type":"EntryPoint","urlTemplate":"https:\/\/www.eldiario.net\/portal\/?s={search_term_string}"},"query-input":{"@type":"PropertyValueSpecification","valueRequired":true,"valueName":"search_term_string"}}],"inLanguage":"es"},{"@type":"Organization","@id":"https:\/\/www.eldiario.net\/portal\/#organization","name":"El Diario - Decano de la prensa nacional","url":"https:\/\/www.eldiario.net\/portal\/","logo":{"@type":"ImageObject","inLanguage":"es","@id":"https:\/\/www.eldiario.net\/portal\/#\/schema\/logo\/image\/","url":"https:\/\/www.eldiario.net\/portal\/wp-content\/uploads\/2023\/07\/logo_ED.jpg","contentUrl":"https:\/\/www.eldiario.net\/portal\/wp-content\/uploads\/2023\/07\/logo_ED.jpg","width":272,"height":52,"caption":"El Diario - Decano de la prensa nacional"},"image":{"@id":"https:\/\/www.eldiario.net\/portal\/#\/schema\/logo\/image\/"},"sameAs":["https:\/\/www.facebook.com\/eldiario.bolivia\/","https:\/\/x.com\/eldiario_net"]},{"@type":"Person","@id":"https:\/\/www.eldiario.net\/portal\/#\/schema\/person\/f46445640444750d7d753ccd04ae01b7","name":"Jeanette","image":{"@type":"ImageObject","inLanguage":"es","@id":"https:\/\/secure.gravatar.com\/avatar\/3ea2118a5f7dad2b7138b1187a6b7ee55f160b9968b66013c3a3ef39dd7e5798?s=96&d=mm&r=g","url":"https:\/\/secure.gravatar.com\/avatar\/3ea2118a5f7dad2b7138b1187a6b7ee55f160b9968b66013c3a3ef39dd7e5798?s=96&d=mm&r=g","contentUrl":"https:\/\/secure.gravatar.com\/avatar\/3ea2118a5f7dad2b7138b1187a6b7ee55f160b9968b66013c3a3ef39dd7e5798?s=96&d=mm&r=g","caption":"Jeanette"},"sameAs":["https:\/\/www.eldiario.net\/portal"],"url":"https:\/\/www.eldiario.net\/portal\/author\/jeanette\/"}]}},"_links":{"self":[{"href":"https:\/\/www.eldiario.net\/portal\/wp-json\/wp\/v2\/posts\/127897","targetHints":{"allow":["GET"]}}],"collection":[{"href":"https:\/\/www.eldiario.net\/portal\/wp-json\/wp\/v2\/posts"}],"about":[{"href":"https:\/\/www.eldiario.net\/portal\/wp-json\/wp\/v2\/types\/post"}],"author":[{"embeddable":true,"href":"https:\/\/www.eldiario.net\/portal\/wp-json\/wp\/v2\/users\/1"}],"replies":[{"embeddable":true,"href":"https:\/\/www.eldiario.net\/portal\/wp-json\/wp\/v2\/comments?post=127897"}],"version-history":[{"count":0,"href":"https:\/\/www.eldiario.net\/portal\/wp-json\/wp\/v2\/posts\/127897\/revisions"}],"wp:featuredmedia":[{"embeddable":true,"href":"https:\/\/www.eldiario.net\/portal\/wp-json\/wp\/v2\/media\/127889"}],"wp:attachment":[{"href":"https:\/\/www.eldiario.net\/portal\/wp-json\/wp\/v2\/media?parent=127897"}],"wp:term":[{"taxonomy":"category","embeddable":true,"href":"https:\/\/www.eldiario.net\/portal\/wp-json\/wp\/v2\/categories?post=127897"},{"taxonomy":"post_tag","embeddable":true,"href":"https:\/\/www.eldiario.net\/portal\/wp-json\/wp\/v2\/tags?post=127897"}],"curies":[{"name":"wp","href":"https:\/\/api.w.org\/{rel}","templated":true}]}}