{"id":127894,"date":"2022-12-16T04:28:36","date_gmt":"2022-12-16T08:28:36","guid":{"rendered":"https:\/\/www.eldiario.net\/portal\/?p=127894"},"modified":"2022-12-16T04:28:36","modified_gmt":"2022-12-16T08:28:36","slug":"explosion-en-mina-de-carbon-deja-41-muertos-2","status":"publish","type":"post","link":"https:\/\/www.eldiario.net\/portal\/2022\/12\/16\/explosion-en-mina-de-carbon-deja-41-muertos-2\/","title":{"rendered":"Explosi\u00f3n en mina de  carb\u00f3n deja 41 muertos"},"content":{"rendered":"<p>El \u00faltimo minero atrapado en la mina de carb\u00f3n en Turqu\u00eda donde se produjo una explosi\u00f3n fue hallado muerto, elevando as\u00ed a 41 el n\u00famero de v\u00edctimas mortales, anunci\u00f3 ayer el presidente de ese pa\u00eds, Recep Tayyip Erdogan, presente en el lugar.<br \/>\n\u201cNuestra prioridad era encontrar a los mineros en la galer\u00eda. Hemos llegado finalmente al \u00faltimo. Tambi\u00e9n estaba muerto, lo que eleva el n\u00famero de decesos a 41\u201d, declar\u00f3 el jefe de Estado, lo que pone fin a las operaciones de rescate 20 horas despu\u00e9s de la explosi\u00f3n registrada en la mina de Amasra, en el noroeste de Turqu\u00eda.<br \/>\n\u201cNo sabemos nada. Hubo polvo y humo, no pudimos ver qu\u00e9 pas\u00f3. Yo sal\u00ed por mis propios medios. Los que est\u00e1bamos algo alejados solo sentimos la presi\u00f3n de la explosi\u00f3n, pero no pudimos ver nada\u201d, indic\u00f3 un minero, al salir del pozo.<br \/>\nLas im\u00e1genes de televisi\u00f3n mostraron a cientos de personas -algunas con l\u00e1grimas en los ojos- congregadas alrededor de un edificio blanco da\u00f1ado cerca de la entrada del pozo en la ciudad de Amasra, en el Mar Negro.<br \/>\nEl presidente turco, Recep Tayyip Erdogan, envi\u00f3 inmediatamente a sus ministros de Interior y Energ\u00eda al lugar de los hechos para supervisar las labores de rescate.<br \/>\nEl sindicato turco de trabajadores mineros Maden Is atribuy\u00f3 la explosi\u00f3n a una acumulaci\u00f3n de gas metano, pero otros funcionarios dijeron que era prematuro sacar conclusiones sobre la causa del accidente.<br \/>\nPor su parte, la Autoridad de Gesti\u00f3n de Desastres de Turqu\u00eda (AFAD) dijo que la explosi\u00f3n fue causada por un transformador en la mina propiedad de la empresa estatal Turkish Hard Coal Enterprises.<br \/>\nLa Fiscal\u00eda General de Bart\u00edn ha puesto en marcha una investigaci\u00f3n sobre lo ocurrido, asignando el caso a tres fiscales.<br \/>\nTurqu\u00eda sufre con cierta frecuencia graves accidentes en las minas de carb\u00f3n y lignito, que los sindicatos achacan a las escasas medidas de seguridad en un sector escasamente regulado y controlado.<br \/>\nEl mayor desastre tuvo lugar en mayo de 2014 en una mina de Soma, en la provincia occidental de Manisa, cuando murieron 301 mineros por un incendio causado por una explosi\u00f3n el\u00e9ctrica en un pozo. (Infobae).<\/p>\n","protected":false},"excerpt":{"rendered":"<p>El \u00faltimo minero atrapado en la mina de carb\u00f3n en Turqu\u00eda donde se produjo una explosi\u00f3n fue hallado muerto, elevando as\u00ed a 41 el n\u00famero de v\u00edctimas mortales, anunci\u00f3 ayer el presidente de ese pa\u00eds, Recep Tayyip Erdogan, presente en el lugar. \u201cNuestra prioridad era encontrar a los mineros en la galer\u00eda. Hemos llegado finalmente [&hellip;]<\/p>\n","protected":false},"author":1,"featured_media":127895,"comment_status":"closed","ping_status":"closed","sticky":false,"template":"","format":"standard","meta":{"_acf_changed":false,"footnotes":""},"categories":[3],"tags":[],"class_list":["post-127894","post","type-post","status-publish","format-standard","has-post-thumbnail","category-internacional"],"acf":{"antetitulo":""},"yoast_head":"<!-- This site is optimized with the Yoast SEO plugin v28.3 - https:\/\/yoast.com\/product\/yoast-seo-wordpress\/ -->\n<title>Explosi\u00f3n en mina de carb\u00f3n deja 41 muertos - El Diario - Bolivia<\/title>\n<meta name=\"robots\" content=\"index, follow, max-snippet:-1, max-image-preview:large, max-video-preview:-1\" \/>\n<link rel=\"canonical\" href=\"https:\/\/www.eldiario.net\/portal\/2022\/12\/16\/explosion-en-mina-de-carbon-deja-41-muertos-2\/\" \/>\n<meta property=\"og:locale\" content=\"es_ES\" \/>\n<meta property=\"og:type\" content=\"article\" \/>\n<meta property=\"og:title\" content=\"Explosi\u00f3n en mina de carb\u00f3n deja 41 muertos - El Diario - Bolivia\" \/>\n<meta property=\"og:description\" content=\"El \u00faltimo minero atrapado en la mina de carb\u00f3n en Turqu\u00eda donde se produjo una explosi\u00f3n fue hallado muerto, elevando as\u00ed a 41 el n\u00famero de v\u00edctimas mortales, anunci\u00f3 ayer el presidente de ese pa\u00eds, Recep Tayyip Erdogan, presente en el lugar. \u201cNuestra prioridad era encontrar a los mineros en la galer\u00eda. Hemos llegado finalmente [&hellip;]\" \/>\n<meta property=\"og:url\" content=\"https:\/\/www.eldiario.net\/portal\/2022\/12\/16\/explosion-en-mina-de-carbon-deja-41-muertos-2\/\" \/>\n<meta property=\"og:site_name\" content=\"El Diario - Bolivia\" \/>\n<meta property=\"article:publisher\" content=\"https:\/\/www.facebook.com\/eldiario.bolivia\/\" \/>\n<meta property=\"article:published_time\" content=\"2022-12-16T08:28:36+00:00\" \/>\n<meta name=\"author\" content=\"Jeanette\" \/>\n<meta name=\"twitter:card\" content=\"summary_large_image\" \/>\n<meta name=\"twitter:creator\" content=\"@eldiario_net\" \/>\n<meta name=\"twitter:site\" content=\"@eldiario_net\" \/>\n<meta name=\"twitter:label1\" content=\"Escrito por\" \/>\n\t<meta name=\"twitter:data1\" content=\"Jeanette\" \/>\n\t<meta name=\"twitter:label2\" content=\"Tiempo de lectura\" \/>\n\t<meta name=\"twitter:data2\" content=\"2 minutos\" \/>\n<script type=\"application\/ld+json\" class=\"yoast-schema-graph\">{\"@context\":\"https:\\\/\\\/schema.org\",\"@graph\":[{\"@type\":\"Article\",\"@id\":\"https:\\\/\\\/www.eldiario.net\\\/portal\\\/2022\\\/12\\\/16\\\/explosion-en-mina-de-carbon-deja-41-muertos-2\\\/#article\",\"isPartOf\":{\"@id\":\"https:\\\/\\\/www.eldiario.net\\\/portal\\\/2022\\\/12\\\/16\\\/explosion-en-mina-de-carbon-deja-41-muertos-2\\\/\"},\"author\":{\"name\":\"Jeanette\",\"@id\":\"https:\\\/\\\/www.eldiario.net\\\/portal\\\/#\\\/schema\\\/person\\\/f46445640444750d7d753ccd04ae01b7\"},\"headline\":\"Explosi\u00f3n en mina de carb\u00f3n deja 41 muertos\",\"datePublished\":\"2022-12-16T08:28:36+00:00\",\"mainEntityOfPage\":{\"@id\":\"https:\\\/\\\/www.eldiario.net\\\/portal\\\/2022\\\/12\\\/16\\\/explosion-en-mina-de-carbon-deja-41-muertos-2\\\/\"},\"wordCount\":392,\"publisher\":{\"@id\":\"https:\\\/\\\/www.eldiario.net\\\/portal\\\/#organization\"},\"image\":{\"@id\":\"https:\\\/\\\/www.eldiario.net\\\/portal\\\/2022\\\/12\\\/16\\\/explosion-en-mina-de-carbon-deja-41-muertos-2\\\/#primaryimage\"},\"thumbnailUrl\":\"\",\"articleSection\":[\"Internacional\"],\"inLanguage\":\"es\"},{\"@type\":\"WebPage\",\"@id\":\"https:\\\/\\\/www.eldiario.net\\\/portal\\\/2022\\\/12\\\/16\\\/explosion-en-mina-de-carbon-deja-41-muertos-2\\\/\",\"url\":\"https:\\\/\\\/www.eldiario.net\\\/portal\\\/2022\\\/12\\\/16\\\/explosion-en-mina-de-carbon-deja-41-muertos-2\\\/\",\"name\":\"Explosi\u00f3n en mina de carb\u00f3n deja 41 muertos - El Diario - Bolivia\",\"isPartOf\":{\"@id\":\"https:\\\/\\\/www.eldiario.net\\\/portal\\\/#website\"},\"primaryImageOfPage\":{\"@id\":\"https:\\\/\\\/www.eldiario.net\\\/portal\\\/2022\\\/12\\\/16\\\/explosion-en-mina-de-carbon-deja-41-muertos-2\\\/#primaryimage\"},\"image\":{\"@id\":\"https:\\\/\\\/www.eldiario.net\\\/portal\\\/2022\\\/12\\\/16\\\/explosion-en-mina-de-carbon-deja-41-muertos-2\\\/#primaryimage\"},\"thumbnailUrl\":\"\",\"datePublished\":\"2022-12-16T08:28:36+00:00\",\"breadcrumb\":{\"@id\":\"https:\\\/\\\/www.eldiario.net\\\/portal\\\/2022\\\/12\\\/16\\\/explosion-en-mina-de-carbon-deja-41-muertos-2\\\/#breadcrumb\"},\"inLanguage\":\"es\",\"potentialAction\":[{\"@type\":\"ReadAction\",\"target\":[\"https:\\\/\\\/www.eldiario.net\\\/portal\\\/2022\\\/12\\\/16\\\/explosion-en-mina-de-carbon-deja-41-muertos-2\\\/\"]}]},{\"@type\":\"ImageObject\",\"inLanguage\":\"es\",\"@id\":\"https:\\\/\\\/www.eldiario.net\\\/portal\\\/2022\\\/12\\\/16\\\/explosion-en-mina-de-carbon-deja-41-muertos-2\\\/#primaryimage\",\"url\":\"\",\"contentUrl\":\"\"},{\"@type\":\"BreadcrumbList\",\"@id\":\"https:\\\/\\\/www.eldiario.net\\\/portal\\\/2022\\\/12\\\/16\\\/explosion-en-mina-de-carbon-deja-41-muertos-2\\\/#breadcrumb\",\"itemListElement\":[{\"@type\":\"ListItem\",\"position\":1,\"name\":\"Portada\",\"item\":\"https:\\\/\\\/www.eldiario.net\\\/portal\\\/\"},{\"@type\":\"ListItem\",\"position\":2,\"name\":\"Explosi\u00f3n en mina de carb\u00f3n deja 41 muertos\"}]},{\"@type\":\"WebSite\",\"@id\":\"https:\\\/\\\/www.eldiario.net\\\/portal\\\/#website\",\"url\":\"https:\\\/\\\/www.eldiario.net\\\/portal\\\/\",\"name\":\"El Diario - Decano de la prensa nacional\",\"description\":\"El Diario - Decano de la prensa nacional\",\"publisher\":{\"@id\":\"https:\\\/\\\/www.eldiario.net\\\/portal\\\/#organization\"},\"potentialAction\":[{\"@type\":\"SearchAction\",\"target\":{\"@type\":\"EntryPoint\",\"urlTemplate\":\"https:\\\/\\\/www.eldiario.net\\\/portal\\\/?s={search_term_string}\"},\"query-input\":{\"@type\":\"PropertyValueSpecification\",\"valueRequired\":true,\"valueName\":\"search_term_string\"}}],\"inLanguage\":\"es\"},{\"@type\":\"Organization\",\"@id\":\"https:\\\/\\\/www.eldiario.net\\\/portal\\\/#organization\",\"name\":\"El Diario - Decano de la prensa nacional\",\"url\":\"https:\\\/\\\/www.eldiario.net\\\/portal\\\/\",\"logo\":{\"@type\":\"ImageObject\",\"inLanguage\":\"es\",\"@id\":\"https:\\\/\\\/www.eldiario.net\\\/portal\\\/#\\\/schema\\\/logo\\\/image\\\/\",\"url\":\"https:\\\/\\\/www.eldiario.net\\\/portal\\\/wp-content\\\/uploads\\\/2023\\\/07\\\/logo_ED.jpg\",\"contentUrl\":\"https:\\\/\\\/www.eldiario.net\\\/portal\\\/wp-content\\\/uploads\\\/2023\\\/07\\\/logo_ED.jpg\",\"width\":272,\"height\":52,\"caption\":\"El Diario - Decano de la prensa nacional\"},\"image\":{\"@id\":\"https:\\\/\\\/www.eldiario.net\\\/portal\\\/#\\\/schema\\\/logo\\\/image\\\/\"},\"sameAs\":[\"https:\\\/\\\/www.facebook.com\\\/eldiario.bolivia\\\/\",\"https:\\\/\\\/x.com\\\/eldiario_net\"]},{\"@type\":\"Person\",\"@id\":\"https:\\\/\\\/www.eldiario.net\\\/portal\\\/#\\\/schema\\\/person\\\/f46445640444750d7d753ccd04ae01b7\",\"name\":\"Jeanette\",\"image\":{\"@type\":\"ImageObject\",\"inLanguage\":\"es\",\"@id\":\"https:\\\/\\\/secure.gravatar.com\\\/avatar\\\/3ea2118a5f7dad2b7138b1187a6b7ee55f160b9968b66013c3a3ef39dd7e5798?s=96&d=mm&r=g\",\"url\":\"https:\\\/\\\/secure.gravatar.com\\\/avatar\\\/3ea2118a5f7dad2b7138b1187a6b7ee55f160b9968b66013c3a3ef39dd7e5798?s=96&d=mm&r=g\",\"contentUrl\":\"https:\\\/\\\/secure.gravatar.com\\\/avatar\\\/3ea2118a5f7dad2b7138b1187a6b7ee55f160b9968b66013c3a3ef39dd7e5798?s=96&d=mm&r=g\",\"caption\":\"Jeanette\"},\"sameAs\":[\"https:\\\/\\\/www.eldiario.net\\\/portal\"],\"url\":\"https:\\\/\\\/www.eldiario.net\\\/portal\\\/author\\\/jeanette\\\/\"}]}<\/script>\n<!-- \/ Yoast SEO plugin. -->","yoast_head_json":{"title":"Explosi\u00f3n en mina de carb\u00f3n deja 41 muertos - El Diario - Bolivia","robots":{"index":"index","follow":"follow","max-snippet":"max-snippet:-1","max-image-preview":"max-image-preview:large","max-video-preview":"max-video-preview:-1"},"canonical":"https:\/\/www.eldiario.net\/portal\/2022\/12\/16\/explosion-en-mina-de-carbon-deja-41-muertos-2\/","og_locale":"es_ES","og_type":"article","og_title":"Explosi\u00f3n en mina de carb\u00f3n deja 41 muertos - El Diario - Bolivia","og_description":"El \u00faltimo minero atrapado en la mina de carb\u00f3n en Turqu\u00eda donde se produjo una explosi\u00f3n fue hallado muerto, elevando as\u00ed a 41 el n\u00famero de v\u00edctimas mortales, anunci\u00f3 ayer el presidente de ese pa\u00eds, Recep Tayyip Erdogan, presente en el lugar. \u201cNuestra prioridad era encontrar a los mineros en la galer\u00eda. Hemos llegado finalmente [&hellip;]","og_url":"https:\/\/www.eldiario.net\/portal\/2022\/12\/16\/explosion-en-mina-de-carbon-deja-41-muertos-2\/","og_site_name":"El Diario - Bolivia","article_publisher":"https:\/\/www.facebook.com\/eldiario.bolivia\/","article_published_time":"2022-12-16T08:28:36+00:00","author":"Jeanette","twitter_card":"summary_large_image","twitter_creator":"@eldiario_net","twitter_site":"@eldiario_net","twitter_misc":{"Escrito por":"Jeanette","Tiempo de lectura":"2 minutos"},"schema":{"@context":"https:\/\/schema.org","@graph":[{"@type":"Article","@id":"https:\/\/www.eldiario.net\/portal\/2022\/12\/16\/explosion-en-mina-de-carbon-deja-41-muertos-2\/#article","isPartOf":{"@id":"https:\/\/www.eldiario.net\/portal\/2022\/12\/16\/explosion-en-mina-de-carbon-deja-41-muertos-2\/"},"author":{"name":"Jeanette","@id":"https:\/\/www.eldiario.net\/portal\/#\/schema\/person\/f46445640444750d7d753ccd04ae01b7"},"headline":"Explosi\u00f3n en mina de carb\u00f3n deja 41 muertos","datePublished":"2022-12-16T08:28:36+00:00","mainEntityOfPage":{"@id":"https:\/\/www.eldiario.net\/portal\/2022\/12\/16\/explosion-en-mina-de-carbon-deja-41-muertos-2\/"},"wordCount":392,"publisher":{"@id":"https:\/\/www.eldiario.net\/portal\/#organization"},"image":{"@id":"https:\/\/www.eldiario.net\/portal\/2022\/12\/16\/explosion-en-mina-de-carbon-deja-41-muertos-2\/#primaryimage"},"thumbnailUrl":"","articleSection":["Internacional"],"inLanguage":"es"},{"@type":"WebPage","@id":"https:\/\/www.eldiario.net\/portal\/2022\/12\/16\/explosion-en-mina-de-carbon-deja-41-muertos-2\/","url":"https:\/\/www.eldiario.net\/portal\/2022\/12\/16\/explosion-en-mina-de-carbon-deja-41-muertos-2\/","name":"Explosi\u00f3n en mina de carb\u00f3n deja 41 muertos - El Diario - Bolivia","isPartOf":{"@id":"https:\/\/www.eldiario.net\/portal\/#website"},"primaryImageOfPage":{"@id":"https:\/\/www.eldiario.net\/portal\/2022\/12\/16\/explosion-en-mina-de-carbon-deja-41-muertos-2\/#primaryimage"},"image":{"@id":"https:\/\/www.eldiario.net\/portal\/2022\/12\/16\/explosion-en-mina-de-carbon-deja-41-muertos-2\/#primaryimage"},"thumbnailUrl":"","datePublished":"2022-12-16T08:28:36+00:00","breadcrumb":{"@id":"https:\/\/www.eldiario.net\/portal\/2022\/12\/16\/explosion-en-mina-de-carbon-deja-41-muertos-2\/#breadcrumb"},"inLanguage":"es","potentialAction":[{"@type":"ReadAction","target":["https:\/\/www.eldiario.net\/portal\/2022\/12\/16\/explosion-en-mina-de-carbon-deja-41-muertos-2\/"]}]},{"@type":"ImageObject","inLanguage":"es","@id":"https:\/\/www.eldiario.net\/portal\/2022\/12\/16\/explosion-en-mina-de-carbon-deja-41-muertos-2\/#primaryimage","url":"","contentUrl":""},{"@type":"BreadcrumbList","@id":"https:\/\/www.eldiario.net\/portal\/2022\/12\/16\/explosion-en-mina-de-carbon-deja-41-muertos-2\/#breadcrumb","itemListElement":[{"@type":"ListItem","position":1,"name":"Portada","item":"https:\/\/www.eldiario.net\/portal\/"},{"@type":"ListItem","position":2,"name":"Explosi\u00f3n en mina de carb\u00f3n deja 41 muertos"}]},{"@type":"WebSite","@id":"https:\/\/www.eldiario.net\/portal\/#website","url":"https:\/\/www.eldiario.net\/portal\/","name":"El Diario - Decano de la prensa nacional","description":"El Diario - Decano de la prensa nacional","publisher":{"@id":"https:\/\/www.eldiario.net\/portal\/#organization"},"potentialAction":[{"@type":"SearchAction","target":{"@type":"EntryPoint","urlTemplate":"https:\/\/www.eldiario.net\/portal\/?s={search_term_string}"},"query-input":{"@type":"PropertyValueSpecification","valueRequired":true,"valueName":"search_term_string"}}],"inLanguage":"es"},{"@type":"Organization","@id":"https:\/\/www.eldiario.net\/portal\/#organization","name":"El Diario - Decano de la prensa nacional","url":"https:\/\/www.eldiario.net\/portal\/","logo":{"@type":"ImageObject","inLanguage":"es","@id":"https:\/\/www.eldiario.net\/portal\/#\/schema\/logo\/image\/","url":"https:\/\/www.eldiario.net\/portal\/wp-content\/uploads\/2023\/07\/logo_ED.jpg","contentUrl":"https:\/\/www.eldiario.net\/portal\/wp-content\/uploads\/2023\/07\/logo_ED.jpg","width":272,"height":52,"caption":"El Diario - Decano de la prensa nacional"},"image":{"@id":"https:\/\/www.eldiario.net\/portal\/#\/schema\/logo\/image\/"},"sameAs":["https:\/\/www.facebook.com\/eldiario.bolivia\/","https:\/\/x.com\/eldiario_net"]},{"@type":"Person","@id":"https:\/\/www.eldiario.net\/portal\/#\/schema\/person\/f46445640444750d7d753ccd04ae01b7","name":"Jeanette","image":{"@type":"ImageObject","inLanguage":"es","@id":"https:\/\/secure.gravatar.com\/avatar\/3ea2118a5f7dad2b7138b1187a6b7ee55f160b9968b66013c3a3ef39dd7e5798?s=96&d=mm&r=g","url":"https:\/\/secure.gravatar.com\/avatar\/3ea2118a5f7dad2b7138b1187a6b7ee55f160b9968b66013c3a3ef39dd7e5798?s=96&d=mm&r=g","contentUrl":"https:\/\/secure.gravatar.com\/avatar\/3ea2118a5f7dad2b7138b1187a6b7ee55f160b9968b66013c3a3ef39dd7e5798?s=96&d=mm&r=g","caption":"Jeanette"},"sameAs":["https:\/\/www.eldiario.net\/portal"],"url":"https:\/\/www.eldiario.net\/portal\/author\/jeanette\/"}]}},"_links":{"self":[{"href":"https:\/\/www.eldiario.net\/portal\/wp-json\/wp\/v2\/posts\/127894","targetHints":{"allow":["GET"]}}],"collection":[{"href":"https:\/\/www.eldiario.net\/portal\/wp-json\/wp\/v2\/posts"}],"about":[{"href":"https:\/\/www.eldiario.net\/portal\/wp-json\/wp\/v2\/types\/post"}],"author":[{"embeddable":true,"href":"https:\/\/www.eldiario.net\/portal\/wp-json\/wp\/v2\/users\/1"}],"replies":[{"embeddable":true,"href":"https:\/\/www.eldiario.net\/portal\/wp-json\/wp\/v2\/comments?post=127894"}],"version-history":[{"count":0,"href":"https:\/\/www.eldiario.net\/portal\/wp-json\/wp\/v2\/posts\/127894\/revisions"}],"wp:attachment":[{"href":"https:\/\/www.eldiario.net\/portal\/wp-json\/wp\/v2\/media?parent=127894"}],"wp:term":[{"taxonomy":"category","embeddable":true,"href":"https:\/\/www.eldiario.net\/portal\/wp-json\/wp\/v2\/categories?post=127894"},{"taxonomy":"post_tag","embeddable":true,"href":"https:\/\/www.eldiario.net\/portal\/wp-json\/wp\/v2\/tags?post=127894"}],"curies":[{"name":"wp","href":"https:\/\/api.w.org\/{rel}","templated":true}]}}