{"id":127892,"date":"2022-12-16T04:27:39","date_gmt":"2022-12-16T08:27:39","guid":{"rendered":"https:\/\/www.eldiario.net\/portal\/?p=127892"},"modified":"2022-12-16T04:27:39","modified_gmt":"2022-12-16T08:27:39","slug":"cancilleria-habla-con-embajadores-de-argentina-bolivia-colombia-y-mexico","status":"publish","type":"post","link":"https:\/\/www.eldiario.net\/portal\/2022\/12\/16\/cancilleria-habla-con-embajadores-de-argentina-bolivia-colombia-y-mexico\/","title":{"rendered":"Canciller\u00eda habla con embajadores de  Argentina, Bolivia, Colombia y M\u00e9xico"},"content":{"rendered":"<p>Luego de que cuatro pa\u00edses vecinos desconocieran, de forma impl\u00edcita, el mandato de la presidente Dina Boluarte, el Ministerio de Relaciones Exteriores del Per\u00fa dispuso una comunicaci\u00f3n directa con los embajadores peruanos de Argentina, Bolivia, Colombia y M\u00e9xico.<br \/>\nLa medida se dispone luego que los referidos gobiernos consideraran a Pedro Castillo, detenido en la Direcci\u00f3n de Operaciones Especiales de la PNP (Dinoes), como presidente constitucional del pa\u00eds pese a su intento de autogolpe.<br \/>\nLa funcionaria brind\u00f3 dichas declaraciones durante la juramentaci\u00f3n del viceministro de Relaciones Exteriores, Ignacio Higueras, ayer.<br \/>\nGervasi D\u00edaz respondi\u00f3 de esta manera, desde el patio principal del Palacio de Torre Tagle (actual sede de la Canciller\u00eda), a las afirmaciones de los distintos mandatos de la regi\u00f3n.<br \/>\nEn el comunicado internacional, publicado d\u00edas atr\u00e1s, se expresa una profunda preocupaci\u00f3n por los recientes sucesos que resultaron en la remoci\u00f3n y detenci\u00f3n de Castillo, quien fue vacado por el Legislativo tras su intento de cerrar este poder del Estado.<br \/>\nEl texto tambi\u00e9n omite que el exmandatario anunci\u00f3 una reorganizaci\u00f3n de las principales instituciones del pa\u00eds, entre ellas, el Poder Judicial, el Tribunal Constitucional, la Junta Nacional de Justicia (JNJ) y el Ministerio P\u00fablico que lo investiga por presuntos actos de corrupci\u00f3n.<br \/>\nColombia, M\u00e9xico, Argentina y Bolivia piden que se priorice la voluntad ciudadana, que se pronunci\u00f3 en las urnas, al designar al exl\u00edder de Per\u00fa Libre como Jefe de Estado. En este sentido, se pasa por alto que Boluarte Zegarra asumi\u00f3 el puesto como dignataria debido a que tambi\u00e9n fue elegida democr\u00e1ticamente, en los \u00faltimos comicios, como parte de la plancha presidencial de Castillo.<br \/>\nLa actual Jefe de Estado manifest\u00f3 su preocupaci\u00f3n sobre el tema, durante una breve conferencia de prensa, debido a que recibi\u00f3 el saludo del presidente Alberto Fern\u00e1ndez (Argentina) poco despu\u00e9s de su juramentaci\u00f3n el \u00faltimo mi\u00e9rcoles siete.<br \/>\n\u201cCreo que a estos pa\u00edses, la informaci\u00f3n est\u00e1 llegando distorsionada o err\u00f3nea. Aqu\u00ed en el Per\u00fa no hubo un golpe de Estado donde se retir\u00f3 a un presidente porque, salieron las Fuerzas Armadas y lo sacaron del cargo\u201d, afirm\u00f3 Boluarte.<br \/>\nAcompa\u00f1ada del titular del Consejo de Ministros, Pedro Angulo, la m\u00e1xima representante del Ejecutivo precis\u00f3 que Pedro Castillo, dio un golpe y quiso cerrar el Congreso e inmediatamente tomar los poderes del Estado. Adem\u00e1s, agreg\u00f3 que desconoce la raz\u00f3n por la que el profesor chotano, quien se enfrent\u00f3 a Keiko Fujimori en la pasada campa\u00f1a electoral, adopt\u00f3 la decisi\u00f3n de quebrar el orden constitucional. (Infobae)<\/p>\n","protected":false},"excerpt":{"rendered":"<p>Luego de que cuatro pa\u00edses vecinos desconocieran, de forma impl\u00edcita, el mandato de la presidente Dina Boluarte, el Ministerio de Relaciones Exteriores del Per\u00fa dispuso una comunicaci\u00f3n directa con los embajadores peruanos de Argentina, Bolivia, Colombia y M\u00e9xico. La medida se dispone luego que los referidos gobiernos consideraran a Pedro Castillo, detenido en la Direcci\u00f3n [&hellip;]<\/p>\n","protected":false},"author":1,"featured_media":127888,"comment_status":"closed","ping_status":"closed","sticky":false,"template":"","format":"standard","meta":{"_acf_changed":false,"footnotes":""},"categories":[3],"tags":[],"class_list":["post-127892","post","type-post","status-publish","format-standard","has-post-thumbnail","category-internacional"],"acf":{"antetitulo":""},"yoast_head":"<!-- This site is optimized with the Yoast SEO plugin v28.3 - https:\/\/yoast.com\/product\/yoast-seo-wordpress\/ -->\n<title>Canciller\u00eda habla con embajadores de Argentina, Bolivia, Colombia y M\u00e9xico - El Diario - Bolivia<\/title>\n<meta name=\"robots\" content=\"index, follow, max-snippet:-1, max-image-preview:large, max-video-preview:-1\" \/>\n<link rel=\"canonical\" href=\"https:\/\/www.eldiario.net\/portal\/2022\/12\/16\/cancilleria-habla-con-embajadores-de-argentina-bolivia-colombia-y-mexico\/\" \/>\n<meta property=\"og:locale\" content=\"es_ES\" \/>\n<meta property=\"og:type\" content=\"article\" \/>\n<meta property=\"og:title\" content=\"Canciller\u00eda habla con embajadores de Argentina, Bolivia, Colombia y M\u00e9xico - El Diario - Bolivia\" \/>\n<meta property=\"og:description\" content=\"Luego de que cuatro pa\u00edses vecinos desconocieran, de forma impl\u00edcita, el mandato de la presidente Dina Boluarte, el Ministerio de Relaciones Exteriores del Per\u00fa dispuso una comunicaci\u00f3n directa con los embajadores peruanos de Argentina, Bolivia, Colombia y M\u00e9xico. La medida se dispone luego que los referidos gobiernos consideraran a Pedro Castillo, detenido en la Direcci\u00f3n [&hellip;]\" \/>\n<meta property=\"og:url\" content=\"https:\/\/www.eldiario.net\/portal\/2022\/12\/16\/cancilleria-habla-con-embajadores-de-argentina-bolivia-colombia-y-mexico\/\" \/>\n<meta property=\"og:site_name\" content=\"El Diario - Bolivia\" \/>\n<meta property=\"article:publisher\" content=\"https:\/\/www.facebook.com\/eldiario.bolivia\/\" \/>\n<meta property=\"article:published_time\" content=\"2022-12-16T08:27:39+00:00\" \/>\n<meta property=\"og:image\" content=\"https:\/\/www.eldiario.net\/portal\/wp-content\/uploads\/2022\/12\/AMBAS.webp\" \/>\n\t<meta property=\"og:image:width\" content=\"1200\" \/>\n\t<meta property=\"og:image:height\" content=\"800\" \/>\n\t<meta property=\"og:image:type\" content=\"image\/webp\" \/>\n<meta name=\"author\" content=\"Jeanette\" \/>\n<meta name=\"twitter:card\" content=\"summary_large_image\" \/>\n<meta name=\"twitter:creator\" content=\"@eldiario_net\" \/>\n<meta name=\"twitter:site\" content=\"@eldiario_net\" \/>\n<meta name=\"twitter:label1\" content=\"Escrito por\" \/>\n\t<meta name=\"twitter:data1\" content=\"Jeanette\" \/>\n\t<meta name=\"twitter:label2\" content=\"Tiempo de lectura\" \/>\n\t<meta name=\"twitter:data2\" content=\"2 minutos\" \/>\n<script type=\"application\/ld+json\" class=\"yoast-schema-graph\">{\"@context\":\"https:\\\/\\\/schema.org\",\"@graph\":[{\"@type\":\"Article\",\"@id\":\"https:\\\/\\\/www.eldiario.net\\\/portal\\\/2022\\\/12\\\/16\\\/cancilleria-habla-con-embajadores-de-argentina-bolivia-colombia-y-mexico\\\/#article\",\"isPartOf\":{\"@id\":\"https:\\\/\\\/www.eldiario.net\\\/portal\\\/2022\\\/12\\\/16\\\/cancilleria-habla-con-embajadores-de-argentina-bolivia-colombia-y-mexico\\\/\"},\"author\":{\"name\":\"Jeanette\",\"@id\":\"https:\\\/\\\/www.eldiario.net\\\/portal\\\/#\\\/schema\\\/person\\\/f46445640444750d7d753ccd04ae01b7\"},\"headline\":\"Canciller\u00eda habla con embajadores de Argentina, Bolivia, Colombia y M\u00e9xico\",\"datePublished\":\"2022-12-16T08:27:39+00:00\",\"mainEntityOfPage\":{\"@id\":\"https:\\\/\\\/www.eldiario.net\\\/portal\\\/2022\\\/12\\\/16\\\/cancilleria-habla-con-embajadores-de-argentina-bolivia-colombia-y-mexico\\\/\"},\"wordCount\":456,\"publisher\":{\"@id\":\"https:\\\/\\\/www.eldiario.net\\\/portal\\\/#organization\"},\"image\":{\"@id\":\"https:\\\/\\\/www.eldiario.net\\\/portal\\\/2022\\\/12\\\/16\\\/cancilleria-habla-con-embajadores-de-argentina-bolivia-colombia-y-mexico\\\/#primaryimage\"},\"thumbnailUrl\":\"https:\\\/\\\/www.eldiario.net\\\/portal\\\/wp-content\\\/uploads\\\/2022\\\/12\\\/AMBAS.webp\",\"articleSection\":[\"Internacional\"],\"inLanguage\":\"es\"},{\"@type\":\"WebPage\",\"@id\":\"https:\\\/\\\/www.eldiario.net\\\/portal\\\/2022\\\/12\\\/16\\\/cancilleria-habla-con-embajadores-de-argentina-bolivia-colombia-y-mexico\\\/\",\"url\":\"https:\\\/\\\/www.eldiario.net\\\/portal\\\/2022\\\/12\\\/16\\\/cancilleria-habla-con-embajadores-de-argentina-bolivia-colombia-y-mexico\\\/\",\"name\":\"Canciller\u00eda habla con embajadores de Argentina, Bolivia, Colombia y M\u00e9xico - El Diario - Bolivia\",\"isPartOf\":{\"@id\":\"https:\\\/\\\/www.eldiario.net\\\/portal\\\/#website\"},\"primaryImageOfPage\":{\"@id\":\"https:\\\/\\\/www.eldiario.net\\\/portal\\\/2022\\\/12\\\/16\\\/cancilleria-habla-con-embajadores-de-argentina-bolivia-colombia-y-mexico\\\/#primaryimage\"},\"image\":{\"@id\":\"https:\\\/\\\/www.eldiario.net\\\/portal\\\/2022\\\/12\\\/16\\\/cancilleria-habla-con-embajadores-de-argentina-bolivia-colombia-y-mexico\\\/#primaryimage\"},\"thumbnailUrl\":\"https:\\\/\\\/www.eldiario.net\\\/portal\\\/wp-content\\\/uploads\\\/2022\\\/12\\\/AMBAS.webp\",\"datePublished\":\"2022-12-16T08:27:39+00:00\",\"breadcrumb\":{\"@id\":\"https:\\\/\\\/www.eldiario.net\\\/portal\\\/2022\\\/12\\\/16\\\/cancilleria-habla-con-embajadores-de-argentina-bolivia-colombia-y-mexico\\\/#breadcrumb\"},\"inLanguage\":\"es\",\"potentialAction\":[{\"@type\":\"ReadAction\",\"target\":[\"https:\\\/\\\/www.eldiario.net\\\/portal\\\/2022\\\/12\\\/16\\\/cancilleria-habla-con-embajadores-de-argentina-bolivia-colombia-y-mexico\\\/\"]}]},{\"@type\":\"ImageObject\",\"inLanguage\":\"es\",\"@id\":\"https:\\\/\\\/www.eldiario.net\\\/portal\\\/2022\\\/12\\\/16\\\/cancilleria-habla-con-embajadores-de-argentina-bolivia-colombia-y-mexico\\\/#primaryimage\",\"url\":\"https:\\\/\\\/www.eldiario.net\\\/portal\\\/wp-content\\\/uploads\\\/2022\\\/12\\\/AMBAS.webp\",\"contentUrl\":\"https:\\\/\\\/www.eldiario.net\\\/portal\\\/wp-content\\\/uploads\\\/2022\\\/12\\\/AMBAS.webp\",\"width\":1200,\"height\":800,\"caption\":\"BOLUARTE Y GERVASI CONVOCAN A EMBAJADORES DE VARIOS PA\u00cdSES.\"},{\"@type\":\"BreadcrumbList\",\"@id\":\"https:\\\/\\\/www.eldiario.net\\\/portal\\\/2022\\\/12\\\/16\\\/cancilleria-habla-con-embajadores-de-argentina-bolivia-colombia-y-mexico\\\/#breadcrumb\",\"itemListElement\":[{\"@type\":\"ListItem\",\"position\":1,\"name\":\"Portada\",\"item\":\"https:\\\/\\\/www.eldiario.net\\\/portal\\\/\"},{\"@type\":\"ListItem\",\"position\":2,\"name\":\"Canciller\u00eda habla con embajadores de Argentina, Bolivia, Colombia y M\u00e9xico\"}]},{\"@type\":\"WebSite\",\"@id\":\"https:\\\/\\\/www.eldiario.net\\\/portal\\\/#website\",\"url\":\"https:\\\/\\\/www.eldiario.net\\\/portal\\\/\",\"name\":\"El Diario - Decano de la prensa nacional\",\"description\":\"El Diario - Decano de la prensa nacional\",\"publisher\":{\"@id\":\"https:\\\/\\\/www.eldiario.net\\\/portal\\\/#organization\"},\"potentialAction\":[{\"@type\":\"SearchAction\",\"target\":{\"@type\":\"EntryPoint\",\"urlTemplate\":\"https:\\\/\\\/www.eldiario.net\\\/portal\\\/?s={search_term_string}\"},\"query-input\":{\"@type\":\"PropertyValueSpecification\",\"valueRequired\":true,\"valueName\":\"search_term_string\"}}],\"inLanguage\":\"es\"},{\"@type\":\"Organization\",\"@id\":\"https:\\\/\\\/www.eldiario.net\\\/portal\\\/#organization\",\"name\":\"El Diario - Decano de la prensa nacional\",\"url\":\"https:\\\/\\\/www.eldiario.net\\\/portal\\\/\",\"logo\":{\"@type\":\"ImageObject\",\"inLanguage\":\"es\",\"@id\":\"https:\\\/\\\/www.eldiario.net\\\/portal\\\/#\\\/schema\\\/logo\\\/image\\\/\",\"url\":\"https:\\\/\\\/www.eldiario.net\\\/portal\\\/wp-content\\\/uploads\\\/2023\\\/07\\\/logo_ED.jpg\",\"contentUrl\":\"https:\\\/\\\/www.eldiario.net\\\/portal\\\/wp-content\\\/uploads\\\/2023\\\/07\\\/logo_ED.jpg\",\"width\":272,\"height\":52,\"caption\":\"El Diario - Decano de la prensa nacional\"},\"image\":{\"@id\":\"https:\\\/\\\/www.eldiario.net\\\/portal\\\/#\\\/schema\\\/logo\\\/image\\\/\"},\"sameAs\":[\"https:\\\/\\\/www.facebook.com\\\/eldiario.bolivia\\\/\",\"https:\\\/\\\/x.com\\\/eldiario_net\"]},{\"@type\":\"Person\",\"@id\":\"https:\\\/\\\/www.eldiario.net\\\/portal\\\/#\\\/schema\\\/person\\\/f46445640444750d7d753ccd04ae01b7\",\"name\":\"Jeanette\",\"image\":{\"@type\":\"ImageObject\",\"inLanguage\":\"es\",\"@id\":\"https:\\\/\\\/secure.gravatar.com\\\/avatar\\\/3ea2118a5f7dad2b7138b1187a6b7ee55f160b9968b66013c3a3ef39dd7e5798?s=96&d=mm&r=g\",\"url\":\"https:\\\/\\\/secure.gravatar.com\\\/avatar\\\/3ea2118a5f7dad2b7138b1187a6b7ee55f160b9968b66013c3a3ef39dd7e5798?s=96&d=mm&r=g\",\"contentUrl\":\"https:\\\/\\\/secure.gravatar.com\\\/avatar\\\/3ea2118a5f7dad2b7138b1187a6b7ee55f160b9968b66013c3a3ef39dd7e5798?s=96&d=mm&r=g\",\"caption\":\"Jeanette\"},\"sameAs\":[\"https:\\\/\\\/www.eldiario.net\\\/portal\"],\"url\":\"https:\\\/\\\/www.eldiario.net\\\/portal\\\/author\\\/jeanette\\\/\"}]}<\/script>\n<!-- \/ Yoast SEO plugin. -->","yoast_head_json":{"title":"Canciller\u00eda habla con embajadores de Argentina, Bolivia, Colombia y M\u00e9xico - El Diario - Bolivia","robots":{"index":"index","follow":"follow","max-snippet":"max-snippet:-1","max-image-preview":"max-image-preview:large","max-video-preview":"max-video-preview:-1"},"canonical":"https:\/\/www.eldiario.net\/portal\/2022\/12\/16\/cancilleria-habla-con-embajadores-de-argentina-bolivia-colombia-y-mexico\/","og_locale":"es_ES","og_type":"article","og_title":"Canciller\u00eda habla con embajadores de Argentina, Bolivia, Colombia y M\u00e9xico - El Diario - Bolivia","og_description":"Luego de que cuatro pa\u00edses vecinos desconocieran, de forma impl\u00edcita, el mandato de la presidente Dina Boluarte, el Ministerio de Relaciones Exteriores del Per\u00fa dispuso una comunicaci\u00f3n directa con los embajadores peruanos de Argentina, Bolivia, Colombia y M\u00e9xico. La medida se dispone luego que los referidos gobiernos consideraran a Pedro Castillo, detenido en la Direcci\u00f3n [&hellip;]","og_url":"https:\/\/www.eldiario.net\/portal\/2022\/12\/16\/cancilleria-habla-con-embajadores-de-argentina-bolivia-colombia-y-mexico\/","og_site_name":"El Diario - Bolivia","article_publisher":"https:\/\/www.facebook.com\/eldiario.bolivia\/","article_published_time":"2022-12-16T08:27:39+00:00","og_image":[{"width":1200,"height":800,"url":"https:\/\/www.eldiario.net\/portal\/wp-content\/uploads\/2022\/12\/AMBAS.webp","type":"image\/webp"}],"author":"Jeanette","twitter_card":"summary_large_image","twitter_creator":"@eldiario_net","twitter_site":"@eldiario_net","twitter_misc":{"Escrito por":"Jeanette","Tiempo de lectura":"2 minutos"},"schema":{"@context":"https:\/\/schema.org","@graph":[{"@type":"Article","@id":"https:\/\/www.eldiario.net\/portal\/2022\/12\/16\/cancilleria-habla-con-embajadores-de-argentina-bolivia-colombia-y-mexico\/#article","isPartOf":{"@id":"https:\/\/www.eldiario.net\/portal\/2022\/12\/16\/cancilleria-habla-con-embajadores-de-argentina-bolivia-colombia-y-mexico\/"},"author":{"name":"Jeanette","@id":"https:\/\/www.eldiario.net\/portal\/#\/schema\/person\/f46445640444750d7d753ccd04ae01b7"},"headline":"Canciller\u00eda habla con embajadores de Argentina, Bolivia, Colombia y M\u00e9xico","datePublished":"2022-12-16T08:27:39+00:00","mainEntityOfPage":{"@id":"https:\/\/www.eldiario.net\/portal\/2022\/12\/16\/cancilleria-habla-con-embajadores-de-argentina-bolivia-colombia-y-mexico\/"},"wordCount":456,"publisher":{"@id":"https:\/\/www.eldiario.net\/portal\/#organization"},"image":{"@id":"https:\/\/www.eldiario.net\/portal\/2022\/12\/16\/cancilleria-habla-con-embajadores-de-argentina-bolivia-colombia-y-mexico\/#primaryimage"},"thumbnailUrl":"https:\/\/www.eldiario.net\/portal\/wp-content\/uploads\/2022\/12\/AMBAS.webp","articleSection":["Internacional"],"inLanguage":"es"},{"@type":"WebPage","@id":"https:\/\/www.eldiario.net\/portal\/2022\/12\/16\/cancilleria-habla-con-embajadores-de-argentina-bolivia-colombia-y-mexico\/","url":"https:\/\/www.eldiario.net\/portal\/2022\/12\/16\/cancilleria-habla-con-embajadores-de-argentina-bolivia-colombia-y-mexico\/","name":"Canciller\u00eda habla con embajadores de Argentina, Bolivia, Colombia y M\u00e9xico - El Diario - Bolivia","isPartOf":{"@id":"https:\/\/www.eldiario.net\/portal\/#website"},"primaryImageOfPage":{"@id":"https:\/\/www.eldiario.net\/portal\/2022\/12\/16\/cancilleria-habla-con-embajadores-de-argentina-bolivia-colombia-y-mexico\/#primaryimage"},"image":{"@id":"https:\/\/www.eldiario.net\/portal\/2022\/12\/16\/cancilleria-habla-con-embajadores-de-argentina-bolivia-colombia-y-mexico\/#primaryimage"},"thumbnailUrl":"https:\/\/www.eldiario.net\/portal\/wp-content\/uploads\/2022\/12\/AMBAS.webp","datePublished":"2022-12-16T08:27:39+00:00","breadcrumb":{"@id":"https:\/\/www.eldiario.net\/portal\/2022\/12\/16\/cancilleria-habla-con-embajadores-de-argentina-bolivia-colombia-y-mexico\/#breadcrumb"},"inLanguage":"es","potentialAction":[{"@type":"ReadAction","target":["https:\/\/www.eldiario.net\/portal\/2022\/12\/16\/cancilleria-habla-con-embajadores-de-argentina-bolivia-colombia-y-mexico\/"]}]},{"@type":"ImageObject","inLanguage":"es","@id":"https:\/\/www.eldiario.net\/portal\/2022\/12\/16\/cancilleria-habla-con-embajadores-de-argentina-bolivia-colombia-y-mexico\/#primaryimage","url":"https:\/\/www.eldiario.net\/portal\/wp-content\/uploads\/2022\/12\/AMBAS.webp","contentUrl":"https:\/\/www.eldiario.net\/portal\/wp-content\/uploads\/2022\/12\/AMBAS.webp","width":1200,"height":800,"caption":"BOLUARTE Y GERVASI CONVOCAN A EMBAJADORES DE VARIOS PA\u00cdSES."},{"@type":"BreadcrumbList","@id":"https:\/\/www.eldiario.net\/portal\/2022\/12\/16\/cancilleria-habla-con-embajadores-de-argentina-bolivia-colombia-y-mexico\/#breadcrumb","itemListElement":[{"@type":"ListItem","position":1,"name":"Portada","item":"https:\/\/www.eldiario.net\/portal\/"},{"@type":"ListItem","position":2,"name":"Canciller\u00eda habla con embajadores de Argentina, Bolivia, Colombia y M\u00e9xico"}]},{"@type":"WebSite","@id":"https:\/\/www.eldiario.net\/portal\/#website","url":"https:\/\/www.eldiario.net\/portal\/","name":"El Diario - Decano de la prensa nacional","description":"El Diario - Decano de la prensa nacional","publisher":{"@id":"https:\/\/www.eldiario.net\/portal\/#organization"},"potentialAction":[{"@type":"SearchAction","target":{"@type":"EntryPoint","urlTemplate":"https:\/\/www.eldiario.net\/portal\/?s={search_term_string}"},"query-input":{"@type":"PropertyValueSpecification","valueRequired":true,"valueName":"search_term_string"}}],"inLanguage":"es"},{"@type":"Organization","@id":"https:\/\/www.eldiario.net\/portal\/#organization","name":"El Diario - Decano de la prensa nacional","url":"https:\/\/www.eldiario.net\/portal\/","logo":{"@type":"ImageObject","inLanguage":"es","@id":"https:\/\/www.eldiario.net\/portal\/#\/schema\/logo\/image\/","url":"https:\/\/www.eldiario.net\/portal\/wp-content\/uploads\/2023\/07\/logo_ED.jpg","contentUrl":"https:\/\/www.eldiario.net\/portal\/wp-content\/uploads\/2023\/07\/logo_ED.jpg","width":272,"height":52,"caption":"El Diario - Decano de la prensa nacional"},"image":{"@id":"https:\/\/www.eldiario.net\/portal\/#\/schema\/logo\/image\/"},"sameAs":["https:\/\/www.facebook.com\/eldiario.bolivia\/","https:\/\/x.com\/eldiario_net"]},{"@type":"Person","@id":"https:\/\/www.eldiario.net\/portal\/#\/schema\/person\/f46445640444750d7d753ccd04ae01b7","name":"Jeanette","image":{"@type":"ImageObject","inLanguage":"es","@id":"https:\/\/secure.gravatar.com\/avatar\/3ea2118a5f7dad2b7138b1187a6b7ee55f160b9968b66013c3a3ef39dd7e5798?s=96&d=mm&r=g","url":"https:\/\/secure.gravatar.com\/avatar\/3ea2118a5f7dad2b7138b1187a6b7ee55f160b9968b66013c3a3ef39dd7e5798?s=96&d=mm&r=g","contentUrl":"https:\/\/secure.gravatar.com\/avatar\/3ea2118a5f7dad2b7138b1187a6b7ee55f160b9968b66013c3a3ef39dd7e5798?s=96&d=mm&r=g","caption":"Jeanette"},"sameAs":["https:\/\/www.eldiario.net\/portal"],"url":"https:\/\/www.eldiario.net\/portal\/author\/jeanette\/"}]}},"_links":{"self":[{"href":"https:\/\/www.eldiario.net\/portal\/wp-json\/wp\/v2\/posts\/127892","targetHints":{"allow":["GET"]}}],"collection":[{"href":"https:\/\/www.eldiario.net\/portal\/wp-json\/wp\/v2\/posts"}],"about":[{"href":"https:\/\/www.eldiario.net\/portal\/wp-json\/wp\/v2\/types\/post"}],"author":[{"embeddable":true,"href":"https:\/\/www.eldiario.net\/portal\/wp-json\/wp\/v2\/users\/1"}],"replies":[{"embeddable":true,"href":"https:\/\/www.eldiario.net\/portal\/wp-json\/wp\/v2\/comments?post=127892"}],"version-history":[{"count":0,"href":"https:\/\/www.eldiario.net\/portal\/wp-json\/wp\/v2\/posts\/127892\/revisions"}],"wp:featuredmedia":[{"embeddable":true,"href":"https:\/\/www.eldiario.net\/portal\/wp-json\/wp\/v2\/media\/127888"}],"wp:attachment":[{"href":"https:\/\/www.eldiario.net\/portal\/wp-json\/wp\/v2\/media?parent=127892"}],"wp:term":[{"taxonomy":"category","embeddable":true,"href":"https:\/\/www.eldiario.net\/portal\/wp-json\/wp\/v2\/categories?post=127892"},{"taxonomy":"post_tag","embeddable":true,"href":"https:\/\/www.eldiario.net\/portal\/wp-json\/wp\/v2\/tags?post=127892"}],"curies":[{"name":"wp","href":"https:\/\/api.w.org\/{rel}","templated":true}]}}