{"id":127879,"date":"2022-12-16T04:24:54","date_gmt":"2022-12-16T08:24:54","guid":{"rendered":"https:\/\/www.eldiario.net\/portal\/?p=127879"},"modified":"2022-12-16T04:24:54","modified_gmt":"2022-12-16T08:24:54","slug":"rodrigo-llanos","status":"publish","type":"post","link":"https:\/\/www.eldiario.net\/portal\/2022\/12\/16\/rodrigo-llanos\/","title":{"rendered":"Rodrigo Llanos"},"content":{"rendered":"<p>El invitado de lujo hoy en Cvltvral es un m\u00fasico, guitarrista cuya carrera ha ido en notable crecimiento y actualmente radica en tierras germanas realizando grandes logros, lo cual nunca hizo que olvide sus ra\u00edces. En esta exclusiva conocemos un poco m\u00e1s de su exitosa carrera\u2026 sean todos bienvenidos al show.<\/p>\n<p><strong>\u00bfQui\u00e9n es Rodrigo?<\/strong><br \/>\nTe contesto en tercera persona igual, bueno Rodrigo es un guitarrista pace\u00f1o de 30 a\u00f1os, \u00e9l fue uno de los primeros graduados de la licenciatura de m\u00fasica del Conservatorio en La Paz que desde hace 3 a\u00f1os y medio vive en Alemania, donde termin\u00f3 un m\u00e1ster en interpretaci\u00f3n de guitarra cl\u00e1sica y ahora trabaja ense\u00f1ando en escuelas de m\u00fasica y en proyectos musicales enfocados a la difusi\u00f3n de m\u00fasica de nuestro continente para guitarra. Si me tengo que describir m\u00e1s all\u00e1 de lo profesional, dir\u00eda que soy una persona paciente con la pasi\u00f3n suficiente para poder vivir de lo que me gusta.<\/p>\n<p><strong>\u00bfCu\u00e1l fue tu primera aproximaci\u00f3n con la m\u00fasica?<\/strong><br \/>\nYo no vengo de una familia musical, entonces mi primer encuentro con la m\u00fasica donde mostr\u00e9 inter\u00e9s fue en un concierto del conservatorio, hace aproximadamente 20 a\u00f1os, donde estaba a unos d\u00edas de empezar y hab\u00eda que elegir un instrumento entonces. Ah\u00ed escuch\u00e9 muchos instrumentos por primera vez entre ellos la guitarra cl\u00e1sica.<\/p>\n<p><strong>\u00bfFue un encuentro casi casual o dir\u00edas que en el fondo estaban destinados?<\/strong><br \/>\nEn este concierto que te menciono podr\u00eda decirse que s\u00ed fue un encuentro casual, no s\u00e9 si est\u00e1bamos destinados pero s\u00ed s\u00e9 que yo estaba destinado a no tener un trabajo \u201cnormal\u201d en horarios de oficina.<\/p>\n<p><strong>\u00bfSiempre fue la guitarra tu primera opci\u00f3n?<\/strong><br \/>\nPues por razones pr\u00e1cticas s\u00ed, era el \u00fanico instrumento que ten\u00edamos en casa, pero poco a poco mientras m\u00e1s aprend\u00eda, m\u00e1s me gustaba y me gust\u00f3 tanto que decid\u00ed dedicarle mi vida entera.<\/p>\n<p><strong>\u00bfQu\u00e9 es lo m\u00e1s dif\u00edcil de afrontar la vida como artista profesional en nuestro medio?<\/strong><br \/>\nBueno, el medio art\u00edstico en Bolivia es complejo, como en cualquier lado del mundo. En nuestro medio dir\u00eda que la mayor complicaci\u00f3n es lo dif\u00edcil que es conseguir el apoyo de instituciones para crear un proyecto serio; los artistas profesionales casi siempre terminamos invirtiendo en los proyectos de nuestro bolsillo pero bueno con el tiempo y la experiencia uno aprende a coordinar y a invertir mejor. Otro problema es que la gente no est\u00e1 acostumbrada a salir de la zona de confort que ya tienen, es decir, no se aventuran a ir a conciertos de m\u00fasica que no conocen (claro hablo en general) pero este problema es algo que los artistas tenemos que ayudar a solucionar, ofreciendo m\u00e1s y mejores conciertos y espect\u00e1culos de calidad.<\/p>\n<p><strong>\u00bfCu\u00e1l es tu mayor virtud art\u00edstica?<\/strong><br \/>\nUf, es una pregunta dif\u00edcil, habiendo estudiado toda mi vida m\u00fasica cl\u00e1sica he visto que a la gente que est\u00e1 en el medio normalmente le cuesta salir a tocar otro estilo de m\u00fasica, al ver este problema decid\u00ed aprender un poco m\u00e1s de otros estilos como m\u00fasica latina, por ejemplo. Entonces dir\u00eda que una virtud que tengo es la versatilidad, bueno sigo en proceso.<\/p>\n<p><strong>\u00bfCu\u00e1ntas grabaciones tendr\u00e1s en tu haber?<\/strong><br \/>\nUn disco como tal no he grabado, est\u00e1 en la lista de cosas que hacer el pr\u00f3ximo a\u00f1o, pero he participado en grabaciones profesionales con orquesta de guitarras de la universidad de M\u00fasica de Rostock (Alemania) como parte de la orquesta, y tambi\u00e9n como solista. Tambi\u00e9n tengo grabaciones semi profesionales que subo a YouTube y a Soundcloud y pr\u00f3ximamente a Spotify.<\/p>\n<p><strong>\u00bfCon qu\u00e9 grandes artistas que admiras has podido compartir estudio o escenario?<\/strong><br \/>\nHe tenido la suerte de compartir escenario con el famoso director de opera alem\u00e1n Kiril Stankow en la obra \u201cDreiwasserspiele\u201d (tres obras de agua) en el teatro de Mecklenburg en el norte de Alemania, esa fue una de las experiencias m\u00e1s enriquecedoras donde m\u00e1s he aprendido en mi carrera. Tambi\u00e9n he tenido la dicha de compartir escenario con uno de los m\u00e1s grandes compositores j\u00f3venes para guitarra del mundo, el polaco Marek Pasieczny estrenando su obra para d\u00fao y orquesta de guitarras. Tambi\u00e9n he tenido la dicha de asistir a varios de los seminarios m\u00e1s importantes de guitarra en Europa y Am\u00e9rica latina donde he aprendido de los mejores guitarristas del mundo como los hermanos Assad (Brasil), Leo Brouwer (Cuba), Fabio Zanon (Brasil), Pablo M\u00e1rquez (Argentina), Eduardo Isaac (Argentina), Costas Cotsiolis (Grecia), Aniello Desiderio (Italia), \u00c1lvaro Pierri (Uruguay), Hopkinson Smith (USA), por nombrarte algunos<\/p>\n<p><strong>\u00bfCu\u00e1l es tu proyecci\u00f3n para el 2023?<\/strong><br \/>\nMi gran plan para el 2023 es hacer una gira de conciertos aqu\u00ed en Alemania solo con m\u00fasica latinoamericana para guitarra, ya tengo un par de fechas confirmadas pero mi plan es abarcar mas ciudades, tambi\u00e9n como ya te mencione si todo va seg\u00fan lo planeado voy a grabar mi primer disco.<\/p>\n<p><strong>Podremos disfrutar de tu talento pronto en escenarios del pa\u00eds?<\/strong><br \/>\nS\u00ed, cada vez que vuelvo a La Paz trato de dar un concierto; estuve por all\u00e1 hace unos meses donde realic\u00e9 una peque\u00f1a gira de conciertos en La Paz y Santa Cruz junto a mi colega y amigo, Mauri Lanza.<\/p>\n<p>Checklist:<\/p>\n<p>3 discos inolvidables:<br \/>\nRed Holocaust de Unit<br \/>\nS &amp; M de Metallica<br \/>\nAires Indios de Pira\u00ed Vaca<br \/>\nCanci\u00f3n animal de Soda Stereo (No pod\u00eda dejarlo afuera)<\/p>\n<p>3 artistas que m\u00e1s admiras:<br \/>\nGustavo Cerati<br \/>\nSting<br \/>\nLeo Brouwer<\/p>\n<p>3 cosas a evitar en esta vida:<br \/>\nEl drama<br \/>\nLa mediocridad<br \/>\nLa soberbia<\/p>\n<p>3 cosas imprescindibles en la vida:<br \/>\nPasi\u00f3n<br \/>\nPaciencia<br \/>\nOptimismo<\/p>\n\n","protected":false},"excerpt":{"rendered":"<p>El invitado de lujo hoy en Cvltvral es un m\u00fasico, guitarrista cuya carrera ha ido en notable crecimiento y actualmente radica en tierras germanas realizando grandes logros, lo cual nunca hizo que olvide sus ra\u00edces. En esta exclusiva conocemos un poco m\u00e1s de su exitosa carrera\u2026 sean todos bienvenidos al show. \u00bfQui\u00e9n es Rodrigo? Te [&hellip;]<\/p>\n","protected":false},"author":1,"featured_media":127882,"comment_status":"closed","ping_status":"closed","sticky":false,"template":"","format":"standard","meta":{"_acf_changed":false,"footnotes":""},"categories":[8],"tags":[],"class_list":["post-127879","post","type-post","status-publish","format-standard","has-post-thumbnail","category-cultural"],"acf":{"antetitulo":""},"yoast_head":"<!-- This site is optimized with the Yoast SEO plugin v28.3 - https:\/\/yoast.com\/product\/yoast-seo-wordpress\/ -->\n<title>Rodrigo Llanos - El Diario - Bolivia<\/title>\n<meta name=\"robots\" content=\"index, follow, max-snippet:-1, max-image-preview:large, max-video-preview:-1\" \/>\n<link rel=\"canonical\" href=\"https:\/\/www.eldiario.net\/portal\/2022\/12\/16\/rodrigo-llanos\/\" \/>\n<meta property=\"og:locale\" content=\"es_ES\" \/>\n<meta property=\"og:type\" content=\"article\" \/>\n<meta property=\"og:title\" content=\"Rodrigo Llanos - El Diario - Bolivia\" \/>\n<meta property=\"og:description\" content=\"El invitado de lujo hoy en Cvltvral es un m\u00fasico, guitarrista cuya carrera ha ido en notable crecimiento y actualmente radica en tierras germanas realizando grandes logros, lo cual nunca hizo que olvide sus ra\u00edces. En esta exclusiva conocemos un poco m\u00e1s de su exitosa carrera\u2026 sean todos bienvenidos al show. \u00bfQui\u00e9n es Rodrigo? Te [&hellip;]\" \/>\n<meta property=\"og:url\" content=\"https:\/\/www.eldiario.net\/portal\/2022\/12\/16\/rodrigo-llanos\/\" \/>\n<meta property=\"og:site_name\" content=\"El Diario - Bolivia\" \/>\n<meta property=\"article:publisher\" content=\"https:\/\/www.facebook.com\/eldiario.bolivia\/\" \/>\n<meta property=\"article:published_time\" content=\"2022-12-16T08:24:54+00:00\" \/>\n<meta name=\"author\" content=\"Jeanette\" \/>\n<meta name=\"twitter:card\" content=\"summary_large_image\" \/>\n<meta name=\"twitter:creator\" content=\"@eldiario_net\" \/>\n<meta name=\"twitter:site\" content=\"@eldiario_net\" \/>\n<meta name=\"twitter:label1\" content=\"Escrito por\" \/>\n\t<meta name=\"twitter:data1\" content=\"Jeanette\" \/>\n\t<meta name=\"twitter:label2\" content=\"Tiempo de lectura\" \/>\n\t<meta name=\"twitter:data2\" content=\"5 minutos\" \/>\n<script type=\"application\/ld+json\" class=\"yoast-schema-graph\">{\"@context\":\"https:\\\/\\\/schema.org\",\"@graph\":[{\"@type\":\"Article\",\"@id\":\"https:\\\/\\\/www.eldiario.net\\\/portal\\\/2022\\\/12\\\/16\\\/rodrigo-llanos\\\/#article\",\"isPartOf\":{\"@id\":\"https:\\\/\\\/www.eldiario.net\\\/portal\\\/2022\\\/12\\\/16\\\/rodrigo-llanos\\\/\"},\"author\":{\"name\":\"Jeanette\",\"@id\":\"https:\\\/\\\/www.eldiario.net\\\/portal\\\/#\\\/schema\\\/person\\\/f46445640444750d7d753ccd04ae01b7\"},\"headline\":\"Rodrigo Llanos\",\"datePublished\":\"2022-12-16T08:24:54+00:00\",\"mainEntityOfPage\":{\"@id\":\"https:\\\/\\\/www.eldiario.net\\\/portal\\\/2022\\\/12\\\/16\\\/rodrigo-llanos\\\/\"},\"wordCount\":988,\"publisher\":{\"@id\":\"https:\\\/\\\/www.eldiario.net\\\/portal\\\/#organization\"},\"image\":{\"@id\":\"https:\\\/\\\/www.eldiario.net\\\/portal\\\/2022\\\/12\\\/16\\\/rodrigo-llanos\\\/#primaryimage\"},\"thumbnailUrl\":\"\",\"articleSection\":[\"Cultural\"],\"inLanguage\":\"es\"},{\"@type\":\"WebPage\",\"@id\":\"https:\\\/\\\/www.eldiario.net\\\/portal\\\/2022\\\/12\\\/16\\\/rodrigo-llanos\\\/\",\"url\":\"https:\\\/\\\/www.eldiario.net\\\/portal\\\/2022\\\/12\\\/16\\\/rodrigo-llanos\\\/\",\"name\":\"Rodrigo Llanos - El Diario - Bolivia\",\"isPartOf\":{\"@id\":\"https:\\\/\\\/www.eldiario.net\\\/portal\\\/#website\"},\"primaryImageOfPage\":{\"@id\":\"https:\\\/\\\/www.eldiario.net\\\/portal\\\/2022\\\/12\\\/16\\\/rodrigo-llanos\\\/#primaryimage\"},\"image\":{\"@id\":\"https:\\\/\\\/www.eldiario.net\\\/portal\\\/2022\\\/12\\\/16\\\/rodrigo-llanos\\\/#primaryimage\"},\"thumbnailUrl\":\"\",\"datePublished\":\"2022-12-16T08:24:54+00:00\",\"breadcrumb\":{\"@id\":\"https:\\\/\\\/www.eldiario.net\\\/portal\\\/2022\\\/12\\\/16\\\/rodrigo-llanos\\\/#breadcrumb\"},\"inLanguage\":\"es\",\"potentialAction\":[{\"@type\":\"ReadAction\",\"target\":[\"https:\\\/\\\/www.eldiario.net\\\/portal\\\/2022\\\/12\\\/16\\\/rodrigo-llanos\\\/\"]}]},{\"@type\":\"ImageObject\",\"inLanguage\":\"es\",\"@id\":\"https:\\\/\\\/www.eldiario.net\\\/portal\\\/2022\\\/12\\\/16\\\/rodrigo-llanos\\\/#primaryimage\",\"url\":\"\",\"contentUrl\":\"\"},{\"@type\":\"BreadcrumbList\",\"@id\":\"https:\\\/\\\/www.eldiario.net\\\/portal\\\/2022\\\/12\\\/16\\\/rodrigo-llanos\\\/#breadcrumb\",\"itemListElement\":[{\"@type\":\"ListItem\",\"position\":1,\"name\":\"Portada\",\"item\":\"https:\\\/\\\/www.eldiario.net\\\/portal\\\/\"},{\"@type\":\"ListItem\",\"position\":2,\"name\":\"Rodrigo Llanos\"}]},{\"@type\":\"WebSite\",\"@id\":\"https:\\\/\\\/www.eldiario.net\\\/portal\\\/#website\",\"url\":\"https:\\\/\\\/www.eldiario.net\\\/portal\\\/\",\"name\":\"El Diario - Decano de la prensa nacional\",\"description\":\"El Diario - Decano de la prensa nacional\",\"publisher\":{\"@id\":\"https:\\\/\\\/www.eldiario.net\\\/portal\\\/#organization\"},\"potentialAction\":[{\"@type\":\"SearchAction\",\"target\":{\"@type\":\"EntryPoint\",\"urlTemplate\":\"https:\\\/\\\/www.eldiario.net\\\/portal\\\/?s={search_term_string}\"},\"query-input\":{\"@type\":\"PropertyValueSpecification\",\"valueRequired\":true,\"valueName\":\"search_term_string\"}}],\"inLanguage\":\"es\"},{\"@type\":\"Organization\",\"@id\":\"https:\\\/\\\/www.eldiario.net\\\/portal\\\/#organization\",\"name\":\"El Diario - Decano de la prensa nacional\",\"url\":\"https:\\\/\\\/www.eldiario.net\\\/portal\\\/\",\"logo\":{\"@type\":\"ImageObject\",\"inLanguage\":\"es\",\"@id\":\"https:\\\/\\\/www.eldiario.net\\\/portal\\\/#\\\/schema\\\/logo\\\/image\\\/\",\"url\":\"https:\\\/\\\/www.eldiario.net\\\/portal\\\/wp-content\\\/uploads\\\/2023\\\/07\\\/logo_ED.jpg\",\"contentUrl\":\"https:\\\/\\\/www.eldiario.net\\\/portal\\\/wp-content\\\/uploads\\\/2023\\\/07\\\/logo_ED.jpg\",\"width\":272,\"height\":52,\"caption\":\"El Diario - Decano de la prensa nacional\"},\"image\":{\"@id\":\"https:\\\/\\\/www.eldiario.net\\\/portal\\\/#\\\/schema\\\/logo\\\/image\\\/\"},\"sameAs\":[\"https:\\\/\\\/www.facebook.com\\\/eldiario.bolivia\\\/\",\"https:\\\/\\\/x.com\\\/eldiario_net\"]},{\"@type\":\"Person\",\"@id\":\"https:\\\/\\\/www.eldiario.net\\\/portal\\\/#\\\/schema\\\/person\\\/f46445640444750d7d753ccd04ae01b7\",\"name\":\"Jeanette\",\"image\":{\"@type\":\"ImageObject\",\"inLanguage\":\"es\",\"@id\":\"https:\\\/\\\/secure.gravatar.com\\\/avatar\\\/3ea2118a5f7dad2b7138b1187a6b7ee55f160b9968b66013c3a3ef39dd7e5798?s=96&d=mm&r=g\",\"url\":\"https:\\\/\\\/secure.gravatar.com\\\/avatar\\\/3ea2118a5f7dad2b7138b1187a6b7ee55f160b9968b66013c3a3ef39dd7e5798?s=96&d=mm&r=g\",\"contentUrl\":\"https:\\\/\\\/secure.gravatar.com\\\/avatar\\\/3ea2118a5f7dad2b7138b1187a6b7ee55f160b9968b66013c3a3ef39dd7e5798?s=96&d=mm&r=g\",\"caption\":\"Jeanette\"},\"sameAs\":[\"https:\\\/\\\/www.eldiario.net\\\/portal\"],\"url\":\"https:\\\/\\\/www.eldiario.net\\\/portal\\\/author\\\/jeanette\\\/\"}]}<\/script>\n<!-- \/ Yoast SEO plugin. -->","yoast_head_json":{"title":"Rodrigo Llanos - El Diario - Bolivia","robots":{"index":"index","follow":"follow","max-snippet":"max-snippet:-1","max-image-preview":"max-image-preview:large","max-video-preview":"max-video-preview:-1"},"canonical":"https:\/\/www.eldiario.net\/portal\/2022\/12\/16\/rodrigo-llanos\/","og_locale":"es_ES","og_type":"article","og_title":"Rodrigo Llanos - El Diario - Bolivia","og_description":"El invitado de lujo hoy en Cvltvral es un m\u00fasico, guitarrista cuya carrera ha ido en notable crecimiento y actualmente radica en tierras germanas realizando grandes logros, lo cual nunca hizo que olvide sus ra\u00edces. En esta exclusiva conocemos un poco m\u00e1s de su exitosa carrera\u2026 sean todos bienvenidos al show. \u00bfQui\u00e9n es Rodrigo? Te [&hellip;]","og_url":"https:\/\/www.eldiario.net\/portal\/2022\/12\/16\/rodrigo-llanos\/","og_site_name":"El Diario - Bolivia","article_publisher":"https:\/\/www.facebook.com\/eldiario.bolivia\/","article_published_time":"2022-12-16T08:24:54+00:00","author":"Jeanette","twitter_card":"summary_large_image","twitter_creator":"@eldiario_net","twitter_site":"@eldiario_net","twitter_misc":{"Escrito por":"Jeanette","Tiempo de lectura":"5 minutos"},"schema":{"@context":"https:\/\/schema.org","@graph":[{"@type":"Article","@id":"https:\/\/www.eldiario.net\/portal\/2022\/12\/16\/rodrigo-llanos\/#article","isPartOf":{"@id":"https:\/\/www.eldiario.net\/portal\/2022\/12\/16\/rodrigo-llanos\/"},"author":{"name":"Jeanette","@id":"https:\/\/www.eldiario.net\/portal\/#\/schema\/person\/f46445640444750d7d753ccd04ae01b7"},"headline":"Rodrigo Llanos","datePublished":"2022-12-16T08:24:54+00:00","mainEntityOfPage":{"@id":"https:\/\/www.eldiario.net\/portal\/2022\/12\/16\/rodrigo-llanos\/"},"wordCount":988,"publisher":{"@id":"https:\/\/www.eldiario.net\/portal\/#organization"},"image":{"@id":"https:\/\/www.eldiario.net\/portal\/2022\/12\/16\/rodrigo-llanos\/#primaryimage"},"thumbnailUrl":"","articleSection":["Cultural"],"inLanguage":"es"},{"@type":"WebPage","@id":"https:\/\/www.eldiario.net\/portal\/2022\/12\/16\/rodrigo-llanos\/","url":"https:\/\/www.eldiario.net\/portal\/2022\/12\/16\/rodrigo-llanos\/","name":"Rodrigo Llanos - El Diario - Bolivia","isPartOf":{"@id":"https:\/\/www.eldiario.net\/portal\/#website"},"primaryImageOfPage":{"@id":"https:\/\/www.eldiario.net\/portal\/2022\/12\/16\/rodrigo-llanos\/#primaryimage"},"image":{"@id":"https:\/\/www.eldiario.net\/portal\/2022\/12\/16\/rodrigo-llanos\/#primaryimage"},"thumbnailUrl":"","datePublished":"2022-12-16T08:24:54+00:00","breadcrumb":{"@id":"https:\/\/www.eldiario.net\/portal\/2022\/12\/16\/rodrigo-llanos\/#breadcrumb"},"inLanguage":"es","potentialAction":[{"@type":"ReadAction","target":["https:\/\/www.eldiario.net\/portal\/2022\/12\/16\/rodrigo-llanos\/"]}]},{"@type":"ImageObject","inLanguage":"es","@id":"https:\/\/www.eldiario.net\/portal\/2022\/12\/16\/rodrigo-llanos\/#primaryimage","url":"","contentUrl":""},{"@type":"BreadcrumbList","@id":"https:\/\/www.eldiario.net\/portal\/2022\/12\/16\/rodrigo-llanos\/#breadcrumb","itemListElement":[{"@type":"ListItem","position":1,"name":"Portada","item":"https:\/\/www.eldiario.net\/portal\/"},{"@type":"ListItem","position":2,"name":"Rodrigo Llanos"}]},{"@type":"WebSite","@id":"https:\/\/www.eldiario.net\/portal\/#website","url":"https:\/\/www.eldiario.net\/portal\/","name":"El Diario - Decano de la prensa nacional","description":"El Diario - Decano de la prensa nacional","publisher":{"@id":"https:\/\/www.eldiario.net\/portal\/#organization"},"potentialAction":[{"@type":"SearchAction","target":{"@type":"EntryPoint","urlTemplate":"https:\/\/www.eldiario.net\/portal\/?s={search_term_string}"},"query-input":{"@type":"PropertyValueSpecification","valueRequired":true,"valueName":"search_term_string"}}],"inLanguage":"es"},{"@type":"Organization","@id":"https:\/\/www.eldiario.net\/portal\/#organization","name":"El Diario - Decano de la prensa nacional","url":"https:\/\/www.eldiario.net\/portal\/","logo":{"@type":"ImageObject","inLanguage":"es","@id":"https:\/\/www.eldiario.net\/portal\/#\/schema\/logo\/image\/","url":"https:\/\/www.eldiario.net\/portal\/wp-content\/uploads\/2023\/07\/logo_ED.jpg","contentUrl":"https:\/\/www.eldiario.net\/portal\/wp-content\/uploads\/2023\/07\/logo_ED.jpg","width":272,"height":52,"caption":"El Diario - Decano de la prensa nacional"},"image":{"@id":"https:\/\/www.eldiario.net\/portal\/#\/schema\/logo\/image\/"},"sameAs":["https:\/\/www.facebook.com\/eldiario.bolivia\/","https:\/\/x.com\/eldiario_net"]},{"@type":"Person","@id":"https:\/\/www.eldiario.net\/portal\/#\/schema\/person\/f46445640444750d7d753ccd04ae01b7","name":"Jeanette","image":{"@type":"ImageObject","inLanguage":"es","@id":"https:\/\/secure.gravatar.com\/avatar\/3ea2118a5f7dad2b7138b1187a6b7ee55f160b9968b66013c3a3ef39dd7e5798?s=96&d=mm&r=g","url":"https:\/\/secure.gravatar.com\/avatar\/3ea2118a5f7dad2b7138b1187a6b7ee55f160b9968b66013c3a3ef39dd7e5798?s=96&d=mm&r=g","contentUrl":"https:\/\/secure.gravatar.com\/avatar\/3ea2118a5f7dad2b7138b1187a6b7ee55f160b9968b66013c3a3ef39dd7e5798?s=96&d=mm&r=g","caption":"Jeanette"},"sameAs":["https:\/\/www.eldiario.net\/portal"],"url":"https:\/\/www.eldiario.net\/portal\/author\/jeanette\/"}]}},"_links":{"self":[{"href":"https:\/\/www.eldiario.net\/portal\/wp-json\/wp\/v2\/posts\/127879","targetHints":{"allow":["GET"]}}],"collection":[{"href":"https:\/\/www.eldiario.net\/portal\/wp-json\/wp\/v2\/posts"}],"about":[{"href":"https:\/\/www.eldiario.net\/portal\/wp-json\/wp\/v2\/types\/post"}],"author":[{"embeddable":true,"href":"https:\/\/www.eldiario.net\/portal\/wp-json\/wp\/v2\/users\/1"}],"replies":[{"embeddable":true,"href":"https:\/\/www.eldiario.net\/portal\/wp-json\/wp\/v2\/comments?post=127879"}],"version-history":[{"count":0,"href":"https:\/\/www.eldiario.net\/portal\/wp-json\/wp\/v2\/posts\/127879\/revisions"}],"wp:attachment":[{"href":"https:\/\/www.eldiario.net\/portal\/wp-json\/wp\/v2\/media?parent=127879"}],"wp:term":[{"taxonomy":"category","embeddable":true,"href":"https:\/\/www.eldiario.net\/portal\/wp-json\/wp\/v2\/categories?post=127879"},{"taxonomy":"post_tag","embeddable":true,"href":"https:\/\/www.eldiario.net\/portal\/wp-json\/wp\/v2\/tags?post=127879"}],"curies":[{"name":"wp","href":"https:\/\/api.w.org\/{rel}","templated":true}]}}