{"id":127876,"date":"2022-12-16T04:22:02","date_gmt":"2022-12-16T08:22:02","guid":{"rendered":"https:\/\/www.eldiario.net\/portal\/?p=127876"},"modified":"2022-12-16T04:22:02","modified_gmt":"2022-12-16T08:22:02","slug":"gato-con-botas-el-ultimo-deseo-una-pelicula-para-valorar-la-vida","status":"publish","type":"post","link":"https:\/\/www.eldiario.net\/portal\/2022\/12\/16\/gato-con-botas-el-ultimo-deseo-una-pelicula-para-valorar-la-vida\/","title":{"rendered":"\u201cGato con Botas: El \u00daltimo Deseo\u201d, una pel\u00edcula para valorar la vida"},"content":{"rendered":"<p>Por primera vez en m\u00e1s de una d\u00e9cada, DreamWorks Animation presenta una nueva aventura del universo de Shrek, cuando el audaz forajido Gato con Botas descubre que su pasi\u00f3n por el peligro y su desprecio por la seguridad le han pasado factura, quem\u00f3 ocho de sus nueve vidas y recuperarlas lo enviar\u00e1 a su mayor misi\u00f3n hasta el momento.<br \/>\nEl actor, cantante, productor, director, perfumista y empresario espa\u00f1ol Antonio Banderas, regresa a prestar su voz en ingl\u00e9s y en espa\u00f1ol al c\u00e9lebre felino, mientras se embarca en un viaje \u00e9pico por el Bosque Negro para encontrar la m\u00edtica Estrella de los Deseos y restaurar sus vidas perdidas. Pero cuando solo le queda una vida, el Gato tendr\u00e1 que humillarse y pedir ayuda a su antigua compa\u00f1era y n\u00e9mesis: la cautivadora Kitty Patitas Suaves (voz de Salma Hayek).<br \/>\nEn su b\u00fasqueda, el Gato y Kitty contar\u00e1n con la ayuda \u2014en contra de su buen juicio\u2014 de un perro callejero, parlanch\u00edn e implacablemente alegre llamado Perrito (voz de Harvey Guill\u00e9n, actor de la serie What We Do in the Shadows). Juntos, el tr\u00edo de h\u00e9roes tendr\u00e1 que ir un paso adelante de Ricitos de Oro (voz de Florence Pugh, actriz de Black Widow) y de la familia del crimen de los tres osos \u2014Mam\u00e1 Oso (voz de la actriz ganadora del \u00d3scar\u00ae Olivia Colman); Pap\u00e1 Oso (voz de Ray Winstone, Black Widow); y Beb\u00e9 Oso (voz de Samson Kayo, Sliced)\u2014 de Jack Horner (voz en ingl\u00e9s del actor ganador del Emmy John Mulaney, Big Mouth); y del gran y malvado cazarrecompensas, el Lobo Feroz (voz de Wagner Moura, Narcos), quien tiene al Gato en la mira.<br \/>\n\u201cEl personaje del Gato con Botas apareci\u00f3 por primera vez en 2004 en la pel\u00edcula nominada al \u00d3scar\u00ae Shrek 2, e inmediatamente se convirti\u00f3 en una sensaci\u00f3n mundial. Posteriormente, el Gato coprotagoniz\u00f3 otras dos secuelas de Shrek y su pel\u00edcula en solitario, as\u00ed como varios videos de DreamWorks Animation y una serie de televisi\u00f3n\u201d, comenta Santa Cortez, gerente de marketing de #AndesFilmsBolivia, a\u00f1adiendo que las pel\u00edculas de Shrek y El Gato con Botas han recaudado en total m\u00e1s de 3.5 miles de millones de d\u00f3lares en la taquilla de todo el mundo.<br \/>\nEsta divertida, colorida y visualmente innovadora cinta de aventuras animada, que adem\u00e1s tiene a la cantante colombiana Karol G en su soundtrack, con la canci\u00f3n \u201cLa vida es una\u201d, llega para entretener durante 100 minutos a las familias bolivianas, el jueves 22 de diciembre, en todos los cines.<\/p>\n","protected":false},"excerpt":{"rendered":"<p>Por primera vez en m\u00e1s de una d\u00e9cada, DreamWorks Animation presenta una nueva aventura del universo de Shrek, cuando el audaz forajido Gato con Botas descubre que su pasi\u00f3n por el peligro y su desprecio por la seguridad le han pasado factura, quem\u00f3 ocho de sus nueve vidas y recuperarlas lo enviar\u00e1 a su mayor [&hellip;]<\/p>\n","protected":false},"author":1,"featured_media":127877,"comment_status":"closed","ping_status":"closed","sticky":false,"template":"","format":"standard","meta":{"_acf_changed":false,"footnotes":""},"categories":[8],"tags":[],"class_list":["post-127876","post","type-post","status-publish","format-standard","has-post-thumbnail","category-cultural"],"acf":{"antetitulo":""},"yoast_head":"<!-- This site is optimized with the Yoast SEO plugin v28.3 - https:\/\/yoast.com\/product\/yoast-seo-wordpress\/ -->\n<title>\u201cGato con Botas: El \u00daltimo Deseo\u201d, una pel\u00edcula para valorar la vida - El Diario - Bolivia<\/title>\n<meta name=\"robots\" content=\"index, follow, max-snippet:-1, max-image-preview:large, max-video-preview:-1\" \/>\n<link rel=\"canonical\" href=\"https:\/\/www.eldiario.net\/portal\/2022\/12\/16\/gato-con-botas-el-ultimo-deseo-una-pelicula-para-valorar-la-vida\/\" \/>\n<meta property=\"og:locale\" content=\"es_ES\" \/>\n<meta property=\"og:type\" content=\"article\" \/>\n<meta property=\"og:title\" content=\"\u201cGato con Botas: El \u00daltimo Deseo\u201d, una pel\u00edcula para valorar la vida - El Diario - Bolivia\" \/>\n<meta property=\"og:description\" content=\"Por primera vez en m\u00e1s de una d\u00e9cada, DreamWorks Animation presenta una nueva aventura del universo de Shrek, cuando el audaz forajido Gato con Botas descubre que su pasi\u00f3n por el peligro y su desprecio por la seguridad le han pasado factura, quem\u00f3 ocho de sus nueve vidas y recuperarlas lo enviar\u00e1 a su mayor [&hellip;]\" \/>\n<meta property=\"og:url\" content=\"https:\/\/www.eldiario.net\/portal\/2022\/12\/16\/gato-con-botas-el-ultimo-deseo-una-pelicula-para-valorar-la-vida\/\" \/>\n<meta property=\"og:site_name\" content=\"El Diario - Bolivia\" \/>\n<meta property=\"article:publisher\" content=\"https:\/\/www.facebook.com\/eldiario.bolivia\/\" \/>\n<meta property=\"article:published_time\" content=\"2022-12-16T08:22:02+00:00\" \/>\n<meta name=\"author\" content=\"Jeanette\" \/>\n<meta name=\"twitter:card\" content=\"summary_large_image\" \/>\n<meta name=\"twitter:creator\" content=\"@eldiario_net\" \/>\n<meta name=\"twitter:site\" content=\"@eldiario_net\" \/>\n<meta name=\"twitter:label1\" content=\"Escrito por\" \/>\n\t<meta name=\"twitter:data1\" content=\"Jeanette\" \/>\n\t<meta name=\"twitter:label2\" content=\"Tiempo de lectura\" \/>\n\t<meta name=\"twitter:data2\" content=\"2 minutos\" \/>\n<script type=\"application\/ld+json\" class=\"yoast-schema-graph\">{\"@context\":\"https:\\\/\\\/schema.org\",\"@graph\":[{\"@type\":\"Article\",\"@id\":\"https:\\\/\\\/www.eldiario.net\\\/portal\\\/2022\\\/12\\\/16\\\/gato-con-botas-el-ultimo-deseo-una-pelicula-para-valorar-la-vida\\\/#article\",\"isPartOf\":{\"@id\":\"https:\\\/\\\/www.eldiario.net\\\/portal\\\/2022\\\/12\\\/16\\\/gato-con-botas-el-ultimo-deseo-una-pelicula-para-valorar-la-vida\\\/\"},\"author\":{\"name\":\"Jeanette\",\"@id\":\"https:\\\/\\\/www.eldiario.net\\\/portal\\\/#\\\/schema\\\/person\\\/f46445640444750d7d753ccd04ae01b7\"},\"headline\":\"\u201cGato con Botas: El \u00daltimo Deseo\u201d, una pel\u00edcula para valorar la vida\",\"datePublished\":\"2022-12-16T08:22:02+00:00\",\"mainEntityOfPage\":{\"@id\":\"https:\\\/\\\/www.eldiario.net\\\/portal\\\/2022\\\/12\\\/16\\\/gato-con-botas-el-ultimo-deseo-una-pelicula-para-valorar-la-vida\\\/\"},\"wordCount\":450,\"publisher\":{\"@id\":\"https:\\\/\\\/www.eldiario.net\\\/portal\\\/#organization\"},\"image\":{\"@id\":\"https:\\\/\\\/www.eldiario.net\\\/portal\\\/2022\\\/12\\\/16\\\/gato-con-botas-el-ultimo-deseo-una-pelicula-para-valorar-la-vida\\\/#primaryimage\"},\"thumbnailUrl\":\"\",\"articleSection\":[\"Cultural\"],\"inLanguage\":\"es\"},{\"@type\":\"WebPage\",\"@id\":\"https:\\\/\\\/www.eldiario.net\\\/portal\\\/2022\\\/12\\\/16\\\/gato-con-botas-el-ultimo-deseo-una-pelicula-para-valorar-la-vida\\\/\",\"url\":\"https:\\\/\\\/www.eldiario.net\\\/portal\\\/2022\\\/12\\\/16\\\/gato-con-botas-el-ultimo-deseo-una-pelicula-para-valorar-la-vida\\\/\",\"name\":\"\u201cGato con Botas: El \u00daltimo Deseo\u201d, una pel\u00edcula para valorar la vida - El Diario - Bolivia\",\"isPartOf\":{\"@id\":\"https:\\\/\\\/www.eldiario.net\\\/portal\\\/#website\"},\"primaryImageOfPage\":{\"@id\":\"https:\\\/\\\/www.eldiario.net\\\/portal\\\/2022\\\/12\\\/16\\\/gato-con-botas-el-ultimo-deseo-una-pelicula-para-valorar-la-vida\\\/#primaryimage\"},\"image\":{\"@id\":\"https:\\\/\\\/www.eldiario.net\\\/portal\\\/2022\\\/12\\\/16\\\/gato-con-botas-el-ultimo-deseo-una-pelicula-para-valorar-la-vida\\\/#primaryimage\"},\"thumbnailUrl\":\"\",\"datePublished\":\"2022-12-16T08:22:02+00:00\",\"breadcrumb\":{\"@id\":\"https:\\\/\\\/www.eldiario.net\\\/portal\\\/2022\\\/12\\\/16\\\/gato-con-botas-el-ultimo-deseo-una-pelicula-para-valorar-la-vida\\\/#breadcrumb\"},\"inLanguage\":\"es\",\"potentialAction\":[{\"@type\":\"ReadAction\",\"target\":[\"https:\\\/\\\/www.eldiario.net\\\/portal\\\/2022\\\/12\\\/16\\\/gato-con-botas-el-ultimo-deseo-una-pelicula-para-valorar-la-vida\\\/\"]}]},{\"@type\":\"ImageObject\",\"inLanguage\":\"es\",\"@id\":\"https:\\\/\\\/www.eldiario.net\\\/portal\\\/2022\\\/12\\\/16\\\/gato-con-botas-el-ultimo-deseo-una-pelicula-para-valorar-la-vida\\\/#primaryimage\",\"url\":\"\",\"contentUrl\":\"\"},{\"@type\":\"BreadcrumbList\",\"@id\":\"https:\\\/\\\/www.eldiario.net\\\/portal\\\/2022\\\/12\\\/16\\\/gato-con-botas-el-ultimo-deseo-una-pelicula-para-valorar-la-vida\\\/#breadcrumb\",\"itemListElement\":[{\"@type\":\"ListItem\",\"position\":1,\"name\":\"Portada\",\"item\":\"https:\\\/\\\/www.eldiario.net\\\/portal\\\/\"},{\"@type\":\"ListItem\",\"position\":2,\"name\":\"\u201cGato con Botas: El \u00daltimo Deseo\u201d, una pel\u00edcula para valorar la vida\"}]},{\"@type\":\"WebSite\",\"@id\":\"https:\\\/\\\/www.eldiario.net\\\/portal\\\/#website\",\"url\":\"https:\\\/\\\/www.eldiario.net\\\/portal\\\/\",\"name\":\"El Diario - Decano de la prensa nacional\",\"description\":\"El Diario - Decano de la prensa nacional\",\"publisher\":{\"@id\":\"https:\\\/\\\/www.eldiario.net\\\/portal\\\/#organization\"},\"potentialAction\":[{\"@type\":\"SearchAction\",\"target\":{\"@type\":\"EntryPoint\",\"urlTemplate\":\"https:\\\/\\\/www.eldiario.net\\\/portal\\\/?s={search_term_string}\"},\"query-input\":{\"@type\":\"PropertyValueSpecification\",\"valueRequired\":true,\"valueName\":\"search_term_string\"}}],\"inLanguage\":\"es\"},{\"@type\":\"Organization\",\"@id\":\"https:\\\/\\\/www.eldiario.net\\\/portal\\\/#organization\",\"name\":\"El Diario - Decano de la prensa nacional\",\"url\":\"https:\\\/\\\/www.eldiario.net\\\/portal\\\/\",\"logo\":{\"@type\":\"ImageObject\",\"inLanguage\":\"es\",\"@id\":\"https:\\\/\\\/www.eldiario.net\\\/portal\\\/#\\\/schema\\\/logo\\\/image\\\/\",\"url\":\"https:\\\/\\\/www.eldiario.net\\\/portal\\\/wp-content\\\/uploads\\\/2023\\\/07\\\/logo_ED.jpg\",\"contentUrl\":\"https:\\\/\\\/www.eldiario.net\\\/portal\\\/wp-content\\\/uploads\\\/2023\\\/07\\\/logo_ED.jpg\",\"width\":272,\"height\":52,\"caption\":\"El Diario - Decano de la prensa nacional\"},\"image\":{\"@id\":\"https:\\\/\\\/www.eldiario.net\\\/portal\\\/#\\\/schema\\\/logo\\\/image\\\/\"},\"sameAs\":[\"https:\\\/\\\/www.facebook.com\\\/eldiario.bolivia\\\/\",\"https:\\\/\\\/x.com\\\/eldiario_net\"]},{\"@type\":\"Person\",\"@id\":\"https:\\\/\\\/www.eldiario.net\\\/portal\\\/#\\\/schema\\\/person\\\/f46445640444750d7d753ccd04ae01b7\",\"name\":\"Jeanette\",\"image\":{\"@type\":\"ImageObject\",\"inLanguage\":\"es\",\"@id\":\"https:\\\/\\\/secure.gravatar.com\\\/avatar\\\/3ea2118a5f7dad2b7138b1187a6b7ee55f160b9968b66013c3a3ef39dd7e5798?s=96&d=mm&r=g\",\"url\":\"https:\\\/\\\/secure.gravatar.com\\\/avatar\\\/3ea2118a5f7dad2b7138b1187a6b7ee55f160b9968b66013c3a3ef39dd7e5798?s=96&d=mm&r=g\",\"contentUrl\":\"https:\\\/\\\/secure.gravatar.com\\\/avatar\\\/3ea2118a5f7dad2b7138b1187a6b7ee55f160b9968b66013c3a3ef39dd7e5798?s=96&d=mm&r=g\",\"caption\":\"Jeanette\"},\"sameAs\":[\"https:\\\/\\\/www.eldiario.net\\\/portal\"],\"url\":\"https:\\\/\\\/www.eldiario.net\\\/portal\\\/author\\\/jeanette\\\/\"}]}<\/script>\n<!-- \/ Yoast SEO plugin. -->","yoast_head_json":{"title":"\u201cGato con Botas: El \u00daltimo Deseo\u201d, una pel\u00edcula para valorar la vida - El Diario - Bolivia","robots":{"index":"index","follow":"follow","max-snippet":"max-snippet:-1","max-image-preview":"max-image-preview:large","max-video-preview":"max-video-preview:-1"},"canonical":"https:\/\/www.eldiario.net\/portal\/2022\/12\/16\/gato-con-botas-el-ultimo-deseo-una-pelicula-para-valorar-la-vida\/","og_locale":"es_ES","og_type":"article","og_title":"\u201cGato con Botas: El \u00daltimo Deseo\u201d, una pel\u00edcula para valorar la vida - El Diario - Bolivia","og_description":"Por primera vez en m\u00e1s de una d\u00e9cada, DreamWorks Animation presenta una nueva aventura del universo de Shrek, cuando el audaz forajido Gato con Botas descubre que su pasi\u00f3n por el peligro y su desprecio por la seguridad le han pasado factura, quem\u00f3 ocho de sus nueve vidas y recuperarlas lo enviar\u00e1 a su mayor [&hellip;]","og_url":"https:\/\/www.eldiario.net\/portal\/2022\/12\/16\/gato-con-botas-el-ultimo-deseo-una-pelicula-para-valorar-la-vida\/","og_site_name":"El Diario - Bolivia","article_publisher":"https:\/\/www.facebook.com\/eldiario.bolivia\/","article_published_time":"2022-12-16T08:22:02+00:00","author":"Jeanette","twitter_card":"summary_large_image","twitter_creator":"@eldiario_net","twitter_site":"@eldiario_net","twitter_misc":{"Escrito por":"Jeanette","Tiempo de lectura":"2 minutos"},"schema":{"@context":"https:\/\/schema.org","@graph":[{"@type":"Article","@id":"https:\/\/www.eldiario.net\/portal\/2022\/12\/16\/gato-con-botas-el-ultimo-deseo-una-pelicula-para-valorar-la-vida\/#article","isPartOf":{"@id":"https:\/\/www.eldiario.net\/portal\/2022\/12\/16\/gato-con-botas-el-ultimo-deseo-una-pelicula-para-valorar-la-vida\/"},"author":{"name":"Jeanette","@id":"https:\/\/www.eldiario.net\/portal\/#\/schema\/person\/f46445640444750d7d753ccd04ae01b7"},"headline":"\u201cGato con Botas: El \u00daltimo Deseo\u201d, una pel\u00edcula para valorar la vida","datePublished":"2022-12-16T08:22:02+00:00","mainEntityOfPage":{"@id":"https:\/\/www.eldiario.net\/portal\/2022\/12\/16\/gato-con-botas-el-ultimo-deseo-una-pelicula-para-valorar-la-vida\/"},"wordCount":450,"publisher":{"@id":"https:\/\/www.eldiario.net\/portal\/#organization"},"image":{"@id":"https:\/\/www.eldiario.net\/portal\/2022\/12\/16\/gato-con-botas-el-ultimo-deseo-una-pelicula-para-valorar-la-vida\/#primaryimage"},"thumbnailUrl":"","articleSection":["Cultural"],"inLanguage":"es"},{"@type":"WebPage","@id":"https:\/\/www.eldiario.net\/portal\/2022\/12\/16\/gato-con-botas-el-ultimo-deseo-una-pelicula-para-valorar-la-vida\/","url":"https:\/\/www.eldiario.net\/portal\/2022\/12\/16\/gato-con-botas-el-ultimo-deseo-una-pelicula-para-valorar-la-vida\/","name":"\u201cGato con Botas: El \u00daltimo Deseo\u201d, una pel\u00edcula para valorar la vida - El Diario - Bolivia","isPartOf":{"@id":"https:\/\/www.eldiario.net\/portal\/#website"},"primaryImageOfPage":{"@id":"https:\/\/www.eldiario.net\/portal\/2022\/12\/16\/gato-con-botas-el-ultimo-deseo-una-pelicula-para-valorar-la-vida\/#primaryimage"},"image":{"@id":"https:\/\/www.eldiario.net\/portal\/2022\/12\/16\/gato-con-botas-el-ultimo-deseo-una-pelicula-para-valorar-la-vida\/#primaryimage"},"thumbnailUrl":"","datePublished":"2022-12-16T08:22:02+00:00","breadcrumb":{"@id":"https:\/\/www.eldiario.net\/portal\/2022\/12\/16\/gato-con-botas-el-ultimo-deseo-una-pelicula-para-valorar-la-vida\/#breadcrumb"},"inLanguage":"es","potentialAction":[{"@type":"ReadAction","target":["https:\/\/www.eldiario.net\/portal\/2022\/12\/16\/gato-con-botas-el-ultimo-deseo-una-pelicula-para-valorar-la-vida\/"]}]},{"@type":"ImageObject","inLanguage":"es","@id":"https:\/\/www.eldiario.net\/portal\/2022\/12\/16\/gato-con-botas-el-ultimo-deseo-una-pelicula-para-valorar-la-vida\/#primaryimage","url":"","contentUrl":""},{"@type":"BreadcrumbList","@id":"https:\/\/www.eldiario.net\/portal\/2022\/12\/16\/gato-con-botas-el-ultimo-deseo-una-pelicula-para-valorar-la-vida\/#breadcrumb","itemListElement":[{"@type":"ListItem","position":1,"name":"Portada","item":"https:\/\/www.eldiario.net\/portal\/"},{"@type":"ListItem","position":2,"name":"\u201cGato con Botas: El \u00daltimo Deseo\u201d, una pel\u00edcula para valorar la vida"}]},{"@type":"WebSite","@id":"https:\/\/www.eldiario.net\/portal\/#website","url":"https:\/\/www.eldiario.net\/portal\/","name":"El Diario - Decano de la prensa nacional","description":"El Diario - Decano de la prensa nacional","publisher":{"@id":"https:\/\/www.eldiario.net\/portal\/#organization"},"potentialAction":[{"@type":"SearchAction","target":{"@type":"EntryPoint","urlTemplate":"https:\/\/www.eldiario.net\/portal\/?s={search_term_string}"},"query-input":{"@type":"PropertyValueSpecification","valueRequired":true,"valueName":"search_term_string"}}],"inLanguage":"es"},{"@type":"Organization","@id":"https:\/\/www.eldiario.net\/portal\/#organization","name":"El Diario - Decano de la prensa nacional","url":"https:\/\/www.eldiario.net\/portal\/","logo":{"@type":"ImageObject","inLanguage":"es","@id":"https:\/\/www.eldiario.net\/portal\/#\/schema\/logo\/image\/","url":"https:\/\/www.eldiario.net\/portal\/wp-content\/uploads\/2023\/07\/logo_ED.jpg","contentUrl":"https:\/\/www.eldiario.net\/portal\/wp-content\/uploads\/2023\/07\/logo_ED.jpg","width":272,"height":52,"caption":"El Diario - Decano de la prensa nacional"},"image":{"@id":"https:\/\/www.eldiario.net\/portal\/#\/schema\/logo\/image\/"},"sameAs":["https:\/\/www.facebook.com\/eldiario.bolivia\/","https:\/\/x.com\/eldiario_net"]},{"@type":"Person","@id":"https:\/\/www.eldiario.net\/portal\/#\/schema\/person\/f46445640444750d7d753ccd04ae01b7","name":"Jeanette","image":{"@type":"ImageObject","inLanguage":"es","@id":"https:\/\/secure.gravatar.com\/avatar\/3ea2118a5f7dad2b7138b1187a6b7ee55f160b9968b66013c3a3ef39dd7e5798?s=96&d=mm&r=g","url":"https:\/\/secure.gravatar.com\/avatar\/3ea2118a5f7dad2b7138b1187a6b7ee55f160b9968b66013c3a3ef39dd7e5798?s=96&d=mm&r=g","contentUrl":"https:\/\/secure.gravatar.com\/avatar\/3ea2118a5f7dad2b7138b1187a6b7ee55f160b9968b66013c3a3ef39dd7e5798?s=96&d=mm&r=g","caption":"Jeanette"},"sameAs":["https:\/\/www.eldiario.net\/portal"],"url":"https:\/\/www.eldiario.net\/portal\/author\/jeanette\/"}]}},"_links":{"self":[{"href":"https:\/\/www.eldiario.net\/portal\/wp-json\/wp\/v2\/posts\/127876","targetHints":{"allow":["GET"]}}],"collection":[{"href":"https:\/\/www.eldiario.net\/portal\/wp-json\/wp\/v2\/posts"}],"about":[{"href":"https:\/\/www.eldiario.net\/portal\/wp-json\/wp\/v2\/types\/post"}],"author":[{"embeddable":true,"href":"https:\/\/www.eldiario.net\/portal\/wp-json\/wp\/v2\/users\/1"}],"replies":[{"embeddable":true,"href":"https:\/\/www.eldiario.net\/portal\/wp-json\/wp\/v2\/comments?post=127876"}],"version-history":[{"count":0,"href":"https:\/\/www.eldiario.net\/portal\/wp-json\/wp\/v2\/posts\/127876\/revisions"}],"wp:attachment":[{"href":"https:\/\/www.eldiario.net\/portal\/wp-json\/wp\/v2\/media?parent=127876"}],"wp:term":[{"taxonomy":"category","embeddable":true,"href":"https:\/\/www.eldiario.net\/portal\/wp-json\/wp\/v2\/categories?post=127876"},{"taxonomy":"post_tag","embeddable":true,"href":"https:\/\/www.eldiario.net\/portal\/wp-json\/wp\/v2\/tags?post=127876"}],"curies":[{"name":"wp","href":"https:\/\/api.w.org\/{rel}","templated":true}]}}