{"id":127871,"date":"2022-12-16T04:20:04","date_gmt":"2022-12-16T08:20:04","guid":{"rendered":"https:\/\/www.eldiario.net\/portal\/?p=127871"},"modified":"2022-12-16T04:20:04","modified_gmt":"2022-12-16T08:20:04","slug":"muere-casco-azul-irlandes-en-ataque-contra-convoy","status":"publish","type":"post","link":"https:\/\/www.eldiario.net\/portal\/2022\/12\/16\/muere-casco-azul-irlandes-en-ataque-contra-convoy\/","title":{"rendered":"Muere casco azul irland\u00e9s en ataque contra convoy"},"content":{"rendered":"<p>Al menos un casco azul irland\u00e9s muri\u00f3 y otros tres resultaron heridos tras un ataque perpetrado contra un convoy de la Fuerza Interina de Naciones Unidas para el L\u00edbano (FINUL), seg\u00fan confirmaron las Fuerzas Armadas de Irlanda, calificadocomo incidente grave.<br \/>\nEl hecho fue detallado en una serie de mensajes de la red social Twitter que el suceso tuvo lugar, cuando personas no identificadas realizaron disparos con armas cortas contra dos veh\u00edculos blindados que transportaban a ocho militares a la capital, Beirut.<br \/>\n\u201cCuatro militares fueron trasladados al Hospital Rai, cerca de Sid\u00f3n, como consecuencia del incidente. Se confirm\u00f3 el fallecimiento de uno de ellos en dicho nosocomio y otro fue intervenido quir\u00fargicamente en el momento en estado grave. Los otros dos soldados est\u00e1n siendo atendidos por heridas leves\u201d, explic\u00f3.<br \/>\nLas Fuerzas Armadas de Irlanda recalcaron que los otros cuatro militares resultaron ilesos y a\u00f1adi\u00f3 que, no se va a dar a conocer por el momento los nombres de las v\u00edctimas, \u201clas familias de los implicados fueron notificadas\u201d. \u201cSe abrir\u00e1 una investigaci\u00f3n completa sobre este incidente\u201d, adelant\u00f3.<br \/>\nEl primer ministro irland\u00e9s, Miche\u00e1l Martin, mostr\u00f3 su profunda tristeza por lo sucedido y lament\u00f3 la p\u00e9rdida de un joven que serv\u00eda en el extranjero en las filas de la ONU. \u201cExtiendo a su familia nuestras profundas condolencias por la terrible p\u00e9rdida que sufri\u00f3. Es un recordatorio que nuestras tropas de pacificaci\u00f3n sirven en circunstancias peligrosas, en todo momento, por la causa de la paz\u201d, asever\u00f3.<br \/>\nA las condolencias se sum\u00f3 el ministro de Defensa irland\u00e9s, Simon Coveney, quien se mostr\u00f3 impactado por lo sucedido. \u201cMis profundas condolencias a su familia por esta desgarradora p\u00e9rdida. Haremos todo lo posible para ayudar a los afectados por este incidente mientras se abre una investigaci\u00f3n completa\u201d, asegur\u00f3.<br \/>\nPor su parte, el presidente de Irlanda, Michael Higgins, dio a conocer tambi\u00e9n su profundo pesar por la muerte del militar irland\u00e9s y se\u00f1al\u00f3 que Dubl\u00edn se enorgullece de su historial de participaci\u00f3n en operaciones de pacificaci\u00f3n de la ONU. \u201cSin embargo, no debemos olvidar los peligros que acarrea este trabajo o c\u00f3mo los miembros de las Fuerzas de Defensa que sirven en misiones de pacificaci\u00f3n en el extranjero arriesgan sus vidas para construir y mantener la paz en zonas de conflicto en todo el mundo\u201d, a\u00f1adi\u00f3.<br \/>\nHiggins ha ofrecido sus profundas condolencias a la familia del casco azul fallecido y agreg\u00f3 que el militar perdi\u00f3 la vida sirviendo al pueblo de Irlanda, sirviendo a Naciones Unidas y a todos los que desean la paz en un mundo compartid\u00bb. \u00abDeseo una pronta recuperaci\u00f3n a los otros miembros de las Fuerzas de Defensa heridos en el incidente. Nuestros pensamientos est\u00e1n con ellos\u00bb, ratific\u00f3.<br \/>\nLa FINUL confirm\u00f3 el incidente y dijo que tuvo lugar en Al Aqbi\u00e9, justo en los alrededores del \u00e1rea de operaciones de la FINUL en el sur de L\u00edbano\u00bb. \u00abOfrecemos nuestras m\u00e1s profundas condolencias a los amigos, familiares y colegas del casco azul que muri\u00f3\u00bb, dijo.<br \/>\n\u00abEsperamos una total y r\u00e1pida recuperaci\u00f3n de los heridos\u00bb, se\u00f1al\u00f3 la misi\u00f3n, que resalt\u00f3 que varios civiles podr\u00edan haber resultado heridos. \u00abPor el momento, los detalles son escasos y contradictorios, estamos coordinando con las Fuerzas Armadas libanesas y se abri\u00f3 una investigaci\u00f3n para determinar exactamente qu\u00e9 es lo que ha sucedido\u00bb, manifest\u00f3.<br \/>\nLa coordinadora especial de la ONU para L\u00edbano, Joanna Wronecka, se mostr\u00f3 profundamente entristecida por el fallecimiento del militar irland\u00e9s y traslad\u00f3 sus sentidas condolencias a su familia y a todos los cascos azules de la FINUL. \u00abDeseo una r\u00e1pida recuperaci\u00f3n a los heridos. Es crucial que haya una investigaci\u00f3n r\u00e1pida y exhaustiva para determinar los hechos detr\u00e1s de este tr\u00e1gico incidente\u00bb, expres\u00f3.<br \/>\nCONDENAS DESDE<br \/>\nL\u00cdBANO<br \/>\nEl primer ministro liban\u00e9s en funciones, Nayib Mikati, lament\u00f3 el suceso y recalc\u00f3 la necesidad de llevar a cabo una investigaci\u00f3n para esclarecer lo sucedido. Asimismo, solicit\u00f3 a todas las partes demostrar mucha sabidur\u00eda y paciencia en este momento cr\u00edtico que atraviesa el pa\u00eds.<br \/>\nMikati aplaudi\u00f3 los sacrificios realizados por la fuerza de la FINUL para mantener la paz en el sur de L\u00edbano y subray\u00f3 que reflejan la estabilidad de la poblaci\u00f3n de la regi\u00f3n y de L\u00edbano en general. El primer ministro ha contactado adem\u00e1s con el presidente de Irlanda y con el secretario general de la ONU, Ant\u00f3nio Guterres, para enviar sus condolencias.<br \/>\nEl ministro de Defensa liban\u00e9s, Maurice Slim, contact\u00f3 con el jefe de la FINUL, Aroldo Lazzaro, para enviarle su profundo pesar por el doloroso incidente, tal y como inform\u00f3 la agencia estatal libanesa de noticias, NNA. \u00abLa investigaci\u00f3n abierta aclarar\u00e1 las circunstancias de este doloroso incidente\u00bb, ratific\u00f3.<br \/>\nPor su parte, el encargado de coordinaci\u00f3n del partido-milicia chi\u00ed Hezbol\u00e1, Uafiq Safa, se\u00f1al\u00f3 en declaraciones concedidas a la cadena de televisi\u00f3n libanesa LBCI que el suceso no fue intencionado y desvincul\u00f3 al grupo de lo sucedido.<br \/>\nAs\u00ed, manifest\u00f3 que un veh\u00edculo irland\u00e9s de la FINUL tom\u00f3 una carretera que normalmente no es usada por la fuerza de la ONU y agreg\u00f3 que el segundo entr\u00f3 en la carretera internacional utilizada habitualmente por la misi\u00f3n, sin que hubiera problema alguno. Asimismo, solicit\u00f3 investigar lo ocurrido.<br \/>\nLa FINUL fue desplegada en el pa\u00eds en 1978 y restaurada luego del conflicto de 2006 entre Israel y el partido-milicia chi\u00ed liban\u00e9s Hezbol\u00e1, que dur\u00f3 poco m\u00e1s de un mes con resultado de la muerte de unas 1.200 personas en L\u00edbano, la mayor\u00eda civiles y 160 israel\u00edes soldados, as\u00ed como con importantes da\u00f1os materiales en el pa\u00eds \u00e1rabe.<br \/>\nLa resoluci\u00f3n 1701 pide el fin del conflicto, la retirada de las tropas israel\u00edes de L\u00edbano y el despliegue en el sur del pa\u00eds de las fuerzas libanesas y de la propia FINUL. Asimismo, contempla el desarme de todos los grupos en L\u00edbano, lo que implica a Hezbol\u00e1, y que no haya otras fuerzas armadas ajenas a las de la FINUL y L\u00edbano al sur de r\u00edo Litani, tanto a Israel como al partido-milicia liban\u00e9s. (Europa Press).<\/p>\n","protected":false},"excerpt":{"rendered":"<p>Al menos un casco azul irland\u00e9s muri\u00f3 y otros tres resultaron heridos tras un ataque perpetrado contra un convoy de la Fuerza Interina de Naciones Unidas para el L\u00edbano (FINUL), seg\u00fan confirmaron las Fuerzas Armadas de Irlanda, calificadocomo incidente grave. El hecho fue detallado en una serie de mensajes de la red social Twitter que [&hellip;]<\/p>\n","protected":false},"author":1,"featured_media":127872,"comment_status":"closed","ping_status":"closed","sticky":false,"template":"","format":"standard","meta":{"_acf_changed":false,"footnotes":""},"categories":[3],"tags":[],"class_list":["post-127871","post","type-post","status-publish","format-standard","has-post-thumbnail","category-internacional"],"acf":{"antetitulo":""},"yoast_head":"<!-- This site is optimized with the Yoast SEO plugin v28.3 - https:\/\/yoast.com\/product\/yoast-seo-wordpress\/ -->\n<title>Muere casco azul irland\u00e9s en ataque contra convoy - El Diario - Bolivia<\/title>\n<meta name=\"robots\" content=\"index, follow, max-snippet:-1, max-image-preview:large, max-video-preview:-1\" \/>\n<link rel=\"canonical\" href=\"https:\/\/www.eldiario.net\/portal\/2022\/12\/16\/muere-casco-azul-irlandes-en-ataque-contra-convoy\/\" \/>\n<meta property=\"og:locale\" content=\"es_ES\" \/>\n<meta property=\"og:type\" content=\"article\" \/>\n<meta property=\"og:title\" content=\"Muere casco azul irland\u00e9s en ataque contra convoy - El Diario - Bolivia\" \/>\n<meta property=\"og:description\" content=\"Al menos un casco azul irland\u00e9s muri\u00f3 y otros tres resultaron heridos tras un ataque perpetrado contra un convoy de la Fuerza Interina de Naciones Unidas para el L\u00edbano (FINUL), seg\u00fan confirmaron las Fuerzas Armadas de Irlanda, calificadocomo incidente grave. El hecho fue detallado en una serie de mensajes de la red social Twitter que [&hellip;]\" \/>\n<meta property=\"og:url\" content=\"https:\/\/www.eldiario.net\/portal\/2022\/12\/16\/muere-casco-azul-irlandes-en-ataque-contra-convoy\/\" \/>\n<meta property=\"og:site_name\" content=\"El Diario - Bolivia\" \/>\n<meta property=\"article:publisher\" content=\"https:\/\/www.facebook.com\/eldiario.bolivia\/\" \/>\n<meta property=\"article:published_time\" content=\"2022-12-16T08:20:04+00:00\" \/>\n<meta property=\"og:image\" content=\"https:\/\/www.eldiario.net\/portal\/wp-content\/uploads\/2022\/12\/UN.jpg\" \/>\n\t<meta property=\"og:image:width\" content=\"1200\" \/>\n\t<meta property=\"og:image:height\" content=\"796\" \/>\n\t<meta property=\"og:image:type\" content=\"image\/jpeg\" \/>\n<meta name=\"author\" content=\"Jeanette\" \/>\n<meta name=\"twitter:card\" content=\"summary_large_image\" \/>\n<meta name=\"twitter:creator\" content=\"@eldiario_net\" \/>\n<meta name=\"twitter:site\" content=\"@eldiario_net\" \/>\n<meta name=\"twitter:label1\" content=\"Escrito por\" \/>\n\t<meta name=\"twitter:data1\" content=\"Jeanette\" \/>\n\t<meta name=\"twitter:label2\" content=\"Tiempo de lectura\" \/>\n\t<meta name=\"twitter:data2\" content=\"5 minutos\" \/>\n<script type=\"application\/ld+json\" class=\"yoast-schema-graph\">{\"@context\":\"https:\\\/\\\/schema.org\",\"@graph\":[{\"@type\":\"Article\",\"@id\":\"https:\\\/\\\/www.eldiario.net\\\/portal\\\/2022\\\/12\\\/16\\\/muere-casco-azul-irlandes-en-ataque-contra-convoy\\\/#article\",\"isPartOf\":{\"@id\":\"https:\\\/\\\/www.eldiario.net\\\/portal\\\/2022\\\/12\\\/16\\\/muere-casco-azul-irlandes-en-ataque-contra-convoy\\\/\"},\"author\":{\"name\":\"Jeanette\",\"@id\":\"https:\\\/\\\/www.eldiario.net\\\/portal\\\/#\\\/schema\\\/person\\\/f46445640444750d7d753ccd04ae01b7\"},\"headline\":\"Muere casco azul irland\u00e9s en ataque contra convoy\",\"datePublished\":\"2022-12-16T08:20:04+00:00\",\"mainEntityOfPage\":{\"@id\":\"https:\\\/\\\/www.eldiario.net\\\/portal\\\/2022\\\/12\\\/16\\\/muere-casco-azul-irlandes-en-ataque-contra-convoy\\\/\"},\"wordCount\":1065,\"publisher\":{\"@id\":\"https:\\\/\\\/www.eldiario.net\\\/portal\\\/#organization\"},\"image\":{\"@id\":\"https:\\\/\\\/www.eldiario.net\\\/portal\\\/2022\\\/12\\\/16\\\/muere-casco-azul-irlandes-en-ataque-contra-convoy\\\/#primaryimage\"},\"thumbnailUrl\":\"https:\\\/\\\/www.eldiario.net\\\/portal\\\/wp-content\\\/uploads\\\/2022\\\/12\\\/UN.jpg\",\"articleSection\":[\"Internacional\"],\"inLanguage\":\"es\"},{\"@type\":\"WebPage\",\"@id\":\"https:\\\/\\\/www.eldiario.net\\\/portal\\\/2022\\\/12\\\/16\\\/muere-casco-azul-irlandes-en-ataque-contra-convoy\\\/\",\"url\":\"https:\\\/\\\/www.eldiario.net\\\/portal\\\/2022\\\/12\\\/16\\\/muere-casco-azul-irlandes-en-ataque-contra-convoy\\\/\",\"name\":\"Muere casco azul irland\u00e9s en ataque contra convoy - El Diario - Bolivia\",\"isPartOf\":{\"@id\":\"https:\\\/\\\/www.eldiario.net\\\/portal\\\/#website\"},\"primaryImageOfPage\":{\"@id\":\"https:\\\/\\\/www.eldiario.net\\\/portal\\\/2022\\\/12\\\/16\\\/muere-casco-azul-irlandes-en-ataque-contra-convoy\\\/#primaryimage\"},\"image\":{\"@id\":\"https:\\\/\\\/www.eldiario.net\\\/portal\\\/2022\\\/12\\\/16\\\/muere-casco-azul-irlandes-en-ataque-contra-convoy\\\/#primaryimage\"},\"thumbnailUrl\":\"https:\\\/\\\/www.eldiario.net\\\/portal\\\/wp-content\\\/uploads\\\/2022\\\/12\\\/UN.jpg\",\"datePublished\":\"2022-12-16T08:20:04+00:00\",\"breadcrumb\":{\"@id\":\"https:\\\/\\\/www.eldiario.net\\\/portal\\\/2022\\\/12\\\/16\\\/muere-casco-azul-irlandes-en-ataque-contra-convoy\\\/#breadcrumb\"},\"inLanguage\":\"es\",\"potentialAction\":[{\"@type\":\"ReadAction\",\"target\":[\"https:\\\/\\\/www.eldiario.net\\\/portal\\\/2022\\\/12\\\/16\\\/muere-casco-azul-irlandes-en-ataque-contra-convoy\\\/\"]}]},{\"@type\":\"ImageObject\",\"inLanguage\":\"es\",\"@id\":\"https:\\\/\\\/www.eldiario.net\\\/portal\\\/2022\\\/12\\\/16\\\/muere-casco-azul-irlandes-en-ataque-contra-convoy\\\/#primaryimage\",\"url\":\"https:\\\/\\\/www.eldiario.net\\\/portal\\\/wp-content\\\/uploads\\\/2022\\\/12\\\/UN.jpg\",\"contentUrl\":\"https:\\\/\\\/www.eldiario.net\\\/portal\\\/wp-content\\\/uploads\\\/2022\\\/12\\\/UN.jpg\",\"width\":1200,\"height\":796,\"caption\":\"VEH\u00cdCULOS BLINDADOS TRANSPORTABAN A LOS MILITARES. Europa Press\"},{\"@type\":\"BreadcrumbList\",\"@id\":\"https:\\\/\\\/www.eldiario.net\\\/portal\\\/2022\\\/12\\\/16\\\/muere-casco-azul-irlandes-en-ataque-contra-convoy\\\/#breadcrumb\",\"itemListElement\":[{\"@type\":\"ListItem\",\"position\":1,\"name\":\"Portada\",\"item\":\"https:\\\/\\\/www.eldiario.net\\\/portal\\\/\"},{\"@type\":\"ListItem\",\"position\":2,\"name\":\"Muere casco azul irland\u00e9s en ataque contra convoy\"}]},{\"@type\":\"WebSite\",\"@id\":\"https:\\\/\\\/www.eldiario.net\\\/portal\\\/#website\",\"url\":\"https:\\\/\\\/www.eldiario.net\\\/portal\\\/\",\"name\":\"El Diario - Decano de la prensa nacional\",\"description\":\"El Diario - Decano de la prensa nacional\",\"publisher\":{\"@id\":\"https:\\\/\\\/www.eldiario.net\\\/portal\\\/#organization\"},\"potentialAction\":[{\"@type\":\"SearchAction\",\"target\":{\"@type\":\"EntryPoint\",\"urlTemplate\":\"https:\\\/\\\/www.eldiario.net\\\/portal\\\/?s={search_term_string}\"},\"query-input\":{\"@type\":\"PropertyValueSpecification\",\"valueRequired\":true,\"valueName\":\"search_term_string\"}}],\"inLanguage\":\"es\"},{\"@type\":\"Organization\",\"@id\":\"https:\\\/\\\/www.eldiario.net\\\/portal\\\/#organization\",\"name\":\"El Diario - Decano de la prensa nacional\",\"url\":\"https:\\\/\\\/www.eldiario.net\\\/portal\\\/\",\"logo\":{\"@type\":\"ImageObject\",\"inLanguage\":\"es\",\"@id\":\"https:\\\/\\\/www.eldiario.net\\\/portal\\\/#\\\/schema\\\/logo\\\/image\\\/\",\"url\":\"https:\\\/\\\/www.eldiario.net\\\/portal\\\/wp-content\\\/uploads\\\/2023\\\/07\\\/logo_ED.jpg\",\"contentUrl\":\"https:\\\/\\\/www.eldiario.net\\\/portal\\\/wp-content\\\/uploads\\\/2023\\\/07\\\/logo_ED.jpg\",\"width\":272,\"height\":52,\"caption\":\"El Diario - Decano de la prensa nacional\"},\"image\":{\"@id\":\"https:\\\/\\\/www.eldiario.net\\\/portal\\\/#\\\/schema\\\/logo\\\/image\\\/\"},\"sameAs\":[\"https:\\\/\\\/www.facebook.com\\\/eldiario.bolivia\\\/\",\"https:\\\/\\\/x.com\\\/eldiario_net\"]},{\"@type\":\"Person\",\"@id\":\"https:\\\/\\\/www.eldiario.net\\\/portal\\\/#\\\/schema\\\/person\\\/f46445640444750d7d753ccd04ae01b7\",\"name\":\"Jeanette\",\"image\":{\"@type\":\"ImageObject\",\"inLanguage\":\"es\",\"@id\":\"https:\\\/\\\/secure.gravatar.com\\\/avatar\\\/3ea2118a5f7dad2b7138b1187a6b7ee55f160b9968b66013c3a3ef39dd7e5798?s=96&d=mm&r=g\",\"url\":\"https:\\\/\\\/secure.gravatar.com\\\/avatar\\\/3ea2118a5f7dad2b7138b1187a6b7ee55f160b9968b66013c3a3ef39dd7e5798?s=96&d=mm&r=g\",\"contentUrl\":\"https:\\\/\\\/secure.gravatar.com\\\/avatar\\\/3ea2118a5f7dad2b7138b1187a6b7ee55f160b9968b66013c3a3ef39dd7e5798?s=96&d=mm&r=g\",\"caption\":\"Jeanette\"},\"sameAs\":[\"https:\\\/\\\/www.eldiario.net\\\/portal\"],\"url\":\"https:\\\/\\\/www.eldiario.net\\\/portal\\\/author\\\/jeanette\\\/\"}]}<\/script>\n<!-- \/ Yoast SEO plugin. -->","yoast_head_json":{"title":"Muere casco azul irland\u00e9s en ataque contra convoy - El Diario - Bolivia","robots":{"index":"index","follow":"follow","max-snippet":"max-snippet:-1","max-image-preview":"max-image-preview:large","max-video-preview":"max-video-preview:-1"},"canonical":"https:\/\/www.eldiario.net\/portal\/2022\/12\/16\/muere-casco-azul-irlandes-en-ataque-contra-convoy\/","og_locale":"es_ES","og_type":"article","og_title":"Muere casco azul irland\u00e9s en ataque contra convoy - El Diario - Bolivia","og_description":"Al menos un casco azul irland\u00e9s muri\u00f3 y otros tres resultaron heridos tras un ataque perpetrado contra un convoy de la Fuerza Interina de Naciones Unidas para el L\u00edbano (FINUL), seg\u00fan confirmaron las Fuerzas Armadas de Irlanda, calificadocomo incidente grave. El hecho fue detallado en una serie de mensajes de la red social Twitter que [&hellip;]","og_url":"https:\/\/www.eldiario.net\/portal\/2022\/12\/16\/muere-casco-azul-irlandes-en-ataque-contra-convoy\/","og_site_name":"El Diario - Bolivia","article_publisher":"https:\/\/www.facebook.com\/eldiario.bolivia\/","article_published_time":"2022-12-16T08:20:04+00:00","og_image":[{"width":1200,"height":796,"url":"https:\/\/www.eldiario.net\/portal\/wp-content\/uploads\/2022\/12\/UN.jpg","type":"image\/jpeg"}],"author":"Jeanette","twitter_card":"summary_large_image","twitter_creator":"@eldiario_net","twitter_site":"@eldiario_net","twitter_misc":{"Escrito por":"Jeanette","Tiempo de lectura":"5 minutos"},"schema":{"@context":"https:\/\/schema.org","@graph":[{"@type":"Article","@id":"https:\/\/www.eldiario.net\/portal\/2022\/12\/16\/muere-casco-azul-irlandes-en-ataque-contra-convoy\/#article","isPartOf":{"@id":"https:\/\/www.eldiario.net\/portal\/2022\/12\/16\/muere-casco-azul-irlandes-en-ataque-contra-convoy\/"},"author":{"name":"Jeanette","@id":"https:\/\/www.eldiario.net\/portal\/#\/schema\/person\/f46445640444750d7d753ccd04ae01b7"},"headline":"Muere casco azul irland\u00e9s en ataque contra convoy","datePublished":"2022-12-16T08:20:04+00:00","mainEntityOfPage":{"@id":"https:\/\/www.eldiario.net\/portal\/2022\/12\/16\/muere-casco-azul-irlandes-en-ataque-contra-convoy\/"},"wordCount":1065,"publisher":{"@id":"https:\/\/www.eldiario.net\/portal\/#organization"},"image":{"@id":"https:\/\/www.eldiario.net\/portal\/2022\/12\/16\/muere-casco-azul-irlandes-en-ataque-contra-convoy\/#primaryimage"},"thumbnailUrl":"https:\/\/www.eldiario.net\/portal\/wp-content\/uploads\/2022\/12\/UN.jpg","articleSection":["Internacional"],"inLanguage":"es"},{"@type":"WebPage","@id":"https:\/\/www.eldiario.net\/portal\/2022\/12\/16\/muere-casco-azul-irlandes-en-ataque-contra-convoy\/","url":"https:\/\/www.eldiario.net\/portal\/2022\/12\/16\/muere-casco-azul-irlandes-en-ataque-contra-convoy\/","name":"Muere casco azul irland\u00e9s en ataque contra convoy - El Diario - Bolivia","isPartOf":{"@id":"https:\/\/www.eldiario.net\/portal\/#website"},"primaryImageOfPage":{"@id":"https:\/\/www.eldiario.net\/portal\/2022\/12\/16\/muere-casco-azul-irlandes-en-ataque-contra-convoy\/#primaryimage"},"image":{"@id":"https:\/\/www.eldiario.net\/portal\/2022\/12\/16\/muere-casco-azul-irlandes-en-ataque-contra-convoy\/#primaryimage"},"thumbnailUrl":"https:\/\/www.eldiario.net\/portal\/wp-content\/uploads\/2022\/12\/UN.jpg","datePublished":"2022-12-16T08:20:04+00:00","breadcrumb":{"@id":"https:\/\/www.eldiario.net\/portal\/2022\/12\/16\/muere-casco-azul-irlandes-en-ataque-contra-convoy\/#breadcrumb"},"inLanguage":"es","potentialAction":[{"@type":"ReadAction","target":["https:\/\/www.eldiario.net\/portal\/2022\/12\/16\/muere-casco-azul-irlandes-en-ataque-contra-convoy\/"]}]},{"@type":"ImageObject","inLanguage":"es","@id":"https:\/\/www.eldiario.net\/portal\/2022\/12\/16\/muere-casco-azul-irlandes-en-ataque-contra-convoy\/#primaryimage","url":"https:\/\/www.eldiario.net\/portal\/wp-content\/uploads\/2022\/12\/UN.jpg","contentUrl":"https:\/\/www.eldiario.net\/portal\/wp-content\/uploads\/2022\/12\/UN.jpg","width":1200,"height":796,"caption":"VEH\u00cdCULOS BLINDADOS TRANSPORTABAN A LOS MILITARES. Europa Press"},{"@type":"BreadcrumbList","@id":"https:\/\/www.eldiario.net\/portal\/2022\/12\/16\/muere-casco-azul-irlandes-en-ataque-contra-convoy\/#breadcrumb","itemListElement":[{"@type":"ListItem","position":1,"name":"Portada","item":"https:\/\/www.eldiario.net\/portal\/"},{"@type":"ListItem","position":2,"name":"Muere casco azul irland\u00e9s en ataque contra convoy"}]},{"@type":"WebSite","@id":"https:\/\/www.eldiario.net\/portal\/#website","url":"https:\/\/www.eldiario.net\/portal\/","name":"El Diario - Decano de la prensa nacional","description":"El Diario - Decano de la prensa nacional","publisher":{"@id":"https:\/\/www.eldiario.net\/portal\/#organization"},"potentialAction":[{"@type":"SearchAction","target":{"@type":"EntryPoint","urlTemplate":"https:\/\/www.eldiario.net\/portal\/?s={search_term_string}"},"query-input":{"@type":"PropertyValueSpecification","valueRequired":true,"valueName":"search_term_string"}}],"inLanguage":"es"},{"@type":"Organization","@id":"https:\/\/www.eldiario.net\/portal\/#organization","name":"El Diario - Decano de la prensa nacional","url":"https:\/\/www.eldiario.net\/portal\/","logo":{"@type":"ImageObject","inLanguage":"es","@id":"https:\/\/www.eldiario.net\/portal\/#\/schema\/logo\/image\/","url":"https:\/\/www.eldiario.net\/portal\/wp-content\/uploads\/2023\/07\/logo_ED.jpg","contentUrl":"https:\/\/www.eldiario.net\/portal\/wp-content\/uploads\/2023\/07\/logo_ED.jpg","width":272,"height":52,"caption":"El Diario - Decano de la prensa nacional"},"image":{"@id":"https:\/\/www.eldiario.net\/portal\/#\/schema\/logo\/image\/"},"sameAs":["https:\/\/www.facebook.com\/eldiario.bolivia\/","https:\/\/x.com\/eldiario_net"]},{"@type":"Person","@id":"https:\/\/www.eldiario.net\/portal\/#\/schema\/person\/f46445640444750d7d753ccd04ae01b7","name":"Jeanette","image":{"@type":"ImageObject","inLanguage":"es","@id":"https:\/\/secure.gravatar.com\/avatar\/3ea2118a5f7dad2b7138b1187a6b7ee55f160b9968b66013c3a3ef39dd7e5798?s=96&d=mm&r=g","url":"https:\/\/secure.gravatar.com\/avatar\/3ea2118a5f7dad2b7138b1187a6b7ee55f160b9968b66013c3a3ef39dd7e5798?s=96&d=mm&r=g","contentUrl":"https:\/\/secure.gravatar.com\/avatar\/3ea2118a5f7dad2b7138b1187a6b7ee55f160b9968b66013c3a3ef39dd7e5798?s=96&d=mm&r=g","caption":"Jeanette"},"sameAs":["https:\/\/www.eldiario.net\/portal"],"url":"https:\/\/www.eldiario.net\/portal\/author\/jeanette\/"}]}},"_links":{"self":[{"href":"https:\/\/www.eldiario.net\/portal\/wp-json\/wp\/v2\/posts\/127871","targetHints":{"allow":["GET"]}}],"collection":[{"href":"https:\/\/www.eldiario.net\/portal\/wp-json\/wp\/v2\/posts"}],"about":[{"href":"https:\/\/www.eldiario.net\/portal\/wp-json\/wp\/v2\/types\/post"}],"author":[{"embeddable":true,"href":"https:\/\/www.eldiario.net\/portal\/wp-json\/wp\/v2\/users\/1"}],"replies":[{"embeddable":true,"href":"https:\/\/www.eldiario.net\/portal\/wp-json\/wp\/v2\/comments?post=127871"}],"version-history":[{"count":0,"href":"https:\/\/www.eldiario.net\/portal\/wp-json\/wp\/v2\/posts\/127871\/revisions"}],"wp:featuredmedia":[{"embeddable":true,"href":"https:\/\/www.eldiario.net\/portal\/wp-json\/wp\/v2\/media\/127872"}],"wp:attachment":[{"href":"https:\/\/www.eldiario.net\/portal\/wp-json\/wp\/v2\/media?parent=127871"}],"wp:term":[{"taxonomy":"category","embeddable":true,"href":"https:\/\/www.eldiario.net\/portal\/wp-json\/wp\/v2\/categories?post=127871"},{"taxonomy":"post_tag","embeddable":true,"href":"https:\/\/www.eldiario.net\/portal\/wp-json\/wp\/v2\/tags?post=127871"}],"curies":[{"name":"wp","href":"https:\/\/api.w.org\/{rel}","templated":true}]}}