{"id":127699,"date":"2022-12-14T07:30:55","date_gmt":"2022-12-14T11:30:55","guid":{"rendered":"https:\/\/www.eldiario.net\/portal\/?p=127699"},"modified":"2022-12-14T07:30:55","modified_gmt":"2022-12-14T11:30:55","slug":"gladymar-estrena-imponente-showroom-dedicado-a-la-arquitectura-diseno-y-decoracion","status":"publish","type":"post","link":"https:\/\/www.eldiario.net\/portal\/2022\/12\/14\/gladymar-estrena-imponente-showroom-dedicado-a-la-arquitectura-diseno-y-decoracion\/","title":{"rendered":"Gladymar estrena imponente showroom dedicado a la arquitectura, dise\u00f1o y decoraci\u00f3n"},"content":{"rendered":"<p>Un mes y medio tard\u00f3 Gladymar en reinventar la esquina de la Av. Jos\u00e9 Ballivi\u00e1n y calle 16 de Calacoto en un imponente showroom para mostrar la calidad de sus productos en pisos y revestimientos de producci\u00f3n nacional e importados, al igual que grifer\u00edas y sanitarios de renombradas marcas como Deca, pinturas Coral, cemento cola La Calera, y perfiles met\u00e1licos Atrim para finos acabados.<br \/>\nLa noche inaugural, los invitados, entre clientes y profesionales del rubro realizaron un paseo por las elegantes instalaciones, ambientadas en 380 metros cuadrados.<br \/>\n\u201cEstamos muy orgullosos de regalarle a La Paz esta hermosa esquina que invita a nuestros clientes a so\u00f1ar\u201d, dijo Luis Fernando Arias, Gerente Comercial de la empresa. \u201cGladymar no fabrica cer\u00e1micas, fabrica emociones, y es por eso que somos parte de todos los lindos momentos de las familias bolivianas, como cuando sue\u00f1an en construir su primera casa o abrir un negocio. Nosotros, junto a los profesionales del rubro, ayudamos a cumplir esos sue\u00f1os\u201d, agreg\u00f3 Arias.<br \/>\nDurante 38 a\u00f1os de vida institucional, Gladymar, empresa del Grupo Roda, se ha posicionado en un sitial muy importante de producci\u00f3n nacional, al ser el primer fabricante de porcelanatos en Bolivia.<br \/>\nPor su parte, Juan Pablo Roda, miembro de la tercera generaci\u00f3n del Grupo Roda, dijo que su apuesta fue siempre por la producci\u00f3n nacional. \u00abInvertir en el pa\u00eds donde nacimos, acerc\u00e1ndonos a todos los bolivianos brind\u00e1ndoles materiales de primera calidad, que no tengan nada que envidiar de los productos importados. Ahora el desafi\u00f3 de la tercera generaci\u00f3n es llegar a todos los rincones del pa\u00eds\u00bb, afirm\u00f3 el ejecutivo.<\/p>\n<div id='gallery-1' class='gallery galleryid-127699 gallery-columns-3 gallery-size-medium'><figure class='gallery-item'>\n\t\t\t<div class='gallery-icon landscape'>\n\t\t\t\t<a href='https:\/\/www.eldiario.net\/portal\/2022\/12\/14\/gladymar-estrena-imponente-showroom-dedicado-a-la-arquitectura-diseno-y-decoracion\/dsc_1153-2\/'><img loading=\"lazy\" decoding=\"async\" width=\"300\" height=\"200\" src=\"https:\/\/www.eldiario.net\/portal\/wp-content\/uploads\/2022\/12\/DSC_1153-300x200.jpg\" class=\"attachment-medium size-medium\" alt=\"\" aria-describedby=\"gallery-1-127703\" srcset=\"https:\/\/www.eldiario.net\/portal\/wp-content\/uploads\/2022\/12\/DSC_1153-300x200.jpg 300w, https:\/\/www.eldiario.net\/portal\/wp-content\/uploads\/2022\/12\/DSC_1153-768x512.jpg 768w, https:\/\/www.eldiario.net\/portal\/wp-content\/uploads\/2022\/12\/DSC_1153-696x464.jpg 696w, https:\/\/www.eldiario.net\/portal\/wp-content\/uploads\/2022\/12\/DSC_1153.jpg 1000w\" sizes=\"auto, (max-width: 300px) 100vw, 300px\" \/><\/a>\n\t\t\t<\/div>\n\t\t\t\t<figcaption class='wp-caption-text gallery-caption' id='gallery-1-127703'>\n\t\t\t\tBORJA DE MESA, CASIMIRA LEMA Y DIEGO SU\u00c1REZ.\n\t\t\t\t<\/figcaption><\/figure>\n\t\t<\/div>\n\n","protected":false},"excerpt":{"rendered":"<p>Un mes y medio tard\u00f3 Gladymar en reinventar la esquina de la Av. Jos\u00e9 Ballivi\u00e1n y calle 16 de Calacoto en un imponente showroom para mostrar la calidad de sus productos en pisos y revestimientos de producci\u00f3n nacional e importados, al igual que grifer\u00edas y sanitarios de renombradas marcas como Deca, pinturas Coral, cemento cola [&hellip;]<\/p>\n","protected":false},"author":1,"featured_media":127702,"comment_status":"closed","ping_status":"closed","sticky":false,"template":"","format":"standard","meta":{"_acf_changed":false,"footnotes":""},"categories":[40],"tags":[],"class_list":["post-127699","post","type-post","status-publish","format-standard","has-post-thumbnail","category-sociales"],"acf":{"antetitulo":""},"yoast_head":"<!-- This site is optimized with the Yoast SEO plugin v28.3 - https:\/\/yoast.com\/product\/yoast-seo-wordpress\/ -->\n<title>Gladymar estrena imponente showroom dedicado a la arquitectura, dise\u00f1o y decoraci\u00f3n - El Diario - Bolivia<\/title>\n<meta name=\"robots\" content=\"index, follow, max-snippet:-1, max-image-preview:large, max-video-preview:-1\" \/>\n<link rel=\"canonical\" href=\"https:\/\/www.eldiario.net\/portal\/2022\/12\/14\/gladymar-estrena-imponente-showroom-dedicado-a-la-arquitectura-diseno-y-decoracion\/\" \/>\n<meta property=\"og:locale\" content=\"es_ES\" \/>\n<meta property=\"og:type\" content=\"article\" \/>\n<meta property=\"og:title\" content=\"Gladymar estrena imponente showroom dedicado a la arquitectura, dise\u00f1o y decoraci\u00f3n - El Diario - Bolivia\" \/>\n<meta property=\"og:description\" content=\"Un mes y medio tard\u00f3 Gladymar en reinventar la esquina de la Av. Jos\u00e9 Ballivi\u00e1n y calle 16 de Calacoto en un imponente showroom para mostrar la calidad de sus productos en pisos y revestimientos de producci\u00f3n nacional e importados, al igual que grifer\u00edas y sanitarios de renombradas marcas como Deca, pinturas Coral, cemento cola [&hellip;]\" \/>\n<meta property=\"og:url\" content=\"https:\/\/www.eldiario.net\/portal\/2022\/12\/14\/gladymar-estrena-imponente-showroom-dedicado-a-la-arquitectura-diseno-y-decoracion\/\" \/>\n<meta property=\"og:site_name\" content=\"El Diario - Bolivia\" \/>\n<meta property=\"article:publisher\" content=\"https:\/\/www.facebook.com\/eldiario.bolivia\/\" \/>\n<meta property=\"article:published_time\" content=\"2022-12-14T11:30:55+00:00\" \/>\n<meta name=\"author\" content=\"Jeanette\" \/>\n<meta name=\"twitter:card\" content=\"summary_large_image\" \/>\n<meta name=\"twitter:creator\" content=\"@eldiario_net\" \/>\n<meta name=\"twitter:site\" content=\"@eldiario_net\" \/>\n<meta name=\"twitter:label1\" content=\"Escrito por\" \/>\n\t<meta name=\"twitter:data1\" content=\"Jeanette\" \/>\n\t<meta name=\"twitter:label2\" content=\"Tiempo de lectura\" \/>\n\t<meta name=\"twitter:data2\" content=\"2 minutos\" \/>\n<script type=\"application\/ld+json\" class=\"yoast-schema-graph\">{\"@context\":\"https:\\\/\\\/schema.org\",\"@graph\":[{\"@type\":\"Article\",\"@id\":\"https:\\\/\\\/www.eldiario.net\\\/portal\\\/2022\\\/12\\\/14\\\/gladymar-estrena-imponente-showroom-dedicado-a-la-arquitectura-diseno-y-decoracion\\\/#article\",\"isPartOf\":{\"@id\":\"https:\\\/\\\/www.eldiario.net\\\/portal\\\/2022\\\/12\\\/14\\\/gladymar-estrena-imponente-showroom-dedicado-a-la-arquitectura-diseno-y-decoracion\\\/\"},\"author\":{\"name\":\"Jeanette\",\"@id\":\"https:\\\/\\\/www.eldiario.net\\\/portal\\\/#\\\/schema\\\/person\\\/f46445640444750d7d753ccd04ae01b7\"},\"headline\":\"Gladymar estrena imponente showroom dedicado a la arquitectura, dise\u00f1o y decoraci\u00f3n\",\"datePublished\":\"2022-12-14T11:30:55+00:00\",\"mainEntityOfPage\":{\"@id\":\"https:\\\/\\\/www.eldiario.net\\\/portal\\\/2022\\\/12\\\/14\\\/gladymar-estrena-imponente-showroom-dedicado-a-la-arquitectura-diseno-y-decoracion\\\/\"},\"wordCount\":292,\"publisher\":{\"@id\":\"https:\\\/\\\/www.eldiario.net\\\/portal\\\/#organization\"},\"image\":{\"@id\":\"https:\\\/\\\/www.eldiario.net\\\/portal\\\/2022\\\/12\\\/14\\\/gladymar-estrena-imponente-showroom-dedicado-a-la-arquitectura-diseno-y-decoracion\\\/#primaryimage\"},\"thumbnailUrl\":\"\",\"articleSection\":[\"Sociales\"],\"inLanguage\":\"es\"},{\"@type\":\"WebPage\",\"@id\":\"https:\\\/\\\/www.eldiario.net\\\/portal\\\/2022\\\/12\\\/14\\\/gladymar-estrena-imponente-showroom-dedicado-a-la-arquitectura-diseno-y-decoracion\\\/\",\"url\":\"https:\\\/\\\/www.eldiario.net\\\/portal\\\/2022\\\/12\\\/14\\\/gladymar-estrena-imponente-showroom-dedicado-a-la-arquitectura-diseno-y-decoracion\\\/\",\"name\":\"Gladymar estrena imponente showroom dedicado a la arquitectura, dise\u00f1o y decoraci\u00f3n - El Diario - Bolivia\",\"isPartOf\":{\"@id\":\"https:\\\/\\\/www.eldiario.net\\\/portal\\\/#website\"},\"primaryImageOfPage\":{\"@id\":\"https:\\\/\\\/www.eldiario.net\\\/portal\\\/2022\\\/12\\\/14\\\/gladymar-estrena-imponente-showroom-dedicado-a-la-arquitectura-diseno-y-decoracion\\\/#primaryimage\"},\"image\":{\"@id\":\"https:\\\/\\\/www.eldiario.net\\\/portal\\\/2022\\\/12\\\/14\\\/gladymar-estrena-imponente-showroom-dedicado-a-la-arquitectura-diseno-y-decoracion\\\/#primaryimage\"},\"thumbnailUrl\":\"\",\"datePublished\":\"2022-12-14T11:30:55+00:00\",\"breadcrumb\":{\"@id\":\"https:\\\/\\\/www.eldiario.net\\\/portal\\\/2022\\\/12\\\/14\\\/gladymar-estrena-imponente-showroom-dedicado-a-la-arquitectura-diseno-y-decoracion\\\/#breadcrumb\"},\"inLanguage\":\"es\",\"potentialAction\":[{\"@type\":\"ReadAction\",\"target\":[\"https:\\\/\\\/www.eldiario.net\\\/portal\\\/2022\\\/12\\\/14\\\/gladymar-estrena-imponente-showroom-dedicado-a-la-arquitectura-diseno-y-decoracion\\\/\"]}]},{\"@type\":\"ImageObject\",\"inLanguage\":\"es\",\"@id\":\"https:\\\/\\\/www.eldiario.net\\\/portal\\\/2022\\\/12\\\/14\\\/gladymar-estrena-imponente-showroom-dedicado-a-la-arquitectura-diseno-y-decoracion\\\/#primaryimage\",\"url\":\"\",\"contentUrl\":\"\"},{\"@type\":\"BreadcrumbList\",\"@id\":\"https:\\\/\\\/www.eldiario.net\\\/portal\\\/2022\\\/12\\\/14\\\/gladymar-estrena-imponente-showroom-dedicado-a-la-arquitectura-diseno-y-decoracion\\\/#breadcrumb\",\"itemListElement\":[{\"@type\":\"ListItem\",\"position\":1,\"name\":\"Portada\",\"item\":\"https:\\\/\\\/www.eldiario.net\\\/portal\\\/\"},{\"@type\":\"ListItem\",\"position\":2,\"name\":\"Gladymar estrena imponente showroom dedicado a la arquitectura, dise\u00f1o y decoraci\u00f3n\"}]},{\"@type\":\"WebSite\",\"@id\":\"https:\\\/\\\/www.eldiario.net\\\/portal\\\/#website\",\"url\":\"https:\\\/\\\/www.eldiario.net\\\/portal\\\/\",\"name\":\"El Diario - Decano de la prensa nacional\",\"description\":\"El Diario - Decano de la prensa nacional\",\"publisher\":{\"@id\":\"https:\\\/\\\/www.eldiario.net\\\/portal\\\/#organization\"},\"potentialAction\":[{\"@type\":\"SearchAction\",\"target\":{\"@type\":\"EntryPoint\",\"urlTemplate\":\"https:\\\/\\\/www.eldiario.net\\\/portal\\\/?s={search_term_string}\"},\"query-input\":{\"@type\":\"PropertyValueSpecification\",\"valueRequired\":true,\"valueName\":\"search_term_string\"}}],\"inLanguage\":\"es\"},{\"@type\":\"Organization\",\"@id\":\"https:\\\/\\\/www.eldiario.net\\\/portal\\\/#organization\",\"name\":\"El Diario - Decano de la prensa nacional\",\"url\":\"https:\\\/\\\/www.eldiario.net\\\/portal\\\/\",\"logo\":{\"@type\":\"ImageObject\",\"inLanguage\":\"es\",\"@id\":\"https:\\\/\\\/www.eldiario.net\\\/portal\\\/#\\\/schema\\\/logo\\\/image\\\/\",\"url\":\"https:\\\/\\\/www.eldiario.net\\\/portal\\\/wp-content\\\/uploads\\\/2023\\\/07\\\/logo_ED.jpg\",\"contentUrl\":\"https:\\\/\\\/www.eldiario.net\\\/portal\\\/wp-content\\\/uploads\\\/2023\\\/07\\\/logo_ED.jpg\",\"width\":272,\"height\":52,\"caption\":\"El Diario - Decano de la prensa nacional\"},\"image\":{\"@id\":\"https:\\\/\\\/www.eldiario.net\\\/portal\\\/#\\\/schema\\\/logo\\\/image\\\/\"},\"sameAs\":[\"https:\\\/\\\/www.facebook.com\\\/eldiario.bolivia\\\/\",\"https:\\\/\\\/x.com\\\/eldiario_net\"]},{\"@type\":\"Person\",\"@id\":\"https:\\\/\\\/www.eldiario.net\\\/portal\\\/#\\\/schema\\\/person\\\/f46445640444750d7d753ccd04ae01b7\",\"name\":\"Jeanette\",\"image\":{\"@type\":\"ImageObject\",\"inLanguage\":\"es\",\"@id\":\"https:\\\/\\\/secure.gravatar.com\\\/avatar\\\/3ea2118a5f7dad2b7138b1187a6b7ee55f160b9968b66013c3a3ef39dd7e5798?s=96&d=mm&r=g\",\"url\":\"https:\\\/\\\/secure.gravatar.com\\\/avatar\\\/3ea2118a5f7dad2b7138b1187a6b7ee55f160b9968b66013c3a3ef39dd7e5798?s=96&d=mm&r=g\",\"contentUrl\":\"https:\\\/\\\/secure.gravatar.com\\\/avatar\\\/3ea2118a5f7dad2b7138b1187a6b7ee55f160b9968b66013c3a3ef39dd7e5798?s=96&d=mm&r=g\",\"caption\":\"Jeanette\"},\"sameAs\":[\"https:\\\/\\\/www.eldiario.net\\\/portal\"],\"url\":\"https:\\\/\\\/www.eldiario.net\\\/portal\\\/author\\\/jeanette\\\/\"}]}<\/script>\n<!-- \/ Yoast SEO plugin. -->","yoast_head_json":{"title":"Gladymar estrena imponente showroom dedicado a la arquitectura, dise\u00f1o y decoraci\u00f3n - El Diario - Bolivia","robots":{"index":"index","follow":"follow","max-snippet":"max-snippet:-1","max-image-preview":"max-image-preview:large","max-video-preview":"max-video-preview:-1"},"canonical":"https:\/\/www.eldiario.net\/portal\/2022\/12\/14\/gladymar-estrena-imponente-showroom-dedicado-a-la-arquitectura-diseno-y-decoracion\/","og_locale":"es_ES","og_type":"article","og_title":"Gladymar estrena imponente showroom dedicado a la arquitectura, dise\u00f1o y decoraci\u00f3n - El Diario - Bolivia","og_description":"Un mes y medio tard\u00f3 Gladymar en reinventar la esquina de la Av. Jos\u00e9 Ballivi\u00e1n y calle 16 de Calacoto en un imponente showroom para mostrar la calidad de sus productos en pisos y revestimientos de producci\u00f3n nacional e importados, al igual que grifer\u00edas y sanitarios de renombradas marcas como Deca, pinturas Coral, cemento cola [&hellip;]","og_url":"https:\/\/www.eldiario.net\/portal\/2022\/12\/14\/gladymar-estrena-imponente-showroom-dedicado-a-la-arquitectura-diseno-y-decoracion\/","og_site_name":"El Diario - Bolivia","article_publisher":"https:\/\/www.facebook.com\/eldiario.bolivia\/","article_published_time":"2022-12-14T11:30:55+00:00","author":"Jeanette","twitter_card":"summary_large_image","twitter_creator":"@eldiario_net","twitter_site":"@eldiario_net","twitter_misc":{"Escrito por":"Jeanette","Tiempo de lectura":"2 minutos"},"schema":{"@context":"https:\/\/schema.org","@graph":[{"@type":"Article","@id":"https:\/\/www.eldiario.net\/portal\/2022\/12\/14\/gladymar-estrena-imponente-showroom-dedicado-a-la-arquitectura-diseno-y-decoracion\/#article","isPartOf":{"@id":"https:\/\/www.eldiario.net\/portal\/2022\/12\/14\/gladymar-estrena-imponente-showroom-dedicado-a-la-arquitectura-diseno-y-decoracion\/"},"author":{"name":"Jeanette","@id":"https:\/\/www.eldiario.net\/portal\/#\/schema\/person\/f46445640444750d7d753ccd04ae01b7"},"headline":"Gladymar estrena imponente showroom dedicado a la arquitectura, dise\u00f1o y decoraci\u00f3n","datePublished":"2022-12-14T11:30:55+00:00","mainEntityOfPage":{"@id":"https:\/\/www.eldiario.net\/portal\/2022\/12\/14\/gladymar-estrena-imponente-showroom-dedicado-a-la-arquitectura-diseno-y-decoracion\/"},"wordCount":292,"publisher":{"@id":"https:\/\/www.eldiario.net\/portal\/#organization"},"image":{"@id":"https:\/\/www.eldiario.net\/portal\/2022\/12\/14\/gladymar-estrena-imponente-showroom-dedicado-a-la-arquitectura-diseno-y-decoracion\/#primaryimage"},"thumbnailUrl":"","articleSection":["Sociales"],"inLanguage":"es"},{"@type":"WebPage","@id":"https:\/\/www.eldiario.net\/portal\/2022\/12\/14\/gladymar-estrena-imponente-showroom-dedicado-a-la-arquitectura-diseno-y-decoracion\/","url":"https:\/\/www.eldiario.net\/portal\/2022\/12\/14\/gladymar-estrena-imponente-showroom-dedicado-a-la-arquitectura-diseno-y-decoracion\/","name":"Gladymar estrena imponente showroom dedicado a la arquitectura, dise\u00f1o y decoraci\u00f3n - El Diario - Bolivia","isPartOf":{"@id":"https:\/\/www.eldiario.net\/portal\/#website"},"primaryImageOfPage":{"@id":"https:\/\/www.eldiario.net\/portal\/2022\/12\/14\/gladymar-estrena-imponente-showroom-dedicado-a-la-arquitectura-diseno-y-decoracion\/#primaryimage"},"image":{"@id":"https:\/\/www.eldiario.net\/portal\/2022\/12\/14\/gladymar-estrena-imponente-showroom-dedicado-a-la-arquitectura-diseno-y-decoracion\/#primaryimage"},"thumbnailUrl":"","datePublished":"2022-12-14T11:30:55+00:00","breadcrumb":{"@id":"https:\/\/www.eldiario.net\/portal\/2022\/12\/14\/gladymar-estrena-imponente-showroom-dedicado-a-la-arquitectura-diseno-y-decoracion\/#breadcrumb"},"inLanguage":"es","potentialAction":[{"@type":"ReadAction","target":["https:\/\/www.eldiario.net\/portal\/2022\/12\/14\/gladymar-estrena-imponente-showroom-dedicado-a-la-arquitectura-diseno-y-decoracion\/"]}]},{"@type":"ImageObject","inLanguage":"es","@id":"https:\/\/www.eldiario.net\/portal\/2022\/12\/14\/gladymar-estrena-imponente-showroom-dedicado-a-la-arquitectura-diseno-y-decoracion\/#primaryimage","url":"","contentUrl":""},{"@type":"BreadcrumbList","@id":"https:\/\/www.eldiario.net\/portal\/2022\/12\/14\/gladymar-estrena-imponente-showroom-dedicado-a-la-arquitectura-diseno-y-decoracion\/#breadcrumb","itemListElement":[{"@type":"ListItem","position":1,"name":"Portada","item":"https:\/\/www.eldiario.net\/portal\/"},{"@type":"ListItem","position":2,"name":"Gladymar estrena imponente showroom dedicado a la arquitectura, dise\u00f1o y decoraci\u00f3n"}]},{"@type":"WebSite","@id":"https:\/\/www.eldiario.net\/portal\/#website","url":"https:\/\/www.eldiario.net\/portal\/","name":"El Diario - Decano de la prensa nacional","description":"El Diario - Decano de la prensa nacional","publisher":{"@id":"https:\/\/www.eldiario.net\/portal\/#organization"},"potentialAction":[{"@type":"SearchAction","target":{"@type":"EntryPoint","urlTemplate":"https:\/\/www.eldiario.net\/portal\/?s={search_term_string}"},"query-input":{"@type":"PropertyValueSpecification","valueRequired":true,"valueName":"search_term_string"}}],"inLanguage":"es"},{"@type":"Organization","@id":"https:\/\/www.eldiario.net\/portal\/#organization","name":"El Diario - Decano de la prensa nacional","url":"https:\/\/www.eldiario.net\/portal\/","logo":{"@type":"ImageObject","inLanguage":"es","@id":"https:\/\/www.eldiario.net\/portal\/#\/schema\/logo\/image\/","url":"https:\/\/www.eldiario.net\/portal\/wp-content\/uploads\/2023\/07\/logo_ED.jpg","contentUrl":"https:\/\/www.eldiario.net\/portal\/wp-content\/uploads\/2023\/07\/logo_ED.jpg","width":272,"height":52,"caption":"El Diario - Decano de la prensa nacional"},"image":{"@id":"https:\/\/www.eldiario.net\/portal\/#\/schema\/logo\/image\/"},"sameAs":["https:\/\/www.facebook.com\/eldiario.bolivia\/","https:\/\/x.com\/eldiario_net"]},{"@type":"Person","@id":"https:\/\/www.eldiario.net\/portal\/#\/schema\/person\/f46445640444750d7d753ccd04ae01b7","name":"Jeanette","image":{"@type":"ImageObject","inLanguage":"es","@id":"https:\/\/secure.gravatar.com\/avatar\/3ea2118a5f7dad2b7138b1187a6b7ee55f160b9968b66013c3a3ef39dd7e5798?s=96&d=mm&r=g","url":"https:\/\/secure.gravatar.com\/avatar\/3ea2118a5f7dad2b7138b1187a6b7ee55f160b9968b66013c3a3ef39dd7e5798?s=96&d=mm&r=g","contentUrl":"https:\/\/secure.gravatar.com\/avatar\/3ea2118a5f7dad2b7138b1187a6b7ee55f160b9968b66013c3a3ef39dd7e5798?s=96&d=mm&r=g","caption":"Jeanette"},"sameAs":["https:\/\/www.eldiario.net\/portal"],"url":"https:\/\/www.eldiario.net\/portal\/author\/jeanette\/"}]}},"_links":{"self":[{"href":"https:\/\/www.eldiario.net\/portal\/wp-json\/wp\/v2\/posts\/127699","targetHints":{"allow":["GET"]}}],"collection":[{"href":"https:\/\/www.eldiario.net\/portal\/wp-json\/wp\/v2\/posts"}],"about":[{"href":"https:\/\/www.eldiario.net\/portal\/wp-json\/wp\/v2\/types\/post"}],"author":[{"embeddable":true,"href":"https:\/\/www.eldiario.net\/portal\/wp-json\/wp\/v2\/users\/1"}],"replies":[{"embeddable":true,"href":"https:\/\/www.eldiario.net\/portal\/wp-json\/wp\/v2\/comments?post=127699"}],"version-history":[{"count":0,"href":"https:\/\/www.eldiario.net\/portal\/wp-json\/wp\/v2\/posts\/127699\/revisions"}],"wp:attachment":[{"href":"https:\/\/www.eldiario.net\/portal\/wp-json\/wp\/v2\/media?parent=127699"}],"wp:term":[{"taxonomy":"category","embeddable":true,"href":"https:\/\/www.eldiario.net\/portal\/wp-json\/wp\/v2\/categories?post=127699"},{"taxonomy":"post_tag","embeddable":true,"href":"https:\/\/www.eldiario.net\/portal\/wp-json\/wp\/v2\/tags?post=127699"}],"curies":[{"name":"wp","href":"https:\/\/api.w.org\/{rel}","templated":true}]}}