{"id":127694,"date":"2022-12-14T07:27:39","date_gmt":"2022-12-14T11:27:39","guid":{"rendered":"https:\/\/www.eldiario.net\/portal\/?p=127694"},"modified":"2022-12-14T07:27:39","modified_gmt":"2022-12-14T11:27:39","slug":"4-opciones-para-complementar-tu-outfit-de-fin-de-ano","status":"publish","type":"post","link":"https:\/\/www.eldiario.net\/portal\/2022\/12\/14\/4-opciones-para-complementar-tu-outfit-de-fin-de-ano\/","title":{"rendered":"4 opciones para complementar tu \u2018outfit\u2019 de fin de a\u00f1o"},"content":{"rendered":"<p>Por: Susana Guti\u00e9rrez<\/p>\n<p>Fin de a\u00f1o a la vista. Diciembre, un mes lleno de compromisos, encuentros, cenas, fiestas. Es momento de brillar y tambi\u00e9n de buscar el outfit perfecto para recibir el 2023. El color blanco simboliza la pureza, el nacimiento y la alegr\u00eda, por eso, este color es ideal al momento para despedir la noche vieja. Pero el vestuario ideal merece un complemento para desbordar glamour, por ello la clave es elegir los accesorios perfectos, el arreglo personal y, adem\u00e1s, un buen perfume que vaya con tu personalidad.<\/p>\n<p>Carolina Gait\u00e1n, cantante y actriz colombiana, que hoy vive el sue\u00f1o de darle su voz, canto y alma al personaje de Pepa Madrigal en la pel\u00edcula \u2018Encanto\u2019, es parte de la campa\u00f1a \u201cBrilla esta Navidad\u201d, de Yanbal.<\/p>\n<p>Una campa\u00f1a llena de magia, en la que la belleza latina desborda glamour. Se divierte, la pasa bien y, sobre todo, transmite toda su alegr\u00eda.<\/p>\n<p>\u201cLas fiestas de A\u00f1o Nuevo son una monta\u00f1a rusa de emociones, especialmente despu\u00e9s de la pandemia. La vestimenta puede dar un indicio de c\u00f3mo somos, pero, c\u00f3mo lo complementamos es lo que denota nuestra esencia\u201d, comenta Daniela Aguirre, gerente de Comunicaciones de Marca de Yanbal, a prop\u00f3sito de la campa\u00f1a relacionada con la belleza de la mujer latina.<\/p>\n<p>A continuaci\u00f3n encontrar\u00e1s cuatro complementos que potenciar\u00e1n el look de A\u00f1o Nuevo.<\/p>\n<ol>\n<li>Lociones de Seda: despu\u00e9s de una buena ducha es importante humectar la piel y prepararla adecuadamente. Estas lociones dejan la piel suave con un ligero y sutil toque de brillo que, hace que la piel luzca sana e hidratada por mucho tiempo.<\/li>\n<li>Maquillaje: las tendencias para este fin de a\u00f1o vienen en colores metalizados vibrantes en los ojos. En la temporada de luces, los ojos brillar\u00e1n m\u00e1s con los delineadores metalizados y fijar\u00e1n una mirada potente y penetradora. Para realzar esa mirada el usar un buen r\u00edmel que d\u00e9 volumen, alargue, rice y adem\u00e1s dure mucho, dar\u00e1 el toque que normalmente se busca para el maquillaje.<\/li>\n<li>Una piel dorada se logra con un buen broncer, mejor si es de perlas bronceadoras multi tonos. Y el toque final y no menos importante, los labios. Se necesita un labial a prueba de todo, pues es una noche din\u00e1mica. Los labiales de larga duraci\u00f3n y de alta adherencia son los aliados para las fiestas de fin de a\u00f1o y para evitar tener que retocar cada cierto tiempo.<\/li>\n<li>Joyas: \u00bfA qui\u00e9n no les gustan? Las fiestas son la excusa perfecta para dar ese toque elegante y que adem\u00e1s marque la diferencia con estos accesorios. Collares, pulseras, aretes o anillos son prendas vers\u00e1tiles que acompa\u00f1an a cualquier look ya que son f\u00e1ciles de combinar.<\/li>\n<li>Perfume: el toque final perfecto para estar listos se encuentra en la fragancia para tener el total look deseado. Un aroma floral para mujeres y uno maderoso ambarado para hombres son los preferidos. Adecuados para recibir un a\u00f1o de nuevas oportunidades.<\/li>\n<\/ol>\n<p>\u201cLas celebraciones de fin de a\u00f1o se convierten en motivos suficientes para vestirnos con estilo y para demostrar lo especial que pueden llegar a ser los momentos en los que despedimos un a\u00f1o de retos y desaf\u00edos. Para as\u00ed darle la bienvenida a uno nuevo cargado de 365 nuevas oportunidades de brillar\u201d, finaliza Aguirre.<\/p>\n<div id='gallery-1' class='gallery galleryid-127694 gallery-columns-3 gallery-size-medium'><figure class='gallery-item'>\n\t\t\t<div class='gallery-icon landscape'>\n\t\t\t\t<a href='https:\/\/www.eldiario.net\/portal\/2022\/12\/14\/4-opciones-para-complementar-tu-outfit-de-fin-de-ano\/nota-1-foto-2-33\/'><img loading=\"lazy\" decoding=\"async\" width=\"300\" height=\"180\" src=\"https:\/\/www.eldiario.net\/portal\/wp-content\/uploads\/2022\/12\/NOTA-1-FOTO-2-1-300x180.jpg\" class=\"attachment-medium size-medium\" alt=\"\" srcset=\"https:\/\/www.eldiario.net\/portal\/wp-content\/uploads\/2022\/12\/NOTA-1-FOTO-2-1-300x180.jpg 300w, https:\/\/www.eldiario.net\/portal\/wp-content\/uploads\/2022\/12\/NOTA-1-FOTO-2-1.jpg 668w\" sizes=\"auto, (max-width: 300px) 100vw, 300px\" \/><\/a>\n\t\t\t<\/div><\/figure>\n\t\t<\/div>\n\n","protected":false},"excerpt":{"rendered":"<p>Por: Susana Guti\u00e9rrez Fin de a\u00f1o a la vista. Diciembre, un mes lleno de compromisos, encuentros, cenas, fiestas. Es momento de brillar y tambi\u00e9n de buscar el outfit perfecto para recibir el 2023. El color blanco simboliza la pureza, el nacimiento y la alegr\u00eda, por eso, este color es ideal al momento para despedir la [&hellip;]<\/p>\n","protected":false},"author":1,"featured_media":127695,"comment_status":"closed","ping_status":"closed","sticky":false,"template":"","format":"standard","meta":{"_acf_changed":false,"footnotes":""},"categories":[42],"tags":[],"class_list":["post-127694","post","type-post","status-publish","format-standard","has-post-thumbnail","category-femenina"],"acf":{"antetitulo":""},"yoast_head":"<!-- This site is optimized with the Yoast SEO plugin v28.3 - https:\/\/yoast.com\/product\/yoast-seo-wordpress\/ -->\n<title>4 opciones para complementar tu \u2018outfit\u2019 de fin de a\u00f1o - El Diario - Bolivia<\/title>\n<meta name=\"robots\" content=\"index, follow, max-snippet:-1, max-image-preview:large, max-video-preview:-1\" \/>\n<link rel=\"canonical\" href=\"https:\/\/www.eldiario.net\/portal\/2022\/12\/14\/4-opciones-para-complementar-tu-outfit-de-fin-de-ano\/\" \/>\n<meta property=\"og:locale\" content=\"es_ES\" \/>\n<meta property=\"og:type\" content=\"article\" \/>\n<meta property=\"og:title\" content=\"4 opciones para complementar tu \u2018outfit\u2019 de fin de a\u00f1o - El Diario - Bolivia\" \/>\n<meta property=\"og:description\" content=\"Por: Susana Guti\u00e9rrez Fin de a\u00f1o a la vista. Diciembre, un mes lleno de compromisos, encuentros, cenas, fiestas. Es momento de brillar y tambi\u00e9n de buscar el outfit perfecto para recibir el 2023. El color blanco simboliza la pureza, el nacimiento y la alegr\u00eda, por eso, este color es ideal al momento para despedir la [&hellip;]\" \/>\n<meta property=\"og:url\" content=\"https:\/\/www.eldiario.net\/portal\/2022\/12\/14\/4-opciones-para-complementar-tu-outfit-de-fin-de-ano\/\" \/>\n<meta property=\"og:site_name\" content=\"El Diario - Bolivia\" \/>\n<meta property=\"article:publisher\" content=\"https:\/\/www.facebook.com\/eldiario.bolivia\/\" \/>\n<meta property=\"article:published_time\" content=\"2022-12-14T11:27:39+00:00\" \/>\n<meta name=\"author\" content=\"Jeanette\" \/>\n<meta name=\"twitter:card\" content=\"summary_large_image\" \/>\n<meta name=\"twitter:creator\" content=\"@eldiario_net\" \/>\n<meta name=\"twitter:site\" content=\"@eldiario_net\" \/>\n<meta name=\"twitter:label1\" content=\"Escrito por\" \/>\n\t<meta name=\"twitter:data1\" content=\"Jeanette\" \/>\n\t<meta name=\"twitter:label2\" content=\"Tiempo de lectura\" \/>\n\t<meta name=\"twitter:data2\" content=\"3 minutos\" \/>\n<script type=\"application\/ld+json\" class=\"yoast-schema-graph\">{\"@context\":\"https:\\\/\\\/schema.org\",\"@graph\":[{\"@type\":\"Article\",\"@id\":\"https:\\\/\\\/www.eldiario.net\\\/portal\\\/2022\\\/12\\\/14\\\/4-opciones-para-complementar-tu-outfit-de-fin-de-ano\\\/#article\",\"isPartOf\":{\"@id\":\"https:\\\/\\\/www.eldiario.net\\\/portal\\\/2022\\\/12\\\/14\\\/4-opciones-para-complementar-tu-outfit-de-fin-de-ano\\\/\"},\"author\":{\"name\":\"Jeanette\",\"@id\":\"https:\\\/\\\/www.eldiario.net\\\/portal\\\/#\\\/schema\\\/person\\\/f46445640444750d7d753ccd04ae01b7\"},\"headline\":\"4 opciones para complementar tu \u2018outfit\u2019 de fin de a\u00f1o\",\"datePublished\":\"2022-12-14T11:27:39+00:00\",\"mainEntityOfPage\":{\"@id\":\"https:\\\/\\\/www.eldiario.net\\\/portal\\\/2022\\\/12\\\/14\\\/4-opciones-para-complementar-tu-outfit-de-fin-de-ano\\\/\"},\"wordCount\":588,\"publisher\":{\"@id\":\"https:\\\/\\\/www.eldiario.net\\\/portal\\\/#organization\"},\"image\":{\"@id\":\"https:\\\/\\\/www.eldiario.net\\\/portal\\\/2022\\\/12\\\/14\\\/4-opciones-para-complementar-tu-outfit-de-fin-de-ano\\\/#primaryimage\"},\"thumbnailUrl\":\"\",\"articleSection\":[\"Femenina\"],\"inLanguage\":\"es\"},{\"@type\":\"WebPage\",\"@id\":\"https:\\\/\\\/www.eldiario.net\\\/portal\\\/2022\\\/12\\\/14\\\/4-opciones-para-complementar-tu-outfit-de-fin-de-ano\\\/\",\"url\":\"https:\\\/\\\/www.eldiario.net\\\/portal\\\/2022\\\/12\\\/14\\\/4-opciones-para-complementar-tu-outfit-de-fin-de-ano\\\/\",\"name\":\"4 opciones para complementar tu \u2018outfit\u2019 de fin de a\u00f1o - El Diario - Bolivia\",\"isPartOf\":{\"@id\":\"https:\\\/\\\/www.eldiario.net\\\/portal\\\/#website\"},\"primaryImageOfPage\":{\"@id\":\"https:\\\/\\\/www.eldiario.net\\\/portal\\\/2022\\\/12\\\/14\\\/4-opciones-para-complementar-tu-outfit-de-fin-de-ano\\\/#primaryimage\"},\"image\":{\"@id\":\"https:\\\/\\\/www.eldiario.net\\\/portal\\\/2022\\\/12\\\/14\\\/4-opciones-para-complementar-tu-outfit-de-fin-de-ano\\\/#primaryimage\"},\"thumbnailUrl\":\"\",\"datePublished\":\"2022-12-14T11:27:39+00:00\",\"breadcrumb\":{\"@id\":\"https:\\\/\\\/www.eldiario.net\\\/portal\\\/2022\\\/12\\\/14\\\/4-opciones-para-complementar-tu-outfit-de-fin-de-ano\\\/#breadcrumb\"},\"inLanguage\":\"es\",\"potentialAction\":[{\"@type\":\"ReadAction\",\"target\":[\"https:\\\/\\\/www.eldiario.net\\\/portal\\\/2022\\\/12\\\/14\\\/4-opciones-para-complementar-tu-outfit-de-fin-de-ano\\\/\"]}]},{\"@type\":\"ImageObject\",\"inLanguage\":\"es\",\"@id\":\"https:\\\/\\\/www.eldiario.net\\\/portal\\\/2022\\\/12\\\/14\\\/4-opciones-para-complementar-tu-outfit-de-fin-de-ano\\\/#primaryimage\",\"url\":\"\",\"contentUrl\":\"\"},{\"@type\":\"BreadcrumbList\",\"@id\":\"https:\\\/\\\/www.eldiario.net\\\/portal\\\/2022\\\/12\\\/14\\\/4-opciones-para-complementar-tu-outfit-de-fin-de-ano\\\/#breadcrumb\",\"itemListElement\":[{\"@type\":\"ListItem\",\"position\":1,\"name\":\"Portada\",\"item\":\"https:\\\/\\\/www.eldiario.net\\\/portal\\\/\"},{\"@type\":\"ListItem\",\"position\":2,\"name\":\"4 opciones para complementar tu \u2018outfit\u2019 de fin de a\u00f1o\"}]},{\"@type\":\"WebSite\",\"@id\":\"https:\\\/\\\/www.eldiario.net\\\/portal\\\/#website\",\"url\":\"https:\\\/\\\/www.eldiario.net\\\/portal\\\/\",\"name\":\"El Diario - Decano de la prensa nacional\",\"description\":\"El Diario - Decano de la prensa nacional\",\"publisher\":{\"@id\":\"https:\\\/\\\/www.eldiario.net\\\/portal\\\/#organization\"},\"potentialAction\":[{\"@type\":\"SearchAction\",\"target\":{\"@type\":\"EntryPoint\",\"urlTemplate\":\"https:\\\/\\\/www.eldiario.net\\\/portal\\\/?s={search_term_string}\"},\"query-input\":{\"@type\":\"PropertyValueSpecification\",\"valueRequired\":true,\"valueName\":\"search_term_string\"}}],\"inLanguage\":\"es\"},{\"@type\":\"Organization\",\"@id\":\"https:\\\/\\\/www.eldiario.net\\\/portal\\\/#organization\",\"name\":\"El Diario - Decano de la prensa nacional\",\"url\":\"https:\\\/\\\/www.eldiario.net\\\/portal\\\/\",\"logo\":{\"@type\":\"ImageObject\",\"inLanguage\":\"es\",\"@id\":\"https:\\\/\\\/www.eldiario.net\\\/portal\\\/#\\\/schema\\\/logo\\\/image\\\/\",\"url\":\"https:\\\/\\\/www.eldiario.net\\\/portal\\\/wp-content\\\/uploads\\\/2023\\\/07\\\/logo_ED.jpg\",\"contentUrl\":\"https:\\\/\\\/www.eldiario.net\\\/portal\\\/wp-content\\\/uploads\\\/2023\\\/07\\\/logo_ED.jpg\",\"width\":272,\"height\":52,\"caption\":\"El Diario - Decano de la prensa nacional\"},\"image\":{\"@id\":\"https:\\\/\\\/www.eldiario.net\\\/portal\\\/#\\\/schema\\\/logo\\\/image\\\/\"},\"sameAs\":[\"https:\\\/\\\/www.facebook.com\\\/eldiario.bolivia\\\/\",\"https:\\\/\\\/x.com\\\/eldiario_net\"]},{\"@type\":\"Person\",\"@id\":\"https:\\\/\\\/www.eldiario.net\\\/portal\\\/#\\\/schema\\\/person\\\/f46445640444750d7d753ccd04ae01b7\",\"name\":\"Jeanette\",\"image\":{\"@type\":\"ImageObject\",\"inLanguage\":\"es\",\"@id\":\"https:\\\/\\\/secure.gravatar.com\\\/avatar\\\/3ea2118a5f7dad2b7138b1187a6b7ee55f160b9968b66013c3a3ef39dd7e5798?s=96&d=mm&r=g\",\"url\":\"https:\\\/\\\/secure.gravatar.com\\\/avatar\\\/3ea2118a5f7dad2b7138b1187a6b7ee55f160b9968b66013c3a3ef39dd7e5798?s=96&d=mm&r=g\",\"contentUrl\":\"https:\\\/\\\/secure.gravatar.com\\\/avatar\\\/3ea2118a5f7dad2b7138b1187a6b7ee55f160b9968b66013c3a3ef39dd7e5798?s=96&d=mm&r=g\",\"caption\":\"Jeanette\"},\"sameAs\":[\"https:\\\/\\\/www.eldiario.net\\\/portal\"],\"url\":\"https:\\\/\\\/www.eldiario.net\\\/portal\\\/author\\\/jeanette\\\/\"}]}<\/script>\n<!-- \/ Yoast SEO plugin. -->","yoast_head_json":{"title":"4 opciones para complementar tu \u2018outfit\u2019 de fin de a\u00f1o - El Diario - Bolivia","robots":{"index":"index","follow":"follow","max-snippet":"max-snippet:-1","max-image-preview":"max-image-preview:large","max-video-preview":"max-video-preview:-1"},"canonical":"https:\/\/www.eldiario.net\/portal\/2022\/12\/14\/4-opciones-para-complementar-tu-outfit-de-fin-de-ano\/","og_locale":"es_ES","og_type":"article","og_title":"4 opciones para complementar tu \u2018outfit\u2019 de fin de a\u00f1o - El Diario - Bolivia","og_description":"Por: Susana Guti\u00e9rrez Fin de a\u00f1o a la vista. Diciembre, un mes lleno de compromisos, encuentros, cenas, fiestas. Es momento de brillar y tambi\u00e9n de buscar el outfit perfecto para recibir el 2023. El color blanco simboliza la pureza, el nacimiento y la alegr\u00eda, por eso, este color es ideal al momento para despedir la [&hellip;]","og_url":"https:\/\/www.eldiario.net\/portal\/2022\/12\/14\/4-opciones-para-complementar-tu-outfit-de-fin-de-ano\/","og_site_name":"El Diario - Bolivia","article_publisher":"https:\/\/www.facebook.com\/eldiario.bolivia\/","article_published_time":"2022-12-14T11:27:39+00:00","author":"Jeanette","twitter_card":"summary_large_image","twitter_creator":"@eldiario_net","twitter_site":"@eldiario_net","twitter_misc":{"Escrito por":"Jeanette","Tiempo de lectura":"3 minutos"},"schema":{"@context":"https:\/\/schema.org","@graph":[{"@type":"Article","@id":"https:\/\/www.eldiario.net\/portal\/2022\/12\/14\/4-opciones-para-complementar-tu-outfit-de-fin-de-ano\/#article","isPartOf":{"@id":"https:\/\/www.eldiario.net\/portal\/2022\/12\/14\/4-opciones-para-complementar-tu-outfit-de-fin-de-ano\/"},"author":{"name":"Jeanette","@id":"https:\/\/www.eldiario.net\/portal\/#\/schema\/person\/f46445640444750d7d753ccd04ae01b7"},"headline":"4 opciones para complementar tu \u2018outfit\u2019 de fin de a\u00f1o","datePublished":"2022-12-14T11:27:39+00:00","mainEntityOfPage":{"@id":"https:\/\/www.eldiario.net\/portal\/2022\/12\/14\/4-opciones-para-complementar-tu-outfit-de-fin-de-ano\/"},"wordCount":588,"publisher":{"@id":"https:\/\/www.eldiario.net\/portal\/#organization"},"image":{"@id":"https:\/\/www.eldiario.net\/portal\/2022\/12\/14\/4-opciones-para-complementar-tu-outfit-de-fin-de-ano\/#primaryimage"},"thumbnailUrl":"","articleSection":["Femenina"],"inLanguage":"es"},{"@type":"WebPage","@id":"https:\/\/www.eldiario.net\/portal\/2022\/12\/14\/4-opciones-para-complementar-tu-outfit-de-fin-de-ano\/","url":"https:\/\/www.eldiario.net\/portal\/2022\/12\/14\/4-opciones-para-complementar-tu-outfit-de-fin-de-ano\/","name":"4 opciones para complementar tu \u2018outfit\u2019 de fin de a\u00f1o - El Diario - Bolivia","isPartOf":{"@id":"https:\/\/www.eldiario.net\/portal\/#website"},"primaryImageOfPage":{"@id":"https:\/\/www.eldiario.net\/portal\/2022\/12\/14\/4-opciones-para-complementar-tu-outfit-de-fin-de-ano\/#primaryimage"},"image":{"@id":"https:\/\/www.eldiario.net\/portal\/2022\/12\/14\/4-opciones-para-complementar-tu-outfit-de-fin-de-ano\/#primaryimage"},"thumbnailUrl":"","datePublished":"2022-12-14T11:27:39+00:00","breadcrumb":{"@id":"https:\/\/www.eldiario.net\/portal\/2022\/12\/14\/4-opciones-para-complementar-tu-outfit-de-fin-de-ano\/#breadcrumb"},"inLanguage":"es","potentialAction":[{"@type":"ReadAction","target":["https:\/\/www.eldiario.net\/portal\/2022\/12\/14\/4-opciones-para-complementar-tu-outfit-de-fin-de-ano\/"]}]},{"@type":"ImageObject","inLanguage":"es","@id":"https:\/\/www.eldiario.net\/portal\/2022\/12\/14\/4-opciones-para-complementar-tu-outfit-de-fin-de-ano\/#primaryimage","url":"","contentUrl":""},{"@type":"BreadcrumbList","@id":"https:\/\/www.eldiario.net\/portal\/2022\/12\/14\/4-opciones-para-complementar-tu-outfit-de-fin-de-ano\/#breadcrumb","itemListElement":[{"@type":"ListItem","position":1,"name":"Portada","item":"https:\/\/www.eldiario.net\/portal\/"},{"@type":"ListItem","position":2,"name":"4 opciones para complementar tu \u2018outfit\u2019 de fin de a\u00f1o"}]},{"@type":"WebSite","@id":"https:\/\/www.eldiario.net\/portal\/#website","url":"https:\/\/www.eldiario.net\/portal\/","name":"El Diario - Decano de la prensa nacional","description":"El Diario - Decano de la prensa nacional","publisher":{"@id":"https:\/\/www.eldiario.net\/portal\/#organization"},"potentialAction":[{"@type":"SearchAction","target":{"@type":"EntryPoint","urlTemplate":"https:\/\/www.eldiario.net\/portal\/?s={search_term_string}"},"query-input":{"@type":"PropertyValueSpecification","valueRequired":true,"valueName":"search_term_string"}}],"inLanguage":"es"},{"@type":"Organization","@id":"https:\/\/www.eldiario.net\/portal\/#organization","name":"El Diario - Decano de la prensa nacional","url":"https:\/\/www.eldiario.net\/portal\/","logo":{"@type":"ImageObject","inLanguage":"es","@id":"https:\/\/www.eldiario.net\/portal\/#\/schema\/logo\/image\/","url":"https:\/\/www.eldiario.net\/portal\/wp-content\/uploads\/2023\/07\/logo_ED.jpg","contentUrl":"https:\/\/www.eldiario.net\/portal\/wp-content\/uploads\/2023\/07\/logo_ED.jpg","width":272,"height":52,"caption":"El Diario - Decano de la prensa nacional"},"image":{"@id":"https:\/\/www.eldiario.net\/portal\/#\/schema\/logo\/image\/"},"sameAs":["https:\/\/www.facebook.com\/eldiario.bolivia\/","https:\/\/x.com\/eldiario_net"]},{"@type":"Person","@id":"https:\/\/www.eldiario.net\/portal\/#\/schema\/person\/f46445640444750d7d753ccd04ae01b7","name":"Jeanette","image":{"@type":"ImageObject","inLanguage":"es","@id":"https:\/\/secure.gravatar.com\/avatar\/3ea2118a5f7dad2b7138b1187a6b7ee55f160b9968b66013c3a3ef39dd7e5798?s=96&d=mm&r=g","url":"https:\/\/secure.gravatar.com\/avatar\/3ea2118a5f7dad2b7138b1187a6b7ee55f160b9968b66013c3a3ef39dd7e5798?s=96&d=mm&r=g","contentUrl":"https:\/\/secure.gravatar.com\/avatar\/3ea2118a5f7dad2b7138b1187a6b7ee55f160b9968b66013c3a3ef39dd7e5798?s=96&d=mm&r=g","caption":"Jeanette"},"sameAs":["https:\/\/www.eldiario.net\/portal"],"url":"https:\/\/www.eldiario.net\/portal\/author\/jeanette\/"}]}},"_links":{"self":[{"href":"https:\/\/www.eldiario.net\/portal\/wp-json\/wp\/v2\/posts\/127694","targetHints":{"allow":["GET"]}}],"collection":[{"href":"https:\/\/www.eldiario.net\/portal\/wp-json\/wp\/v2\/posts"}],"about":[{"href":"https:\/\/www.eldiario.net\/portal\/wp-json\/wp\/v2\/types\/post"}],"author":[{"embeddable":true,"href":"https:\/\/www.eldiario.net\/portal\/wp-json\/wp\/v2\/users\/1"}],"replies":[{"embeddable":true,"href":"https:\/\/www.eldiario.net\/portal\/wp-json\/wp\/v2\/comments?post=127694"}],"version-history":[{"count":0,"href":"https:\/\/www.eldiario.net\/portal\/wp-json\/wp\/v2\/posts\/127694\/revisions"}],"wp:attachment":[{"href":"https:\/\/www.eldiario.net\/portal\/wp-json\/wp\/v2\/media?parent=127694"}],"wp:term":[{"taxonomy":"category","embeddable":true,"href":"https:\/\/www.eldiario.net\/portal\/wp-json\/wp\/v2\/categories?post=127694"},{"taxonomy":"post_tag","embeddable":true,"href":"https:\/\/www.eldiario.net\/portal\/wp-json\/wp\/v2\/tags?post=127694"}],"curies":[{"name":"wp","href":"https:\/\/api.w.org\/{rel}","templated":true}]}}