{"id":127690,"date":"2022-12-14T07:26:28","date_gmt":"2022-12-14T11:26:28","guid":{"rendered":"https:\/\/www.eldiario.net\/portal\/?p=127690"},"modified":"2022-12-14T07:26:28","modified_gmt":"2022-12-14T11:26:28","slug":"cinco-pasos-y-una-piel-sana","status":"publish","type":"post","link":"https:\/\/www.eldiario.net\/portal\/2022\/12\/14\/cinco-pasos-y-una-piel-sana\/","title":{"rendered":"Cinco pasos y una piel sana"},"content":{"rendered":"<p>Por: Susana Guti\u00e9rrez<\/p>\n<p>La piel fresca es sin\u00f3nimo de vitalidad. Por ello es importante cuidarla con una rutina de belleza para obtener un resultado radiante.<\/p>\n<p>Una de las marcas para el cuidado de la piel con sello Hecho en Bolivia es VitaRosa que acaba de lanzar su l\u00ednea Skincare, con el mensaje motivador de \u201cuna canci\u00f3n, cinco pasos y una piel sana\u201d, que busca inspirar a las mujeres bolivianas a darse un tiempo para ellas y sacar su mejor cara ante los desaf\u00edos de la vida.<\/p>\n<p>\u201cComenzamos este h\u00e1bito de autocuidado con una canci\u00f3n, porque para nosotras las canciones son sumamente valiosas y vienen acompa\u00f1adas de un fuerte significado emocional. Hoy, la canci\u00f3n no la dedicaremos a nuestros padres, hijos, o amores. Hoy va dedicada a nosotras mismas. Creamos la f\u00f3rmula perfecta para que las mujeres bolivianas se autodediquen unos minutos al d\u00eda: Dedicarse 1 canci\u00f3n al d\u00eda, el tiempo necesario para realizar los 5 pasos de la l\u00ednea VitaRosa, para tener una piel sana y mucha m\u00e1s conexi\u00f3n con una misma\u201d, menciona, Paola P\u00e9rez, jefe de Marketing, de Laboratorios Vita.<\/p>\n<p>En una innovadora presentaci\u00f3n, la l\u00ednea completa incluye, <strong>para la rutina d\u00eda<\/strong>: Espuma Limpiadora, Agua Micelar, Contorno de Ojos y Labios, adem\u00e1s de Crema Hidratante y Bloqueador Solar Facial. <strong>Para la rutina noche<\/strong> se repiten los mismos pasos, pero se reemplaza el Bloqueador Solar Facial por la Crema Despigmentante.<\/p>\n<p>Seg\u00fan P\u00e9rez, la l\u00ednea Skincare de VitaRosa se diferencia porque presenta una soluci\u00f3n integral para el cuidado facial b\u00e1sico y primordial, con productos desarrollados con la m\u00e1s alta tecnolog\u00eda europea y con ingredientes de origen natural de gran calidad.\u00a0 \u201cEl uso de la l\u00ednea completa hace que se potencien los resultados deseados\u201d, sostiene.<\/p>\n<p>Por su parte, Roberto Barrag\u00e1n, gerente General de Laboratorios Vita, enfatiza que la compa\u00f1\u00eda viene trabajando 86 a\u00f1os, con una excelente y reconocida trayectoria en todo el territorio nacional, en favor de la salud y bienestar de las familias bolivianas. Comenta que la empresa est\u00e1 compuesta por 3 unidades de negocio: productos farmac\u00e9uticos, para el hogar y de belleza. A esta \u00faltima, se suma la nueva gama de productos de VitaRosa para el cuidado facial, desarrollada con la m\u00e1s alta tecnolog\u00eda europea y con ingredientes de origen natural de la mejor calidad, formulada para pieles bolivianas.<\/p>\n<p>La parte emotiva de la presentaci\u00f3n del producto, en la ciudad de Santa Cruz, se vivi\u00f3 al recordar el legado de Carmen Rosa C\u00e1ceres, a quien se honra con el nombre de la l\u00ednea. Ella, junto a su esposo, Carlos Kieffer, lograron consolidar el emprendimiento fundado por Jos\u00e9 Kieffer.<\/p>\n<p><strong>RUTINA D\u00cdA<\/strong><\/p>\n<p>PASO 1. Espuma Limpiadora, que elimina eficazmente los restos de suciedad, sebo, c\u00e9lulas muertas, maquillaje. Su textura en espuma asegura un contenido reducido en agentes.<\/p>\n<p>PASO 2. Agua Micelar, formulado a base de micelas, mol\u00e9culas capaces de atraer la suciedad y grasa del rostro, aisl\u00e1ndolas y transport\u00e1ndolas a trav\u00e9s del agua para eliminarlas de la piel. El beneficio principal es la limpieza del rostro, tonificando la piel.<\/p>\n<p>PASO 3. Contorno ojos y labios, que reduce la aparici\u00f3n de l\u00edneas de expresi\u00f3n y arrugas alrededor de ojos y labios. Combina p\u00e9ptidos, vitaminas y extractos que trabajan para aumentar la s\u00edntesis de elastina y la firmeza, elasticidad e hidrataci\u00f3n de la piel.<\/p>\n<p>PASO 4. Crema hidratante para combatir la sequedad de la piel. Hipoalerg\u00e9nica, no irrita la piel.<\/p>\n<p>PASO 5. Bloqueador facial SPF 50+ protecci\u00f3n muy alta UVA y UVB, hidratante, resistente al agua, con vitamina E y pantenol, suaviza la piel mejorando la apariencia gracias a sus propiedades humectantes, contiene tambi\u00e9n \u00e1cido hialur\u00f3nico que contribuye con los beneficios contra el envejecimiento de la piel. Previene la aparici\u00f3n de manchas producidas por el sol. Dermatol\u00f3gicamente testeado.<\/p>\n<p><strong>RUTINA NOCHE<\/strong><\/p>\n<p>Se repiten los pasos 1 al 4 y se reemplaza el bloqueador solar por la Crema Despigmentante, que gracias a su composici\u00f3n mejora el aspecto de manchas, pecas y rojeces. Regenera para una piel radiante y uniforme. Reduce los signos de envejecimiento.<\/p>\n<div id='gallery-1' class='gallery galleryid-127690 gallery-columns-3 gallery-size-medium'><figure class='gallery-item'>\n\t\t\t<div class='gallery-icon landscape'>\n\t\t\t\t<a href='https:\/\/www.eldiario.net\/portal\/2022\/12\/14\/cinco-pasos-y-una-piel-sana\/nota-2-foto-1-31\/'><img loading=\"lazy\" decoding=\"async\" width=\"300\" height=\"200\" src=\"https:\/\/www.eldiario.net\/portal\/wp-content\/uploads\/2022\/12\/NOTA-2-FOTO-1-1-300x200.jpg\" class=\"attachment-medium size-medium\" alt=\"\" aria-describedby=\"gallery-1-127691\" srcset=\"https:\/\/www.eldiario.net\/portal\/wp-content\/uploads\/2022\/12\/NOTA-2-FOTO-1-1-300x200.jpg 300w, https:\/\/www.eldiario.net\/portal\/wp-content\/uploads\/2022\/12\/NOTA-2-FOTO-1-1-1024x683.jpg 1024w, https:\/\/www.eldiario.net\/portal\/wp-content\/uploads\/2022\/12\/NOTA-2-FOTO-1-1-768x512.jpg 768w, https:\/\/www.eldiario.net\/portal\/wp-content\/uploads\/2022\/12\/NOTA-2-FOTO-1-1-1536x1024.jpg 1536w, https:\/\/www.eldiario.net\/portal\/wp-content\/uploads\/2022\/12\/NOTA-2-FOTO-1-1-696x464.jpg 696w, https:\/\/www.eldiario.net\/portal\/wp-content\/uploads\/2022\/12\/NOTA-2-FOTO-1-1-1068x712.jpg 1068w, https:\/\/www.eldiario.net\/portal\/wp-content\/uploads\/2022\/12\/NOTA-2-FOTO-1-1.jpg 1773w\" sizes=\"auto, (max-width: 300px) 100vw, 300px\" \/><\/a>\n\t\t\t<\/div>\n\t\t\t\t<figcaption class='wp-caption-text gallery-caption' id='gallery-1-127691'>\n\t\t\t\tALEXIA VIRUEZ JUNTO A UNO DE LOS PRODUCTOS DE LA L\u00cdNEA SKINCARE DE VITAROSA.\n\t\t\t\t<\/figcaption><\/figure>\n\t\t<\/div>\n\n","protected":false},"excerpt":{"rendered":"<p>Por: Susana Guti\u00e9rrez La piel fresca es sin\u00f3nimo de vitalidad. Por ello es importante cuidarla con una rutina de belleza para obtener un resultado radiante. Una de las marcas para el cuidado de la piel con sello Hecho en Bolivia es VitaRosa que acaba de lanzar su l\u00ednea Skincare, con el mensaje motivador de \u201cuna [&hellip;]<\/p>\n","protected":false},"author":1,"featured_media":127691,"comment_status":"closed","ping_status":"closed","sticky":false,"template":"","format":"standard","meta":{"_acf_changed":false,"footnotes":""},"categories":[42],"tags":[],"class_list":["post-127690","post","type-post","status-publish","format-standard","has-post-thumbnail","category-femenina"],"acf":{"antetitulo":""},"yoast_head":"<!-- This site is optimized with the Yoast SEO plugin v28.3 - https:\/\/yoast.com\/product\/yoast-seo-wordpress\/ -->\n<title>Cinco pasos y una piel sana - El Diario - Bolivia<\/title>\n<meta name=\"robots\" content=\"index, follow, max-snippet:-1, max-image-preview:large, max-video-preview:-1\" \/>\n<link rel=\"canonical\" href=\"https:\/\/www.eldiario.net\/portal\/2022\/12\/14\/cinco-pasos-y-una-piel-sana\/\" \/>\n<meta property=\"og:locale\" content=\"es_ES\" \/>\n<meta property=\"og:type\" content=\"article\" \/>\n<meta property=\"og:title\" content=\"Cinco pasos y una piel sana - El Diario - Bolivia\" \/>\n<meta property=\"og:description\" content=\"Por: Susana Guti\u00e9rrez La piel fresca es sin\u00f3nimo de vitalidad. Por ello es importante cuidarla con una rutina de belleza para obtener un resultado radiante. Una de las marcas para el cuidado de la piel con sello Hecho en Bolivia es VitaRosa que acaba de lanzar su l\u00ednea Skincare, con el mensaje motivador de \u201cuna [&hellip;]\" \/>\n<meta property=\"og:url\" content=\"https:\/\/www.eldiario.net\/portal\/2022\/12\/14\/cinco-pasos-y-una-piel-sana\/\" \/>\n<meta property=\"og:site_name\" content=\"El Diario - Bolivia\" \/>\n<meta property=\"article:publisher\" content=\"https:\/\/www.facebook.com\/eldiario.bolivia\/\" \/>\n<meta property=\"article:published_time\" content=\"2022-12-14T11:26:28+00:00\" \/>\n<meta property=\"og:image\" content=\"https:\/\/www.eldiario.net\/portal\/wp-content\/uploads\/2022\/12\/NOTA-2-FOTO-1-1.jpg\" \/>\n\t<meta property=\"og:image:width\" content=\"1773\" \/>\n\t<meta property=\"og:image:height\" content=\"1182\" \/>\n\t<meta property=\"og:image:type\" content=\"image\/jpeg\" \/>\n<meta name=\"author\" content=\"Jeanette\" \/>\n<meta name=\"twitter:card\" content=\"summary_large_image\" \/>\n<meta name=\"twitter:creator\" content=\"@eldiario_net\" \/>\n<meta name=\"twitter:site\" content=\"@eldiario_net\" \/>\n<meta name=\"twitter:label1\" content=\"Escrito por\" \/>\n\t<meta name=\"twitter:data1\" content=\"Jeanette\" \/>\n\t<meta name=\"twitter:label2\" content=\"Tiempo de lectura\" \/>\n\t<meta name=\"twitter:data2\" content=\"4 minutos\" \/>\n<script type=\"application\/ld+json\" class=\"yoast-schema-graph\">{\"@context\":\"https:\\\/\\\/schema.org\",\"@graph\":[{\"@type\":\"Article\",\"@id\":\"https:\\\/\\\/www.eldiario.net\\\/portal\\\/2022\\\/12\\\/14\\\/cinco-pasos-y-una-piel-sana\\\/#article\",\"isPartOf\":{\"@id\":\"https:\\\/\\\/www.eldiario.net\\\/portal\\\/2022\\\/12\\\/14\\\/cinco-pasos-y-una-piel-sana\\\/\"},\"author\":{\"name\":\"Jeanette\",\"@id\":\"https:\\\/\\\/www.eldiario.net\\\/portal\\\/#\\\/schema\\\/person\\\/f46445640444750d7d753ccd04ae01b7\"},\"headline\":\"Cinco pasos y una piel sana\",\"datePublished\":\"2022-12-14T11:26:28+00:00\",\"mainEntityOfPage\":{\"@id\":\"https:\\\/\\\/www.eldiario.net\\\/portal\\\/2022\\\/12\\\/14\\\/cinco-pasos-y-una-piel-sana\\\/\"},\"wordCount\":713,\"publisher\":{\"@id\":\"https:\\\/\\\/www.eldiario.net\\\/portal\\\/#organization\"},\"image\":{\"@id\":\"https:\\\/\\\/www.eldiario.net\\\/portal\\\/2022\\\/12\\\/14\\\/cinco-pasos-y-una-piel-sana\\\/#primaryimage\"},\"thumbnailUrl\":\"https:\\\/\\\/www.eldiario.net\\\/portal\\\/wp-content\\\/uploads\\\/2022\\\/12\\\/NOTA-2-FOTO-1-1.jpg\",\"articleSection\":[\"Femenina\"],\"inLanguage\":\"es\"},{\"@type\":\"WebPage\",\"@id\":\"https:\\\/\\\/www.eldiario.net\\\/portal\\\/2022\\\/12\\\/14\\\/cinco-pasos-y-una-piel-sana\\\/\",\"url\":\"https:\\\/\\\/www.eldiario.net\\\/portal\\\/2022\\\/12\\\/14\\\/cinco-pasos-y-una-piel-sana\\\/\",\"name\":\"Cinco pasos y una piel sana - El Diario - Bolivia\",\"isPartOf\":{\"@id\":\"https:\\\/\\\/www.eldiario.net\\\/portal\\\/#website\"},\"primaryImageOfPage\":{\"@id\":\"https:\\\/\\\/www.eldiario.net\\\/portal\\\/2022\\\/12\\\/14\\\/cinco-pasos-y-una-piel-sana\\\/#primaryimage\"},\"image\":{\"@id\":\"https:\\\/\\\/www.eldiario.net\\\/portal\\\/2022\\\/12\\\/14\\\/cinco-pasos-y-una-piel-sana\\\/#primaryimage\"},\"thumbnailUrl\":\"https:\\\/\\\/www.eldiario.net\\\/portal\\\/wp-content\\\/uploads\\\/2022\\\/12\\\/NOTA-2-FOTO-1-1.jpg\",\"datePublished\":\"2022-12-14T11:26:28+00:00\",\"breadcrumb\":{\"@id\":\"https:\\\/\\\/www.eldiario.net\\\/portal\\\/2022\\\/12\\\/14\\\/cinco-pasos-y-una-piel-sana\\\/#breadcrumb\"},\"inLanguage\":\"es\",\"potentialAction\":[{\"@type\":\"ReadAction\",\"target\":[\"https:\\\/\\\/www.eldiario.net\\\/portal\\\/2022\\\/12\\\/14\\\/cinco-pasos-y-una-piel-sana\\\/\"]}]},{\"@type\":\"ImageObject\",\"inLanguage\":\"es\",\"@id\":\"https:\\\/\\\/www.eldiario.net\\\/portal\\\/2022\\\/12\\\/14\\\/cinco-pasos-y-una-piel-sana\\\/#primaryimage\",\"url\":\"https:\\\/\\\/www.eldiario.net\\\/portal\\\/wp-content\\\/uploads\\\/2022\\\/12\\\/NOTA-2-FOTO-1-1.jpg\",\"contentUrl\":\"https:\\\/\\\/www.eldiario.net\\\/portal\\\/wp-content\\\/uploads\\\/2022\\\/12\\\/NOTA-2-FOTO-1-1.jpg\",\"width\":1773,\"height\":1182,\"caption\":\"ALEXIA VIRUEZ JUNTO A UNO DE LOS PRODUCTOS DE LA L\u00cdNEA SKINCARE DE VITAROSA.\"},{\"@type\":\"BreadcrumbList\",\"@id\":\"https:\\\/\\\/www.eldiario.net\\\/portal\\\/2022\\\/12\\\/14\\\/cinco-pasos-y-una-piel-sana\\\/#breadcrumb\",\"itemListElement\":[{\"@type\":\"ListItem\",\"position\":1,\"name\":\"Portada\",\"item\":\"https:\\\/\\\/www.eldiario.net\\\/portal\\\/\"},{\"@type\":\"ListItem\",\"position\":2,\"name\":\"Cinco pasos y una piel sana\"}]},{\"@type\":\"WebSite\",\"@id\":\"https:\\\/\\\/www.eldiario.net\\\/portal\\\/#website\",\"url\":\"https:\\\/\\\/www.eldiario.net\\\/portal\\\/\",\"name\":\"El Diario - Decano de la prensa nacional\",\"description\":\"El Diario - Decano de la prensa nacional\",\"publisher\":{\"@id\":\"https:\\\/\\\/www.eldiario.net\\\/portal\\\/#organization\"},\"potentialAction\":[{\"@type\":\"SearchAction\",\"target\":{\"@type\":\"EntryPoint\",\"urlTemplate\":\"https:\\\/\\\/www.eldiario.net\\\/portal\\\/?s={search_term_string}\"},\"query-input\":{\"@type\":\"PropertyValueSpecification\",\"valueRequired\":true,\"valueName\":\"search_term_string\"}}],\"inLanguage\":\"es\"},{\"@type\":\"Organization\",\"@id\":\"https:\\\/\\\/www.eldiario.net\\\/portal\\\/#organization\",\"name\":\"El Diario - Decano de la prensa nacional\",\"url\":\"https:\\\/\\\/www.eldiario.net\\\/portal\\\/\",\"logo\":{\"@type\":\"ImageObject\",\"inLanguage\":\"es\",\"@id\":\"https:\\\/\\\/www.eldiario.net\\\/portal\\\/#\\\/schema\\\/logo\\\/image\\\/\",\"url\":\"https:\\\/\\\/www.eldiario.net\\\/portal\\\/wp-content\\\/uploads\\\/2023\\\/07\\\/logo_ED.jpg\",\"contentUrl\":\"https:\\\/\\\/www.eldiario.net\\\/portal\\\/wp-content\\\/uploads\\\/2023\\\/07\\\/logo_ED.jpg\",\"width\":272,\"height\":52,\"caption\":\"El Diario - Decano de la prensa nacional\"},\"image\":{\"@id\":\"https:\\\/\\\/www.eldiario.net\\\/portal\\\/#\\\/schema\\\/logo\\\/image\\\/\"},\"sameAs\":[\"https:\\\/\\\/www.facebook.com\\\/eldiario.bolivia\\\/\",\"https:\\\/\\\/x.com\\\/eldiario_net\"]},{\"@type\":\"Person\",\"@id\":\"https:\\\/\\\/www.eldiario.net\\\/portal\\\/#\\\/schema\\\/person\\\/f46445640444750d7d753ccd04ae01b7\",\"name\":\"Jeanette\",\"image\":{\"@type\":\"ImageObject\",\"inLanguage\":\"es\",\"@id\":\"https:\\\/\\\/secure.gravatar.com\\\/avatar\\\/3ea2118a5f7dad2b7138b1187a6b7ee55f160b9968b66013c3a3ef39dd7e5798?s=96&d=mm&r=g\",\"url\":\"https:\\\/\\\/secure.gravatar.com\\\/avatar\\\/3ea2118a5f7dad2b7138b1187a6b7ee55f160b9968b66013c3a3ef39dd7e5798?s=96&d=mm&r=g\",\"contentUrl\":\"https:\\\/\\\/secure.gravatar.com\\\/avatar\\\/3ea2118a5f7dad2b7138b1187a6b7ee55f160b9968b66013c3a3ef39dd7e5798?s=96&d=mm&r=g\",\"caption\":\"Jeanette\"},\"sameAs\":[\"https:\\\/\\\/www.eldiario.net\\\/portal\"],\"url\":\"https:\\\/\\\/www.eldiario.net\\\/portal\\\/author\\\/jeanette\\\/\"}]}<\/script>\n<!-- \/ Yoast SEO plugin. -->","yoast_head_json":{"title":"Cinco pasos y una piel sana - El Diario - Bolivia","robots":{"index":"index","follow":"follow","max-snippet":"max-snippet:-1","max-image-preview":"max-image-preview:large","max-video-preview":"max-video-preview:-1"},"canonical":"https:\/\/www.eldiario.net\/portal\/2022\/12\/14\/cinco-pasos-y-una-piel-sana\/","og_locale":"es_ES","og_type":"article","og_title":"Cinco pasos y una piel sana - El Diario - Bolivia","og_description":"Por: Susana Guti\u00e9rrez La piel fresca es sin\u00f3nimo de vitalidad. Por ello es importante cuidarla con una rutina de belleza para obtener un resultado radiante. Una de las marcas para el cuidado de la piel con sello Hecho en Bolivia es VitaRosa que acaba de lanzar su l\u00ednea Skincare, con el mensaje motivador de \u201cuna [&hellip;]","og_url":"https:\/\/www.eldiario.net\/portal\/2022\/12\/14\/cinco-pasos-y-una-piel-sana\/","og_site_name":"El Diario - Bolivia","article_publisher":"https:\/\/www.facebook.com\/eldiario.bolivia\/","article_published_time":"2022-12-14T11:26:28+00:00","og_image":[{"width":1773,"height":1182,"url":"https:\/\/www.eldiario.net\/portal\/wp-content\/uploads\/2022\/12\/NOTA-2-FOTO-1-1.jpg","type":"image\/jpeg"}],"author":"Jeanette","twitter_card":"summary_large_image","twitter_creator":"@eldiario_net","twitter_site":"@eldiario_net","twitter_misc":{"Escrito por":"Jeanette","Tiempo de lectura":"4 minutos"},"schema":{"@context":"https:\/\/schema.org","@graph":[{"@type":"Article","@id":"https:\/\/www.eldiario.net\/portal\/2022\/12\/14\/cinco-pasos-y-una-piel-sana\/#article","isPartOf":{"@id":"https:\/\/www.eldiario.net\/portal\/2022\/12\/14\/cinco-pasos-y-una-piel-sana\/"},"author":{"name":"Jeanette","@id":"https:\/\/www.eldiario.net\/portal\/#\/schema\/person\/f46445640444750d7d753ccd04ae01b7"},"headline":"Cinco pasos y una piel sana","datePublished":"2022-12-14T11:26:28+00:00","mainEntityOfPage":{"@id":"https:\/\/www.eldiario.net\/portal\/2022\/12\/14\/cinco-pasos-y-una-piel-sana\/"},"wordCount":713,"publisher":{"@id":"https:\/\/www.eldiario.net\/portal\/#organization"},"image":{"@id":"https:\/\/www.eldiario.net\/portal\/2022\/12\/14\/cinco-pasos-y-una-piel-sana\/#primaryimage"},"thumbnailUrl":"https:\/\/www.eldiario.net\/portal\/wp-content\/uploads\/2022\/12\/NOTA-2-FOTO-1-1.jpg","articleSection":["Femenina"],"inLanguage":"es"},{"@type":"WebPage","@id":"https:\/\/www.eldiario.net\/portal\/2022\/12\/14\/cinco-pasos-y-una-piel-sana\/","url":"https:\/\/www.eldiario.net\/portal\/2022\/12\/14\/cinco-pasos-y-una-piel-sana\/","name":"Cinco pasos y una piel sana - El Diario - Bolivia","isPartOf":{"@id":"https:\/\/www.eldiario.net\/portal\/#website"},"primaryImageOfPage":{"@id":"https:\/\/www.eldiario.net\/portal\/2022\/12\/14\/cinco-pasos-y-una-piel-sana\/#primaryimage"},"image":{"@id":"https:\/\/www.eldiario.net\/portal\/2022\/12\/14\/cinco-pasos-y-una-piel-sana\/#primaryimage"},"thumbnailUrl":"https:\/\/www.eldiario.net\/portal\/wp-content\/uploads\/2022\/12\/NOTA-2-FOTO-1-1.jpg","datePublished":"2022-12-14T11:26:28+00:00","breadcrumb":{"@id":"https:\/\/www.eldiario.net\/portal\/2022\/12\/14\/cinco-pasos-y-una-piel-sana\/#breadcrumb"},"inLanguage":"es","potentialAction":[{"@type":"ReadAction","target":["https:\/\/www.eldiario.net\/portal\/2022\/12\/14\/cinco-pasos-y-una-piel-sana\/"]}]},{"@type":"ImageObject","inLanguage":"es","@id":"https:\/\/www.eldiario.net\/portal\/2022\/12\/14\/cinco-pasos-y-una-piel-sana\/#primaryimage","url":"https:\/\/www.eldiario.net\/portal\/wp-content\/uploads\/2022\/12\/NOTA-2-FOTO-1-1.jpg","contentUrl":"https:\/\/www.eldiario.net\/portal\/wp-content\/uploads\/2022\/12\/NOTA-2-FOTO-1-1.jpg","width":1773,"height":1182,"caption":"ALEXIA VIRUEZ JUNTO A UNO DE LOS PRODUCTOS DE LA L\u00cdNEA SKINCARE DE VITAROSA."},{"@type":"BreadcrumbList","@id":"https:\/\/www.eldiario.net\/portal\/2022\/12\/14\/cinco-pasos-y-una-piel-sana\/#breadcrumb","itemListElement":[{"@type":"ListItem","position":1,"name":"Portada","item":"https:\/\/www.eldiario.net\/portal\/"},{"@type":"ListItem","position":2,"name":"Cinco pasos y una piel sana"}]},{"@type":"WebSite","@id":"https:\/\/www.eldiario.net\/portal\/#website","url":"https:\/\/www.eldiario.net\/portal\/","name":"El Diario - Decano de la prensa nacional","description":"El Diario - Decano de la prensa nacional","publisher":{"@id":"https:\/\/www.eldiario.net\/portal\/#organization"},"potentialAction":[{"@type":"SearchAction","target":{"@type":"EntryPoint","urlTemplate":"https:\/\/www.eldiario.net\/portal\/?s={search_term_string}"},"query-input":{"@type":"PropertyValueSpecification","valueRequired":true,"valueName":"search_term_string"}}],"inLanguage":"es"},{"@type":"Organization","@id":"https:\/\/www.eldiario.net\/portal\/#organization","name":"El Diario - Decano de la prensa nacional","url":"https:\/\/www.eldiario.net\/portal\/","logo":{"@type":"ImageObject","inLanguage":"es","@id":"https:\/\/www.eldiario.net\/portal\/#\/schema\/logo\/image\/","url":"https:\/\/www.eldiario.net\/portal\/wp-content\/uploads\/2023\/07\/logo_ED.jpg","contentUrl":"https:\/\/www.eldiario.net\/portal\/wp-content\/uploads\/2023\/07\/logo_ED.jpg","width":272,"height":52,"caption":"El Diario - Decano de la prensa nacional"},"image":{"@id":"https:\/\/www.eldiario.net\/portal\/#\/schema\/logo\/image\/"},"sameAs":["https:\/\/www.facebook.com\/eldiario.bolivia\/","https:\/\/x.com\/eldiario_net"]},{"@type":"Person","@id":"https:\/\/www.eldiario.net\/portal\/#\/schema\/person\/f46445640444750d7d753ccd04ae01b7","name":"Jeanette","image":{"@type":"ImageObject","inLanguage":"es","@id":"https:\/\/secure.gravatar.com\/avatar\/3ea2118a5f7dad2b7138b1187a6b7ee55f160b9968b66013c3a3ef39dd7e5798?s=96&d=mm&r=g","url":"https:\/\/secure.gravatar.com\/avatar\/3ea2118a5f7dad2b7138b1187a6b7ee55f160b9968b66013c3a3ef39dd7e5798?s=96&d=mm&r=g","contentUrl":"https:\/\/secure.gravatar.com\/avatar\/3ea2118a5f7dad2b7138b1187a6b7ee55f160b9968b66013c3a3ef39dd7e5798?s=96&d=mm&r=g","caption":"Jeanette"},"sameAs":["https:\/\/www.eldiario.net\/portal"],"url":"https:\/\/www.eldiario.net\/portal\/author\/jeanette\/"}]}},"_links":{"self":[{"href":"https:\/\/www.eldiario.net\/portal\/wp-json\/wp\/v2\/posts\/127690","targetHints":{"allow":["GET"]}}],"collection":[{"href":"https:\/\/www.eldiario.net\/portal\/wp-json\/wp\/v2\/posts"}],"about":[{"href":"https:\/\/www.eldiario.net\/portal\/wp-json\/wp\/v2\/types\/post"}],"author":[{"embeddable":true,"href":"https:\/\/www.eldiario.net\/portal\/wp-json\/wp\/v2\/users\/1"}],"replies":[{"embeddable":true,"href":"https:\/\/www.eldiario.net\/portal\/wp-json\/wp\/v2\/comments?post=127690"}],"version-history":[{"count":0,"href":"https:\/\/www.eldiario.net\/portal\/wp-json\/wp\/v2\/posts\/127690\/revisions"}],"wp:featuredmedia":[{"embeddable":true,"href":"https:\/\/www.eldiario.net\/portal\/wp-json\/wp\/v2\/media\/127691"}],"wp:attachment":[{"href":"https:\/\/www.eldiario.net\/portal\/wp-json\/wp\/v2\/media?parent=127690"}],"wp:term":[{"taxonomy":"category","embeddable":true,"href":"https:\/\/www.eldiario.net\/portal\/wp-json\/wp\/v2\/categories?post=127690"},{"taxonomy":"post_tag","embeddable":true,"href":"https:\/\/www.eldiario.net\/portal\/wp-json\/wp\/v2\/tags?post=127690"}],"curies":[{"name":"wp","href":"https:\/\/api.w.org\/{rel}","templated":true}]}}