{"id":127686,"date":"2022-12-14T07:25:19","date_gmt":"2022-12-14T11:25:19","guid":{"rendered":"https:\/\/www.eldiario.net\/portal\/?p=127686"},"modified":"2022-12-14T07:25:19","modified_gmt":"2022-12-14T11:25:19","slug":"una-familia-que-enfrento-la-hemofilia-y-logro-controlarla","status":"publish","type":"post","link":"https:\/\/www.eldiario.net\/portal\/2022\/12\/14\/una-familia-que-enfrento-la-hemofilia-y-logro-controlarla\/","title":{"rendered":"Una familia que enfrent\u00f3 la hemofilia y logr\u00f3 controlarla"},"content":{"rendered":"<p>En los a\u00f1os setenta diagnosticaron con hemofilia al hermanito de Elizabeth Burgoa Arnez, quien tambi\u00e9n sufr\u00eda esa condici\u00f3n. Al ser una enfermedad casi desconocida en aquellos tiempos, no exist\u00eda un tratamiento m\u00e1s all\u00e1 del plasma, por lo que el menor sufri\u00f3 bastante y falleci\u00f3 a la edad de siete a\u00f1os. Despu\u00e9s de algunos a\u00f1os su otro hermanito fue diagnosticado con la misma patolog\u00eda y tambi\u00e9n falleci\u00f3 cerca de cumplir los ocho a\u00f1os.<\/p>\n<p>Las mujeres con esta condici\u00f3n son portadoras, pero son los hombres quienes las padecen. Es as\u00ed que, al pasar el tiempo, Elizabeth tuvo tres hermosos hijos, una de ellas Lorena, quien tambi\u00e9n ten\u00eda la condici\u00f3n y que convirti\u00f3 a Elizabeth en abuela. Sin embargo, despu\u00e9s de que el nuevo integrante de la familia cumpliera dos a\u00f1os, le aparecieron hematomas, creyendo los padres que se trataba de falta de hierro, pero lamentablemente tambi\u00e9n le diagnosticaron hemofilia, es decir que la patolog\u00eda ya estaba traspasando a tres generaciones.<\/p>\n<p>\u201cEn la familia no quer\u00edamos ni escuchar la palabra hemofilia. Fue la noticia m\u00e1s desgarradora que recibimos. Todo lo que parec\u00eda ser importante en ese momento pas\u00f3 a otro plano\u201d, comenta Elizabeth.<\/p>\n<p>La familia busc\u00f3 profesionales en salud, tratamientos, hemat\u00f3logos, e incluso viajaron hasta Argentina donde se encuentra la Fundaci\u00f3n de la Hemofilia, pudiendo as\u00ed controlar la patolog\u00eda. A la fecha no se ha detectado a ning\u00fan otro miembro de la familia esta condici\u00f3n. Es por ello, que Elizabeth considera importante que los bolivianos conozcan todo lo que concierne a esta patolog\u00eda y m\u00e1s tomando en cuenta que hoy existen tratamientos seguros y eficaces en comparaci\u00f3n con d\u00e9cadas pasadas.<\/p>\n<p>\u201cEs muy importante hacer conocer la patolog\u00eda. La hemofilia est\u00e1 dentro de las enfermedades raras o pocos frecuentes, incluso est\u00e1 dentro de las enfermedades hu\u00e9rfanas por la poca atenci\u00f3n que recibimos. Existen profesionales en salud que no conocen la patolog\u00eda o no saben c\u00f3mo tratarla\u201d, apunta Elizabeth.<\/p>\n<p>Tambi\u00e9n indic\u00f3 que existe la Ley 754, que favorece a las personas con hemofilia con la dotaci\u00f3n gratuita de medicamentos antihemof\u00edlicos; Factor VIII y Factor XIX, aunque considera que a\u00fan falta que la normativa sea cumplida en su integridad. Asimismo, la Federaci\u00f3n Mundial de Hemofilia, realiza donaciones de f\u00e1rmacos, siendo un gran aporte para los pacientes bolivianos. Es todo este camino que recorri\u00f3 Burgoa, la llev\u00f3 a convertirse en presidenta de la Asociaci\u00f3n de Hemofilia de La Paz, trabajando por mejorar la calidad de vida de este segmento de la sociedad que a veces es ignorado por el desconocimiento de la poblaci\u00f3n.<\/p>\n<p>\u201cNo se a\u00edslen, m\u00e1s bien \u00fananse a fundaciones, asociaciones, grupos de pacientes. En unidad somos fuertes. Es muy importante que se pueda acceder a nuevas terapias, esto permitir\u00e1 que mejore la calidad de vida de los pacientes\u201d, aconseja Burgoa.<\/p>\n<p>La hemofilia es un trastorno que dificulta la coagulaci\u00f3n de la sangre, el cual puede ser hereditario o desarrollarse en cualquier etapa de la vida. Las personas diagnosticadas con la condici\u00f3n presentan hemorragias luego de lesiones (internas o externas) o cirug\u00edas, por lo que su cuidado es primordial y debe enfocarse en prevenir y priorizar el tratamiento oportuno, en caso de que se d\u00e9 alguna situaci\u00f3n desafortunada. Ah\u00ed la importancia de visibilizar m\u00e1s esta condici\u00f3n en la sociedad boliviana.<\/p>\n<div id='gallery-1' class='gallery galleryid-127686 gallery-columns-3 gallery-size-medium'><figure class='gallery-item'>\n\t\t\t<div class='gallery-icon landscape'>\n\t\t\t\t<a href='https:\/\/www.eldiario.net\/portal\/2022\/12\/14\/una-familia-que-enfrento-la-hemofilia-y-logro-controlarla\/nota-3-foto-2-21\/'><img loading=\"lazy\" decoding=\"async\" width=\"300\" height=\"169\" src=\"https:\/\/www.eldiario.net\/portal\/wp-content\/uploads\/2022\/12\/NOTA-3-FOTO-2-300x169.jpeg\" class=\"attachment-medium size-medium\" alt=\"\" srcset=\"https:\/\/www.eldiario.net\/portal\/wp-content\/uploads\/2022\/12\/NOTA-3-FOTO-2-300x169.jpeg 300w, https:\/\/www.eldiario.net\/portal\/wp-content\/uploads\/2022\/12\/NOTA-3-FOTO-2-1024x575.jpeg 1024w, https:\/\/www.eldiario.net\/portal\/wp-content\/uploads\/2022\/12\/NOTA-3-FOTO-2-768x431.jpeg 768w, https:\/\/www.eldiario.net\/portal\/wp-content\/uploads\/2022\/12\/NOTA-3-FOTO-2-696x391.jpeg 696w, https:\/\/www.eldiario.net\/portal\/wp-content\/uploads\/2022\/12\/NOTA-3-FOTO-2-1068x600.jpeg 1068w, https:\/\/www.eldiario.net\/portal\/wp-content\/uploads\/2022\/12\/NOTA-3-FOTO-2.jpeg 1280w\" sizes=\"auto, (max-width: 300px) 100vw, 300px\" \/><\/a>\n\t\t\t<\/div><\/figure>\n\t\t<\/div>\n\n","protected":false},"excerpt":{"rendered":"<p>En los a\u00f1os setenta diagnosticaron con hemofilia al hermanito de Elizabeth Burgoa Arnez, quien tambi\u00e9n sufr\u00eda esa condici\u00f3n. Al ser una enfermedad casi desconocida en aquellos tiempos, no exist\u00eda un tratamiento m\u00e1s all\u00e1 del plasma, por lo que el menor sufri\u00f3 bastante y falleci\u00f3 a la edad de siete a\u00f1os. Despu\u00e9s de algunos a\u00f1os su [&hellip;]<\/p>\n","protected":false},"author":1,"featured_media":127687,"comment_status":"closed","ping_status":"closed","sticky":false,"template":"","format":"standard","meta":{"_acf_changed":false,"footnotes":""},"categories":[42],"tags":[],"class_list":["post-127686","post","type-post","status-publish","format-standard","has-post-thumbnail","category-femenina"],"acf":{"antetitulo":""},"yoast_head":"<!-- This site is optimized with the Yoast SEO plugin v28.3 - https:\/\/yoast.com\/product\/yoast-seo-wordpress\/ -->\n<title>Una familia que enfrent\u00f3 la hemofilia y logr\u00f3 controlarla - El Diario - Bolivia<\/title>\n<meta name=\"robots\" content=\"index, follow, max-snippet:-1, max-image-preview:large, max-video-preview:-1\" \/>\n<link rel=\"canonical\" href=\"https:\/\/www.eldiario.net\/portal\/2022\/12\/14\/una-familia-que-enfrento-la-hemofilia-y-logro-controlarla\/\" \/>\n<meta property=\"og:locale\" content=\"es_ES\" \/>\n<meta property=\"og:type\" content=\"article\" \/>\n<meta property=\"og:title\" content=\"Una familia que enfrent\u00f3 la hemofilia y logr\u00f3 controlarla - El Diario - Bolivia\" \/>\n<meta property=\"og:description\" content=\"En los a\u00f1os setenta diagnosticaron con hemofilia al hermanito de Elizabeth Burgoa Arnez, quien tambi\u00e9n sufr\u00eda esa condici\u00f3n. Al ser una enfermedad casi desconocida en aquellos tiempos, no exist\u00eda un tratamiento m\u00e1s all\u00e1 del plasma, por lo que el menor sufri\u00f3 bastante y falleci\u00f3 a la edad de siete a\u00f1os. Despu\u00e9s de algunos a\u00f1os su [&hellip;]\" \/>\n<meta property=\"og:url\" content=\"https:\/\/www.eldiario.net\/portal\/2022\/12\/14\/una-familia-que-enfrento-la-hemofilia-y-logro-controlarla\/\" \/>\n<meta property=\"og:site_name\" content=\"El Diario - Bolivia\" \/>\n<meta property=\"article:publisher\" content=\"https:\/\/www.facebook.com\/eldiario.bolivia\/\" \/>\n<meta property=\"article:published_time\" content=\"2022-12-14T11:25:19+00:00\" \/>\n<meta name=\"author\" content=\"Jeanette\" \/>\n<meta name=\"twitter:card\" content=\"summary_large_image\" \/>\n<meta name=\"twitter:creator\" content=\"@eldiario_net\" \/>\n<meta name=\"twitter:site\" content=\"@eldiario_net\" \/>\n<meta name=\"twitter:label1\" content=\"Escrito por\" \/>\n\t<meta name=\"twitter:data1\" content=\"Jeanette\" \/>\n\t<meta name=\"twitter:label2\" content=\"Tiempo de lectura\" \/>\n\t<meta name=\"twitter:data2\" content=\"3 minutos\" \/>\n<script type=\"application\/ld+json\" class=\"yoast-schema-graph\">{\"@context\":\"https:\\\/\\\/schema.org\",\"@graph\":[{\"@type\":\"Article\",\"@id\":\"https:\\\/\\\/www.eldiario.net\\\/portal\\\/2022\\\/12\\\/14\\\/una-familia-que-enfrento-la-hemofilia-y-logro-controlarla\\\/#article\",\"isPartOf\":{\"@id\":\"https:\\\/\\\/www.eldiario.net\\\/portal\\\/2022\\\/12\\\/14\\\/una-familia-que-enfrento-la-hemofilia-y-logro-controlarla\\\/\"},\"author\":{\"name\":\"Jeanette\",\"@id\":\"https:\\\/\\\/www.eldiario.net\\\/portal\\\/#\\\/schema\\\/person\\\/f46445640444750d7d753ccd04ae01b7\"},\"headline\":\"Una familia que enfrent\u00f3 la hemofilia y logr\u00f3 controlarla\",\"datePublished\":\"2022-12-14T11:25:19+00:00\",\"mainEntityOfPage\":{\"@id\":\"https:\\\/\\\/www.eldiario.net\\\/portal\\\/2022\\\/12\\\/14\\\/una-familia-que-enfrento-la-hemofilia-y-logro-controlarla\\\/\"},\"wordCount\":599,\"publisher\":{\"@id\":\"https:\\\/\\\/www.eldiario.net\\\/portal\\\/#organization\"},\"image\":{\"@id\":\"https:\\\/\\\/www.eldiario.net\\\/portal\\\/2022\\\/12\\\/14\\\/una-familia-que-enfrento-la-hemofilia-y-logro-controlarla\\\/#primaryimage\"},\"thumbnailUrl\":\"\",\"articleSection\":[\"Femenina\"],\"inLanguage\":\"es\"},{\"@type\":\"WebPage\",\"@id\":\"https:\\\/\\\/www.eldiario.net\\\/portal\\\/2022\\\/12\\\/14\\\/una-familia-que-enfrento-la-hemofilia-y-logro-controlarla\\\/\",\"url\":\"https:\\\/\\\/www.eldiario.net\\\/portal\\\/2022\\\/12\\\/14\\\/una-familia-que-enfrento-la-hemofilia-y-logro-controlarla\\\/\",\"name\":\"Una familia que enfrent\u00f3 la hemofilia y logr\u00f3 controlarla - El Diario - Bolivia\",\"isPartOf\":{\"@id\":\"https:\\\/\\\/www.eldiario.net\\\/portal\\\/#website\"},\"primaryImageOfPage\":{\"@id\":\"https:\\\/\\\/www.eldiario.net\\\/portal\\\/2022\\\/12\\\/14\\\/una-familia-que-enfrento-la-hemofilia-y-logro-controlarla\\\/#primaryimage\"},\"image\":{\"@id\":\"https:\\\/\\\/www.eldiario.net\\\/portal\\\/2022\\\/12\\\/14\\\/una-familia-que-enfrento-la-hemofilia-y-logro-controlarla\\\/#primaryimage\"},\"thumbnailUrl\":\"\",\"datePublished\":\"2022-12-14T11:25:19+00:00\",\"breadcrumb\":{\"@id\":\"https:\\\/\\\/www.eldiario.net\\\/portal\\\/2022\\\/12\\\/14\\\/una-familia-que-enfrento-la-hemofilia-y-logro-controlarla\\\/#breadcrumb\"},\"inLanguage\":\"es\",\"potentialAction\":[{\"@type\":\"ReadAction\",\"target\":[\"https:\\\/\\\/www.eldiario.net\\\/portal\\\/2022\\\/12\\\/14\\\/una-familia-que-enfrento-la-hemofilia-y-logro-controlarla\\\/\"]}]},{\"@type\":\"ImageObject\",\"inLanguage\":\"es\",\"@id\":\"https:\\\/\\\/www.eldiario.net\\\/portal\\\/2022\\\/12\\\/14\\\/una-familia-que-enfrento-la-hemofilia-y-logro-controlarla\\\/#primaryimage\",\"url\":\"\",\"contentUrl\":\"\"},{\"@type\":\"BreadcrumbList\",\"@id\":\"https:\\\/\\\/www.eldiario.net\\\/portal\\\/2022\\\/12\\\/14\\\/una-familia-que-enfrento-la-hemofilia-y-logro-controlarla\\\/#breadcrumb\",\"itemListElement\":[{\"@type\":\"ListItem\",\"position\":1,\"name\":\"Portada\",\"item\":\"https:\\\/\\\/www.eldiario.net\\\/portal\\\/\"},{\"@type\":\"ListItem\",\"position\":2,\"name\":\"Una familia que enfrent\u00f3 la hemofilia y logr\u00f3 controlarla\"}]},{\"@type\":\"WebSite\",\"@id\":\"https:\\\/\\\/www.eldiario.net\\\/portal\\\/#website\",\"url\":\"https:\\\/\\\/www.eldiario.net\\\/portal\\\/\",\"name\":\"El Diario - Decano de la prensa nacional\",\"description\":\"El Diario - Decano de la prensa nacional\",\"publisher\":{\"@id\":\"https:\\\/\\\/www.eldiario.net\\\/portal\\\/#organization\"},\"potentialAction\":[{\"@type\":\"SearchAction\",\"target\":{\"@type\":\"EntryPoint\",\"urlTemplate\":\"https:\\\/\\\/www.eldiario.net\\\/portal\\\/?s={search_term_string}\"},\"query-input\":{\"@type\":\"PropertyValueSpecification\",\"valueRequired\":true,\"valueName\":\"search_term_string\"}}],\"inLanguage\":\"es\"},{\"@type\":\"Organization\",\"@id\":\"https:\\\/\\\/www.eldiario.net\\\/portal\\\/#organization\",\"name\":\"El Diario - Decano de la prensa nacional\",\"url\":\"https:\\\/\\\/www.eldiario.net\\\/portal\\\/\",\"logo\":{\"@type\":\"ImageObject\",\"inLanguage\":\"es\",\"@id\":\"https:\\\/\\\/www.eldiario.net\\\/portal\\\/#\\\/schema\\\/logo\\\/image\\\/\",\"url\":\"https:\\\/\\\/www.eldiario.net\\\/portal\\\/wp-content\\\/uploads\\\/2023\\\/07\\\/logo_ED.jpg\",\"contentUrl\":\"https:\\\/\\\/www.eldiario.net\\\/portal\\\/wp-content\\\/uploads\\\/2023\\\/07\\\/logo_ED.jpg\",\"width\":272,\"height\":52,\"caption\":\"El Diario - Decano de la prensa nacional\"},\"image\":{\"@id\":\"https:\\\/\\\/www.eldiario.net\\\/portal\\\/#\\\/schema\\\/logo\\\/image\\\/\"},\"sameAs\":[\"https:\\\/\\\/www.facebook.com\\\/eldiario.bolivia\\\/\",\"https:\\\/\\\/x.com\\\/eldiario_net\"]},{\"@type\":\"Person\",\"@id\":\"https:\\\/\\\/www.eldiario.net\\\/portal\\\/#\\\/schema\\\/person\\\/f46445640444750d7d753ccd04ae01b7\",\"name\":\"Jeanette\",\"image\":{\"@type\":\"ImageObject\",\"inLanguage\":\"es\",\"@id\":\"https:\\\/\\\/secure.gravatar.com\\\/avatar\\\/3ea2118a5f7dad2b7138b1187a6b7ee55f160b9968b66013c3a3ef39dd7e5798?s=96&d=mm&r=g\",\"url\":\"https:\\\/\\\/secure.gravatar.com\\\/avatar\\\/3ea2118a5f7dad2b7138b1187a6b7ee55f160b9968b66013c3a3ef39dd7e5798?s=96&d=mm&r=g\",\"contentUrl\":\"https:\\\/\\\/secure.gravatar.com\\\/avatar\\\/3ea2118a5f7dad2b7138b1187a6b7ee55f160b9968b66013c3a3ef39dd7e5798?s=96&d=mm&r=g\",\"caption\":\"Jeanette\"},\"sameAs\":[\"https:\\\/\\\/www.eldiario.net\\\/portal\"],\"url\":\"https:\\\/\\\/www.eldiario.net\\\/portal\\\/author\\\/jeanette\\\/\"}]}<\/script>\n<!-- \/ Yoast SEO plugin. -->","yoast_head_json":{"title":"Una familia que enfrent\u00f3 la hemofilia y logr\u00f3 controlarla - El Diario - Bolivia","robots":{"index":"index","follow":"follow","max-snippet":"max-snippet:-1","max-image-preview":"max-image-preview:large","max-video-preview":"max-video-preview:-1"},"canonical":"https:\/\/www.eldiario.net\/portal\/2022\/12\/14\/una-familia-que-enfrento-la-hemofilia-y-logro-controlarla\/","og_locale":"es_ES","og_type":"article","og_title":"Una familia que enfrent\u00f3 la hemofilia y logr\u00f3 controlarla - El Diario - Bolivia","og_description":"En los a\u00f1os setenta diagnosticaron con hemofilia al hermanito de Elizabeth Burgoa Arnez, quien tambi\u00e9n sufr\u00eda esa condici\u00f3n. Al ser una enfermedad casi desconocida en aquellos tiempos, no exist\u00eda un tratamiento m\u00e1s all\u00e1 del plasma, por lo que el menor sufri\u00f3 bastante y falleci\u00f3 a la edad de siete a\u00f1os. Despu\u00e9s de algunos a\u00f1os su [&hellip;]","og_url":"https:\/\/www.eldiario.net\/portal\/2022\/12\/14\/una-familia-que-enfrento-la-hemofilia-y-logro-controlarla\/","og_site_name":"El Diario - Bolivia","article_publisher":"https:\/\/www.facebook.com\/eldiario.bolivia\/","article_published_time":"2022-12-14T11:25:19+00:00","author":"Jeanette","twitter_card":"summary_large_image","twitter_creator":"@eldiario_net","twitter_site":"@eldiario_net","twitter_misc":{"Escrito por":"Jeanette","Tiempo de lectura":"3 minutos"},"schema":{"@context":"https:\/\/schema.org","@graph":[{"@type":"Article","@id":"https:\/\/www.eldiario.net\/portal\/2022\/12\/14\/una-familia-que-enfrento-la-hemofilia-y-logro-controlarla\/#article","isPartOf":{"@id":"https:\/\/www.eldiario.net\/portal\/2022\/12\/14\/una-familia-que-enfrento-la-hemofilia-y-logro-controlarla\/"},"author":{"name":"Jeanette","@id":"https:\/\/www.eldiario.net\/portal\/#\/schema\/person\/f46445640444750d7d753ccd04ae01b7"},"headline":"Una familia que enfrent\u00f3 la hemofilia y logr\u00f3 controlarla","datePublished":"2022-12-14T11:25:19+00:00","mainEntityOfPage":{"@id":"https:\/\/www.eldiario.net\/portal\/2022\/12\/14\/una-familia-que-enfrento-la-hemofilia-y-logro-controlarla\/"},"wordCount":599,"publisher":{"@id":"https:\/\/www.eldiario.net\/portal\/#organization"},"image":{"@id":"https:\/\/www.eldiario.net\/portal\/2022\/12\/14\/una-familia-que-enfrento-la-hemofilia-y-logro-controlarla\/#primaryimage"},"thumbnailUrl":"","articleSection":["Femenina"],"inLanguage":"es"},{"@type":"WebPage","@id":"https:\/\/www.eldiario.net\/portal\/2022\/12\/14\/una-familia-que-enfrento-la-hemofilia-y-logro-controlarla\/","url":"https:\/\/www.eldiario.net\/portal\/2022\/12\/14\/una-familia-que-enfrento-la-hemofilia-y-logro-controlarla\/","name":"Una familia que enfrent\u00f3 la hemofilia y logr\u00f3 controlarla - El Diario - Bolivia","isPartOf":{"@id":"https:\/\/www.eldiario.net\/portal\/#website"},"primaryImageOfPage":{"@id":"https:\/\/www.eldiario.net\/portal\/2022\/12\/14\/una-familia-que-enfrento-la-hemofilia-y-logro-controlarla\/#primaryimage"},"image":{"@id":"https:\/\/www.eldiario.net\/portal\/2022\/12\/14\/una-familia-que-enfrento-la-hemofilia-y-logro-controlarla\/#primaryimage"},"thumbnailUrl":"","datePublished":"2022-12-14T11:25:19+00:00","breadcrumb":{"@id":"https:\/\/www.eldiario.net\/portal\/2022\/12\/14\/una-familia-que-enfrento-la-hemofilia-y-logro-controlarla\/#breadcrumb"},"inLanguage":"es","potentialAction":[{"@type":"ReadAction","target":["https:\/\/www.eldiario.net\/portal\/2022\/12\/14\/una-familia-que-enfrento-la-hemofilia-y-logro-controlarla\/"]}]},{"@type":"ImageObject","inLanguage":"es","@id":"https:\/\/www.eldiario.net\/portal\/2022\/12\/14\/una-familia-que-enfrento-la-hemofilia-y-logro-controlarla\/#primaryimage","url":"","contentUrl":""},{"@type":"BreadcrumbList","@id":"https:\/\/www.eldiario.net\/portal\/2022\/12\/14\/una-familia-que-enfrento-la-hemofilia-y-logro-controlarla\/#breadcrumb","itemListElement":[{"@type":"ListItem","position":1,"name":"Portada","item":"https:\/\/www.eldiario.net\/portal\/"},{"@type":"ListItem","position":2,"name":"Una familia que enfrent\u00f3 la hemofilia y logr\u00f3 controlarla"}]},{"@type":"WebSite","@id":"https:\/\/www.eldiario.net\/portal\/#website","url":"https:\/\/www.eldiario.net\/portal\/","name":"El Diario - Decano de la prensa nacional","description":"El Diario - Decano de la prensa nacional","publisher":{"@id":"https:\/\/www.eldiario.net\/portal\/#organization"},"potentialAction":[{"@type":"SearchAction","target":{"@type":"EntryPoint","urlTemplate":"https:\/\/www.eldiario.net\/portal\/?s={search_term_string}"},"query-input":{"@type":"PropertyValueSpecification","valueRequired":true,"valueName":"search_term_string"}}],"inLanguage":"es"},{"@type":"Organization","@id":"https:\/\/www.eldiario.net\/portal\/#organization","name":"El Diario - Decano de la prensa nacional","url":"https:\/\/www.eldiario.net\/portal\/","logo":{"@type":"ImageObject","inLanguage":"es","@id":"https:\/\/www.eldiario.net\/portal\/#\/schema\/logo\/image\/","url":"https:\/\/www.eldiario.net\/portal\/wp-content\/uploads\/2023\/07\/logo_ED.jpg","contentUrl":"https:\/\/www.eldiario.net\/portal\/wp-content\/uploads\/2023\/07\/logo_ED.jpg","width":272,"height":52,"caption":"El Diario - Decano de la prensa nacional"},"image":{"@id":"https:\/\/www.eldiario.net\/portal\/#\/schema\/logo\/image\/"},"sameAs":["https:\/\/www.facebook.com\/eldiario.bolivia\/","https:\/\/x.com\/eldiario_net"]},{"@type":"Person","@id":"https:\/\/www.eldiario.net\/portal\/#\/schema\/person\/f46445640444750d7d753ccd04ae01b7","name":"Jeanette","image":{"@type":"ImageObject","inLanguage":"es","@id":"https:\/\/secure.gravatar.com\/avatar\/3ea2118a5f7dad2b7138b1187a6b7ee55f160b9968b66013c3a3ef39dd7e5798?s=96&d=mm&r=g","url":"https:\/\/secure.gravatar.com\/avatar\/3ea2118a5f7dad2b7138b1187a6b7ee55f160b9968b66013c3a3ef39dd7e5798?s=96&d=mm&r=g","contentUrl":"https:\/\/secure.gravatar.com\/avatar\/3ea2118a5f7dad2b7138b1187a6b7ee55f160b9968b66013c3a3ef39dd7e5798?s=96&d=mm&r=g","caption":"Jeanette"},"sameAs":["https:\/\/www.eldiario.net\/portal"],"url":"https:\/\/www.eldiario.net\/portal\/author\/jeanette\/"}]}},"_links":{"self":[{"href":"https:\/\/www.eldiario.net\/portal\/wp-json\/wp\/v2\/posts\/127686","targetHints":{"allow":["GET"]}}],"collection":[{"href":"https:\/\/www.eldiario.net\/portal\/wp-json\/wp\/v2\/posts"}],"about":[{"href":"https:\/\/www.eldiario.net\/portal\/wp-json\/wp\/v2\/types\/post"}],"author":[{"embeddable":true,"href":"https:\/\/www.eldiario.net\/portal\/wp-json\/wp\/v2\/users\/1"}],"replies":[{"embeddable":true,"href":"https:\/\/www.eldiario.net\/portal\/wp-json\/wp\/v2\/comments?post=127686"}],"version-history":[{"count":0,"href":"https:\/\/www.eldiario.net\/portal\/wp-json\/wp\/v2\/posts\/127686\/revisions"}],"wp:attachment":[{"href":"https:\/\/www.eldiario.net\/portal\/wp-json\/wp\/v2\/media?parent=127686"}],"wp:term":[{"taxonomy":"category","embeddable":true,"href":"https:\/\/www.eldiario.net\/portal\/wp-json\/wp\/v2\/categories?post=127686"},{"taxonomy":"post_tag","embeddable":true,"href":"https:\/\/www.eldiario.net\/portal\/wp-json\/wp\/v2\/tags?post=127686"}],"curies":[{"name":"wp","href":"https:\/\/api.w.org\/{rel}","templated":true}]}}