{"id":127519,"date":"2022-12-14T06:22:03","date_gmt":"2022-12-14T10:22:03","guid":{"rendered":"https:\/\/www.eldiario.net\/portal\/?p=127519"},"modified":"2022-12-14T06:22:03","modified_gmt":"2022-12-14T10:22:03","slug":"aumentan-protestas-y-dejan-siete-fallecidos-mas-cientos-de-heridos","status":"publish","type":"post","link":"https:\/\/www.eldiario.net\/portal\/2022\/12\/14\/aumentan-protestas-y-dejan-siete-fallecidos-mas-cientos-de-heridos\/","title":{"rendered":"Aumentan protestas y dejan siete  fallecidos m\u00e1s cientos de heridos"},"content":{"rendered":"<p>Las manifestaciones de protesta en Per\u00fa contra la presidenta, Dina Boluarte, el Congreso y a favor del destituido expresidente, Pedro Castillo, alcanzaron su m\u00e1ximo nivel de violencia con siete muertos y cientos de heridos, entre ellos m\u00e1s de un centenar de polic\u00edas.<br \/>\nLos manifestantes piden la renuncia de Boluarte y la disoluci\u00f3n del Congreso\u00a0que\u00a0destituy\u00f3 al expresidente Pedro Castillo cuando intent\u00f3 mantenerse en el poder con un gobierno de excepci\u00f3n.<br \/>\nMENORES Y J\u00d3VENES<br \/>\nFALLECIDOS<br \/>\n\u201cFueron dos jornadas muy lamentables con un saldo de\u00a0siete personas fallecidas, dos de ellas menores de edad\u00a0y todos por proyectiles de armas de fuego\u201d, se\u00f1al\u00f3 la defensora del Pueblo, Eliana Revollar.<br \/>\nLos enfrentamientos m\u00e1s violentos tienen lugar en el sur del pa\u00eds, concretamente en los departamentos de\u00a0Apur\u00edmac y Arequipa.<br \/>\nEn Apur\u00edmac fallecieron en las \u00faltimas horas cuatro personas, entre ellos dos j\u00f3venes de 18 a\u00f1os y uno de 16\u00a0que recibi\u00f3 un disparo en Chincheros. Otro hombre muri\u00f3\u00a0en la segunda ciudad m\u00e1s grande del pa\u00eds,\u00a0Arequipa. Estas v\u00edctimas se suman\u00a0a las dos del\u00a0domingo en Andahuaylas, capital de Apur\u00edmac.<br \/>\n\u00abEstamos pidiendo la investigaci\u00f3n de estos casos que de verdad, son muertes in\u00fatiles, porque\u00a0si se tomaran decisiones oportunas esta situaci\u00f3n no deb\u00eda pasar\u00bb, indic\u00f3 la defensora del Pueblo, que pidi\u00f3 una soluci\u00f3n pol\u00edtica.<br \/>\nPOLIC\u00cdAS HERIDOS<br \/>\nEn los enfrentamientos resultaron heridos\u00a0un total de 119 polic\u00edas, algunos de gravedad, seg\u00fan inform\u00f3 el jefe de la Direcci\u00f3n contra el Terrorismo (Dircote) de la Polic\u00eda Nacional, general \u00d3scar Arriola.<br \/>\nArriola asegura que en las protestas participan ex miembros del grupo terrorista Sendero Luminoso, as\u00ed como militantes del\u00a0Movimiento por la Amnist\u00eda y Derechos Fundamentales (Movadef), considerado brazo pol\u00edtico del anterior.<br \/>\nEn Andahuaylas,\u00a0los manifestantes atacaron\u00a014 comisar\u00edas y al menos en uno de ellos utilizaron explosivos.<br \/>\nATAQUES A MEDIOS<br \/>\nDE COMUNICACI\u00d3N<br \/>\nDurante estas jornadas las protestas tambi\u00e9n se sintieron en la capital, Lima, donde grupos de manifestantes atacaron la sede del Ministerio P\u00fablico (Fiscal\u00eda) as\u00ed como\u00a0los locales del canal Am\u00e9rica Televisi\u00f3n y de Panamericana Televisi\u00f3n, adem\u00e1s de un veh\u00edculo de la emisora de radio Exitosa.<br \/>\nLa Asociaci\u00f3n Nacional de Periodistas (ANP) conden\u00f3 los ataques.\u00a0\u00abEl derecho a la protesta no soporta estos actos vand\u00e1licos que lo desvirt\u00faan. Instamos a la ciudadan\u00eda a ejercer su leg\u00edtimo derecho pac\u00edficamente. Desde la ANP ya hemos coordinado con la Fiscal\u00eda para que inicien las acciones correspondientes en estos casos\u00bb, afirma la organizaci\u00f3n en Twitter.\u00a0(RTVE.es).<\/p>\n","protected":false},"excerpt":{"rendered":"<p>Las manifestaciones de protesta en Per\u00fa contra la presidenta, Dina Boluarte, el Congreso y a favor del destituido expresidente, Pedro Castillo, alcanzaron su m\u00e1ximo nivel de violencia con siete muertos y cientos de heridos, entre ellos m\u00e1s de un centenar de polic\u00edas. Los manifestantes piden la renuncia de Boluarte y la disoluci\u00f3n del Congreso\u00a0que\u00a0destituy\u00f3 al [&hellip;]<\/p>\n","protected":false},"author":1,"featured_media":127520,"comment_status":"closed","ping_status":"closed","sticky":false,"template":"","format":"standard","meta":{"_acf_changed":false,"footnotes":""},"categories":[3],"tags":[],"class_list":["post-127519","post","type-post","status-publish","format-standard","has-post-thumbnail","category-internacional"],"acf":{"antetitulo":""},"yoast_head":"<!-- This site is optimized with the Yoast SEO plugin v28.3 - https:\/\/yoast.com\/product\/yoast-seo-wordpress\/ -->\n<title>Aumentan protestas y dejan siete fallecidos m\u00e1s cientos de heridos - El Diario - Bolivia<\/title>\n<meta name=\"robots\" content=\"index, follow, max-snippet:-1, max-image-preview:large, max-video-preview:-1\" \/>\n<link rel=\"canonical\" href=\"https:\/\/www.eldiario.net\/portal\/2022\/12\/14\/aumentan-protestas-y-dejan-siete-fallecidos-mas-cientos-de-heridos\/\" \/>\n<meta property=\"og:locale\" content=\"es_ES\" \/>\n<meta property=\"og:type\" content=\"article\" \/>\n<meta property=\"og:title\" content=\"Aumentan protestas y dejan siete fallecidos m\u00e1s cientos de heridos - El Diario - Bolivia\" \/>\n<meta property=\"og:description\" content=\"Las manifestaciones de protesta en Per\u00fa contra la presidenta, Dina Boluarte, el Congreso y a favor del destituido expresidente, Pedro Castillo, alcanzaron su m\u00e1ximo nivel de violencia con siete muertos y cientos de heridos, entre ellos m\u00e1s de un centenar de polic\u00edas. Los manifestantes piden la renuncia de Boluarte y la disoluci\u00f3n del Congreso\u00a0que\u00a0destituy\u00f3 al [&hellip;]\" \/>\n<meta property=\"og:url\" content=\"https:\/\/www.eldiario.net\/portal\/2022\/12\/14\/aumentan-protestas-y-dejan-siete-fallecidos-mas-cientos-de-heridos\/\" \/>\n<meta property=\"og:site_name\" content=\"El Diario - Bolivia\" \/>\n<meta property=\"article:publisher\" content=\"https:\/\/www.facebook.com\/eldiario.bolivia\/\" \/>\n<meta property=\"article:published_time\" content=\"2022-12-14T10:22:03+00:00\" \/>\n<meta name=\"author\" content=\"Jeanette\" \/>\n<meta name=\"twitter:card\" content=\"summary_large_image\" \/>\n<meta name=\"twitter:creator\" content=\"@eldiario_net\" \/>\n<meta name=\"twitter:site\" content=\"@eldiario_net\" \/>\n<meta name=\"twitter:label1\" content=\"Escrito por\" \/>\n\t<meta name=\"twitter:data1\" content=\"Jeanette\" \/>\n\t<meta name=\"twitter:label2\" content=\"Tiempo de lectura\" \/>\n\t<meta name=\"twitter:data2\" content=\"2 minutos\" \/>\n<script type=\"application\/ld+json\" class=\"yoast-schema-graph\">{\"@context\":\"https:\\\/\\\/schema.org\",\"@graph\":[{\"@type\":\"Article\",\"@id\":\"https:\\\/\\\/www.eldiario.net\\\/portal\\\/2022\\\/12\\\/14\\\/aumentan-protestas-y-dejan-siete-fallecidos-mas-cientos-de-heridos\\\/#article\",\"isPartOf\":{\"@id\":\"https:\\\/\\\/www.eldiario.net\\\/portal\\\/2022\\\/12\\\/14\\\/aumentan-protestas-y-dejan-siete-fallecidos-mas-cientos-de-heridos\\\/\"},\"author\":{\"name\":\"Jeanette\",\"@id\":\"https:\\\/\\\/www.eldiario.net\\\/portal\\\/#\\\/schema\\\/person\\\/f46445640444750d7d753ccd04ae01b7\"},\"headline\":\"Aumentan protestas y dejan siete fallecidos m\u00e1s cientos de heridos\",\"datePublished\":\"2022-12-14T10:22:03+00:00\",\"mainEntityOfPage\":{\"@id\":\"https:\\\/\\\/www.eldiario.net\\\/portal\\\/2022\\\/12\\\/14\\\/aumentan-protestas-y-dejan-siete-fallecidos-mas-cientos-de-heridos\\\/\"},\"wordCount\":455,\"publisher\":{\"@id\":\"https:\\\/\\\/www.eldiario.net\\\/portal\\\/#organization\"},\"image\":{\"@id\":\"https:\\\/\\\/www.eldiario.net\\\/portal\\\/2022\\\/12\\\/14\\\/aumentan-protestas-y-dejan-siete-fallecidos-mas-cientos-de-heridos\\\/#primaryimage\"},\"thumbnailUrl\":\"\",\"articleSection\":[\"Internacional\"],\"inLanguage\":\"es\"},{\"@type\":\"WebPage\",\"@id\":\"https:\\\/\\\/www.eldiario.net\\\/portal\\\/2022\\\/12\\\/14\\\/aumentan-protestas-y-dejan-siete-fallecidos-mas-cientos-de-heridos\\\/\",\"url\":\"https:\\\/\\\/www.eldiario.net\\\/portal\\\/2022\\\/12\\\/14\\\/aumentan-protestas-y-dejan-siete-fallecidos-mas-cientos-de-heridos\\\/\",\"name\":\"Aumentan protestas y dejan siete fallecidos m\u00e1s cientos de heridos - El Diario - Bolivia\",\"isPartOf\":{\"@id\":\"https:\\\/\\\/www.eldiario.net\\\/portal\\\/#website\"},\"primaryImageOfPage\":{\"@id\":\"https:\\\/\\\/www.eldiario.net\\\/portal\\\/2022\\\/12\\\/14\\\/aumentan-protestas-y-dejan-siete-fallecidos-mas-cientos-de-heridos\\\/#primaryimage\"},\"image\":{\"@id\":\"https:\\\/\\\/www.eldiario.net\\\/portal\\\/2022\\\/12\\\/14\\\/aumentan-protestas-y-dejan-siete-fallecidos-mas-cientos-de-heridos\\\/#primaryimage\"},\"thumbnailUrl\":\"\",\"datePublished\":\"2022-12-14T10:22:03+00:00\",\"breadcrumb\":{\"@id\":\"https:\\\/\\\/www.eldiario.net\\\/portal\\\/2022\\\/12\\\/14\\\/aumentan-protestas-y-dejan-siete-fallecidos-mas-cientos-de-heridos\\\/#breadcrumb\"},\"inLanguage\":\"es\",\"potentialAction\":[{\"@type\":\"ReadAction\",\"target\":[\"https:\\\/\\\/www.eldiario.net\\\/portal\\\/2022\\\/12\\\/14\\\/aumentan-protestas-y-dejan-siete-fallecidos-mas-cientos-de-heridos\\\/\"]}]},{\"@type\":\"ImageObject\",\"inLanguage\":\"es\",\"@id\":\"https:\\\/\\\/www.eldiario.net\\\/portal\\\/2022\\\/12\\\/14\\\/aumentan-protestas-y-dejan-siete-fallecidos-mas-cientos-de-heridos\\\/#primaryimage\",\"url\":\"\",\"contentUrl\":\"\"},{\"@type\":\"BreadcrumbList\",\"@id\":\"https:\\\/\\\/www.eldiario.net\\\/portal\\\/2022\\\/12\\\/14\\\/aumentan-protestas-y-dejan-siete-fallecidos-mas-cientos-de-heridos\\\/#breadcrumb\",\"itemListElement\":[{\"@type\":\"ListItem\",\"position\":1,\"name\":\"Portada\",\"item\":\"https:\\\/\\\/www.eldiario.net\\\/portal\\\/\"},{\"@type\":\"ListItem\",\"position\":2,\"name\":\"Aumentan protestas y dejan siete fallecidos m\u00e1s cientos de heridos\"}]},{\"@type\":\"WebSite\",\"@id\":\"https:\\\/\\\/www.eldiario.net\\\/portal\\\/#website\",\"url\":\"https:\\\/\\\/www.eldiario.net\\\/portal\\\/\",\"name\":\"El Diario - Decano de la prensa nacional\",\"description\":\"El Diario - Decano de la prensa nacional\",\"publisher\":{\"@id\":\"https:\\\/\\\/www.eldiario.net\\\/portal\\\/#organization\"},\"potentialAction\":[{\"@type\":\"SearchAction\",\"target\":{\"@type\":\"EntryPoint\",\"urlTemplate\":\"https:\\\/\\\/www.eldiario.net\\\/portal\\\/?s={search_term_string}\"},\"query-input\":{\"@type\":\"PropertyValueSpecification\",\"valueRequired\":true,\"valueName\":\"search_term_string\"}}],\"inLanguage\":\"es\"},{\"@type\":\"Organization\",\"@id\":\"https:\\\/\\\/www.eldiario.net\\\/portal\\\/#organization\",\"name\":\"El Diario - Decano de la prensa nacional\",\"url\":\"https:\\\/\\\/www.eldiario.net\\\/portal\\\/\",\"logo\":{\"@type\":\"ImageObject\",\"inLanguage\":\"es\",\"@id\":\"https:\\\/\\\/www.eldiario.net\\\/portal\\\/#\\\/schema\\\/logo\\\/image\\\/\",\"url\":\"https:\\\/\\\/www.eldiario.net\\\/portal\\\/wp-content\\\/uploads\\\/2023\\\/07\\\/logo_ED.jpg\",\"contentUrl\":\"https:\\\/\\\/www.eldiario.net\\\/portal\\\/wp-content\\\/uploads\\\/2023\\\/07\\\/logo_ED.jpg\",\"width\":272,\"height\":52,\"caption\":\"El Diario - Decano de la prensa nacional\"},\"image\":{\"@id\":\"https:\\\/\\\/www.eldiario.net\\\/portal\\\/#\\\/schema\\\/logo\\\/image\\\/\"},\"sameAs\":[\"https:\\\/\\\/www.facebook.com\\\/eldiario.bolivia\\\/\",\"https:\\\/\\\/x.com\\\/eldiario_net\"]},{\"@type\":\"Person\",\"@id\":\"https:\\\/\\\/www.eldiario.net\\\/portal\\\/#\\\/schema\\\/person\\\/f46445640444750d7d753ccd04ae01b7\",\"name\":\"Jeanette\",\"image\":{\"@type\":\"ImageObject\",\"inLanguage\":\"es\",\"@id\":\"https:\\\/\\\/secure.gravatar.com\\\/avatar\\\/3ea2118a5f7dad2b7138b1187a6b7ee55f160b9968b66013c3a3ef39dd7e5798?s=96&d=mm&r=g\",\"url\":\"https:\\\/\\\/secure.gravatar.com\\\/avatar\\\/3ea2118a5f7dad2b7138b1187a6b7ee55f160b9968b66013c3a3ef39dd7e5798?s=96&d=mm&r=g\",\"contentUrl\":\"https:\\\/\\\/secure.gravatar.com\\\/avatar\\\/3ea2118a5f7dad2b7138b1187a6b7ee55f160b9968b66013c3a3ef39dd7e5798?s=96&d=mm&r=g\",\"caption\":\"Jeanette\"},\"sameAs\":[\"https:\\\/\\\/www.eldiario.net\\\/portal\"],\"url\":\"https:\\\/\\\/www.eldiario.net\\\/portal\\\/author\\\/jeanette\\\/\"}]}<\/script>\n<!-- \/ Yoast SEO plugin. -->","yoast_head_json":{"title":"Aumentan protestas y dejan siete fallecidos m\u00e1s cientos de heridos - El Diario - Bolivia","robots":{"index":"index","follow":"follow","max-snippet":"max-snippet:-1","max-image-preview":"max-image-preview:large","max-video-preview":"max-video-preview:-1"},"canonical":"https:\/\/www.eldiario.net\/portal\/2022\/12\/14\/aumentan-protestas-y-dejan-siete-fallecidos-mas-cientos-de-heridos\/","og_locale":"es_ES","og_type":"article","og_title":"Aumentan protestas y dejan siete fallecidos m\u00e1s cientos de heridos - El Diario - Bolivia","og_description":"Las manifestaciones de protesta en Per\u00fa contra la presidenta, Dina Boluarte, el Congreso y a favor del destituido expresidente, Pedro Castillo, alcanzaron su m\u00e1ximo nivel de violencia con siete muertos y cientos de heridos, entre ellos m\u00e1s de un centenar de polic\u00edas. Los manifestantes piden la renuncia de Boluarte y la disoluci\u00f3n del Congreso\u00a0que\u00a0destituy\u00f3 al [&hellip;]","og_url":"https:\/\/www.eldiario.net\/portal\/2022\/12\/14\/aumentan-protestas-y-dejan-siete-fallecidos-mas-cientos-de-heridos\/","og_site_name":"El Diario - Bolivia","article_publisher":"https:\/\/www.facebook.com\/eldiario.bolivia\/","article_published_time":"2022-12-14T10:22:03+00:00","author":"Jeanette","twitter_card":"summary_large_image","twitter_creator":"@eldiario_net","twitter_site":"@eldiario_net","twitter_misc":{"Escrito por":"Jeanette","Tiempo de lectura":"2 minutos"},"schema":{"@context":"https:\/\/schema.org","@graph":[{"@type":"Article","@id":"https:\/\/www.eldiario.net\/portal\/2022\/12\/14\/aumentan-protestas-y-dejan-siete-fallecidos-mas-cientos-de-heridos\/#article","isPartOf":{"@id":"https:\/\/www.eldiario.net\/portal\/2022\/12\/14\/aumentan-protestas-y-dejan-siete-fallecidos-mas-cientos-de-heridos\/"},"author":{"name":"Jeanette","@id":"https:\/\/www.eldiario.net\/portal\/#\/schema\/person\/f46445640444750d7d753ccd04ae01b7"},"headline":"Aumentan protestas y dejan siete fallecidos m\u00e1s cientos de heridos","datePublished":"2022-12-14T10:22:03+00:00","mainEntityOfPage":{"@id":"https:\/\/www.eldiario.net\/portal\/2022\/12\/14\/aumentan-protestas-y-dejan-siete-fallecidos-mas-cientos-de-heridos\/"},"wordCount":455,"publisher":{"@id":"https:\/\/www.eldiario.net\/portal\/#organization"},"image":{"@id":"https:\/\/www.eldiario.net\/portal\/2022\/12\/14\/aumentan-protestas-y-dejan-siete-fallecidos-mas-cientos-de-heridos\/#primaryimage"},"thumbnailUrl":"","articleSection":["Internacional"],"inLanguage":"es"},{"@type":"WebPage","@id":"https:\/\/www.eldiario.net\/portal\/2022\/12\/14\/aumentan-protestas-y-dejan-siete-fallecidos-mas-cientos-de-heridos\/","url":"https:\/\/www.eldiario.net\/portal\/2022\/12\/14\/aumentan-protestas-y-dejan-siete-fallecidos-mas-cientos-de-heridos\/","name":"Aumentan protestas y dejan siete fallecidos m\u00e1s cientos de heridos - El Diario - Bolivia","isPartOf":{"@id":"https:\/\/www.eldiario.net\/portal\/#website"},"primaryImageOfPage":{"@id":"https:\/\/www.eldiario.net\/portal\/2022\/12\/14\/aumentan-protestas-y-dejan-siete-fallecidos-mas-cientos-de-heridos\/#primaryimage"},"image":{"@id":"https:\/\/www.eldiario.net\/portal\/2022\/12\/14\/aumentan-protestas-y-dejan-siete-fallecidos-mas-cientos-de-heridos\/#primaryimage"},"thumbnailUrl":"","datePublished":"2022-12-14T10:22:03+00:00","breadcrumb":{"@id":"https:\/\/www.eldiario.net\/portal\/2022\/12\/14\/aumentan-protestas-y-dejan-siete-fallecidos-mas-cientos-de-heridos\/#breadcrumb"},"inLanguage":"es","potentialAction":[{"@type":"ReadAction","target":["https:\/\/www.eldiario.net\/portal\/2022\/12\/14\/aumentan-protestas-y-dejan-siete-fallecidos-mas-cientos-de-heridos\/"]}]},{"@type":"ImageObject","inLanguage":"es","@id":"https:\/\/www.eldiario.net\/portal\/2022\/12\/14\/aumentan-protestas-y-dejan-siete-fallecidos-mas-cientos-de-heridos\/#primaryimage","url":"","contentUrl":""},{"@type":"BreadcrumbList","@id":"https:\/\/www.eldiario.net\/portal\/2022\/12\/14\/aumentan-protestas-y-dejan-siete-fallecidos-mas-cientos-de-heridos\/#breadcrumb","itemListElement":[{"@type":"ListItem","position":1,"name":"Portada","item":"https:\/\/www.eldiario.net\/portal\/"},{"@type":"ListItem","position":2,"name":"Aumentan protestas y dejan siete fallecidos m\u00e1s cientos de heridos"}]},{"@type":"WebSite","@id":"https:\/\/www.eldiario.net\/portal\/#website","url":"https:\/\/www.eldiario.net\/portal\/","name":"El Diario - Decano de la prensa nacional","description":"El Diario - Decano de la prensa nacional","publisher":{"@id":"https:\/\/www.eldiario.net\/portal\/#organization"},"potentialAction":[{"@type":"SearchAction","target":{"@type":"EntryPoint","urlTemplate":"https:\/\/www.eldiario.net\/portal\/?s={search_term_string}"},"query-input":{"@type":"PropertyValueSpecification","valueRequired":true,"valueName":"search_term_string"}}],"inLanguage":"es"},{"@type":"Organization","@id":"https:\/\/www.eldiario.net\/portal\/#organization","name":"El Diario - Decano de la prensa nacional","url":"https:\/\/www.eldiario.net\/portal\/","logo":{"@type":"ImageObject","inLanguage":"es","@id":"https:\/\/www.eldiario.net\/portal\/#\/schema\/logo\/image\/","url":"https:\/\/www.eldiario.net\/portal\/wp-content\/uploads\/2023\/07\/logo_ED.jpg","contentUrl":"https:\/\/www.eldiario.net\/portal\/wp-content\/uploads\/2023\/07\/logo_ED.jpg","width":272,"height":52,"caption":"El Diario - Decano de la prensa nacional"},"image":{"@id":"https:\/\/www.eldiario.net\/portal\/#\/schema\/logo\/image\/"},"sameAs":["https:\/\/www.facebook.com\/eldiario.bolivia\/","https:\/\/x.com\/eldiario_net"]},{"@type":"Person","@id":"https:\/\/www.eldiario.net\/portal\/#\/schema\/person\/f46445640444750d7d753ccd04ae01b7","name":"Jeanette","image":{"@type":"ImageObject","inLanguage":"es","@id":"https:\/\/secure.gravatar.com\/avatar\/3ea2118a5f7dad2b7138b1187a6b7ee55f160b9968b66013c3a3ef39dd7e5798?s=96&d=mm&r=g","url":"https:\/\/secure.gravatar.com\/avatar\/3ea2118a5f7dad2b7138b1187a6b7ee55f160b9968b66013c3a3ef39dd7e5798?s=96&d=mm&r=g","contentUrl":"https:\/\/secure.gravatar.com\/avatar\/3ea2118a5f7dad2b7138b1187a6b7ee55f160b9968b66013c3a3ef39dd7e5798?s=96&d=mm&r=g","caption":"Jeanette"},"sameAs":["https:\/\/www.eldiario.net\/portal"],"url":"https:\/\/www.eldiario.net\/portal\/author\/jeanette\/"}]}},"_links":{"self":[{"href":"https:\/\/www.eldiario.net\/portal\/wp-json\/wp\/v2\/posts\/127519","targetHints":{"allow":["GET"]}}],"collection":[{"href":"https:\/\/www.eldiario.net\/portal\/wp-json\/wp\/v2\/posts"}],"about":[{"href":"https:\/\/www.eldiario.net\/portal\/wp-json\/wp\/v2\/types\/post"}],"author":[{"embeddable":true,"href":"https:\/\/www.eldiario.net\/portal\/wp-json\/wp\/v2\/users\/1"}],"replies":[{"embeddable":true,"href":"https:\/\/www.eldiario.net\/portal\/wp-json\/wp\/v2\/comments?post=127519"}],"version-history":[{"count":0,"href":"https:\/\/www.eldiario.net\/portal\/wp-json\/wp\/v2\/posts\/127519\/revisions"}],"wp:attachment":[{"href":"https:\/\/www.eldiario.net\/portal\/wp-json\/wp\/v2\/media?parent=127519"}],"wp:term":[{"taxonomy":"category","embeddable":true,"href":"https:\/\/www.eldiario.net\/portal\/wp-json\/wp\/v2\/categories?post=127519"},{"taxonomy":"post_tag","embeddable":true,"href":"https:\/\/www.eldiario.net\/portal\/wp-json\/wp\/v2\/tags?post=127519"}],"curies":[{"name":"wp","href":"https:\/\/api.w.org\/{rel}","templated":true}]}}