{"id":127513,"date":"2022-12-14T06:19:55","date_gmt":"2022-12-14T10:19:55","guid":{"rendered":"https:\/\/www.eldiario.net\/portal\/?p=127513"},"modified":"2022-12-14T06:19:55","modified_gmt":"2022-12-14T10:19:55","slug":"planean-dotar-sistema-de-defensa-antimisil-patriot","status":"publish","type":"post","link":"https:\/\/www.eldiario.net\/portal\/2022\/12\/14\/planean-dotar-sistema-de-defensa-antimisil-patriot\/","title":{"rendered":"Planean dotar sistema de  defensa antimisil Patriot"},"content":{"rendered":"<p>Estados Unidos est\u00e1 ultimando los planes para enviar el sistema de defensa antimisiles Patriot a Ucrania, una decisi\u00f3n que podr\u00eda anunciarse esta misma semana, se\u00f1alaron ayer tres funcionarios estadounidenses.<br \/>\nUcrania solicit\u00f3 a sus socios occidentales defensas a\u00e9reas, incluidos los sistemas Patriot de fabricaci\u00f3n estadounidense, para protegerse del intenso bombardeo de misiles rusos, tambi\u00e9n a sus infraestructuras energ\u00e9ticas.<br \/>\nLos sistemas de defensa antia\u00e9rea basados en tierra, como el Patriot de Raytheon Technology Corp, est\u00e1n dise\u00f1ados para interceptar misiles entrantes.<br \/>\nDos de los funcionarios, que hablaron bajo condici\u00f3n de anonimato, dijeron que se podr\u00eda anunciar ya ma\u00f1ana, pero que se est\u00e1 a la espera de la aprobaci\u00f3n formal del secretario de Defensa de Estados Unidos, Lloyd Austin, y del presidente Joe Biden.<br \/>\nUno de los funcionarios dijo que las fuerzas ucranianas probablemente ser\u00edan entrenadas en el sistema de defensa antimisiles en Alemania, antes de que los equipos Patriot sean enviados a Ucrania.<br \/>\nNo estaba claro de inmediato qu\u00e9 versi\u00f3n del sistema de defensa antimisiles Patriot se proporcionar\u00eda a Ucrania, su alcance o cu\u00e1ntas unidades.<br \/>\nEl expresidente ruso Dmitri Medvedev advirti\u00f3 a la OTAN, que no entregue a Ucrania de defensas antimisiles Patriot, y es probable que Mosc\u00fa considere el apoyo defensivo como una escalada.<br \/>\nEl Pent\u00e1gono afirma que el reciente aumento de los ataques con misiles de Rusia a Ucrania est\u00e1 dise\u00f1ado en parte para agotar los suministros de defensas a\u00e9reas de Kiev y lograr finalmente el dominio de los cielos del pa\u00eds.<br \/>\nPor esa raz\u00f3n, Estados Unidos y sus aliados se centraron en suministrar m\u00e1s defensas a\u00e9reas a Ucrania, proporcionando desde sistemas heredados de la era sovi\u00e9tica hasta otros m\u00e1s modernos y occidentales.<br \/>\nEn el caso de Estados Unidos, esto incluy\u00f3 los sistemas de defensa antia\u00e9rea NASAMS que, seg\u00fan el Pent\u00e1gono, interceptaron sin problemas misiles rusos en Ucrania.<br \/>\nEl general del Ej\u00e9rcito estadounidense Mark Milley, jefe del Estado Mayor Conjunto, plante\u00f3 p\u00fablicamente en octubre la posibilidad de que los aliados de la OTAN enviaran sistemas Patriot a Ucrania. (Reuters).<\/p>\n<p>FOTO: Reuters<\/p>\n","protected":false},"excerpt":{"rendered":"<p>Estados Unidos est\u00e1 ultimando los planes para enviar el sistema de defensa antimisiles Patriot a Ucrania, una decisi\u00f3n que podr\u00eda anunciarse esta misma semana, se\u00f1alaron ayer tres funcionarios estadounidenses. Ucrania solicit\u00f3 a sus socios occidentales defensas a\u00e9reas, incluidos los sistemas Patriot de fabricaci\u00f3n estadounidense, para protegerse del intenso bombardeo de misiles rusos, tambi\u00e9n a sus [&hellip;]<\/p>\n","protected":false},"author":1,"featured_media":127514,"comment_status":"closed","ping_status":"closed","sticky":false,"template":"","format":"standard","meta":{"_acf_changed":false,"footnotes":""},"categories":[3],"tags":[],"class_list":["post-127513","post","type-post","status-publish","format-standard","has-post-thumbnail","category-internacional"],"acf":{"antetitulo":""},"yoast_head":"<!-- This site is optimized with the Yoast SEO plugin v28.3 - https:\/\/yoast.com\/product\/yoast-seo-wordpress\/ -->\n<title>Planean dotar sistema de defensa antimisil Patriot - El Diario - Bolivia<\/title>\n<meta name=\"robots\" content=\"index, follow, max-snippet:-1, max-image-preview:large, max-video-preview:-1\" \/>\n<link rel=\"canonical\" href=\"https:\/\/www.eldiario.net\/portal\/2022\/12\/14\/planean-dotar-sistema-de-defensa-antimisil-patriot\/\" \/>\n<meta property=\"og:locale\" content=\"es_ES\" \/>\n<meta property=\"og:type\" content=\"article\" \/>\n<meta property=\"og:title\" content=\"Planean dotar sistema de defensa antimisil Patriot - El Diario - Bolivia\" \/>\n<meta property=\"og:description\" content=\"Estados Unidos est\u00e1 ultimando los planes para enviar el sistema de defensa antimisiles Patriot a Ucrania, una decisi\u00f3n que podr\u00eda anunciarse esta misma semana, se\u00f1alaron ayer tres funcionarios estadounidenses. Ucrania solicit\u00f3 a sus socios occidentales defensas a\u00e9reas, incluidos los sistemas Patriot de fabricaci\u00f3n estadounidense, para protegerse del intenso bombardeo de misiles rusos, tambi\u00e9n a sus [&hellip;]\" \/>\n<meta property=\"og:url\" content=\"https:\/\/www.eldiario.net\/portal\/2022\/12\/14\/planean-dotar-sistema-de-defensa-antimisil-patriot\/\" \/>\n<meta property=\"og:site_name\" content=\"El Diario - Bolivia\" \/>\n<meta property=\"article:publisher\" content=\"https:\/\/www.facebook.com\/eldiario.bolivia\/\" \/>\n<meta property=\"article:published_time\" content=\"2022-12-14T10:19:55+00:00\" \/>\n<meta property=\"og:image\" content=\"https:\/\/www.eldiario.net\/portal\/wp-content\/uploads\/2022\/12\/PATRIOT.jpg\" \/>\n\t<meta property=\"og:image:width\" content=\"500\" \/>\n\t<meta property=\"og:image:height\" content=\"300\" \/>\n\t<meta property=\"og:image:type\" content=\"image\/jpeg\" \/>\n<meta name=\"author\" content=\"Jeanette\" \/>\n<meta name=\"twitter:card\" content=\"summary_large_image\" \/>\n<meta name=\"twitter:creator\" content=\"@eldiario_net\" \/>\n<meta name=\"twitter:site\" content=\"@eldiario_net\" \/>\n<meta name=\"twitter:label1\" content=\"Escrito por\" \/>\n\t<meta name=\"twitter:data1\" content=\"Jeanette\" \/>\n\t<meta name=\"twitter:label2\" content=\"Tiempo de lectura\" \/>\n\t<meta name=\"twitter:data2\" content=\"2 minutos\" \/>\n<script type=\"application\/ld+json\" class=\"yoast-schema-graph\">{\"@context\":\"https:\\\/\\\/schema.org\",\"@graph\":[{\"@type\":\"Article\",\"@id\":\"https:\\\/\\\/www.eldiario.net\\\/portal\\\/2022\\\/12\\\/14\\\/planean-dotar-sistema-de-defensa-antimisil-patriot\\\/#article\",\"isPartOf\":{\"@id\":\"https:\\\/\\\/www.eldiario.net\\\/portal\\\/2022\\\/12\\\/14\\\/planean-dotar-sistema-de-defensa-antimisil-patriot\\\/\"},\"author\":{\"name\":\"Jeanette\",\"@id\":\"https:\\\/\\\/www.eldiario.net\\\/portal\\\/#\\\/schema\\\/person\\\/f46445640444750d7d753ccd04ae01b7\"},\"headline\":\"Planean dotar sistema de defensa antimisil Patriot\",\"datePublished\":\"2022-12-14T10:19:55+00:00\",\"mainEntityOfPage\":{\"@id\":\"https:\\\/\\\/www.eldiario.net\\\/portal\\\/2022\\\/12\\\/14\\\/planean-dotar-sistema-de-defensa-antimisil-patriot\\\/\"},\"wordCount\":369,\"publisher\":{\"@id\":\"https:\\\/\\\/www.eldiario.net\\\/portal\\\/#organization\"},\"image\":{\"@id\":\"https:\\\/\\\/www.eldiario.net\\\/portal\\\/2022\\\/12\\\/14\\\/planean-dotar-sistema-de-defensa-antimisil-patriot\\\/#primaryimage\"},\"thumbnailUrl\":\"https:\\\/\\\/www.eldiario.net\\\/portal\\\/wp-content\\\/uploads\\\/2022\\\/12\\\/PATRIOT.jpg\",\"articleSection\":[\"Internacional\"],\"inLanguage\":\"es\"},{\"@type\":\"WebPage\",\"@id\":\"https:\\\/\\\/www.eldiario.net\\\/portal\\\/2022\\\/12\\\/14\\\/planean-dotar-sistema-de-defensa-antimisil-patriot\\\/\",\"url\":\"https:\\\/\\\/www.eldiario.net\\\/portal\\\/2022\\\/12\\\/14\\\/planean-dotar-sistema-de-defensa-antimisil-patriot\\\/\",\"name\":\"Planean dotar sistema de defensa antimisil Patriot - El Diario - Bolivia\",\"isPartOf\":{\"@id\":\"https:\\\/\\\/www.eldiario.net\\\/portal\\\/#website\"},\"primaryImageOfPage\":{\"@id\":\"https:\\\/\\\/www.eldiario.net\\\/portal\\\/2022\\\/12\\\/14\\\/planean-dotar-sistema-de-defensa-antimisil-patriot\\\/#primaryimage\"},\"image\":{\"@id\":\"https:\\\/\\\/www.eldiario.net\\\/portal\\\/2022\\\/12\\\/14\\\/planean-dotar-sistema-de-defensa-antimisil-patriot\\\/#primaryimage\"},\"thumbnailUrl\":\"https:\\\/\\\/www.eldiario.net\\\/portal\\\/wp-content\\\/uploads\\\/2022\\\/12\\\/PATRIOT.jpg\",\"datePublished\":\"2022-12-14T10:19:55+00:00\",\"breadcrumb\":{\"@id\":\"https:\\\/\\\/www.eldiario.net\\\/portal\\\/2022\\\/12\\\/14\\\/planean-dotar-sistema-de-defensa-antimisil-patriot\\\/#breadcrumb\"},\"inLanguage\":\"es\",\"potentialAction\":[{\"@type\":\"ReadAction\",\"target\":[\"https:\\\/\\\/www.eldiario.net\\\/portal\\\/2022\\\/12\\\/14\\\/planean-dotar-sistema-de-defensa-antimisil-patriot\\\/\"]}]},{\"@type\":\"ImageObject\",\"inLanguage\":\"es\",\"@id\":\"https:\\\/\\\/www.eldiario.net\\\/portal\\\/2022\\\/12\\\/14\\\/planean-dotar-sistema-de-defensa-antimisil-patriot\\\/#primaryimage\",\"url\":\"https:\\\/\\\/www.eldiario.net\\\/portal\\\/wp-content\\\/uploads\\\/2022\\\/12\\\/PATRIOT.jpg\",\"contentUrl\":\"https:\\\/\\\/www.eldiario.net\\\/portal\\\/wp-content\\\/uploads\\\/2022\\\/12\\\/PATRIOT.jpg\",\"width\":500,\"height\":300,\"caption\":\"ANTIMISILES PATRIOT DE FABRICACI\u00d3N ESTADOUNIDENSE. reuters\"},{\"@type\":\"BreadcrumbList\",\"@id\":\"https:\\\/\\\/www.eldiario.net\\\/portal\\\/2022\\\/12\\\/14\\\/planean-dotar-sistema-de-defensa-antimisil-patriot\\\/#breadcrumb\",\"itemListElement\":[{\"@type\":\"ListItem\",\"position\":1,\"name\":\"Portada\",\"item\":\"https:\\\/\\\/www.eldiario.net\\\/portal\\\/\"},{\"@type\":\"ListItem\",\"position\":2,\"name\":\"Planean dotar sistema de defensa antimisil Patriot\"}]},{\"@type\":\"WebSite\",\"@id\":\"https:\\\/\\\/www.eldiario.net\\\/portal\\\/#website\",\"url\":\"https:\\\/\\\/www.eldiario.net\\\/portal\\\/\",\"name\":\"El Diario - Decano de la prensa nacional\",\"description\":\"El Diario - Decano de la prensa nacional\",\"publisher\":{\"@id\":\"https:\\\/\\\/www.eldiario.net\\\/portal\\\/#organization\"},\"potentialAction\":[{\"@type\":\"SearchAction\",\"target\":{\"@type\":\"EntryPoint\",\"urlTemplate\":\"https:\\\/\\\/www.eldiario.net\\\/portal\\\/?s={search_term_string}\"},\"query-input\":{\"@type\":\"PropertyValueSpecification\",\"valueRequired\":true,\"valueName\":\"search_term_string\"}}],\"inLanguage\":\"es\"},{\"@type\":\"Organization\",\"@id\":\"https:\\\/\\\/www.eldiario.net\\\/portal\\\/#organization\",\"name\":\"El Diario - Decano de la prensa nacional\",\"url\":\"https:\\\/\\\/www.eldiario.net\\\/portal\\\/\",\"logo\":{\"@type\":\"ImageObject\",\"inLanguage\":\"es\",\"@id\":\"https:\\\/\\\/www.eldiario.net\\\/portal\\\/#\\\/schema\\\/logo\\\/image\\\/\",\"url\":\"https:\\\/\\\/www.eldiario.net\\\/portal\\\/wp-content\\\/uploads\\\/2023\\\/07\\\/logo_ED.jpg\",\"contentUrl\":\"https:\\\/\\\/www.eldiario.net\\\/portal\\\/wp-content\\\/uploads\\\/2023\\\/07\\\/logo_ED.jpg\",\"width\":272,\"height\":52,\"caption\":\"El Diario - Decano de la prensa nacional\"},\"image\":{\"@id\":\"https:\\\/\\\/www.eldiario.net\\\/portal\\\/#\\\/schema\\\/logo\\\/image\\\/\"},\"sameAs\":[\"https:\\\/\\\/www.facebook.com\\\/eldiario.bolivia\\\/\",\"https:\\\/\\\/x.com\\\/eldiario_net\"]},{\"@type\":\"Person\",\"@id\":\"https:\\\/\\\/www.eldiario.net\\\/portal\\\/#\\\/schema\\\/person\\\/f46445640444750d7d753ccd04ae01b7\",\"name\":\"Jeanette\",\"image\":{\"@type\":\"ImageObject\",\"inLanguage\":\"es\",\"@id\":\"https:\\\/\\\/secure.gravatar.com\\\/avatar\\\/3ea2118a5f7dad2b7138b1187a6b7ee55f160b9968b66013c3a3ef39dd7e5798?s=96&d=mm&r=g\",\"url\":\"https:\\\/\\\/secure.gravatar.com\\\/avatar\\\/3ea2118a5f7dad2b7138b1187a6b7ee55f160b9968b66013c3a3ef39dd7e5798?s=96&d=mm&r=g\",\"contentUrl\":\"https:\\\/\\\/secure.gravatar.com\\\/avatar\\\/3ea2118a5f7dad2b7138b1187a6b7ee55f160b9968b66013c3a3ef39dd7e5798?s=96&d=mm&r=g\",\"caption\":\"Jeanette\"},\"sameAs\":[\"https:\\\/\\\/www.eldiario.net\\\/portal\"],\"url\":\"https:\\\/\\\/www.eldiario.net\\\/portal\\\/author\\\/jeanette\\\/\"}]}<\/script>\n<!-- \/ Yoast SEO plugin. -->","yoast_head_json":{"title":"Planean dotar sistema de defensa antimisil Patriot - El Diario - Bolivia","robots":{"index":"index","follow":"follow","max-snippet":"max-snippet:-1","max-image-preview":"max-image-preview:large","max-video-preview":"max-video-preview:-1"},"canonical":"https:\/\/www.eldiario.net\/portal\/2022\/12\/14\/planean-dotar-sistema-de-defensa-antimisil-patriot\/","og_locale":"es_ES","og_type":"article","og_title":"Planean dotar sistema de defensa antimisil Patriot - El Diario - Bolivia","og_description":"Estados Unidos est\u00e1 ultimando los planes para enviar el sistema de defensa antimisiles Patriot a Ucrania, una decisi\u00f3n que podr\u00eda anunciarse esta misma semana, se\u00f1alaron ayer tres funcionarios estadounidenses. Ucrania solicit\u00f3 a sus socios occidentales defensas a\u00e9reas, incluidos los sistemas Patriot de fabricaci\u00f3n estadounidense, para protegerse del intenso bombardeo de misiles rusos, tambi\u00e9n a sus [&hellip;]","og_url":"https:\/\/www.eldiario.net\/portal\/2022\/12\/14\/planean-dotar-sistema-de-defensa-antimisil-patriot\/","og_site_name":"El Diario - Bolivia","article_publisher":"https:\/\/www.facebook.com\/eldiario.bolivia\/","article_published_time":"2022-12-14T10:19:55+00:00","og_image":[{"width":500,"height":300,"url":"https:\/\/www.eldiario.net\/portal\/wp-content\/uploads\/2022\/12\/PATRIOT.jpg","type":"image\/jpeg"}],"author":"Jeanette","twitter_card":"summary_large_image","twitter_creator":"@eldiario_net","twitter_site":"@eldiario_net","twitter_misc":{"Escrito por":"Jeanette","Tiempo de lectura":"2 minutos"},"schema":{"@context":"https:\/\/schema.org","@graph":[{"@type":"Article","@id":"https:\/\/www.eldiario.net\/portal\/2022\/12\/14\/planean-dotar-sistema-de-defensa-antimisil-patriot\/#article","isPartOf":{"@id":"https:\/\/www.eldiario.net\/portal\/2022\/12\/14\/planean-dotar-sistema-de-defensa-antimisil-patriot\/"},"author":{"name":"Jeanette","@id":"https:\/\/www.eldiario.net\/portal\/#\/schema\/person\/f46445640444750d7d753ccd04ae01b7"},"headline":"Planean dotar sistema de defensa antimisil Patriot","datePublished":"2022-12-14T10:19:55+00:00","mainEntityOfPage":{"@id":"https:\/\/www.eldiario.net\/portal\/2022\/12\/14\/planean-dotar-sistema-de-defensa-antimisil-patriot\/"},"wordCount":369,"publisher":{"@id":"https:\/\/www.eldiario.net\/portal\/#organization"},"image":{"@id":"https:\/\/www.eldiario.net\/portal\/2022\/12\/14\/planean-dotar-sistema-de-defensa-antimisil-patriot\/#primaryimage"},"thumbnailUrl":"https:\/\/www.eldiario.net\/portal\/wp-content\/uploads\/2022\/12\/PATRIOT.jpg","articleSection":["Internacional"],"inLanguage":"es"},{"@type":"WebPage","@id":"https:\/\/www.eldiario.net\/portal\/2022\/12\/14\/planean-dotar-sistema-de-defensa-antimisil-patriot\/","url":"https:\/\/www.eldiario.net\/portal\/2022\/12\/14\/planean-dotar-sistema-de-defensa-antimisil-patriot\/","name":"Planean dotar sistema de defensa antimisil Patriot - El Diario - Bolivia","isPartOf":{"@id":"https:\/\/www.eldiario.net\/portal\/#website"},"primaryImageOfPage":{"@id":"https:\/\/www.eldiario.net\/portal\/2022\/12\/14\/planean-dotar-sistema-de-defensa-antimisil-patriot\/#primaryimage"},"image":{"@id":"https:\/\/www.eldiario.net\/portal\/2022\/12\/14\/planean-dotar-sistema-de-defensa-antimisil-patriot\/#primaryimage"},"thumbnailUrl":"https:\/\/www.eldiario.net\/portal\/wp-content\/uploads\/2022\/12\/PATRIOT.jpg","datePublished":"2022-12-14T10:19:55+00:00","breadcrumb":{"@id":"https:\/\/www.eldiario.net\/portal\/2022\/12\/14\/planean-dotar-sistema-de-defensa-antimisil-patriot\/#breadcrumb"},"inLanguage":"es","potentialAction":[{"@type":"ReadAction","target":["https:\/\/www.eldiario.net\/portal\/2022\/12\/14\/planean-dotar-sistema-de-defensa-antimisil-patriot\/"]}]},{"@type":"ImageObject","inLanguage":"es","@id":"https:\/\/www.eldiario.net\/portal\/2022\/12\/14\/planean-dotar-sistema-de-defensa-antimisil-patriot\/#primaryimage","url":"https:\/\/www.eldiario.net\/portal\/wp-content\/uploads\/2022\/12\/PATRIOT.jpg","contentUrl":"https:\/\/www.eldiario.net\/portal\/wp-content\/uploads\/2022\/12\/PATRIOT.jpg","width":500,"height":300,"caption":"ANTIMISILES PATRIOT DE FABRICACI\u00d3N ESTADOUNIDENSE. reuters"},{"@type":"BreadcrumbList","@id":"https:\/\/www.eldiario.net\/portal\/2022\/12\/14\/planean-dotar-sistema-de-defensa-antimisil-patriot\/#breadcrumb","itemListElement":[{"@type":"ListItem","position":1,"name":"Portada","item":"https:\/\/www.eldiario.net\/portal\/"},{"@type":"ListItem","position":2,"name":"Planean dotar sistema de defensa antimisil Patriot"}]},{"@type":"WebSite","@id":"https:\/\/www.eldiario.net\/portal\/#website","url":"https:\/\/www.eldiario.net\/portal\/","name":"El Diario - Decano de la prensa nacional","description":"El Diario - Decano de la prensa nacional","publisher":{"@id":"https:\/\/www.eldiario.net\/portal\/#organization"},"potentialAction":[{"@type":"SearchAction","target":{"@type":"EntryPoint","urlTemplate":"https:\/\/www.eldiario.net\/portal\/?s={search_term_string}"},"query-input":{"@type":"PropertyValueSpecification","valueRequired":true,"valueName":"search_term_string"}}],"inLanguage":"es"},{"@type":"Organization","@id":"https:\/\/www.eldiario.net\/portal\/#organization","name":"El Diario - Decano de la prensa nacional","url":"https:\/\/www.eldiario.net\/portal\/","logo":{"@type":"ImageObject","inLanguage":"es","@id":"https:\/\/www.eldiario.net\/portal\/#\/schema\/logo\/image\/","url":"https:\/\/www.eldiario.net\/portal\/wp-content\/uploads\/2023\/07\/logo_ED.jpg","contentUrl":"https:\/\/www.eldiario.net\/portal\/wp-content\/uploads\/2023\/07\/logo_ED.jpg","width":272,"height":52,"caption":"El Diario - Decano de la prensa nacional"},"image":{"@id":"https:\/\/www.eldiario.net\/portal\/#\/schema\/logo\/image\/"},"sameAs":["https:\/\/www.facebook.com\/eldiario.bolivia\/","https:\/\/x.com\/eldiario_net"]},{"@type":"Person","@id":"https:\/\/www.eldiario.net\/portal\/#\/schema\/person\/f46445640444750d7d753ccd04ae01b7","name":"Jeanette","image":{"@type":"ImageObject","inLanguage":"es","@id":"https:\/\/secure.gravatar.com\/avatar\/3ea2118a5f7dad2b7138b1187a6b7ee55f160b9968b66013c3a3ef39dd7e5798?s=96&d=mm&r=g","url":"https:\/\/secure.gravatar.com\/avatar\/3ea2118a5f7dad2b7138b1187a6b7ee55f160b9968b66013c3a3ef39dd7e5798?s=96&d=mm&r=g","contentUrl":"https:\/\/secure.gravatar.com\/avatar\/3ea2118a5f7dad2b7138b1187a6b7ee55f160b9968b66013c3a3ef39dd7e5798?s=96&d=mm&r=g","caption":"Jeanette"},"sameAs":["https:\/\/www.eldiario.net\/portal"],"url":"https:\/\/www.eldiario.net\/portal\/author\/jeanette\/"}]}},"_links":{"self":[{"href":"https:\/\/www.eldiario.net\/portal\/wp-json\/wp\/v2\/posts\/127513","targetHints":{"allow":["GET"]}}],"collection":[{"href":"https:\/\/www.eldiario.net\/portal\/wp-json\/wp\/v2\/posts"}],"about":[{"href":"https:\/\/www.eldiario.net\/portal\/wp-json\/wp\/v2\/types\/post"}],"author":[{"embeddable":true,"href":"https:\/\/www.eldiario.net\/portal\/wp-json\/wp\/v2\/users\/1"}],"replies":[{"embeddable":true,"href":"https:\/\/www.eldiario.net\/portal\/wp-json\/wp\/v2\/comments?post=127513"}],"version-history":[{"count":0,"href":"https:\/\/www.eldiario.net\/portal\/wp-json\/wp\/v2\/posts\/127513\/revisions"}],"wp:featuredmedia":[{"embeddable":true,"href":"https:\/\/www.eldiario.net\/portal\/wp-json\/wp\/v2\/media\/127514"}],"wp:attachment":[{"href":"https:\/\/www.eldiario.net\/portal\/wp-json\/wp\/v2\/media?parent=127513"}],"wp:term":[{"taxonomy":"category","embeddable":true,"href":"https:\/\/www.eldiario.net\/portal\/wp-json\/wp\/v2\/categories?post=127513"},{"taxonomy":"post_tag","embeddable":true,"href":"https:\/\/www.eldiario.net\/portal\/wp-json\/wp\/v2\/tags?post=127513"}],"curies":[{"name":"wp","href":"https:\/\/api.w.org\/{rel}","templated":true}]}}