{"id":127468,"date":"2022-12-13T06:43:39","date_gmt":"2022-12-13T10:43:39","guid":{"rendered":"https:\/\/www.eldiario.net\/portal\/?p=127468"},"modified":"2022-12-13T06:43:39","modified_gmt":"2022-12-13T10:43:39","slug":"alertan-posible-colapso-de-areas-protegidas","status":"publish","type":"post","link":"https:\/\/www.eldiario.net\/portal\/2022\/12\/13\/alertan-posible-colapso-de-areas-protegidas\/","title":{"rendered":"Alertan posible colapso  de \u00c1reas Protegidas"},"content":{"rendered":"<p>La presi\u00f3n de la miner\u00eda ilegal, los avasallamientos y los incendios en las reservas y parques naturales est\u00e1 en aumento, alerta Marco Uzquiano, jefe de Protecci\u00f3n de la Reserva Bi\u00f3sfera Biol\u00f3gica del Beni, situaci\u00f3n que es premeditada para generar un colapso del sistema nacional de protecci\u00f3n de las \u00c1reas Protegidas.<\/p>\n<p>Uzquiano es un defensor social y ambiental, experto en la gesti\u00f3n de las \u00c1reas Protegidas (AP), ha denunciado el ingreso de la miner\u00eda ilegal en el Parque Nacional Madidi. Es un comprometido con estos espacios naturales y culturales que cada vez est\u00e1n en un mayor riesgo.<\/p>\n<p>Muchas AP tienen una doble categor\u00eda, son \u00e1reas naturales y tambi\u00e9n territorios ind\u00edgenas. Ambos sufren una sistem\u00e1tica presi\u00f3n. Hay una importante sobre posici\u00f3n con espacios de uso territorial por poblaciones locales y pueblos ind\u00edgenas, esto hace que haya una serie de presiones sobre las \u00e1reas protegidas y que \u00e9stas se encuentren en un permanente acecho\u201d, comenta Uzquiano en declaraciones a la ANF.<\/p>\n<p>Pero tambi\u00e9n existe presi\u00f3n externa como la miner\u00eda o las pol\u00edticas de Estado en materia de hidrocarburos, actividades que incluso se producen fuera de las AP o en territorios ind\u00edgenas que ponen en situaci\u00f3n de \u201criesgo y amenaza\u201d, tendencia que pareciera se va \u201cincrementando\u201d.<\/p>\n<p>\u201cLo \u00faltimo que se deber\u00eda tocar son las \u00e1reas protegidas, pero no como est\u00e1 sucediendo ahora con la miner\u00eda, la AJAM est\u00e1 cuadriculando absolutamente todo lo que es jurisdicci\u00f3n en \u00e1reas protegidas, principalmente en el norte de La Paz: Madidi, Pil\u00f3n lajas, Apolobamba, Cotapata. Esto parece fuera de control y de sentido\u201d, alerta Uzquiano.<\/p>\n<p>Teme un posible colapso del sistema nacional de las AP, fundamentalmente por todas las acciones en torno a estos espacios, sin que las instituciones estatales llamadas a la protecci\u00f3n frenen la arremetida.<\/p>\n<p>El guardaparque va m\u00e1s all\u00e1, cree que si no se toman las medidas en el corto o mediano plazo se busca la \u201cdesaparici\u00f3n\u201d de las \u00e1reas protegidas. \u201cSiento que todo lo que est\u00e1 pasando, quisiera estar equivocado, todo lo que pasa es premeditado para forzar el colapso del sistema nacional de \u00e1reas protegidas para forzar el colapso de todo el sistema de protecci\u00f3n de estos espacios\u201d.<\/p>\n<p>Lamenta que la Polic\u00eda ni las Fuerzas Armadas acompa\u00f1en la lucha y defensa de las \u00e1reas que guardan recursos naturales estrat\u00e9gicos, \u201centonces en el corto plazo, mediano o largo plazo tienden a desaparecer\u201d.<\/p>\n<p>Precisa que la protecci\u00f3n de estos espacios no puede quedar en el papel, sino que requiere de condiciones de conservaci\u00f3n, porque es evidente que guardaparques sin insumos, sin equipos, con personal limitado o imposibilitado de ejercer sus funciones, no va a poder cumplir este objetivo.<\/p>\n<p>MERCURIO<\/p>\n<p>Para mostrar la dimensi\u00f3n del impacto de la actividad minera, especialmente de explotaci\u00f3n de oro, Marco Uzquiano cuenta que, aunque nunca se dedic\u00f3 a la miner\u00eda, tras realizarse un estudio del cabello le detectaron que tiene cuatro partes por mill\u00f3n de concentraci\u00f3n mercurial, cuando lo \u201caceptable\u201d es de una parte por mill\u00f3n.<\/p>\n<p>Detalla que la gente puede terminar contaminada de mercurio, por ejemplo, a trav\u00e9s del consumo de pescado del r\u00edo Beni, afectado por la actividad aur\u00edfera, producto que es transportado a La Paz, Cochabamba. \u201cLas ciudades no est\u00e1n lejos de estar contamin\u00e1ndose\u201d, sostuvo.<\/p>\n<p>Si bien los pueblos ind\u00edgenas est\u00e1n m\u00e1s expuestos, como los Esse ejja, o los pobladores de las riberas del r\u00edo, la gente de las ciudades tambi\u00e9n puede quedar afectada cuando consume productos que provienen de esta zona, en particular de los r\u00edos contaminados.<\/p>\n<p>Lament\u00f3 que no exista un freno a este nivel de afectaci\u00f3n de las \u00e1reas naturales, en cambio la AJAM siga cuadriculando espacios, es m\u00e1s generando expectativa a quienes solicitan autorizaci\u00f3n, cuando en realidad esa entidad deber\u00eda rechazar todas las peticiones para las \u00e1reas protegidas de hecho.<\/p>\n<p>\u201cLa AJAM, deber\u00eda verificar el pedido y si cae en un \u00e1rea protegida deber\u00eda rechazar, pero lo que hace es mandar solicitud de informaci\u00f3n y da esperanza y expectativa a los sectores mineros\u201d, generando en ese tiempo alianzas y acuerdo con empresarios. La AJAM tiene gran responsabilidad\u201d, afirm\u00f3.<\/p>\n<p>La poblaci\u00f3n debe asumir defensa de las \u00e1reas protegidas, pero no solo con un \u201clike\u201d.<\/p>\n<p>Uzquiano hizo un llamado a las instituciones del Estado para que ejerzan su rol en el cumplimiento de las leyes en la conservaci\u00f3n de los parques naturales, por encima del temor que tienen que evitar generar conflicto con los mineros y cooperativas.<\/p>\n<p>\u201cSe ha dejado de lado el cuidar las AP solo para evitar generarse problemas con los mineros porque este sector moviliza masa y recursos econ\u00f3micos. Quieren cuidar no tener problemas con los mineros, no importa que est\u00e9n destruyendo \u00e1reas\u201d, observ\u00f3.<\/p>\n<p>Tambi\u00e9n llam\u00f3 la atenci\u00f3n de la sociedad civil que est\u00e1 indiferente ante lo que est\u00e1 sucediendo en los parques y reservas naturales. Record\u00f3 que la mayor movilizaci\u00f3n ciudadana fue por el Territorio Ind\u00edgena y Parque Nacional Isiboro S\u00e9cure (TIPNIS), pero desde ese tiempo no existe un movimiento en la defensa de estos espacios.<\/p>\n<p>Siente un conformismo en la poblaci\u00f3n \u201chaciendo defensa en las redes sociales. Cuando mucho te ponen un like (me gusta) o compartiendo un problema ambiental o quejarnos en las redes sociales y con eso creemos que ya cumplimos con las \u00e1reas protegidas y territorios ind\u00edgenas\u201d, sostuvo.<\/p>\n<p>Cree que la poblaci\u00f3n no est\u00e1 dimensionando las consecuencias que puede traer si las \u00e1reas protegidas desaparecen porque no son espacios donde se conservan las plantas y los animales, sino que son \u00e1reas con funciones ambientales para las grandes ciudades para la subsistencia de la gente, por ejemplo, en la generaci\u00f3n de agua.<\/p>\n<p>\u201cEl Ambor\u00f3 para Santa Cruz en tema de agua. Pil\u00f3n Lajas igual en tema h\u00eddrico para Rurrenabaque, San Borja y Reyes. La poblaci\u00f3n debe empezar a dimensionar las consecuencias\u201d, detall\u00f3.<\/p>\n<p>Hace votos para que la defensa sea efectiva y no solo virtual \u201cLa sociedad es corresponsable con su indiferencia. Y dejar solos a los pueblos ind\u00edgenas en su lucha y en este camino o considerar que es suficiente manifestarse por redes sociales\u201d. (Trinidad, ANF)<\/p>\n","protected":false},"excerpt":{"rendered":"<p>La presi\u00f3n de la miner\u00eda ilegal, los avasallamientos y los incendios en las reservas y parques naturales est\u00e1 en aumento, alerta Marco Uzquiano, jefe de Protecci\u00f3n de la Reserva Bi\u00f3sfera Biol\u00f3gica del Beni, situaci\u00f3n que es premeditada para generar un colapso del sistema nacional de protecci\u00f3n de las \u00c1reas Protegidas. Uzquiano es un defensor social [&hellip;]<\/p>\n","protected":false},"author":1,"featured_media":127469,"comment_status":"closed","ping_status":"closed","sticky":false,"template":"","format":"standard","meta":{"_acf_changed":false,"footnotes":""},"categories":[15],"tags":[],"class_list":["post-127468","post","type-post","status-publish","format-standard","has-post-thumbnail","category-portada"],"acf":{"antetitulo":""},"yoast_head":"<!-- This site is optimized with the Yoast SEO plugin v28.4 - https:\/\/yoast.com\/product\/yoast-seo-wordpress\/ -->\n<title>Alertan posible colapso de \u00c1reas Protegidas - El Diario - Bolivia<\/title>\n<meta name=\"robots\" content=\"index, follow, max-snippet:-1, max-image-preview:large, max-video-preview:-1\" \/>\n<link rel=\"canonical\" href=\"https:\/\/www.eldiario.net\/portal\/2022\/12\/13\/alertan-posible-colapso-de-areas-protegidas\/\" \/>\n<meta property=\"og:locale\" content=\"es_ES\" \/>\n<meta property=\"og:type\" content=\"article\" \/>\n<meta property=\"og:title\" content=\"Alertan posible colapso de \u00c1reas Protegidas - El Diario - Bolivia\" \/>\n<meta property=\"og:description\" content=\"La presi\u00f3n de la miner\u00eda ilegal, los avasallamientos y los incendios en las reservas y parques naturales est\u00e1 en aumento, alerta Marco Uzquiano, jefe de Protecci\u00f3n de la Reserva Bi\u00f3sfera Biol\u00f3gica del Beni, situaci\u00f3n que es premeditada para generar un colapso del sistema nacional de protecci\u00f3n de las \u00c1reas Protegidas. Uzquiano es un defensor social [&hellip;]\" \/>\n<meta property=\"og:url\" content=\"https:\/\/www.eldiario.net\/portal\/2022\/12\/13\/alertan-posible-colapso-de-areas-protegidas\/\" \/>\n<meta property=\"og:site_name\" content=\"El Diario - Bolivia\" \/>\n<meta property=\"article:publisher\" content=\"https:\/\/www.facebook.com\/eldiario.bolivia\/\" \/>\n<meta property=\"article:published_time\" content=\"2022-12-13T10:43:39+00:00\" \/>\n<meta name=\"author\" content=\"Jeanette\" \/>\n<meta name=\"twitter:card\" content=\"summary_large_image\" \/>\n<meta name=\"twitter:creator\" content=\"@eldiario_net\" \/>\n<meta name=\"twitter:site\" content=\"@eldiario_net\" \/>\n<meta name=\"twitter:label1\" content=\"Escrito por\" \/>\n\t<meta name=\"twitter:data1\" content=\"Jeanette\" \/>\n\t<meta name=\"twitter:label2\" content=\"Tiempo de lectura\" \/>\n\t<meta name=\"twitter:data2\" content=\"5 minutos\" \/>\n<script type=\"application\/ld+json\" class=\"yoast-schema-graph\">{\"@context\":\"https:\\\/\\\/schema.org\",\"@graph\":[{\"@type\":\"Article\",\"@id\":\"https:\\\/\\\/www.eldiario.net\\\/portal\\\/2022\\\/12\\\/13\\\/alertan-posible-colapso-de-areas-protegidas\\\/#article\",\"isPartOf\":{\"@id\":\"https:\\\/\\\/www.eldiario.net\\\/portal\\\/2022\\\/12\\\/13\\\/alertan-posible-colapso-de-areas-protegidas\\\/\"},\"author\":{\"name\":\"Jeanette\",\"@id\":\"https:\\\/\\\/www.eldiario.net\\\/portal\\\/#\\\/schema\\\/person\\\/f46445640444750d7d753ccd04ae01b7\"},\"headline\":\"Alertan posible colapso de \u00c1reas Protegidas\",\"datePublished\":\"2022-12-13T10:43:39+00:00\",\"mainEntityOfPage\":{\"@id\":\"https:\\\/\\\/www.eldiario.net\\\/portal\\\/2022\\\/12\\\/13\\\/alertan-posible-colapso-de-areas-protegidas\\\/\"},\"wordCount\":1070,\"publisher\":{\"@id\":\"https:\\\/\\\/www.eldiario.net\\\/portal\\\/#organization\"},\"image\":{\"@id\":\"https:\\\/\\\/www.eldiario.net\\\/portal\\\/2022\\\/12\\\/13\\\/alertan-posible-colapso-de-areas-protegidas\\\/#primaryimage\"},\"thumbnailUrl\":\"\",\"articleSection\":[\"Portada\"],\"inLanguage\":\"es\"},{\"@type\":\"WebPage\",\"@id\":\"https:\\\/\\\/www.eldiario.net\\\/portal\\\/2022\\\/12\\\/13\\\/alertan-posible-colapso-de-areas-protegidas\\\/\",\"url\":\"https:\\\/\\\/www.eldiario.net\\\/portal\\\/2022\\\/12\\\/13\\\/alertan-posible-colapso-de-areas-protegidas\\\/\",\"name\":\"Alertan posible colapso de \u00c1reas Protegidas - El Diario - Bolivia\",\"isPartOf\":{\"@id\":\"https:\\\/\\\/www.eldiario.net\\\/portal\\\/#website\"},\"primaryImageOfPage\":{\"@id\":\"https:\\\/\\\/www.eldiario.net\\\/portal\\\/2022\\\/12\\\/13\\\/alertan-posible-colapso-de-areas-protegidas\\\/#primaryimage\"},\"image\":{\"@id\":\"https:\\\/\\\/www.eldiario.net\\\/portal\\\/2022\\\/12\\\/13\\\/alertan-posible-colapso-de-areas-protegidas\\\/#primaryimage\"},\"thumbnailUrl\":\"\",\"datePublished\":\"2022-12-13T10:43:39+00:00\",\"breadcrumb\":{\"@id\":\"https:\\\/\\\/www.eldiario.net\\\/portal\\\/2022\\\/12\\\/13\\\/alertan-posible-colapso-de-areas-protegidas\\\/#breadcrumb\"},\"inLanguage\":\"es\",\"potentialAction\":[{\"@type\":\"ReadAction\",\"target\":[\"https:\\\/\\\/www.eldiario.net\\\/portal\\\/2022\\\/12\\\/13\\\/alertan-posible-colapso-de-areas-protegidas\\\/\"]}]},{\"@type\":\"ImageObject\",\"inLanguage\":\"es\",\"@id\":\"https:\\\/\\\/www.eldiario.net\\\/portal\\\/2022\\\/12\\\/13\\\/alertan-posible-colapso-de-areas-protegidas\\\/#primaryimage\",\"url\":\"\",\"contentUrl\":\"\"},{\"@type\":\"BreadcrumbList\",\"@id\":\"https:\\\/\\\/www.eldiario.net\\\/portal\\\/2022\\\/12\\\/13\\\/alertan-posible-colapso-de-areas-protegidas\\\/#breadcrumb\",\"itemListElement\":[{\"@type\":\"ListItem\",\"position\":1,\"name\":\"Portada\",\"item\":\"https:\\\/\\\/www.eldiario.net\\\/portal\\\/\"},{\"@type\":\"ListItem\",\"position\":2,\"name\":\"Alertan posible colapso de \u00c1reas Protegidas\"}]},{\"@type\":\"WebSite\",\"@id\":\"https:\\\/\\\/www.eldiario.net\\\/portal\\\/#website\",\"url\":\"https:\\\/\\\/www.eldiario.net\\\/portal\\\/\",\"name\":\"El Diario - Decano de la prensa nacional\",\"description\":\"El Diario - Decano de la prensa nacional\",\"publisher\":{\"@id\":\"https:\\\/\\\/www.eldiario.net\\\/portal\\\/#organization\"},\"potentialAction\":[{\"@type\":\"SearchAction\",\"target\":{\"@type\":\"EntryPoint\",\"urlTemplate\":\"https:\\\/\\\/www.eldiario.net\\\/portal\\\/?s={search_term_string}\"},\"query-input\":{\"@type\":\"PropertyValueSpecification\",\"valueRequired\":true,\"valueName\":\"search_term_string\"}}],\"inLanguage\":\"es\"},{\"@type\":\"Organization\",\"@id\":\"https:\\\/\\\/www.eldiario.net\\\/portal\\\/#organization\",\"name\":\"El Diario - Decano de la prensa nacional\",\"url\":\"https:\\\/\\\/www.eldiario.net\\\/portal\\\/\",\"logo\":{\"@type\":\"ImageObject\",\"inLanguage\":\"es\",\"@id\":\"https:\\\/\\\/www.eldiario.net\\\/portal\\\/#\\\/schema\\\/logo\\\/image\\\/\",\"url\":\"https:\\\/\\\/www.eldiario.net\\\/portal\\\/wp-content\\\/uploads\\\/2023\\\/07\\\/logo_ED.jpg\",\"contentUrl\":\"https:\\\/\\\/www.eldiario.net\\\/portal\\\/wp-content\\\/uploads\\\/2023\\\/07\\\/logo_ED.jpg\",\"width\":272,\"height\":52,\"caption\":\"El Diario - Decano de la prensa nacional\"},\"image\":{\"@id\":\"https:\\\/\\\/www.eldiario.net\\\/portal\\\/#\\\/schema\\\/logo\\\/image\\\/\"},\"sameAs\":[\"https:\\\/\\\/www.facebook.com\\\/eldiario.bolivia\\\/\",\"https:\\\/\\\/x.com\\\/eldiario_net\"]},{\"@type\":\"Person\",\"@id\":\"https:\\\/\\\/www.eldiario.net\\\/portal\\\/#\\\/schema\\\/person\\\/f46445640444750d7d753ccd04ae01b7\",\"name\":\"Jeanette\",\"image\":{\"@type\":\"ImageObject\",\"inLanguage\":\"es\",\"@id\":\"https:\\\/\\\/secure.gravatar.com\\\/avatar\\\/3ea2118a5f7dad2b7138b1187a6b7ee55f160b9968b66013c3a3ef39dd7e5798?s=96&d=mm&r=g\",\"url\":\"https:\\\/\\\/secure.gravatar.com\\\/avatar\\\/3ea2118a5f7dad2b7138b1187a6b7ee55f160b9968b66013c3a3ef39dd7e5798?s=96&d=mm&r=g\",\"contentUrl\":\"https:\\\/\\\/secure.gravatar.com\\\/avatar\\\/3ea2118a5f7dad2b7138b1187a6b7ee55f160b9968b66013c3a3ef39dd7e5798?s=96&d=mm&r=g\",\"caption\":\"Jeanette\"},\"sameAs\":[\"https:\\\/\\\/www.eldiario.net\\\/portal\"],\"url\":\"https:\\\/\\\/www.eldiario.net\\\/portal\\\/author\\\/jeanette\\\/\"}]}<\/script>\n<!-- \/ Yoast SEO plugin. -->","yoast_head_json":{"title":"Alertan posible colapso de \u00c1reas Protegidas - El Diario - Bolivia","robots":{"index":"index","follow":"follow","max-snippet":"max-snippet:-1","max-image-preview":"max-image-preview:large","max-video-preview":"max-video-preview:-1"},"canonical":"https:\/\/www.eldiario.net\/portal\/2022\/12\/13\/alertan-posible-colapso-de-areas-protegidas\/","og_locale":"es_ES","og_type":"article","og_title":"Alertan posible colapso de \u00c1reas Protegidas - El Diario - Bolivia","og_description":"La presi\u00f3n de la miner\u00eda ilegal, los avasallamientos y los incendios en las reservas y parques naturales est\u00e1 en aumento, alerta Marco Uzquiano, jefe de Protecci\u00f3n de la Reserva Bi\u00f3sfera Biol\u00f3gica del Beni, situaci\u00f3n que es premeditada para generar un colapso del sistema nacional de protecci\u00f3n de las \u00c1reas Protegidas. Uzquiano es un defensor social [&hellip;]","og_url":"https:\/\/www.eldiario.net\/portal\/2022\/12\/13\/alertan-posible-colapso-de-areas-protegidas\/","og_site_name":"El Diario - Bolivia","article_publisher":"https:\/\/www.facebook.com\/eldiario.bolivia\/","article_published_time":"2022-12-13T10:43:39+00:00","author":"Jeanette","twitter_card":"summary_large_image","twitter_creator":"@eldiario_net","twitter_site":"@eldiario_net","twitter_misc":{"Escrito por":"Jeanette","Tiempo de lectura":"5 minutos"},"schema":{"@context":"https:\/\/schema.org","@graph":[{"@type":"Article","@id":"https:\/\/www.eldiario.net\/portal\/2022\/12\/13\/alertan-posible-colapso-de-areas-protegidas\/#article","isPartOf":{"@id":"https:\/\/www.eldiario.net\/portal\/2022\/12\/13\/alertan-posible-colapso-de-areas-protegidas\/"},"author":{"name":"Jeanette","@id":"https:\/\/www.eldiario.net\/portal\/#\/schema\/person\/f46445640444750d7d753ccd04ae01b7"},"headline":"Alertan posible colapso de \u00c1reas Protegidas","datePublished":"2022-12-13T10:43:39+00:00","mainEntityOfPage":{"@id":"https:\/\/www.eldiario.net\/portal\/2022\/12\/13\/alertan-posible-colapso-de-areas-protegidas\/"},"wordCount":1070,"publisher":{"@id":"https:\/\/www.eldiario.net\/portal\/#organization"},"image":{"@id":"https:\/\/www.eldiario.net\/portal\/2022\/12\/13\/alertan-posible-colapso-de-areas-protegidas\/#primaryimage"},"thumbnailUrl":"","articleSection":["Portada"],"inLanguage":"es"},{"@type":"WebPage","@id":"https:\/\/www.eldiario.net\/portal\/2022\/12\/13\/alertan-posible-colapso-de-areas-protegidas\/","url":"https:\/\/www.eldiario.net\/portal\/2022\/12\/13\/alertan-posible-colapso-de-areas-protegidas\/","name":"Alertan posible colapso de \u00c1reas Protegidas - El Diario - Bolivia","isPartOf":{"@id":"https:\/\/www.eldiario.net\/portal\/#website"},"primaryImageOfPage":{"@id":"https:\/\/www.eldiario.net\/portal\/2022\/12\/13\/alertan-posible-colapso-de-areas-protegidas\/#primaryimage"},"image":{"@id":"https:\/\/www.eldiario.net\/portal\/2022\/12\/13\/alertan-posible-colapso-de-areas-protegidas\/#primaryimage"},"thumbnailUrl":"","datePublished":"2022-12-13T10:43:39+00:00","breadcrumb":{"@id":"https:\/\/www.eldiario.net\/portal\/2022\/12\/13\/alertan-posible-colapso-de-areas-protegidas\/#breadcrumb"},"inLanguage":"es","potentialAction":[{"@type":"ReadAction","target":["https:\/\/www.eldiario.net\/portal\/2022\/12\/13\/alertan-posible-colapso-de-areas-protegidas\/"]}]},{"@type":"ImageObject","inLanguage":"es","@id":"https:\/\/www.eldiario.net\/portal\/2022\/12\/13\/alertan-posible-colapso-de-areas-protegidas\/#primaryimage","url":"","contentUrl":""},{"@type":"BreadcrumbList","@id":"https:\/\/www.eldiario.net\/portal\/2022\/12\/13\/alertan-posible-colapso-de-areas-protegidas\/#breadcrumb","itemListElement":[{"@type":"ListItem","position":1,"name":"Portada","item":"https:\/\/www.eldiario.net\/portal\/"},{"@type":"ListItem","position":2,"name":"Alertan posible colapso de \u00c1reas Protegidas"}]},{"@type":"WebSite","@id":"https:\/\/www.eldiario.net\/portal\/#website","url":"https:\/\/www.eldiario.net\/portal\/","name":"El Diario - Decano de la prensa nacional","description":"El Diario - Decano de la prensa nacional","publisher":{"@id":"https:\/\/www.eldiario.net\/portal\/#organization"},"potentialAction":[{"@type":"SearchAction","target":{"@type":"EntryPoint","urlTemplate":"https:\/\/www.eldiario.net\/portal\/?s={search_term_string}"},"query-input":{"@type":"PropertyValueSpecification","valueRequired":true,"valueName":"search_term_string"}}],"inLanguage":"es"},{"@type":"Organization","@id":"https:\/\/www.eldiario.net\/portal\/#organization","name":"El Diario - Decano de la prensa nacional","url":"https:\/\/www.eldiario.net\/portal\/","logo":{"@type":"ImageObject","inLanguage":"es","@id":"https:\/\/www.eldiario.net\/portal\/#\/schema\/logo\/image\/","url":"https:\/\/www.eldiario.net\/portal\/wp-content\/uploads\/2023\/07\/logo_ED.jpg","contentUrl":"https:\/\/www.eldiario.net\/portal\/wp-content\/uploads\/2023\/07\/logo_ED.jpg","width":272,"height":52,"caption":"El Diario - Decano de la prensa nacional"},"image":{"@id":"https:\/\/www.eldiario.net\/portal\/#\/schema\/logo\/image\/"},"sameAs":["https:\/\/www.facebook.com\/eldiario.bolivia\/","https:\/\/x.com\/eldiario_net"]},{"@type":"Person","@id":"https:\/\/www.eldiario.net\/portal\/#\/schema\/person\/f46445640444750d7d753ccd04ae01b7","name":"Jeanette","image":{"@type":"ImageObject","inLanguage":"es","@id":"https:\/\/secure.gravatar.com\/avatar\/3ea2118a5f7dad2b7138b1187a6b7ee55f160b9968b66013c3a3ef39dd7e5798?s=96&d=mm&r=g","url":"https:\/\/secure.gravatar.com\/avatar\/3ea2118a5f7dad2b7138b1187a6b7ee55f160b9968b66013c3a3ef39dd7e5798?s=96&d=mm&r=g","contentUrl":"https:\/\/secure.gravatar.com\/avatar\/3ea2118a5f7dad2b7138b1187a6b7ee55f160b9968b66013c3a3ef39dd7e5798?s=96&d=mm&r=g","caption":"Jeanette"},"sameAs":["https:\/\/www.eldiario.net\/portal"],"url":"https:\/\/www.eldiario.net\/portal\/author\/jeanette\/"}]}},"_links":{"self":[{"href":"https:\/\/www.eldiario.net\/portal\/wp-json\/wp\/v2\/posts\/127468","targetHints":{"allow":["GET"]}}],"collection":[{"href":"https:\/\/www.eldiario.net\/portal\/wp-json\/wp\/v2\/posts"}],"about":[{"href":"https:\/\/www.eldiario.net\/portal\/wp-json\/wp\/v2\/types\/post"}],"author":[{"embeddable":true,"href":"https:\/\/www.eldiario.net\/portal\/wp-json\/wp\/v2\/users\/1"}],"replies":[{"embeddable":true,"href":"https:\/\/www.eldiario.net\/portal\/wp-json\/wp\/v2\/comments?post=127468"}],"version-history":[{"count":0,"href":"https:\/\/www.eldiario.net\/portal\/wp-json\/wp\/v2\/posts\/127468\/revisions"}],"wp:attachment":[{"href":"https:\/\/www.eldiario.net\/portal\/wp-json\/wp\/v2\/media?parent=127468"}],"wp:term":[{"taxonomy":"category","embeddable":true,"href":"https:\/\/www.eldiario.net\/portal\/wp-json\/wp\/v2\/categories?post=127468"},{"taxonomy":"post_tag","embeddable":true,"href":"https:\/\/www.eldiario.net\/portal\/wp-json\/wp\/v2\/tags?post=127468"}],"curies":[{"name":"wp","href":"https:\/\/api.w.org\/{rel}","templated":true}]}}