{"id":127462,"date":"2022-12-13T06:41:57","date_gmt":"2022-12-13T10:41:57","guid":{"rendered":"https:\/\/www.eldiario.net\/portal\/?p=127462"},"modified":"2022-12-13T06:41:57","modified_gmt":"2022-12-13T10:41:57","slug":"registran-77-vulneraciones-a-derechos-socioambientales","status":"publish","type":"post","link":"https:\/\/www.eldiario.net\/portal\/2022\/12\/13\/registran-77-vulneraciones-a-derechos-socioambientales\/","title":{"rendered":"Registran 77 vulneraciones a  derechos socioambientales"},"content":{"rendered":"<p>El Observatorio del Acuerdo de Escaz\u00fa Bolivia registr\u00f3 en los \u00faltimos cinco meses 77 casos de vulneraciones a los derechos socioambientales en Santa Cruz vinculados con la distribuci\u00f3n y ocupaci\u00f3n irregular de tierras, la ampliaci\u00f3n de la frontera agr\u00edcola, el crecimiento desordenado de la mancha urbana, la mala gesti\u00f3n de \u00e1reas protegidas y el abandono de guardaparques y bomberos de parte de las autoridades.<\/p>\n<p>El Acuerdo Regional de Escaz\u00fa fue ratificado por Bolivia el 2021 y el pa\u00eds asumi\u00f3 el compromiso de garantizar el acceso a la informaci\u00f3n; la defensa de las y los defensores ambientales; el acceso a un medioambiente sano para las presentes y futuras generaciones; y la participaci\u00f3n y la justicia en asuntos ambientales.<\/p>\n<p>Entre las vulneraciones se destaca el incremento de los incendios forestales que destruy\u00f3 683.000 hect\u00e1reas de bosque en el departamento y que tuvo como consecuencia la disminuci\u00f3n de la calidad del aire de regular a mala en la ciudad de Santa Cruz.<\/p>\n<p>\u201cLos incendios, adem\u00e1s, expulsaron a familias de sus viviendas y comunidades. No es posible cuantificar a la poblaci\u00f3n desplazada y evacuada por el fuego, ya que no se ha identificado un informe oficial, al respecto, lo cual debe ser llamativo. La deforestaci\u00f3n atraviesa territorios ind\u00edgenas, \u00e1reas protegidas, bosques y \u00e1reas verdes urbanas. La base de esta deforestaci\u00f3n es la expansi\u00f3n de la frontera agr\u00edcola y el crecimiento acelerado, desordenado e irregular de la mancha urbana del \u00e1rea metropolitana de Santa Cruz, sobre bosques y acu\u00edferos\u201d, indica el reporte del Observatorio.<\/p>\n<p>Como consecuencia de esta depredaci\u00f3n ambiental, el monitoreo destaca la desaparici\u00f3n de la Laguna Concepci\u00f3n. Adem\u00e1s, como efecto del cambio clim\u00e1tico, se advierte que la disminuci\u00f3n de las lluvias ser\u00e1 m\u00e1s recurrente, lo que provocar\u00e1 m\u00e1s incendios forestales con desaparici\u00f3n de especies de fauna, flora y comunidades ind\u00edgenas.<\/p>\n<p>Observatorio del Acuerdo de Escaz\u00fa fue creado por la Liga de Defensa del Medio Ambiente, con el apoyo de Avina y la red Unitas, para realizar un monitoreo de las acciones que realizan las autoridades para cumplir con el Acuerdo que ratific\u00f3 el Estado en 2021.<\/p>\n<p>Las organizaciones tambi\u00e9n advierten una desatenci\u00f3n de parte del Gobierno para proteger a los defensores ambientes frente a los ataques de los depredadores de la naturaleza que tienen actividades ilegales vinculadas al tr\u00e1fico de madera, tr\u00e1fico de tierras, miner\u00eda ilegal, entre otras.<\/p>\n<p>\u201cLa omisi\u00f3n de las obligaciones ambientales por parte de los gobiernos, tiene como consecuencia que las y los defensores ambientales se encuentren en posici\u00f3n de desigualdad frente a otros actores empe\u00f1ados en lograr ganancias r\u00e1pidas en desmedro de la conservaci\u00f3n de la Naturaleza y los derechos socioambientales de la poblaci\u00f3n. Mientras que las y los defensores ambientales realizan sus acciones de defensa exponiendo su salud y su vida, los que vulneran los derechos gozan del poder econ\u00f3mico y pol\u00edtico que los blinda ante la aplicaci\u00f3n de la ley, afectando impunemente a la poblaci\u00f3n que, en los \u00faltimos a\u00f1os, est\u00e1 experimentando los efectos de la destrucci\u00f3n y de la crisis clim\u00e1tica en su salud, en sus medios de vida y en sus culturas\u201d, alerta el Observatorio. (Santa Cruz, ANF)<\/p>\n","protected":false},"excerpt":{"rendered":"<p>El Observatorio del Acuerdo de Escaz\u00fa Bolivia registr\u00f3 en los \u00faltimos cinco meses 77 casos de vulneraciones a los derechos socioambientales en Santa Cruz vinculados con la distribuci\u00f3n y ocupaci\u00f3n irregular de tierras, la ampliaci\u00f3n de la frontera agr\u00edcola, el crecimiento desordenado de la mancha urbana, la mala gesti\u00f3n de \u00e1reas protegidas y el abandono [&hellip;]<\/p>\n","protected":false},"author":1,"featured_media":127463,"comment_status":"closed","ping_status":"closed","sticky":false,"template":"","format":"standard","meta":{"_acf_changed":false,"footnotes":""},"categories":[15],"tags":[],"class_list":["post-127462","post","type-post","status-publish","format-standard","has-post-thumbnail","category-portada"],"acf":{"antetitulo":""},"yoast_head":"<!-- This site is optimized with the Yoast SEO plugin v28.4 - https:\/\/yoast.com\/product\/yoast-seo-wordpress\/ -->\n<title>Registran 77 vulneraciones a derechos socioambientales - El Diario - Bolivia<\/title>\n<meta name=\"robots\" content=\"index, follow, max-snippet:-1, max-image-preview:large, max-video-preview:-1\" \/>\n<link rel=\"canonical\" href=\"https:\/\/www.eldiario.net\/portal\/2022\/12\/13\/registran-77-vulneraciones-a-derechos-socioambientales\/\" \/>\n<meta property=\"og:locale\" content=\"es_ES\" \/>\n<meta property=\"og:type\" content=\"article\" \/>\n<meta property=\"og:title\" content=\"Registran 77 vulneraciones a derechos socioambientales - El Diario - Bolivia\" \/>\n<meta property=\"og:description\" content=\"El Observatorio del Acuerdo de Escaz\u00fa Bolivia registr\u00f3 en los \u00faltimos cinco meses 77 casos de vulneraciones a los derechos socioambientales en Santa Cruz vinculados con la distribuci\u00f3n y ocupaci\u00f3n irregular de tierras, la ampliaci\u00f3n de la frontera agr\u00edcola, el crecimiento desordenado de la mancha urbana, la mala gesti\u00f3n de \u00e1reas protegidas y el abandono [&hellip;]\" \/>\n<meta property=\"og:url\" content=\"https:\/\/www.eldiario.net\/portal\/2022\/12\/13\/registran-77-vulneraciones-a-derechos-socioambientales\/\" \/>\n<meta property=\"og:site_name\" content=\"El Diario - Bolivia\" \/>\n<meta property=\"article:publisher\" content=\"https:\/\/www.facebook.com\/eldiario.bolivia\/\" \/>\n<meta property=\"article:published_time\" content=\"2022-12-13T10:41:57+00:00\" \/>\n<meta name=\"author\" content=\"Jeanette\" \/>\n<meta name=\"twitter:card\" content=\"summary_large_image\" \/>\n<meta name=\"twitter:creator\" content=\"@eldiario_net\" \/>\n<meta name=\"twitter:site\" content=\"@eldiario_net\" \/>\n<meta name=\"twitter:label1\" content=\"Escrito por\" \/>\n\t<meta name=\"twitter:data1\" content=\"Jeanette\" \/>\n\t<meta name=\"twitter:label2\" content=\"Tiempo de lectura\" \/>\n\t<meta name=\"twitter:data2\" content=\"3 minutos\" \/>\n<script type=\"application\/ld+json\" class=\"yoast-schema-graph\">{\"@context\":\"https:\\\/\\\/schema.org\",\"@graph\":[{\"@type\":\"Article\",\"@id\":\"https:\\\/\\\/www.eldiario.net\\\/portal\\\/2022\\\/12\\\/13\\\/registran-77-vulneraciones-a-derechos-socioambientales\\\/#article\",\"isPartOf\":{\"@id\":\"https:\\\/\\\/www.eldiario.net\\\/portal\\\/2022\\\/12\\\/13\\\/registran-77-vulneraciones-a-derechos-socioambientales\\\/\"},\"author\":{\"name\":\"Jeanette\",\"@id\":\"https:\\\/\\\/www.eldiario.net\\\/portal\\\/#\\\/schema\\\/person\\\/f46445640444750d7d753ccd04ae01b7\"},\"headline\":\"Registran 77 vulneraciones a derechos socioambientales\",\"datePublished\":\"2022-12-13T10:41:57+00:00\",\"mainEntityOfPage\":{\"@id\":\"https:\\\/\\\/www.eldiario.net\\\/portal\\\/2022\\\/12\\\/13\\\/registran-77-vulneraciones-a-derechos-socioambientales\\\/\"},\"wordCount\":560,\"publisher\":{\"@id\":\"https:\\\/\\\/www.eldiario.net\\\/portal\\\/#organization\"},\"image\":{\"@id\":\"https:\\\/\\\/www.eldiario.net\\\/portal\\\/2022\\\/12\\\/13\\\/registran-77-vulneraciones-a-derechos-socioambientales\\\/#primaryimage\"},\"thumbnailUrl\":\"\",\"articleSection\":[\"Portada\"],\"inLanguage\":\"es\"},{\"@type\":\"WebPage\",\"@id\":\"https:\\\/\\\/www.eldiario.net\\\/portal\\\/2022\\\/12\\\/13\\\/registran-77-vulneraciones-a-derechos-socioambientales\\\/\",\"url\":\"https:\\\/\\\/www.eldiario.net\\\/portal\\\/2022\\\/12\\\/13\\\/registran-77-vulneraciones-a-derechos-socioambientales\\\/\",\"name\":\"Registran 77 vulneraciones a derechos socioambientales - El Diario - Bolivia\",\"isPartOf\":{\"@id\":\"https:\\\/\\\/www.eldiario.net\\\/portal\\\/#website\"},\"primaryImageOfPage\":{\"@id\":\"https:\\\/\\\/www.eldiario.net\\\/portal\\\/2022\\\/12\\\/13\\\/registran-77-vulneraciones-a-derechos-socioambientales\\\/#primaryimage\"},\"image\":{\"@id\":\"https:\\\/\\\/www.eldiario.net\\\/portal\\\/2022\\\/12\\\/13\\\/registran-77-vulneraciones-a-derechos-socioambientales\\\/#primaryimage\"},\"thumbnailUrl\":\"\",\"datePublished\":\"2022-12-13T10:41:57+00:00\",\"breadcrumb\":{\"@id\":\"https:\\\/\\\/www.eldiario.net\\\/portal\\\/2022\\\/12\\\/13\\\/registran-77-vulneraciones-a-derechos-socioambientales\\\/#breadcrumb\"},\"inLanguage\":\"es\",\"potentialAction\":[{\"@type\":\"ReadAction\",\"target\":[\"https:\\\/\\\/www.eldiario.net\\\/portal\\\/2022\\\/12\\\/13\\\/registran-77-vulneraciones-a-derechos-socioambientales\\\/\"]}]},{\"@type\":\"ImageObject\",\"inLanguage\":\"es\",\"@id\":\"https:\\\/\\\/www.eldiario.net\\\/portal\\\/2022\\\/12\\\/13\\\/registran-77-vulneraciones-a-derechos-socioambientales\\\/#primaryimage\",\"url\":\"\",\"contentUrl\":\"\"},{\"@type\":\"BreadcrumbList\",\"@id\":\"https:\\\/\\\/www.eldiario.net\\\/portal\\\/2022\\\/12\\\/13\\\/registran-77-vulneraciones-a-derechos-socioambientales\\\/#breadcrumb\",\"itemListElement\":[{\"@type\":\"ListItem\",\"position\":1,\"name\":\"Portada\",\"item\":\"https:\\\/\\\/www.eldiario.net\\\/portal\\\/\"},{\"@type\":\"ListItem\",\"position\":2,\"name\":\"Registran 77 vulneraciones a derechos socioambientales\"}]},{\"@type\":\"WebSite\",\"@id\":\"https:\\\/\\\/www.eldiario.net\\\/portal\\\/#website\",\"url\":\"https:\\\/\\\/www.eldiario.net\\\/portal\\\/\",\"name\":\"El Diario - Decano de la prensa nacional\",\"description\":\"El Diario - Decano de la prensa nacional\",\"publisher\":{\"@id\":\"https:\\\/\\\/www.eldiario.net\\\/portal\\\/#organization\"},\"potentialAction\":[{\"@type\":\"SearchAction\",\"target\":{\"@type\":\"EntryPoint\",\"urlTemplate\":\"https:\\\/\\\/www.eldiario.net\\\/portal\\\/?s={search_term_string}\"},\"query-input\":{\"@type\":\"PropertyValueSpecification\",\"valueRequired\":true,\"valueName\":\"search_term_string\"}}],\"inLanguage\":\"es\"},{\"@type\":\"Organization\",\"@id\":\"https:\\\/\\\/www.eldiario.net\\\/portal\\\/#organization\",\"name\":\"El Diario - Decano de la prensa nacional\",\"url\":\"https:\\\/\\\/www.eldiario.net\\\/portal\\\/\",\"logo\":{\"@type\":\"ImageObject\",\"inLanguage\":\"es\",\"@id\":\"https:\\\/\\\/www.eldiario.net\\\/portal\\\/#\\\/schema\\\/logo\\\/image\\\/\",\"url\":\"https:\\\/\\\/www.eldiario.net\\\/portal\\\/wp-content\\\/uploads\\\/2023\\\/07\\\/logo_ED.jpg\",\"contentUrl\":\"https:\\\/\\\/www.eldiario.net\\\/portal\\\/wp-content\\\/uploads\\\/2023\\\/07\\\/logo_ED.jpg\",\"width\":272,\"height\":52,\"caption\":\"El Diario - Decano de la prensa nacional\"},\"image\":{\"@id\":\"https:\\\/\\\/www.eldiario.net\\\/portal\\\/#\\\/schema\\\/logo\\\/image\\\/\"},\"sameAs\":[\"https:\\\/\\\/www.facebook.com\\\/eldiario.bolivia\\\/\",\"https:\\\/\\\/x.com\\\/eldiario_net\"]},{\"@type\":\"Person\",\"@id\":\"https:\\\/\\\/www.eldiario.net\\\/portal\\\/#\\\/schema\\\/person\\\/f46445640444750d7d753ccd04ae01b7\",\"name\":\"Jeanette\",\"image\":{\"@type\":\"ImageObject\",\"inLanguage\":\"es\",\"@id\":\"https:\\\/\\\/secure.gravatar.com\\\/avatar\\\/3ea2118a5f7dad2b7138b1187a6b7ee55f160b9968b66013c3a3ef39dd7e5798?s=96&d=mm&r=g\",\"url\":\"https:\\\/\\\/secure.gravatar.com\\\/avatar\\\/3ea2118a5f7dad2b7138b1187a6b7ee55f160b9968b66013c3a3ef39dd7e5798?s=96&d=mm&r=g\",\"contentUrl\":\"https:\\\/\\\/secure.gravatar.com\\\/avatar\\\/3ea2118a5f7dad2b7138b1187a6b7ee55f160b9968b66013c3a3ef39dd7e5798?s=96&d=mm&r=g\",\"caption\":\"Jeanette\"},\"sameAs\":[\"https:\\\/\\\/www.eldiario.net\\\/portal\"],\"url\":\"https:\\\/\\\/www.eldiario.net\\\/portal\\\/author\\\/jeanette\\\/\"}]}<\/script>\n<!-- \/ Yoast SEO plugin. -->","yoast_head_json":{"title":"Registran 77 vulneraciones a derechos socioambientales - El Diario - Bolivia","robots":{"index":"index","follow":"follow","max-snippet":"max-snippet:-1","max-image-preview":"max-image-preview:large","max-video-preview":"max-video-preview:-1"},"canonical":"https:\/\/www.eldiario.net\/portal\/2022\/12\/13\/registran-77-vulneraciones-a-derechos-socioambientales\/","og_locale":"es_ES","og_type":"article","og_title":"Registran 77 vulneraciones a derechos socioambientales - El Diario - Bolivia","og_description":"El Observatorio del Acuerdo de Escaz\u00fa Bolivia registr\u00f3 en los \u00faltimos cinco meses 77 casos de vulneraciones a los derechos socioambientales en Santa Cruz vinculados con la distribuci\u00f3n y ocupaci\u00f3n irregular de tierras, la ampliaci\u00f3n de la frontera agr\u00edcola, el crecimiento desordenado de la mancha urbana, la mala gesti\u00f3n de \u00e1reas protegidas y el abandono [&hellip;]","og_url":"https:\/\/www.eldiario.net\/portal\/2022\/12\/13\/registran-77-vulneraciones-a-derechos-socioambientales\/","og_site_name":"El Diario - Bolivia","article_publisher":"https:\/\/www.facebook.com\/eldiario.bolivia\/","article_published_time":"2022-12-13T10:41:57+00:00","author":"Jeanette","twitter_card":"summary_large_image","twitter_creator":"@eldiario_net","twitter_site":"@eldiario_net","twitter_misc":{"Escrito por":"Jeanette","Tiempo de lectura":"3 minutos"},"schema":{"@context":"https:\/\/schema.org","@graph":[{"@type":"Article","@id":"https:\/\/www.eldiario.net\/portal\/2022\/12\/13\/registran-77-vulneraciones-a-derechos-socioambientales\/#article","isPartOf":{"@id":"https:\/\/www.eldiario.net\/portal\/2022\/12\/13\/registran-77-vulneraciones-a-derechos-socioambientales\/"},"author":{"name":"Jeanette","@id":"https:\/\/www.eldiario.net\/portal\/#\/schema\/person\/f46445640444750d7d753ccd04ae01b7"},"headline":"Registran 77 vulneraciones a derechos socioambientales","datePublished":"2022-12-13T10:41:57+00:00","mainEntityOfPage":{"@id":"https:\/\/www.eldiario.net\/portal\/2022\/12\/13\/registran-77-vulneraciones-a-derechos-socioambientales\/"},"wordCount":560,"publisher":{"@id":"https:\/\/www.eldiario.net\/portal\/#organization"},"image":{"@id":"https:\/\/www.eldiario.net\/portal\/2022\/12\/13\/registran-77-vulneraciones-a-derechos-socioambientales\/#primaryimage"},"thumbnailUrl":"","articleSection":["Portada"],"inLanguage":"es"},{"@type":"WebPage","@id":"https:\/\/www.eldiario.net\/portal\/2022\/12\/13\/registran-77-vulneraciones-a-derechos-socioambientales\/","url":"https:\/\/www.eldiario.net\/portal\/2022\/12\/13\/registran-77-vulneraciones-a-derechos-socioambientales\/","name":"Registran 77 vulneraciones a derechos socioambientales - El Diario - Bolivia","isPartOf":{"@id":"https:\/\/www.eldiario.net\/portal\/#website"},"primaryImageOfPage":{"@id":"https:\/\/www.eldiario.net\/portal\/2022\/12\/13\/registran-77-vulneraciones-a-derechos-socioambientales\/#primaryimage"},"image":{"@id":"https:\/\/www.eldiario.net\/portal\/2022\/12\/13\/registran-77-vulneraciones-a-derechos-socioambientales\/#primaryimage"},"thumbnailUrl":"","datePublished":"2022-12-13T10:41:57+00:00","breadcrumb":{"@id":"https:\/\/www.eldiario.net\/portal\/2022\/12\/13\/registran-77-vulneraciones-a-derechos-socioambientales\/#breadcrumb"},"inLanguage":"es","potentialAction":[{"@type":"ReadAction","target":["https:\/\/www.eldiario.net\/portal\/2022\/12\/13\/registran-77-vulneraciones-a-derechos-socioambientales\/"]}]},{"@type":"ImageObject","inLanguage":"es","@id":"https:\/\/www.eldiario.net\/portal\/2022\/12\/13\/registran-77-vulneraciones-a-derechos-socioambientales\/#primaryimage","url":"","contentUrl":""},{"@type":"BreadcrumbList","@id":"https:\/\/www.eldiario.net\/portal\/2022\/12\/13\/registran-77-vulneraciones-a-derechos-socioambientales\/#breadcrumb","itemListElement":[{"@type":"ListItem","position":1,"name":"Portada","item":"https:\/\/www.eldiario.net\/portal\/"},{"@type":"ListItem","position":2,"name":"Registran 77 vulneraciones a derechos socioambientales"}]},{"@type":"WebSite","@id":"https:\/\/www.eldiario.net\/portal\/#website","url":"https:\/\/www.eldiario.net\/portal\/","name":"El Diario - Decano de la prensa nacional","description":"El Diario - Decano de la prensa nacional","publisher":{"@id":"https:\/\/www.eldiario.net\/portal\/#organization"},"potentialAction":[{"@type":"SearchAction","target":{"@type":"EntryPoint","urlTemplate":"https:\/\/www.eldiario.net\/portal\/?s={search_term_string}"},"query-input":{"@type":"PropertyValueSpecification","valueRequired":true,"valueName":"search_term_string"}}],"inLanguage":"es"},{"@type":"Organization","@id":"https:\/\/www.eldiario.net\/portal\/#organization","name":"El Diario - Decano de la prensa nacional","url":"https:\/\/www.eldiario.net\/portal\/","logo":{"@type":"ImageObject","inLanguage":"es","@id":"https:\/\/www.eldiario.net\/portal\/#\/schema\/logo\/image\/","url":"https:\/\/www.eldiario.net\/portal\/wp-content\/uploads\/2023\/07\/logo_ED.jpg","contentUrl":"https:\/\/www.eldiario.net\/portal\/wp-content\/uploads\/2023\/07\/logo_ED.jpg","width":272,"height":52,"caption":"El Diario - Decano de la prensa nacional"},"image":{"@id":"https:\/\/www.eldiario.net\/portal\/#\/schema\/logo\/image\/"},"sameAs":["https:\/\/www.facebook.com\/eldiario.bolivia\/","https:\/\/x.com\/eldiario_net"]},{"@type":"Person","@id":"https:\/\/www.eldiario.net\/portal\/#\/schema\/person\/f46445640444750d7d753ccd04ae01b7","name":"Jeanette","image":{"@type":"ImageObject","inLanguage":"es","@id":"https:\/\/secure.gravatar.com\/avatar\/3ea2118a5f7dad2b7138b1187a6b7ee55f160b9968b66013c3a3ef39dd7e5798?s=96&d=mm&r=g","url":"https:\/\/secure.gravatar.com\/avatar\/3ea2118a5f7dad2b7138b1187a6b7ee55f160b9968b66013c3a3ef39dd7e5798?s=96&d=mm&r=g","contentUrl":"https:\/\/secure.gravatar.com\/avatar\/3ea2118a5f7dad2b7138b1187a6b7ee55f160b9968b66013c3a3ef39dd7e5798?s=96&d=mm&r=g","caption":"Jeanette"},"sameAs":["https:\/\/www.eldiario.net\/portal"],"url":"https:\/\/www.eldiario.net\/portal\/author\/jeanette\/"}]}},"_links":{"self":[{"href":"https:\/\/www.eldiario.net\/portal\/wp-json\/wp\/v2\/posts\/127462","targetHints":{"allow":["GET"]}}],"collection":[{"href":"https:\/\/www.eldiario.net\/portal\/wp-json\/wp\/v2\/posts"}],"about":[{"href":"https:\/\/www.eldiario.net\/portal\/wp-json\/wp\/v2\/types\/post"}],"author":[{"embeddable":true,"href":"https:\/\/www.eldiario.net\/portal\/wp-json\/wp\/v2\/users\/1"}],"replies":[{"embeddable":true,"href":"https:\/\/www.eldiario.net\/portal\/wp-json\/wp\/v2\/comments?post=127462"}],"version-history":[{"count":0,"href":"https:\/\/www.eldiario.net\/portal\/wp-json\/wp\/v2\/posts\/127462\/revisions"}],"wp:attachment":[{"href":"https:\/\/www.eldiario.net\/portal\/wp-json\/wp\/v2\/media?parent=127462"}],"wp:term":[{"taxonomy":"category","embeddable":true,"href":"https:\/\/www.eldiario.net\/portal\/wp-json\/wp\/v2\/categories?post=127462"},{"taxonomy":"post_tag","embeddable":true,"href":"https:\/\/www.eldiario.net\/portal\/wp-json\/wp\/v2\/tags?post=127462"}],"curies":[{"name":"wp","href":"https:\/\/api.w.org\/{rel}","templated":true}]}}