{"id":127459,"date":"2022-12-13T06:41:03","date_gmt":"2022-12-13T10:41:03","guid":{"rendered":"https:\/\/www.eldiario.net\/portal\/?p=127459"},"modified":"2022-12-13T06:41:03","modified_gmt":"2022-12-13T10:41:03","slug":"oposicion-no-viabilizara-un-pge-con-caracteristicas-centralistas","status":"publish","type":"post","link":"https:\/\/www.eldiario.net\/portal\/2022\/12\/13\/oposicion-no-viabilizara-un-pge-con-caracteristicas-centralistas\/","title":{"rendered":"Oposici\u00f3n no viabilizar\u00e1 un PGE  con caracter\u00edsticas centralistas"},"content":{"rendered":"<p>Ante el estancamiento de la norma en la C\u00e1mara Baja, el diputado por Comunidad Ciudadana (CC), Alberto Astorga, afirm\u00f3 que desde esta organizaci\u00f3n pol\u00edtica no apoyar\u00e1 el Presupuesto General del Estado (PGE) mientras no se modifique el car\u00e1cter centralista de esta ley.<\/p>\n<p>En conferencia de prensa, el parlamentario pace\u00f1o cuestion\u00f3 las cifras planteadas en este proyecto de norma por continuar con el modelo centralista en el que el Estado administra un gran porcentaje de los recursos, relegando a municipios y gobernaciones.<\/p>\n<p>\u201cEste proyecto est\u00e1 m\u00e1s destinado a la plaza Murillo pues el 88% de los recursos se quedan en este lugar y por ello se ha cuestionado que el presupuesto no sea m\u00e1s amplio en beneficio de gobernaciones y municipios\u201d, dijo.<\/p>\n<p>Por ello, anunci\u00f3 que la postura de la oposici\u00f3n es continuar rechazando la aprobaci\u00f3n del PGE mientras no se modifique esta desigual e injusta distribuci\u00f3n. \u201cMientras no se cambie este tema centralista del presupuesto, sin duda, nosotros como oposici\u00f3n lo vamos a rechazar\u201d, insisti\u00f3.<\/p>\n<p>Astorga finaliz\u00f3 observando las dificultades por las que atraviesa el Movimiento al Socialismo para aprobar normas que en el pasado no ten\u00edan problemas en las c\u00e1maras legislativas, apuntando a la divisi\u00f3n y las pugnas internas como las responsables de esta nueva realidad.<\/p>\n<p>Desde el oficialismo, la diputada Magaly G\u00f3mez, llam\u00f3 legisladores de oposici\u00f3n y oficialismo a aprobar esta norma cuestionando a sus colegas parlamentarios por no participar en las actividades informativas previas al tratamiento de la ley para despejar sus dudas al respecto.<\/p>\n<p>\u201cEn las socializaciones previas, muchos colegas no han participado. Cualquier escenario de desaprobaci\u00f3n simplemente ser\u00eda una desacreditaci\u00f3n a la gesti\u00f3n del presidente\u201d, dijo.<\/p>\n<p>Para esta jornada est\u00e1 programada la reinstalaci\u00f3n de la 18va sesi\u00f3n ordinaria de C\u00e1mara de Diputados, declarada en cuarto intermedio la madrugada del pasado viernes tras el rechazo de su aprobaci\u00f3n en su estaci\u00f3n en grande.<\/p>\n","protected":false},"excerpt":{"rendered":"<p>Ante el estancamiento de la norma en la C\u00e1mara Baja, el diputado por Comunidad Ciudadana (CC), Alberto Astorga, afirm\u00f3 que desde esta organizaci\u00f3n pol\u00edtica no apoyar\u00e1 el Presupuesto General del Estado (PGE) mientras no se modifique el car\u00e1cter centralista de esta ley. En conferencia de prensa, el parlamentario pace\u00f1o cuestion\u00f3 las cifras planteadas en este [&hellip;]<\/p>\n","protected":false},"author":1,"featured_media":127460,"comment_status":"closed","ping_status":"closed","sticky":false,"template":"","format":"standard","meta":{"_acf_changed":false,"footnotes":""},"categories":[15],"tags":[],"class_list":["post-127459","post","type-post","status-publish","format-standard","has-post-thumbnail","category-portada"],"acf":{"antetitulo":""},"yoast_head":"<!-- This site is optimized with the Yoast SEO plugin v28.4 - https:\/\/yoast.com\/product\/yoast-seo-wordpress\/ -->\n<title>Oposici\u00f3n no viabilizar\u00e1 un PGE con caracter\u00edsticas centralistas - El Diario - Bolivia<\/title>\n<meta name=\"robots\" content=\"index, follow, max-snippet:-1, max-image-preview:large, max-video-preview:-1\" \/>\n<link rel=\"canonical\" href=\"https:\/\/www.eldiario.net\/portal\/2022\/12\/13\/oposicion-no-viabilizara-un-pge-con-caracteristicas-centralistas\/\" \/>\n<meta property=\"og:locale\" content=\"es_ES\" \/>\n<meta property=\"og:type\" content=\"article\" \/>\n<meta property=\"og:title\" content=\"Oposici\u00f3n no viabilizar\u00e1 un PGE con caracter\u00edsticas centralistas - El Diario - Bolivia\" \/>\n<meta property=\"og:description\" content=\"Ante el estancamiento de la norma en la C\u00e1mara Baja, el diputado por Comunidad Ciudadana (CC), Alberto Astorga, afirm\u00f3 que desde esta organizaci\u00f3n pol\u00edtica no apoyar\u00e1 el Presupuesto General del Estado (PGE) mientras no se modifique el car\u00e1cter centralista de esta ley. En conferencia de prensa, el parlamentario pace\u00f1o cuestion\u00f3 las cifras planteadas en este [&hellip;]\" \/>\n<meta property=\"og:url\" content=\"https:\/\/www.eldiario.net\/portal\/2022\/12\/13\/oposicion-no-viabilizara-un-pge-con-caracteristicas-centralistas\/\" \/>\n<meta property=\"og:site_name\" content=\"El Diario - Bolivia\" \/>\n<meta property=\"article:publisher\" content=\"https:\/\/www.facebook.com\/eldiario.bolivia\/\" \/>\n<meta property=\"article:published_time\" content=\"2022-12-13T10:41:03+00:00\" \/>\n<meta name=\"author\" content=\"Jeanette\" \/>\n<meta name=\"twitter:card\" content=\"summary_large_image\" \/>\n<meta name=\"twitter:creator\" content=\"@eldiario_net\" \/>\n<meta name=\"twitter:site\" content=\"@eldiario_net\" \/>\n<meta name=\"twitter:label1\" content=\"Escrito por\" \/>\n\t<meta name=\"twitter:data1\" content=\"Jeanette\" \/>\n\t<meta name=\"twitter:label2\" content=\"Tiempo de lectura\" \/>\n\t<meta name=\"twitter:data2\" content=\"2 minutos\" \/>\n<script type=\"application\/ld+json\" class=\"yoast-schema-graph\">{\"@context\":\"https:\\\/\\\/schema.org\",\"@graph\":[{\"@type\":\"Article\",\"@id\":\"https:\\\/\\\/www.eldiario.net\\\/portal\\\/2022\\\/12\\\/13\\\/oposicion-no-viabilizara-un-pge-con-caracteristicas-centralistas\\\/#article\",\"isPartOf\":{\"@id\":\"https:\\\/\\\/www.eldiario.net\\\/portal\\\/2022\\\/12\\\/13\\\/oposicion-no-viabilizara-un-pge-con-caracteristicas-centralistas\\\/\"},\"author\":{\"name\":\"Jeanette\",\"@id\":\"https:\\\/\\\/www.eldiario.net\\\/portal\\\/#\\\/schema\\\/person\\\/f46445640444750d7d753ccd04ae01b7\"},\"headline\":\"Oposici\u00f3n no viabilizar\u00e1 un PGE con caracter\u00edsticas centralistas\",\"datePublished\":\"2022-12-13T10:41:03+00:00\",\"mainEntityOfPage\":{\"@id\":\"https:\\\/\\\/www.eldiario.net\\\/portal\\\/2022\\\/12\\\/13\\\/oposicion-no-viabilizara-un-pge-con-caracteristicas-centralistas\\\/\"},\"wordCount\":341,\"publisher\":{\"@id\":\"https:\\\/\\\/www.eldiario.net\\\/portal\\\/#organization\"},\"image\":{\"@id\":\"https:\\\/\\\/www.eldiario.net\\\/portal\\\/2022\\\/12\\\/13\\\/oposicion-no-viabilizara-un-pge-con-caracteristicas-centralistas\\\/#primaryimage\"},\"thumbnailUrl\":\"\",\"articleSection\":[\"Portada\"],\"inLanguage\":\"es\"},{\"@type\":\"WebPage\",\"@id\":\"https:\\\/\\\/www.eldiario.net\\\/portal\\\/2022\\\/12\\\/13\\\/oposicion-no-viabilizara-un-pge-con-caracteristicas-centralistas\\\/\",\"url\":\"https:\\\/\\\/www.eldiario.net\\\/portal\\\/2022\\\/12\\\/13\\\/oposicion-no-viabilizara-un-pge-con-caracteristicas-centralistas\\\/\",\"name\":\"Oposici\u00f3n no viabilizar\u00e1 un PGE con caracter\u00edsticas centralistas - El Diario - Bolivia\",\"isPartOf\":{\"@id\":\"https:\\\/\\\/www.eldiario.net\\\/portal\\\/#website\"},\"primaryImageOfPage\":{\"@id\":\"https:\\\/\\\/www.eldiario.net\\\/portal\\\/2022\\\/12\\\/13\\\/oposicion-no-viabilizara-un-pge-con-caracteristicas-centralistas\\\/#primaryimage\"},\"image\":{\"@id\":\"https:\\\/\\\/www.eldiario.net\\\/portal\\\/2022\\\/12\\\/13\\\/oposicion-no-viabilizara-un-pge-con-caracteristicas-centralistas\\\/#primaryimage\"},\"thumbnailUrl\":\"\",\"datePublished\":\"2022-12-13T10:41:03+00:00\",\"breadcrumb\":{\"@id\":\"https:\\\/\\\/www.eldiario.net\\\/portal\\\/2022\\\/12\\\/13\\\/oposicion-no-viabilizara-un-pge-con-caracteristicas-centralistas\\\/#breadcrumb\"},\"inLanguage\":\"es\",\"potentialAction\":[{\"@type\":\"ReadAction\",\"target\":[\"https:\\\/\\\/www.eldiario.net\\\/portal\\\/2022\\\/12\\\/13\\\/oposicion-no-viabilizara-un-pge-con-caracteristicas-centralistas\\\/\"]}]},{\"@type\":\"ImageObject\",\"inLanguage\":\"es\",\"@id\":\"https:\\\/\\\/www.eldiario.net\\\/portal\\\/2022\\\/12\\\/13\\\/oposicion-no-viabilizara-un-pge-con-caracteristicas-centralistas\\\/#primaryimage\",\"url\":\"\",\"contentUrl\":\"\"},{\"@type\":\"BreadcrumbList\",\"@id\":\"https:\\\/\\\/www.eldiario.net\\\/portal\\\/2022\\\/12\\\/13\\\/oposicion-no-viabilizara-un-pge-con-caracteristicas-centralistas\\\/#breadcrumb\",\"itemListElement\":[{\"@type\":\"ListItem\",\"position\":1,\"name\":\"Portada\",\"item\":\"https:\\\/\\\/www.eldiario.net\\\/portal\\\/\"},{\"@type\":\"ListItem\",\"position\":2,\"name\":\"Oposici\u00f3n no viabilizar\u00e1 un PGE con caracter\u00edsticas centralistas\"}]},{\"@type\":\"WebSite\",\"@id\":\"https:\\\/\\\/www.eldiario.net\\\/portal\\\/#website\",\"url\":\"https:\\\/\\\/www.eldiario.net\\\/portal\\\/\",\"name\":\"El Diario - Decano de la prensa nacional\",\"description\":\"El Diario - Decano de la prensa nacional\",\"publisher\":{\"@id\":\"https:\\\/\\\/www.eldiario.net\\\/portal\\\/#organization\"},\"potentialAction\":[{\"@type\":\"SearchAction\",\"target\":{\"@type\":\"EntryPoint\",\"urlTemplate\":\"https:\\\/\\\/www.eldiario.net\\\/portal\\\/?s={search_term_string}\"},\"query-input\":{\"@type\":\"PropertyValueSpecification\",\"valueRequired\":true,\"valueName\":\"search_term_string\"}}],\"inLanguage\":\"es\"},{\"@type\":\"Organization\",\"@id\":\"https:\\\/\\\/www.eldiario.net\\\/portal\\\/#organization\",\"name\":\"El Diario - Decano de la prensa nacional\",\"url\":\"https:\\\/\\\/www.eldiario.net\\\/portal\\\/\",\"logo\":{\"@type\":\"ImageObject\",\"inLanguage\":\"es\",\"@id\":\"https:\\\/\\\/www.eldiario.net\\\/portal\\\/#\\\/schema\\\/logo\\\/image\\\/\",\"url\":\"https:\\\/\\\/www.eldiario.net\\\/portal\\\/wp-content\\\/uploads\\\/2023\\\/07\\\/logo_ED.jpg\",\"contentUrl\":\"https:\\\/\\\/www.eldiario.net\\\/portal\\\/wp-content\\\/uploads\\\/2023\\\/07\\\/logo_ED.jpg\",\"width\":272,\"height\":52,\"caption\":\"El Diario - Decano de la prensa nacional\"},\"image\":{\"@id\":\"https:\\\/\\\/www.eldiario.net\\\/portal\\\/#\\\/schema\\\/logo\\\/image\\\/\"},\"sameAs\":[\"https:\\\/\\\/www.facebook.com\\\/eldiario.bolivia\\\/\",\"https:\\\/\\\/x.com\\\/eldiario_net\"]},{\"@type\":\"Person\",\"@id\":\"https:\\\/\\\/www.eldiario.net\\\/portal\\\/#\\\/schema\\\/person\\\/f46445640444750d7d753ccd04ae01b7\",\"name\":\"Jeanette\",\"image\":{\"@type\":\"ImageObject\",\"inLanguage\":\"es\",\"@id\":\"https:\\\/\\\/secure.gravatar.com\\\/avatar\\\/3ea2118a5f7dad2b7138b1187a6b7ee55f160b9968b66013c3a3ef39dd7e5798?s=96&d=mm&r=g\",\"url\":\"https:\\\/\\\/secure.gravatar.com\\\/avatar\\\/3ea2118a5f7dad2b7138b1187a6b7ee55f160b9968b66013c3a3ef39dd7e5798?s=96&d=mm&r=g\",\"contentUrl\":\"https:\\\/\\\/secure.gravatar.com\\\/avatar\\\/3ea2118a5f7dad2b7138b1187a6b7ee55f160b9968b66013c3a3ef39dd7e5798?s=96&d=mm&r=g\",\"caption\":\"Jeanette\"},\"sameAs\":[\"https:\\\/\\\/www.eldiario.net\\\/portal\"],\"url\":\"https:\\\/\\\/www.eldiario.net\\\/portal\\\/author\\\/jeanette\\\/\"}]}<\/script>\n<!-- \/ Yoast SEO plugin. -->","yoast_head_json":{"title":"Oposici\u00f3n no viabilizar\u00e1 un PGE con caracter\u00edsticas centralistas - El Diario - Bolivia","robots":{"index":"index","follow":"follow","max-snippet":"max-snippet:-1","max-image-preview":"max-image-preview:large","max-video-preview":"max-video-preview:-1"},"canonical":"https:\/\/www.eldiario.net\/portal\/2022\/12\/13\/oposicion-no-viabilizara-un-pge-con-caracteristicas-centralistas\/","og_locale":"es_ES","og_type":"article","og_title":"Oposici\u00f3n no viabilizar\u00e1 un PGE con caracter\u00edsticas centralistas - El Diario - Bolivia","og_description":"Ante el estancamiento de la norma en la C\u00e1mara Baja, el diputado por Comunidad Ciudadana (CC), Alberto Astorga, afirm\u00f3 que desde esta organizaci\u00f3n pol\u00edtica no apoyar\u00e1 el Presupuesto General del Estado (PGE) mientras no se modifique el car\u00e1cter centralista de esta ley. En conferencia de prensa, el parlamentario pace\u00f1o cuestion\u00f3 las cifras planteadas en este [&hellip;]","og_url":"https:\/\/www.eldiario.net\/portal\/2022\/12\/13\/oposicion-no-viabilizara-un-pge-con-caracteristicas-centralistas\/","og_site_name":"El Diario - Bolivia","article_publisher":"https:\/\/www.facebook.com\/eldiario.bolivia\/","article_published_time":"2022-12-13T10:41:03+00:00","author":"Jeanette","twitter_card":"summary_large_image","twitter_creator":"@eldiario_net","twitter_site":"@eldiario_net","twitter_misc":{"Escrito por":"Jeanette","Tiempo de lectura":"2 minutos"},"schema":{"@context":"https:\/\/schema.org","@graph":[{"@type":"Article","@id":"https:\/\/www.eldiario.net\/portal\/2022\/12\/13\/oposicion-no-viabilizara-un-pge-con-caracteristicas-centralistas\/#article","isPartOf":{"@id":"https:\/\/www.eldiario.net\/portal\/2022\/12\/13\/oposicion-no-viabilizara-un-pge-con-caracteristicas-centralistas\/"},"author":{"name":"Jeanette","@id":"https:\/\/www.eldiario.net\/portal\/#\/schema\/person\/f46445640444750d7d753ccd04ae01b7"},"headline":"Oposici\u00f3n no viabilizar\u00e1 un PGE con caracter\u00edsticas centralistas","datePublished":"2022-12-13T10:41:03+00:00","mainEntityOfPage":{"@id":"https:\/\/www.eldiario.net\/portal\/2022\/12\/13\/oposicion-no-viabilizara-un-pge-con-caracteristicas-centralistas\/"},"wordCount":341,"publisher":{"@id":"https:\/\/www.eldiario.net\/portal\/#organization"},"image":{"@id":"https:\/\/www.eldiario.net\/portal\/2022\/12\/13\/oposicion-no-viabilizara-un-pge-con-caracteristicas-centralistas\/#primaryimage"},"thumbnailUrl":"","articleSection":["Portada"],"inLanguage":"es"},{"@type":"WebPage","@id":"https:\/\/www.eldiario.net\/portal\/2022\/12\/13\/oposicion-no-viabilizara-un-pge-con-caracteristicas-centralistas\/","url":"https:\/\/www.eldiario.net\/portal\/2022\/12\/13\/oposicion-no-viabilizara-un-pge-con-caracteristicas-centralistas\/","name":"Oposici\u00f3n no viabilizar\u00e1 un PGE con caracter\u00edsticas centralistas - El Diario - Bolivia","isPartOf":{"@id":"https:\/\/www.eldiario.net\/portal\/#website"},"primaryImageOfPage":{"@id":"https:\/\/www.eldiario.net\/portal\/2022\/12\/13\/oposicion-no-viabilizara-un-pge-con-caracteristicas-centralistas\/#primaryimage"},"image":{"@id":"https:\/\/www.eldiario.net\/portal\/2022\/12\/13\/oposicion-no-viabilizara-un-pge-con-caracteristicas-centralistas\/#primaryimage"},"thumbnailUrl":"","datePublished":"2022-12-13T10:41:03+00:00","breadcrumb":{"@id":"https:\/\/www.eldiario.net\/portal\/2022\/12\/13\/oposicion-no-viabilizara-un-pge-con-caracteristicas-centralistas\/#breadcrumb"},"inLanguage":"es","potentialAction":[{"@type":"ReadAction","target":["https:\/\/www.eldiario.net\/portal\/2022\/12\/13\/oposicion-no-viabilizara-un-pge-con-caracteristicas-centralistas\/"]}]},{"@type":"ImageObject","inLanguage":"es","@id":"https:\/\/www.eldiario.net\/portal\/2022\/12\/13\/oposicion-no-viabilizara-un-pge-con-caracteristicas-centralistas\/#primaryimage","url":"","contentUrl":""},{"@type":"BreadcrumbList","@id":"https:\/\/www.eldiario.net\/portal\/2022\/12\/13\/oposicion-no-viabilizara-un-pge-con-caracteristicas-centralistas\/#breadcrumb","itemListElement":[{"@type":"ListItem","position":1,"name":"Portada","item":"https:\/\/www.eldiario.net\/portal\/"},{"@type":"ListItem","position":2,"name":"Oposici\u00f3n no viabilizar\u00e1 un PGE con caracter\u00edsticas centralistas"}]},{"@type":"WebSite","@id":"https:\/\/www.eldiario.net\/portal\/#website","url":"https:\/\/www.eldiario.net\/portal\/","name":"El Diario - Decano de la prensa nacional","description":"El Diario - Decano de la prensa nacional","publisher":{"@id":"https:\/\/www.eldiario.net\/portal\/#organization"},"potentialAction":[{"@type":"SearchAction","target":{"@type":"EntryPoint","urlTemplate":"https:\/\/www.eldiario.net\/portal\/?s={search_term_string}"},"query-input":{"@type":"PropertyValueSpecification","valueRequired":true,"valueName":"search_term_string"}}],"inLanguage":"es"},{"@type":"Organization","@id":"https:\/\/www.eldiario.net\/portal\/#organization","name":"El Diario - Decano de la prensa nacional","url":"https:\/\/www.eldiario.net\/portal\/","logo":{"@type":"ImageObject","inLanguage":"es","@id":"https:\/\/www.eldiario.net\/portal\/#\/schema\/logo\/image\/","url":"https:\/\/www.eldiario.net\/portal\/wp-content\/uploads\/2023\/07\/logo_ED.jpg","contentUrl":"https:\/\/www.eldiario.net\/portal\/wp-content\/uploads\/2023\/07\/logo_ED.jpg","width":272,"height":52,"caption":"El Diario - Decano de la prensa nacional"},"image":{"@id":"https:\/\/www.eldiario.net\/portal\/#\/schema\/logo\/image\/"},"sameAs":["https:\/\/www.facebook.com\/eldiario.bolivia\/","https:\/\/x.com\/eldiario_net"]},{"@type":"Person","@id":"https:\/\/www.eldiario.net\/portal\/#\/schema\/person\/f46445640444750d7d753ccd04ae01b7","name":"Jeanette","image":{"@type":"ImageObject","inLanguage":"es","@id":"https:\/\/secure.gravatar.com\/avatar\/3ea2118a5f7dad2b7138b1187a6b7ee55f160b9968b66013c3a3ef39dd7e5798?s=96&d=mm&r=g","url":"https:\/\/secure.gravatar.com\/avatar\/3ea2118a5f7dad2b7138b1187a6b7ee55f160b9968b66013c3a3ef39dd7e5798?s=96&d=mm&r=g","contentUrl":"https:\/\/secure.gravatar.com\/avatar\/3ea2118a5f7dad2b7138b1187a6b7ee55f160b9968b66013c3a3ef39dd7e5798?s=96&d=mm&r=g","caption":"Jeanette"},"sameAs":["https:\/\/www.eldiario.net\/portal"],"url":"https:\/\/www.eldiario.net\/portal\/author\/jeanette\/"}]}},"_links":{"self":[{"href":"https:\/\/www.eldiario.net\/portal\/wp-json\/wp\/v2\/posts\/127459","targetHints":{"allow":["GET"]}}],"collection":[{"href":"https:\/\/www.eldiario.net\/portal\/wp-json\/wp\/v2\/posts"}],"about":[{"href":"https:\/\/www.eldiario.net\/portal\/wp-json\/wp\/v2\/types\/post"}],"author":[{"embeddable":true,"href":"https:\/\/www.eldiario.net\/portal\/wp-json\/wp\/v2\/users\/1"}],"replies":[{"embeddable":true,"href":"https:\/\/www.eldiario.net\/portal\/wp-json\/wp\/v2\/comments?post=127459"}],"version-history":[{"count":0,"href":"https:\/\/www.eldiario.net\/portal\/wp-json\/wp\/v2\/posts\/127459\/revisions"}],"wp:attachment":[{"href":"https:\/\/www.eldiario.net\/portal\/wp-json\/wp\/v2\/media?parent=127459"}],"wp:term":[{"taxonomy":"category","embeddable":true,"href":"https:\/\/www.eldiario.net\/portal\/wp-json\/wp\/v2\/categories?post=127459"},{"taxonomy":"post_tag","embeddable":true,"href":"https:\/\/www.eldiario.net\/portal\/wp-json\/wp\/v2\/tags?post=127459"}],"curies":[{"name":"wp","href":"https:\/\/api.w.org\/{rel}","templated":true}]}}